{"id":10127,"date":"2014-11-22T12:39:31","date_gmt":"2014-11-22T11:39:31","guid":{"rendered":"http:\/\/www.tepaseul-magazine.fr\/?p=10127"},"modified":"2014-11-22T14:48:12","modified_gmt":"2014-11-22T13:48:12","slug":"evenements-histoire-fete-noel","status":"publish","type":"post","link":"https:\/\/www.tepaseul-magazine.fr\/accueil\/evenements-histoire-fete-noel\/","title":{"rendered":"EVENEMENTS : histoire de la f\u00eate de No\u00ebl"},"content":{"rendered":"<p><a href=\"http:\/\/www.tepaseul-magazine.fr\/wp-content\/uploads\/2014\/11\/couronne-de-noel-m.jpg\"><img loading=\"lazy\" decoding=\"async\" class=\"aligncenter size-full wp-image-10147\" src=\"http:\/\/www.tepaseul-magazine.fr\/wp-content\/uploads\/2014\/11\/couronne-de-noel-m.jpg\" alt=\"couronne-de-noel-m\" width=\"200\" height=\"150\" \/><\/a><\/p>\n<p>&nbsp;<\/p>\n<p>On a toujours cru que No\u00ebl f\u00eatait la naissance de J\u00e9sus Christ mais quand on fait des recherches, on s\u2019aper\u00e7oit qu\u2019on f\u00eatait No\u00ebl bien avant sa naissance<\/p>\n<p>Les origines du mot No\u00ebl sont diverses et tr\u00e8s souvent controvers\u00e9es. Certains disent qu\u2019il pourrait venir du latin \u00ab\u00a0natalis dies\u00a0\u00bb, qui signifie \u00ab\u00a0jour de naissance\u00a0\u00bb. Un peu partout en Europe, le terme a pris des couleurs diff\u00e9rentes: No\u00ebl, Nou\u00e9 et Noi\u00e9 en France, Natale en Italie, Natal au Portugal, Navidad en Espagne.<\/p>\n<p>D\u2019autres pr\u00e9tendent que les origines du mot No\u00ebl sont gauloises, le mot No\u00ebl viendrait de deux mots gaulois \u00ab\u00a0noio\u00a0\u00bb (nouveau) et \u00ab\u00a0hel\u00a0\u00bb (soleil). Cette origine fait r\u00e9f\u00e9rence au caract\u00e8re profane de la f\u00eate et notamment \u00e0 la f\u00eate du solstice d&rsquo;hiver f\u00eat\u00e9e par les Gaulois.<\/p>\n<p>Comme toujours les grandes f\u00eates religieuses chr\u00e9tiennes et les f\u00eates pa\u00efennes se superposent , ce qui fait qu\u2019il est difficile de retrouver les origines exactes du mot No\u00ebl.<\/p>\n<p>On d\u00e9couvre aussi qu\u2019au Moyen-\u00c2ge, No\u00ebl ! No\u00ebl ! \u00e9tait le cri de joie pouss\u00e9 par le peuple \u00e0 l&rsquo;arriv\u00e9e d&rsquo;un heureux \u00e9v\u00e9nement.<\/p>\n<p>La f\u00eate de No\u00ebl Depuis l&rsquo;antiquit\u00e9, l&rsquo;homme a toujours f\u00eat\u00e9 le solstice d&rsquo;hiver<\/p>\n<p>Et c\u2019est \u00e0 partir de cette date que les jours commencent \u00e0 rallonger. Depuis que l&rsquo;homme cultive la terre, il attend avec impatience le retour du soleil et le d\u00e9gel, qui apporteront les promesses de f\u00e9condit\u00e9 de la terre, dont d\u00e9pendra la nourriture \u00e0 venir.<\/p>\n<p>&nbsp;<\/p>\n<p>&#8211; C&rsquo;est \u00e0 partir du IV\u00e8me si\u00e8cle que l&rsquo;\u00c9glise a adapt\u00e9 la f\u00eate pa\u00efenne du Solstice, en lui donnant un sens nouveau. No\u00ebl n&rsquo;est pas la f\u00eate de la naissance de J\u00e9sus, dont on ne conna\u00eet pas la date exacte, mais la c\u00e9l\u00e9bration du Seigneur venant dans le monde.<\/p>\n<p>&#8211; Au d\u00e9but du christianisme, la f\u00eate de No\u00ebl n&rsquo;existait pas. Seule la R\u00e9surrection du Christ donnait lieu \u00e0 une c\u00e9l\u00e9bration.<\/p>\n<p>&#8211; Il faut savoir que la premi\u00e8re messe de minuit fut c\u00e9l\u00e9br\u00e9e le soir No\u00ebl de 440 par le pape Sixte III.<\/p>\n<p>&#8211; Sous son r\u00e8gne Charlemagne instaura les trois messes de No\u00ebl, usage qui s&rsquo;\u00e9tendit \u00e0 tout son Empire !<\/p>\n<p>&#8211; A partir du 12\u00e8me si\u00e8cle, la f\u00eate de No\u00ebl devint la plus importante de l&rsquo;Occident chr\u00e9tien.<\/p>\n<p>Et petit \u00e0 petit, la f\u00eate de No\u00ebl va prendre la forme que nous lui connaissons actuellement.<\/p>\n<p>La f\u00eate de No\u00ebl s&rsquo;est r\u00e9pandue progressivement en Europe. Elle a \u00e9t\u00e9 c\u00e9l\u00e9br\u00e9e \u00e0 la fin du V\u00b0 si\u00e8cle en Irlande, au VII\u00b0 en Angleterre, au VIII\u00b0 en Allemagne, au IX\u00b0 dans les pays scandinaves, au IX\u00b0 et X\u00b0 dans les pays slaves.<\/p>\n<p>A partir du XII\u00b0, la c\u00e9l\u00e9bration religieuse est accompagn\u00e9e de drames liturgiques, les \u00ab\u00a0myst\u00e8res\u00a0\u00bb qui mettent en sc\u00e8ne l&rsquo;adoration des bergers ou la procession des mages. Ces drames liturgiques se jouaient primitivement dans les \u00e9glises, puis sur les parvis. Les cr\u00e8ches d&rsquo;\u00e9glise apparaissent en Italie au XV\u00b0 et l&rsquo;arbre de No\u00ebl en Allemagne au XVI\u00b0. Puis les cr\u00e8ches familiales, napolitaines puis proven\u00e7ales, se d\u00e9veloppent a partir du XVII\u00b0.<\/p>\n<p>Au moment de la R\u00e9forme en1560, les protestants s&rsquo;opposent \u00e0 la cr\u00e8che et pr\u00e9f\u00e8rent la tradition de l&rsquo;arbre de No\u00ebl. Avec la contre r\u00e9forme au XVII\u00b0 , les repr\u00e9sentations des drames liturgiques sont interdites parce qu&rsquo;elles sont devenues trop profanes.<\/p>\n<p>Au XIX\u00b0, le p\u00e8re No\u00ebl appara\u00eet aux \u00c9tats-Unis. Il se r\u00e9pand en Europe apr\u00e8s la deuxi\u00e8me guerre mondiale. A partir du XIX\u00b0, les organismes de charit\u00e9 offrent aux plus d\u00e9munis le traditionnel repas de No\u00ebl. Actuellement, No\u00ebl tend \u00e0 devenir principalement une f\u00eate de l&rsquo;enfant et de la famille.<\/p>\n<p>No\u00ebl est aussi message de paix<\/p>\n<p>\u00ab\u00a0Gloire \u00e0 Dieu au plus haut des cieux, et paix sur la terre ! \u00a0\u00bb : voil\u00e0 ce que chantaient les anges \u00e0 la naissance du Christ. L&rsquo;annonce de la naissance du messie est un message de paix.<\/p>\n<p>Le pape adresse chaque ann\u00e9e pour No\u00ebl un message de paix au monde.<\/p>\n<p>&nbsp;<\/p>\n<ol start=\"3\">\n<li>Jour de No\u00ebl et le partage<\/li>\n<\/ol>\n<p><a href=\"http:\/\/www.tepaseul-magazine.fr\/wp-content\/uploads\/2014\/11\/images-1.jpeg\"><img loading=\"lazy\" decoding=\"async\" class=\"alignleft size-medium wp-image-10129\" src=\"http:\/\/www.tepaseul-magazine.fr\/wp-content\/uploads\/2014\/11\/images-1-147x300.jpeg\" alt=\"images-1\" width=\"147\" height=\"300\" srcset=\"https:\/\/www.tepaseul-magazine.fr\/wp-content\/uploads\/2014\/11\/images-1-147x300.jpeg 147w, https:\/\/www.tepaseul-magazine.fr\/wp-content\/uploads\/2014\/11\/images-1.jpeg 157w\" sizes=\"(max-width: 147px) 100vw, 147px\" \/><\/a>Pour tous ceux qui d&rsquo;une certaine mani\u00e8re se trouvent exclus de la f\u00eate, il importe de faire partager la joie de No\u00ebl.<\/p>\n<p>La veille au soir du jour de No\u00ebl, les petits fr\u00e8res des Pauvres r\u00e9veillonnent avec les personnes \u00e2g\u00e9es. Des associations caritatives, comme le Secours catholique, organisent le jour de No\u00ebl des distributions de cadeaux pour les sans domicile fixe, les isol\u00e9s, les malades, les personnes \u00e2g\u00e9es.<\/p>\n<p>&nbsp;<\/p>\n<p>C&rsquo;est la troisi\u00e8me messe de No\u00ebl, qu&rsquo;on appelle la \u00ab\u00a0messe du jour\u00a0\u00bb, qui exprime le mieux la signification profonde de No\u00ebl<\/p>\n<p>Les March\u00e9s de No\u00ebl<\/p>\n<p>&nbsp;<\/p>\n<p>D\u00e8s 1570, Strasbourg d\u00e9ploie son March\u00e9 de No\u00ebl autour de sa prestigieuse cath\u00e9drale.<\/p>\n<p>&nbsp;<\/p>\n<p>Depuis lors, son rayonnement en Europe n&rsquo;a fait que cro\u00eetre, gr\u00e2ce \u00e0 sa tradition de commerce mais aussi \u00e0 son esprit de tol\u00e9rance et d&rsquo;humanisme qui font son histoire et son identit\u00e9.<\/p>\n<p>&nbsp;<\/p>\n<p>C&rsquo;est \u00e0 une promenade aventureuse et savoureuse qu&rsquo;invitent les March\u00e9s de No\u00ebl. Les centaines d&rsquo;artisans pr\u00e9sents, riches en talents, sont autant d&rsquo;invitations aux d\u00e9couvertes les plus envo\u00fbtantes, \u00e0 l&rsquo;image du March\u00e9 des Bredle, d\u00e9licieux petits g\u00e2teaux que l&rsquo;on pr\u00e9pare traditionnellement pendant la p\u00e9riode de l&rsquo;Avent.<\/p>\n<p>&nbsp;<\/p>\n<p>&nbsp;<\/p>\n<p>&nbsp;<\/p>\n<p><a href=\"http:\/\/www.tepaseul-magazine.fr\/wp-content\/uploads\/2014\/11\/images-2.jpeg\"><img loading=\"lazy\" decoding=\"async\" class=\"aligncenter size-full wp-image-10128\" src=\"http:\/\/www.tepaseul-magazine.fr\/wp-content\/uploads\/2014\/11\/images-2.jpeg\" alt=\"images-2\" width=\"259\" height=\"194\" \/><\/a>ORIGINES DU PERE NOEL<\/p>\n<p>&nbsp;<\/p>\n<p>En 1904, on retrouve le P\u00e8re No\u00ebl dans les noms propres du Nouveau Larousse illustr\u00e9.<\/p>\n<p>P\u00e8re No\u00ebl &#8211; Coca cola Coca-Cola, en 1931, utilise le P\u00e8re No\u00ebl dans une s\u00e9rie de publicit\u00e9s pour son produit vedette. L&rsquo;image du P\u00e8re No\u00ebl portant les couleurs de Coca-Cola, le rouge et le blanc, ayant un ventre rebondi et un air jovial, con\u00e7u par le dessinateur Haddon Sundblom sera rapidement diffus\u00e9e \u00e0 travers le monde.<\/p>\n<p>En France, les catholiques avaient d\u00e9j\u00e0 pour habitude de s&rsquo;\u00e9changer des cadeaux pour c\u00e9l\u00e9brer la naissance du Christ le soir de No\u00ebl, mais ce sont les am\u00e9ricains qui, pendant la Deuxi\u00e8me Guerre mondiale, ont popularis\u00e9 le P\u00e8re No\u00ebl dans le vieux continent.<\/p>\n<p>De nos jours, le P\u00e8re No\u00ebl est utilis\u00e9, le 25 d\u00e9cembre \u00e0 des fins publicitaires dans plusieurs pays non catholiques, dont la Chine.<\/p>\n<p>Il est, cependant, un personnage tr\u00e8s attendu par les enfants qui ne cessent de lui \u00e9crire et de l\u2019inviter \u00e0 leur table le soir de No\u00ebl\u2026M\u00eame LA POSTE a aujourd\u2019hui, un bureau et une adresse sp\u00e9ciale qui lui sont attribu\u00e9s d\u00e8s fin novembre pour que nos ch\u00e9rubins puissent lui demander d\u2019exaucer leurs v\u0153ux.<\/p>\n<p>Pour cela, il faut qu\u2019ils adressent un courrier ou un dessin au P\u00e8re No\u00ebl, LA POSTE avant le 19 D\u00e9cembre. Toutes les lettres sont renvoy\u00e9es sur LIBOURNE o\u00f9 elles sont trait\u00e9es et donn\u00e9es au P\u00e8re No\u00ebl. En r\u00e9ponse, LA POSTE leur renvoie une carte postale et un th\u00e9\u00e2tre en papier avec personnages \u00e0 monter comme cadeau. Il faut savoir que chaque ann\u00e9e, 1430 000 lettres et 181200 mails sont envoy\u00e9es par ces enfants dont la moiti\u00e9 demandent au P\u00e8re No\u00ebl une liste de cadeaux et l\u2019autre moiti\u00e9 lui demandent d\u2019exaucer un v\u0153u pour un membre de leur famille.<\/p>\n<p><a href=\"http:\/\/www.laposte.fr\">www.laposte.fr<\/a><\/p>\n<p><a href=\"http:\/\/www.laposte.fr\/pere-noel\">www.laposte.fr\/pere-noel<\/a><\/p>\n<p>cliquer dans \u00ab\u00a0\u00e9cris au p\u00e8re no\u00ebl.<\/p>\n<p>&nbsp;<\/p>\n<p>TRES JOYEUX NOEL A TOUS\u00a0!<\/p>\n<p>&nbsp;<\/p>\n<p>Chantal ROLLAND<\/p>\n<p>&nbsp;<\/p>\n<p>&nbsp;<\/p>\n<p><strong>L\u2019ETOILE DU BERGER<\/strong><\/p>\n<p>En cette p\u00e9riode de f\u00eates de fin d\u2019ann\u00e9e, et pour commencer une nouvelle rubrique sur la spiritualit\u00e9, nous allons parler de l\u2019\u00e9toile du berger.<\/p>\n<p>Cette belle \u00e9toile qui a guid\u00e9 les Rois Mages \u00e0 J\u00e9sus, n\u2019est autre que la plan\u00e8te V\u00e9nus.<\/p>\n<p>Elle est appel\u00e9e Etoile du Berger parce qu\u2019elle est la premi\u00e8re \u00e0 appara\u00eetre dans le ciel du soir et la derni\u00e8re \u00e0 dispara\u00eetre du ciel, le matin, \u00e0 l\u2019heure du lever du soleil, c\u2019est \u00e0 dire \u00e0 l\u2019heure \u00e0 laquelle les bergers devaient rentrer ou sortir leurs troupeaux de moutons.<\/p>\n<p>C\u2019est l\u2019Astre le plus brillant de notre ciel apr\u00e8s le soleil et la lune, donc tr\u00e8s facile \u00e0 rep\u00e9rer parmi les \u00e9toiles.<\/p>\n<p>Cette \u00e9toile qui est la premi\u00e8re \u00e0 appara\u00eetre et la derni\u00e8re \u00e0 dispara\u00eetre \u00e9tait consid\u00e9r\u00e9e par ceux qui passaient les nuits dehors, comme un guide toujours fid\u00e8le et pr\u00e9sent pour les diriger pendant la transhumance.<\/p>\n<p>D\u2019o\u00f9 le nom \u00ab\u00a0Etoile du Berger\u00a0\u00bb.<\/p>\n<p>Cette \u00e9toile est donc une plan\u00e8te. C\u2019est l\u2019\u00e9toile polaire qui indique toujours le Nord et comme les bergers se dirigeaient toujours vers le nord, c\u2019est encore une raison qui faisait qu\u2019ils s\u2019en servaient pour s\u2019orienter.<\/p>\n<p>L\u2019Etoile du Berger sert de r\u00e9f\u00e9rence, car une fois qu\u2019on l\u2019a remarqu\u00e9e, le ciel nocturne n\u2019est plus qu\u2019une grande carte \u00e0 lire.<\/p>\n<p>Elle a son importance dans la litt\u00e9rature biblique comme point de r\u00e9f\u00e9rence pour les trois bergers qui ont recherch\u00e9 le Fils de Dieu.<\/p>\n<p>Et si nous l\u2019avons choisie pour accompagner. C\u2019est que nous sentons qu\u2019elle sera notre guide ainsi que le v\u00f4tre gr\u00e2ce au suivi, chaque mois, de nos conseils distribu\u00e9s au fil de nos rubriques. Au travers de ceux ci, elle vous apportera le chemin \u00e0 suivre pour aller vers le bonheur tout en sortant de votre solitude.<\/p>\n<p>Alors, ne perdons pas le Nord et continuons notre Aventure\u2026<\/p>\n<p>Chantal ROLLAND<\/p>\n<p>&nbsp;<\/p>\n<p>&nbsp;<\/p>\n","protected":false},"excerpt":{"rendered":"<p>&nbsp; On a toujours cru que No\u00ebl f\u00eatait la naissance de J\u00e9sus Christ mais quand on fait des recherches, on s\u2019aper\u00e7oit qu\u2019on f\u00eatait No\u00ebl bien avant sa naissance Les origines du mot No\u00ebl sont diverses et tr\u00e8s souvent controvers\u00e9es. Certains disent qu\u2019il pourrait venir du&#8230;<\/p>\n","protected":false},"author":2,"featured_media":10166,"comment_status":"open","ping_status":"open","sticky":false,"template":"","format":"standard","meta":{"footnotes":""},"categories":[1],"tags":[579,590,593,591,588,557,589,592],"yoast_head":"<!-- This site is optimized with the Yoast SEO plugin v21.9.1 - https:\/\/yoast.com\/wordpress\/plugins\/seo\/ -->\n<title>EVENEMENTS : histoire de la f\u00eate de No\u00ebl - Tepaseul<\/title>\n<meta name=\"robots\" content=\"index, follow, max-snippet:-1, max-image-preview:large, max-video-preview:-1\" \/>\n<link rel=\"canonical\" href=\"https:\/\/www.tepaseul-magazine.fr\/accueil\/evenements-histoire-fete-noel\/\" \/>\n<meta property=\"og:locale\" content=\"fr_FR\" \/>\n<meta property=\"og:type\" content=\"article\" \/>\n<meta property=\"og:title\" content=\"EVENEMENTS : histoire de la f\u00eate de No\u00ebl - Tepaseul\" \/>\n<meta property=\"og:description\" content=\"&nbsp; On a toujours cru que No\u00ebl f\u00eatait la naissance de J\u00e9sus Christ mais quand on fait des recherches, on s\u2019aper\u00e7oit qu\u2019on f\u00eatait No\u00ebl bien avant sa naissance Les origines du mot No\u00ebl sont diverses et tr\u00e8s souvent controvers\u00e9es. Certains disent qu\u2019il pourrait venir du...\" \/>\n<meta property=\"og:url\" content=\"https:\/\/www.tepaseul-magazine.fr\/accueil\/evenements-histoire-fete-noel\/\" \/>\n<meta property=\"og:site_name\" content=\"Tepaseul\" \/>\n<meta property=\"article:published_time\" content=\"2014-11-22T11:39:31+00:00\" \/>\n<meta property=\"article:modified_time\" content=\"2014-11-22T13:48:12+00:00\" \/>\n<meta property=\"og:image\" content=\"https:\/\/www.tepaseul-magazine.fr\/wp-content\/uploads\/2014\/11\/etoile-lumineuse-sapin-de-noel-m.jpg\" \/>\n\t<meta property=\"og:image:width\" content=\"200\" \/>\n\t<meta property=\"og:image:height\" content=\"150\" \/>\n\t<meta property=\"og:image:type\" content=\"image\/jpeg\" \/>\n<meta name=\"author\" content=\"Chantal Rolland\" \/>\n<script type=\"application\/ld+json\" class=\"yoast-schema-graph\">{\"@context\":\"https:\/\/schema.org\",\"@graph\":[{\"@type\":\"Article\",\"@id\":\"https:\/\/www.tepaseul-magazine.fr\/accueil\/evenements-histoire-fete-noel\/#article\",\"isPartOf\":{\"@id\":\"https:\/\/www.tepaseul-magazine.fr\/accueil\/evenements-histoire-fete-noel\/\"},\"author\":{\"name\":\"Chantal Rolland\",\"@id\":\"https:\/\/www.tepaseul-magazine.fr\/accueil\/#\/schema\/person\/dd3827dc04f692ff480da4bac4545eeb\"},\"headline\":\"EVENEMENTS : histoire de la f\u00eate de No\u00ebl\",\"datePublished\":\"2014-11-22T11:39:31+00:00\",\"dateModified\":\"2014-11-22T13:48:12+00:00\",\"mainEntityOfPage\":{\"@id\":\"https:\/\/www.tepaseul-magazine.fr\/accueil\/evenements-histoire-fete-noel\/\"},\"wordCount\":1674,\"commentCount\":0,\"publisher\":{\"@id\":\"https:\/\/www.tepaseul-magazine.fr\/accueil\/#organization\"},\"keywords\":[\"cadeaux\",\"etoile du berger\",\"joe\",\"naissance jesus christ\",\"noel\",\"paix\",\"pere noel\",\"present\"],\"articleSection\":[\"\u00c9v\u00e9nements\"],\"inLanguage\":\"fr-FR\",\"potentialAction\":[{\"@type\":\"CommentAction\",\"name\":\"Comment\",\"target\":[\"https:\/\/www.tepaseul-magazine.fr\/accueil\/evenements-histoire-fete-noel\/#respond\"]}]},{\"@type\":\"WebPage\",\"@id\":\"https:\/\/www.tepaseul-magazine.fr\/accueil\/evenements-histoire-fete-noel\/\",\"url\":\"https:\/\/www.tepaseul-magazine.fr\/accueil\/evenements-histoire-fete-noel\/\",\"name\":\"EVENEMENTS : histoire de la f\u00eate de No\u00ebl - Tepaseul\",\"isPartOf\":{\"@id\":\"https:\/\/www.tepaseul-magazine.fr\/accueil\/#website\"},\"datePublished\":\"2014-11-22T11:39:31+00:00\",\"dateModified\":\"2014-11-22T13:48:12+00:00\",\"breadcrumb\":{\"@id\":\"https:\/\/www.tepaseul-magazine.fr\/accueil\/evenements-histoire-fete-noel\/#breadcrumb\"},\"inLanguage\":\"fr-FR\",\"potentialAction\":[{\"@type\":\"ReadAction\",\"target\":[\"https:\/\/www.tepaseul-magazine.fr\/accueil\/evenements-histoire-fete-noel\/\"]}]},{\"@type\":\"BreadcrumbList\",\"@id\":\"https:\/\/www.tepaseul-magazine.fr\/accueil\/evenements-histoire-fete-noel\/#breadcrumb\",\"itemListElement\":[{\"@type\":\"ListItem\",\"position\":1,\"name\":\"Home\",\"item\":\"https:\/\/www.tepaseul-magazine.fr\/accueil\/\"},{\"@type\":\"ListItem\",\"position\":2,\"name\":\"EVENEMENTS : histoire de la f\u00eate de No\u00ebl\"}]},{\"@type\":\"WebSite\",\"@id\":\"https:\/\/www.tepaseul-magazine.fr\/accueil\/#website\",\"url\":\"https:\/\/www.tepaseul-magazine.fr\/accueil\/\",\"name\":\"Tepaseul\",\"description\":\"Le Magazine des solibattants\",\"publisher\":{\"@id\":\"https:\/\/www.tepaseul-magazine.fr\/accueil\/#organization\"},\"potentialAction\":[{\"@type\":\"SearchAction\",\"target\":{\"@type\":\"EntryPoint\",\"urlTemplate\":\"https:\/\/www.tepaseul-magazine.fr\/accueil\/?s={search_term_string}\"},\"query-input\":\"required name=search_term_string\"}],\"inLanguage\":\"fr-FR\"},{\"@type\":\"Organization\",\"@id\":\"https:\/\/www.tepaseul-magazine.fr\/accueil\/#organization\",\"name\":\"Tepaseul\",\"url\":\"https:\/\/www.tepaseul-magazine.fr\/accueil\/\",\"logo\":{\"@type\":\"ImageObject\",\"inLanguage\":\"fr-FR\",\"@id\":\"https:\/\/www.tepaseul-magazine.fr\/accueil\/#\/schema\/logo\/image\/\",\"url\":\"https:\/\/www.tepaseul-magazine.fr\/wp-content\/uploads\/2014\/12\/logo_doublev2-noir.png\",\"contentUrl\":\"https:\/\/www.tepaseul-magazine.fr\/wp-content\/uploads\/2014\/12\/logo_doublev2-noir.png\",\"width\":205,\"height\":51,\"caption\":\"Tepaseul\"},\"image\":{\"@id\":\"https:\/\/www.tepaseul-magazine.fr\/accueil\/#\/schema\/logo\/image\/\"}},{\"@type\":\"Person\",\"@id\":\"https:\/\/www.tepaseul-magazine.fr\/accueil\/#\/schema\/person\/dd3827dc04f692ff480da4bac4545eeb\",\"name\":\"Chantal Rolland\",\"image\":{\"@type\":\"ImageObject\",\"inLanguage\":\"fr-FR\",\"@id\":\"https:\/\/www.tepaseul-magazine.fr\/accueil\/#\/schema\/person\/image\/\",\"url\":\"https:\/\/secure.gravatar.com\/avatar\/a67dbe83e155eb41b8bc6c41ebcc8564?s=96&d=mm&r=g\",\"contentUrl\":\"https:\/\/secure.gravatar.com\/avatar\/a67dbe83e155eb41b8bc6c41ebcc8564?s=96&d=mm&r=g\",\"caption\":\"Chantal Rolland\"},\"url\":\"https:\/\/www.tepaseul-magazine.fr\/accueil\/author\/chantal-rolland\/\"}]}<\/script>\n<!-- \/ Yoast SEO plugin. -->","yoast_head_json":{"title":"EVENEMENTS : histoire de la f\u00eate de No\u00ebl - Tepaseul","robots":{"index":"index","follow":"follow","max-snippet":"max-snippet:-1","max-image-preview":"max-image-preview:large","max-video-preview":"max-video-preview:-1"},"canonical":"https:\/\/www.tepaseul-magazine.fr\/accueil\/evenements-histoire-fete-noel\/","og_locale":"fr_FR","og_type":"article","og_title":"EVENEMENTS : histoire de la f\u00eate de No\u00ebl - Tepaseul","og_description":"&nbsp; On a toujours cru que No\u00ebl f\u00eatait la naissance de J\u00e9sus Christ mais quand on fait des recherches, on s\u2019aper\u00e7oit qu\u2019on f\u00eatait No\u00ebl bien avant sa naissance Les origines du mot No\u00ebl sont diverses et tr\u00e8s souvent controvers\u00e9es. Certains disent qu\u2019il pourrait venir du...","og_url":"https:\/\/www.tepaseul-magazine.fr\/accueil\/evenements-histoire-fete-noel\/","og_site_name":"Tepaseul","article_published_time":"2014-11-22T11:39:31+00:00","article_modified_time":"2014-11-22T13:48:12+00:00","og_image":[{"width":200,"height":150,"url":"https:\/\/www.tepaseul-magazine.fr\/wp-content\/uploads\/2014\/11\/etoile-lumineuse-sapin-de-noel-m.jpg","type":"image\/jpeg"}],"author":"Chantal Rolland","schema":{"@context":"https:\/\/schema.org","@graph":[{"@type":"Article","@id":"https:\/\/www.tepaseul-magazine.fr\/accueil\/evenements-histoire-fete-noel\/#article","isPartOf":{"@id":"https:\/\/www.tepaseul-magazine.fr\/accueil\/evenements-histoire-fete-noel\/"},"author":{"name":"Chantal Rolland","@id":"https:\/\/www.tepaseul-magazine.fr\/accueil\/#\/schema\/person\/dd3827dc04f692ff480da4bac4545eeb"},"headline":"EVENEMENTS : histoire de la f\u00eate de No\u00ebl","datePublished":"2014-11-22T11:39:31+00:00","dateModified":"2014-11-22T13:48:12+00:00","mainEntityOfPage":{"@id":"https:\/\/www.tepaseul-magazine.fr\/accueil\/evenements-histoire-fete-noel\/"},"wordCount":1674,"commentCount":0,"publisher":{"@id":"https:\/\/www.tepaseul-magazine.fr\/accueil\/#organization"},"keywords":["cadeaux","etoile du berger","joe","naissance jesus christ","noel","paix","pere noel","present"],"articleSection":["\u00c9v\u00e9nements"],"inLanguage":"fr-FR","potentialAction":[{"@type":"CommentAction","name":"Comment","target":["https:\/\/www.tepaseul-magazine.fr\/accueil\/evenements-histoire-fete-noel\/#respond"]}]},{"@type":"WebPage","@id":"https:\/\/www.tepaseul-magazine.fr\/accueil\/evenements-histoire-fete-noel\/","url":"https:\/\/www.tepaseul-magazine.fr\/accueil\/evenements-histoire-fete-noel\/","name":"EVENEMENTS : histoire de la f\u00eate de No\u00ebl - Tepaseul","isPartOf":{"@id":"https:\/\/www.tepaseul-magazine.fr\/accueil\/#website"},"datePublished":"2014-11-22T11:39:31+00:00","dateModified":"2014-11-22T13:48:12+00:00","breadcrumb":{"@id":"https:\/\/www.tepaseul-magazine.fr\/accueil\/evenements-histoire-fete-noel\/#breadcrumb"},"inLanguage":"fr-FR","potentialAction":[{"@type":"ReadAction","target":["https:\/\/www.tepaseul-magazine.fr\/accueil\/evenements-histoire-fete-noel\/"]}]},{"@type":"BreadcrumbList","@id":"https:\/\/www.tepaseul-magazine.fr\/accueil\/evenements-histoire-fete-noel\/#breadcrumb","itemListElement":[{"@type":"ListItem","position":1,"name":"Home","item":"https:\/\/www.tepaseul-magazine.fr\/accueil\/"},{"@type":"ListItem","position":2,"name":"EVENEMENTS : histoire de la f\u00eate de No\u00ebl"}]},{"@type":"WebSite","@id":"https:\/\/www.tepaseul-magazine.fr\/accueil\/#website","url":"https:\/\/www.tepaseul-magazine.fr\/accueil\/","name":"Tepaseul","description":"Le Magazine des solibattants","publisher":{"@id":"https:\/\/www.tepaseul-magazine.fr\/accueil\/#organization"},"potentialAction":[{"@type":"SearchAction","target":{"@type":"EntryPoint","urlTemplate":"https:\/\/www.tepaseul-magazine.fr\/accueil\/?s={search_term_string}"},"query-input":"required name=search_term_string"}],"inLanguage":"fr-FR"},{"@type":"Organization","@id":"https:\/\/www.tepaseul-magazine.fr\/accueil\/#organization","name":"Tepaseul","url":"https:\/\/www.tepaseul-magazine.fr\/accueil\/","logo":{"@type":"ImageObject","inLanguage":"fr-FR","@id":"https:\/\/www.tepaseul-magazine.fr\/accueil\/#\/schema\/logo\/image\/","url":"https:\/\/www.tepaseul-magazine.fr\/wp-content\/uploads\/2014\/12\/logo_doublev2-noir.png","contentUrl":"https:\/\/www.tepaseul-magazine.fr\/wp-content\/uploads\/2014\/12\/logo_doublev2-noir.png","width":205,"height":51,"caption":"Tepaseul"},"image":{"@id":"https:\/\/www.tepaseul-magazine.fr\/accueil\/#\/schema\/logo\/image\/"}},{"@type":"Person","@id":"https:\/\/www.tepaseul-magazine.fr\/accueil\/#\/schema\/person\/dd3827dc04f692ff480da4bac4545eeb","name":"Chantal Rolland","image":{"@type":"ImageObject","inLanguage":"fr-FR","@id":"https:\/\/www.tepaseul-magazine.fr\/accueil\/#\/schema\/person\/image\/","url":"https:\/\/secure.gravatar.com\/avatar\/a67dbe83e155eb41b8bc6c41ebcc8564?s=96&d=mm&r=g","contentUrl":"https:\/\/secure.gravatar.com\/avatar\/a67dbe83e155eb41b8bc6c41ebcc8564?s=96&d=mm&r=g","caption":"Chantal Rolland"},"url":"https:\/\/www.tepaseul-magazine.fr\/accueil\/author\/chantal-rolland\/"}]}},"_links":{"self":[{"href":"https:\/\/www.tepaseul-magazine.fr\/accueil\/wp-json\/wp\/v2\/posts\/10127"}],"collection":[{"href":"https:\/\/www.tepaseul-magazine.fr\/accueil\/wp-json\/wp\/v2\/posts"}],"about":[{"href":"https:\/\/www.tepaseul-magazine.fr\/accueil\/wp-json\/wp\/v2\/types\/post"}],"author":[{"embeddable":true,"href":"https:\/\/www.tepaseul-magazine.fr\/accueil\/wp-json\/wp\/v2\/users\/2"}],"replies":[{"embeddable":true,"href":"https:\/\/www.tepaseul-magazine.fr\/accueil\/wp-json\/wp\/v2\/comments?post=10127"}],"version-history":[{"count":0,"href":"https:\/\/www.tepaseul-magazine.fr\/accueil\/wp-json\/wp\/v2\/posts\/10127\/revisions"}],"wp:featuredmedia":[{"embeddable":true,"href":"https:\/\/www.tepaseul-magazine.fr\/accueil\/wp-json\/wp\/v2\/media\/10166"}],"wp:attachment":[{"href":"https:\/\/www.tepaseul-magazine.fr\/accueil\/wp-json\/wp\/v2\/media?parent=10127"}],"wp:term":[{"taxonomy":"category","embeddable":true,"href":"https:\/\/www.tepaseul-magazine.fr\/accueil\/wp-json\/wp\/v2\/categories?post=10127"},{"taxonomy":"post_tag","embeddable":true,"href":"https:\/\/www.tepaseul-magazine.fr\/accueil\/wp-json\/wp\/v2\/tags?post=10127"}],"curies":[{"name":"wp","href":"https:\/\/api.w.org\/{rel}","templated":true}]}}