{"id":10258,"date":"2015-02-03T14:01:35","date_gmt":"2015-02-03T13:01:35","guid":{"rendered":"http:\/\/www.tepaseul-magazine.fr\/?p=10258"},"modified":"2015-02-05T17:56:12","modified_gmt":"2015-02-05T16:56:12","slug":"la-pierre-de-decembre","status":"publish","type":"post","link":"https:\/\/www.tepaseul-magazine.fr\/accueil\/la-pierre-de-decembre\/","title":{"rendered":"LA PIERRE DE FEVRIER"},"content":{"rendered":"<p><span style=\"text-decoration: underline;\"><em><strong>Photo : Serge Briez2014 Capm\u00e9diations<\/strong><\/em><\/span><\/p>\n<p><strong>LA PIERRE DU MOIS DE FEVRIER 2015\u00a0: LE QUARTZ ROSE<\/strong><\/p>\n<p><strong>\u00a0<a href=\"http:\/\/www.tepaseul-magazine.fr\/wp-content\/uploads\/2014\/12\/QuartzRose2Detour.jpg\"><img loading=\"lazy\" decoding=\"async\" class=\"aligncenter size-medium wp-image-10420\" src=\"http:\/\/www.tepaseul-magazine.fr\/wp-content\/uploads\/2014\/12\/QuartzRose2Detour-300x300.jpg\" alt=\"QuartzRose2Detour\" width=\"300\" height=\"300\" srcset=\"https:\/\/www.tepaseul-magazine.fr\/wp-content\/uploads\/2014\/12\/QuartzRose2Detour-300x300.jpg 300w, https:\/\/www.tepaseul-magazine.fr\/wp-content\/uploads\/2014\/12\/QuartzRose2Detour-150x150.jpg 150w, https:\/\/www.tepaseul-magazine.fr\/wp-content\/uploads\/2014\/12\/QuartzRose2Detour-1024x1024.jpg 1024w, https:\/\/www.tepaseul-magazine.fr\/wp-content\/uploads\/2014\/12\/QuartzRose2Detour-520x520.jpg 520w, https:\/\/www.tepaseul-magazine.fr\/wp-content\/uploads\/2014\/12\/QuartzRose2Detour.jpg 2000w\" sizes=\"(max-width: 300px) 100vw, 300px\" \/><\/a><\/strong><\/p>\n<p>On peut dire que, sur le plan collectif, le mois de Janvier s\u2019est av\u00e9r\u00e9 un festival mettant en \u00e9vidence les dysfonctionnements d\u2019une soci\u00e9t\u00e9 accroch\u00e9e \u00e0 ses vieux d\u00e9mons et en mal de mutation. Le but de cette page mensuelle est d\u2019apporter un certain recul pour aider \u00e0 comprendre les mouvements \u00e9nerg\u00e9tiques auxquels nous sommes soumis, mouvements \u00e9nerg\u00e9tiques dont une fraction importante est g\u00e9n\u00e9r\u00e9e par l\u2019inconscient collectif.<\/p>\n<p>&nbsp;<\/p>\n<p>Janvier, par d\u00e9finition, n\u2019est habituellement pas une p\u00e9riode porteuse d\u2019une grosse \u00e9nergie. Cela signifie que lorsqu\u2019une consommation excessive en est faite, en fin de mois, nous pouvons nous sentir compl\u00e8tement \u00e0 plat. Ce qui a \u00e9t\u00e9 le cas, par le jeu des \u00e9v\u00e8nements collectifs qui se sont produits en France, et qui ont amen\u00e9 chacun, en son \u00e2me et conscience, \u00e0 s\u2019interroger sur ses positions et le sens des choses.<\/p>\n<p>&nbsp;<\/p>\n<p>Le mois de Janvier nous laisse donc fatigu\u00e9, peut-\u00eatre d\u00e9sorient\u00e9, pas vraiment dans la joie, mais pourtant pas dans la d\u00e9prime. Nous devons n\u00e9anmoins poursuivre notre cheminement, car il n\u2019y a aucune raison de fond qui justifie une quelconque modification de notre trajectoire. Nous faisons donc ce que nous avons \u00e0 faire, mais l\u2019enthousiasme est un peu absent. Nous sommes plut\u00f4t port\u00e9s par notre mouvement habituel que par une vive motivation.<\/p>\n<p>&nbsp;<\/p>\n<p>Tout cela demande bien de la douceur, et appelle \u00e0 un retour aux valeurs essentielles de la vie\u00a0: la tendresse et l\u2019amour. Par ailleurs, tout choc (qu\u2019il soit collectif ou personnel) a tendance \u00e0 distendre le tissu \u00e9nerg\u00e9tique qui nous compose. On peut prendre pour cela l\u2019image d\u2019un matelas \u00e0 m\u00e9moire de forme qui r\u00e9ceptionne un \u00ab\u00a0poids lourd\u00a0\u00bb et se \u00ab\u00a0d\u00e9forme\u00a0\u00bb. Le choc collectif \u00ab\u00a0encaiss\u00e9\u00a0\u00bb a fait cela. Une fois \u00ab\u00a0encaiss\u00e9s\u00a0\u00bb cette charge et ce poids se r\u00e9partissant en nous (ce processus est nomm\u00e9 \u00ab\u00a0int\u00e9gration\u00a0\u00bb en \u00e9nerg\u00e9tique), il lui\/nous faut un certain temps pour retrouver la forme initiale. Nos \u00ab\u00a0fibres\u00a0\u00bb sont un peu distendues. Elles ont besoin de se retendre pour reprendre une bonne circulation \u00e9nerg\u00e9tique.<\/p>\n<p>&nbsp;<\/p>\n<p><a href=\"http:\/\/www.tepaseul-magazine.fr\/wp-content\/uploads\/2014\/12\/QuartzRose1.jpg\"><img loading=\"lazy\" decoding=\"async\" class=\"aligncenter size-medium wp-image-10421\" src=\"http:\/\/www.tepaseul-magazine.fr\/wp-content\/uploads\/2014\/12\/QuartzRose1-300x198.jpg\" alt=\"QuartzRose1\" width=\"300\" height=\"198\" srcset=\"https:\/\/www.tepaseul-magazine.fr\/wp-content\/uploads\/2014\/12\/QuartzRose1-300x198.jpg 300w, https:\/\/www.tepaseul-magazine.fr\/wp-content\/uploads\/2014\/12\/QuartzRose1-1024x674.jpg 1024w\" sizes=\"(max-width: 300px) 100vw, 300px\" \/><\/a><\/p>\n<p><strong>Toute la force de la douceur<\/strong><\/p>\n<p>Il existe, dans le royaume min\u00e9ral une pierre d\u2019usage commun en lithoth\u00e9rapie, mais peu connue dans sa v\u00e9ritable fonction\u00a0: le <strong>Quartz Rose<\/strong>.<\/p>\n<p>&nbsp;<\/p>\n<p>Le Quartz Rose est porteur d\u2019une \u00e9nergie qui renforce les liens entre les diff\u00e9rents \u00e9l\u00e9ments qui composent la Mati\u00e8re, et par cons\u00e9quent, la Vie. Il d\u00e9veloppe une \u00e9nergie transversale. Sous l\u2019action de la fr\u00e9quence du Quartz Rose, tous les liens atomiques, subatomiques, mol\u00e9culaires, cellulaires, luminiques, codaux, stellaires, etc., se trouvent \u00ab\u00a0retendus\u00a0\u00bb, aliment\u00e9s et renforc\u00e9s. Tous les chocs, de quelque nature que ce soit, sont temporis\u00e9s par son action, quel que soit le positionnement personnel par rapport \u00e0 l\u2019amour ou \u00e0 l\u2019affect. Que l\u2019o y croit ou non, l\u2019\u00e9nergie qui compose le Quartz Rose alimente la coh\u00e9rence \u00e9nerg\u00e9tique de toute mati\u00e8re existante, et sert de trame \u00e0 la structure de l\u2019Univers.<\/p>\n<p>&nbsp;<\/p>\n<p>C\u2019est la raison pour laquelle l\u2019amour est universellement reconnu dans toutes les traditions du monde. Quelle que soit la vision soci\u00e9tale d\u00e9tenue par chaque individu, chacun est d\u00e9tenteur de l\u2019amour de ses enfants, de sa famille, de son partenaire, etc. Il est rare qu\u2019il n\u2019existe pas une parcelle d\u2019amour chez un humain, quelle que soit sa situation.<\/p>\n<p>&nbsp;<\/p>\n<p>Ainsi, dans ce moment o\u00f9 la d\u00e9sillusion et le pessimisme constituent le courant \u00e9nerg\u00e9tique ambiant, il est vital et important de se relier \u00e0 ses valeurs fondamentales\u00a0: l\u2019amour en est une. Le Quartz Rose en est porteur, sans compter l\u2019extraordinaire puissance de d\u00e9veloppement quantique que poss\u00e8de son \u00e9nergie.<\/p>\n<p>&nbsp;<\/p>\n<p>Le 14 F\u00e9vrier est le jour de la Saint Valentin. M\u00eame si cette f\u00eate semble d\u00e9su\u00e8te ou factice, il n\u2019en demeure pas moins que sur le plan de l\u2019inconscient collectif, notre pays vit cette semaine-l\u00e0 \u00e0 l\u2019heure de l\u2019amour et du partage. Il n\u2019est pas besoin de dire combien nous en avons besoin dans ce climat de morosit\u00e9 ambiante.<\/p>\n<p>D\u2019un autre cot\u00e9, ce jour d\u00e9di\u00e9 peut para\u00eetre \u00ab\u00a0surfait\u00a0\u00bb ou bien rime peut-\u00eatre trop avec \u00ab\u00a0attente\u00a0\u00bb, \u00ab\u00a0tristesse\u00a0\u00bb pour ceux qui sont seuls, ou voire m\u00eame \u00ab\u00a0obligation\u00a0\u00bb pour d\u2019autres\u00a0!<\/p>\n<p>&nbsp;<\/p>\n<p>De pr\u00e8s ou de loin, nous sommes touch\u00e9s par cette masse d\u2019affect collectif en ce mois et afin de remettre chaque \u00e9nergie \u00e0 sa juste place, le Quartz Rose est id\u00e9alement la pierre qui t\u00e9moigne de l\u2019amour et de sa transmission. Seul, accompagn\u00e9 ou pour offrir, le Quartz Rose est le meilleur compagnon de tendresse qui soit\u00a0!<\/p>\n<p>&nbsp;<\/p>\n<p>&nbsp;<\/p>\n<p><strong>Au centre de soi-m\u00eame<\/strong><\/p>\n<p>Alors, le mois de F\u00e9vrier demande de se recentrer sur soi-m\u00eame. Chacun est d\u00e9tenteur\/d\u00e9tentrice de vos propres valeurs. Ces valeurs constituent notre essence et c\u2019est autour d\u2019elles que nous construisons notre quotidien. Cela ne sert \u00e0 rien de se laisser p\u00e9n\u00e9trer par des \u00e9nergies ext\u00e9rieures, qui ne sont pas notre histoire et pas notre futur. La plus grande force que nous d\u00e9tenons s\u2019appuie sur la vie et notre capacit\u00e9 \u00e0 assimiler les \u00e9v\u00e8nements, quels qu\u2019ils soient, collectifs ou individuels.<\/p>\n<p>&nbsp;<\/p>\n<p>Le mois de F\u00e9vrier porte la remont\u00e9e progressive en puissance de nos \u00e9nergies qui \u00e9cloront \u00e0 partir de Mars. Se recentrer sur ses choix, r\u00e9affirmer ses d\u00e9cisions, poser une \u00e9nergie en direction de votre futur et maintenir ses axes sont les meilleurs moyens dont nous disposons pour \u00ab\u00a0sortir\u00a0de la vague\u00a0\u00bb et ne pas se laisser submerger par la morosit\u00e9 ambiante.<\/p>\n<p><strong>\u00a0<\/strong><\/p>\n<p><em>\u00a0<\/em><\/p>\n<p><strong><em>Conseils d\u2019utilisation\u00a0:<\/em><\/strong><\/p>\n<p><em>Se munir d\u2019un galet calibr\u00e9 de Quartz Rose de 250\/350 g, ou d\u2019une boule ou d\u2019un \u0153uf de 500\/700 g. Il est recommand\u00e9 d\u2019utiliser un Quartz Rose <strong><span style=\"text-decoration: underline;\">\u00e9toil\u00e9<\/span><\/strong> qui constitue la meilleure qualit\u00e9 sur le march\u00e9. Il n\u2019est pas blanch\u00e2tre, mais bien rose.<\/em><\/p>\n<p><em>\u00a0<\/em><\/p>\n<p><em>Ensuite, il convient d\u2019\u00e9carter de son esprit toutes les id\u00e9es que l\u2019on peut avoir sur l\u2019amour. Puis de se mettre en \u00e9tat de disponibilit\u00e9 et de neutralit\u00e9 et de s\u2019accorder quinze \u00e0 vingt minutes par jour, assis tranquillement dans un fauteuil, sans rien penser, pour se relaxer avec sa pierre.<\/em><\/p>\n<p><em>\u00a0<\/em><\/p>\n<p><em>Si l\u2019envie s\u2019en fait sentir, ne pas h\u00e9siter pas \u00e0 la prendre en main dans la journ\u00e9e, aussi souvent que d\u00e9sir\u00e9. <\/em><\/p>\n<p><em>\u00a0<\/em><\/p>\n<p><em>Ne pas chercher \u00e0 obtenir un r\u00e9sultat quelconque. Il faut laisser la pierre jouer son r\u00f4le. Ce n\u2019est qu\u2019au bout du mois que le r\u00e9el bien-\u00eatre qu\u2019elle a apport\u00e9 se fera sentir.<\/em><\/p>\n<p><em>\u00a0<\/em><\/p>\n<p><strong>Prix de vente<\/strong>\u00a0: 50 \u20ac le galet poli de 150 \u00e0 200 gr<\/p>\n<p>Disponible sur <a href=\"http:\/\/www.cristaux-sante.com\"><strong>www.cristaux-sante.com<\/strong><\/a><\/p>\n<p>Et dans les boutiques <strong>Cristaux &amp; Couleurs<\/strong><\/p>\n<ul>\n<li>82 rue du Cherche-Midi 75006 PARIS<\/li>\n<li>17 Avenue Gambetta 24200 SARLAT LA CANEDA<\/li>\n<\/ul>\n<p>&nbsp;<\/p>\n<p>CRISTAUX &amp; SANTE<\/p>\n<p>32 Rue des Cordeliers \u2014 24200 Sarlat La Can\u00e9da<\/p>\n<p><a href=\"http:\/\/www.cristaux-sante.com\">www.cristaux-sante.com<\/a><\/p>\n<p>&nbsp;<\/p>\n<p>&nbsp;<\/p>\n<p>LA PIERRE DE JANVIER : LA PYRITE<\/p>\n<p><a href=\"http:\/\/www.tepaseul-magazine.fr\/wp-content\/uploads\/2014\/12\/Pyrite-brute-origine-Espagne.jpg\"><img loading=\"lazy\" decoding=\"async\" class=\"aligncenter size-medium wp-image-10350\" src=\"http:\/\/www.tepaseul-magazine.fr\/wp-content\/uploads\/2014\/12\/Pyrite-brute-origine-Espagne-300x238.jpg\" alt=\"Pyrite brute (origine Espagne)\" width=\"300\" height=\"238\" srcset=\"https:\/\/www.tepaseul-magazine.fr\/wp-content\/uploads\/2014\/12\/Pyrite-brute-origine-Espagne-300x238.jpg 300w, https:\/\/www.tepaseul-magazine.fr\/wp-content\/uploads\/2014\/12\/Pyrite-brute-origine-Espagne-1024x812.jpg 1024w\" sizes=\"(max-width: 300px) 100vw, 300px\" \/><\/a><\/p>\n<p>Voici venu l\u2019aube de cette nouvelle anne\u0301e. L\u2019anne\u0301e 2014 a su\u0302rement semble\u0301 particulie\u0300rement fatigante, notamment sur le plan physique. de longues pe\u0301riodes avec la sensation de se \u00ab trainer \u00bb ou de ne pas voir ses projets avancer. pas de \u00ab pe\u0302che \u00bb. sans cesse des proble\u0300mes d\u2019ordre mate\u0301riel a\u0300 re\u0301gler alors que l\u2019on aimerait avoir un temps pour soi. Un temps pour re\u0301fle\u0301chir, mais surtout un temps pour se faire du bien, pour se faire plaisir. et pourtant, les situations s\u2019enchainaient les unes derrie\u0300re les autres, sans laisser le moindre re\u0301pit. non pas qu\u2019il se passait des choses vraiment graves. mais toujours des proble\u0300mes se pre\u0301sentaient qui devaient e\u0302tre re\u0301gle\u0301s sans de\u0301lai et demandaient une grosse e\u0301nergie alors que la seule envie e\u0301tait de se reposer.<\/p>\n<p>en fait, l\u2019anne\u0301e 2014 a constitue\u0301 une puissante pe\u0301riode de mutation cellulaire. Le corps a enregistre\u0301 un tre\u0300s grand nombre de nouveaux programmes. Les prises de conscience se sont succe\u0301de\u0301es, mutant de nombreuses fre\u0301quences. Ces mutations cellulaires sont toujours tre\u0300s e\u0301nergivores, et c\u2019est cela qui a donne\u0301 l\u2019impression d\u2019e\u0302tre trop souvent fatigue\u0301. La richesse e\u0301ve\u0300nementielle de cette anne\u0301e 2014 a permis d\u2019accumuler un grand nombre de donne\u0301es nouvelles, et surtout de mieux de\u0301finir les axes de vie qui correspondent a\u0300 chacun.<\/p>\n<p>2015 va voir la mise en \u0153uvre de ces nouvelles orientations. on peut dire qu\u2019en 2014, un certain nombre de sujets ont juste e\u0301taient effleure\u0301s et qu\u2019ils vont re\u0301ellement se mettre en place en 2015. L\u2019anne\u0301e qui vient sera donc aussi une anne\u0301e fatigante, mais une fatigue lie\u0301e a\u0300 l\u2019action. moins de consommation e\u0301nerge\u0301tique lie\u0301e a\u0300 la mutation. Tout ce qui a e\u0301te\u0301 inte\u0301gre\u0301 en 2014 va e\u0302tre mis en oeuvre. Ce sera une anne\u0301e riche en re\u0301alisations mate\u0301rielles, sur l\u2019ensemble des niveaux, aussi bien mate\u0301riels qu\u2019e\u0301motionnels que spirituels. Les avance\u0301es dans ces domaines seront spectaculaires. La pre\u0301paration se fait depuis plusieurs anne\u0301es, et voici venue l\u2019anne\u0301e de la re\u0301alisation de nouveaux axes de de\u0301veloppement.<\/p>\n<p>Le mois de Janvier est toujours une pe\u0301riode durant laquelle la maturation de l\u2019hiver s\u2019affine avant de prendre le de\u0301part de l\u2019e\u0301nergie du renouveau de Fe\u0301vrier. il reste donc de nombreux points a\u0300 e\u0301claircir ou a\u0300 pre\u0301parer avant de se mettre en action.<\/p>\n<p>La difficulte\u0301 d\u2019une anne\u0301e comme celle-ci est de savoir par quel bout commencer. Elle se pre\u0301sente comme un e\u0301norme chantier qui s\u2019ouvre avec de multiples ateliers. Les pistes sont nombreuses. elles commencent toutes par une e\u0301tape de mise en matie\u0300re. Comment y proce\u0301der ? quelles sont les urgences ? quel tri faire dans tous les mate\u0301riaux mis a\u0300 disposition ? Comment les agencer ? selon quel calendrier ? Autant de questions qui se posent et qui se te\u0301lescopent un peu dans la te\u0302te&#8230;<\/p>\n<p>LA PYRITE est la pierre qui re\u0301pond le mieux aux besoins du moment. La pyrite est une des trois pierres alchimiques du The\u0300me de Cristal (www.le-theme-de-cristal.com). elle est compose\u0301e de:<\/p>\n<ul>\n<li>Fer-leferancrea\u0300laTerreetaidea\u0300lareconstitutiondesglobulesrouges.Ilapporteainsi une puissante e\u0301nergie vitale et l\u2019envie d\u2019accomplir de nouvelles choses.<\/li>\n<li>souFre \u2013 le soufre existe naturellement dans le corps humain. il posse\u0300de notamment pour fonction de \u00ab dige\u0301rer \u00bb les me\u0301taux lourds. il permet ainsi de muter et d\u2019entrer dans de nouvelles perceptions des choses et de les mettre en \u0153uvre en utilisant tout le patrimoine organique du corps. il ne faut pas oublier que la quasi totalite\u0301 des processus de mutation et des fonctions du corps sont \u00ab automatiques \u00bb et rele\u0300vent du myste\u0300re de la Vie qui e\u0301chappe comple\u0300tement dans l\u2019e\u0301tat actuel de nos connaissances.<\/li>\n<\/ul>\n<p>la pyriTe posse\u0300de donc la particularite\u0301 de connecter simultane\u0301ment a\u0300 de nombreux centres d\u2019inte\u0301re\u0302ts en donnant un ancrage pratique et concret aux perceptions et une vision globale des choses. La multiplicite\u0301 de ses niveaux de connexion e\u0301nerge\u0301tique aide a\u0300 e\u0302tre totalement en phase avec l\u2019e\u0301mergence des perceptions multidimensionnelles et la perception du quantique.<\/p>\n<p>Ainsi LA pYriTe donne la possibilite\u0301 de \u00ab trier \u00bb les urgences et les informations qui y sont relie\u0301es, sans pour autant passer par une analyse intellectuelle ou mentale qui ferait \u00ab embrouiller \u00bb toutes ces donne\u0301es. en fait cette pierre donne la possibilite\u0301 de \u00ab mate\u0301rialiser inconsciemment \u00bb, sans avoir a\u0300 passer par le mental. elle permet ainsi d\u2019obtenir une meilleure connexion aux informations porte\u0301es en soi. dans le me\u0302me temps, elle aide a\u0300 spontane\u0301ment faire les choix prioritaires a\u0300 mettre en \u0153uvre, me\u0302me si souvent la logique de cette spontane\u0301ite\u0301 peut sembler comple\u0300tement incohe\u0301rente et aller a\u0300 l\u2019encontre de la raison ou des me\u0301thodes analytiques et intellectuelles utilise\u0301es d\u2019ordinaire.<\/p>\n<p>la pyriTe s\u2019ave\u0300re donc e\u0302tre un pre\u0301cieux outil pour le mois de janvier qui voit de nombreux projets entrer dans leur phase finale de mise en place, outil de gestion des priorite\u0301s.<\/p>\n<p>conseils d\u2019uTilisaTion :<\/p>\n<p>Se munir d\u2019une Pyrite cristallise\u0301e de 350 a\u0300 500 g, ou d\u2019une boule ou un \u0153uf de 500 a\u0300 700 g. Il est pre\u0301fe\u0301rable d\u2019utiliser une Pyrite cristallise\u0301e sous forme de macles pluto\u0302t qu\u2019un cube naturel de grosse dimension qui n\u2019aura pas le me\u0302me impact sur le plan multidimensionnel.<\/p>\n<p>La prendre en main aussi souvent que possible dans la journe\u0301e. si cela n\u2019est pas possible en journe\u0301e, passer au moins une trentaine de minutes avec elle en se relaxant.<\/p>\n<p>ne rien chercher a\u0300 faire, ou a\u0300 penser, ou a\u0300 obtenir un re\u0301sultat quelconque. L\u2019action de cette pierre ne passe pas par les re\u0301fe\u0301rentiels habituels. Il faut juste se laisser aller dans son mouvement et profiter de la de\u0301tente que la pierre apporte.<\/p>\n<p>prix de vente : 90\u20ac la pierre de 120 a\u0300 135 gr<\/p>\n<p><strong>disponible sur www.cristaux-sante.com et dans les boutiques cristaux &amp; couleurs 82 rue du cherche-midi 75006 paris \/ 17 avenue gambetta &#8211; 24200 sarlaT la caneda<\/strong><\/p>\n<p>&nbsp;<\/p>\n<p><strong>LA PIERRE DU MOIS DE DECEMBRE 2014\u00a0:<\/strong><\/p>\n<p><strong>LE QUARTZ<\/strong><\/p>\n<p><strong>\u00a0Le mois de D\u00e9cembre<\/strong> se place toujours dans l\u2019\u00e9nergie des f\u00eates de fin d\u2019ann\u00e9e et particuli\u00e8rement de No\u00ebl. C\u2019est le mois des cadeaux, la fin de l\u2019automne, l\u2019entr\u00e9e dans l\u2019hiver. Paradoxalement, cette entr\u00e9e dans l\u2019hiver est toujours v\u00e9cue dans une \u00e9nergie moins d\u00e9primante que l\u2019automne. L\u2019\u00e9nergie du renouveau est contenue en elle. Nous sentons presque les pr\u00e9mices du Printemps. L\u2019or\u00e9e de la nouvelle ann\u00e9e nous place devant quelque chose de nouveau qui d\u00e9tient l\u2019espace pour se d\u00e9velopper, et qui n\u2019est plus, comme le mois de Novembre, une \u00e9nergie de cl\u00f4ture et d\u2019introspection. M\u00eame s\u2019il faudra attendre encore quelques mois pour entrer dans l\u2019\u00e9nergie du Printemps, l\u2019\u00e9nergie de la nouvelle ann\u00e9e pousse fort.<\/p>\n<p><strong>L\u2019heure du bilan <\/strong><\/p>\n<p><strong>Il est donc temps de faire le bilan de cette ann\u00e9e 2014<\/strong> qui a \u00e9t\u00e9 extr\u00eamement dense, riche en \u00e9v\u00e8nements, riche en transformations, riche en prises de conscience et en mutations. En d\u2019autres termes, nous avons eu le sentiment d\u2019\u00eatre secou\u00e9 dans tous les sens, sans toujours comprendre ce qui se passait r\u00e9ellement mais en sentant clairement que de profondes mutations cellulaires s\u2019activaient et changeaient totalement notre fa\u00e7on de vivre et surtout d\u2019appr\u00e9hender les choses et nous-m\u00eame.<\/p>\n<p>Ceux qui n\u2019avaient pas encore pris conscience de ces m\u00e9canismes en ont n\u00e9anmoins ressenti la fatigue physique et le pessimisme ambiant que cela a g\u00e9n\u00e9r\u00e9 dans notre soci\u00e9t\u00e9.<\/p>\n<p>Pour parler de notre soci\u00e9t\u00e9, il existe aujourd\u2019hui deux cat\u00e9gories de personnes\u00a0:<\/p>\n<ul>\n<li>celles qui sont conscientes des mutations en cours et qui s\u2019adaptent, m\u00eame si cela s\u2019av\u00e8re difficile, au nouveau paradigme de soci\u00e9t\u00e9 qui se met en place. En d\u2019autres termes, l\u2019\u00e9nergie des acquis, ou du \u00ab\u00a0syndrome du rentier\u00a0\u00bb, est d\u00e9finitivement abolie. Aujourd\u2019hui s\u2019ouvre l\u2019\u00e9nergie du partage transversal des ressources et de la d\u00e9couverte de nouveaux modes de fonctionnement et de pens\u00e9e.<\/li>\n<li>celles qui demeurent fermement attach\u00e9es \u00e0 la pr\u00e9servation de leurs acquis et d\u2019un mode de vie qui ne peut plus avoir cours. Les difficult\u00e9s croissantes en mati\u00e8re \u00e9conomique et de pouvoir d\u2019achat dressent un sombre tableau de l\u2019avenir qui ne s\u2019arrangera pas sur la base de nos anciens crit\u00e8res d\u2019expansion et de croissance. Aucune solution ne voit jour, car il n\u2019en existe plus dans le cadre de ce mod\u00e8le de pens\u00e9e. Le climat qui en r\u00e9sulte est lourd, d\u00e9primant et sans aucune ouverture.<\/li>\n<\/ul>\n<p>Il est donc temps de faire le point de son \u00e9tat, avant et pour entamer un nouveau cycle qui d\u00e9butera le 1<sup>er<\/sup> janvier 2015.<\/p>\n<p>&nbsp;<\/p>\n<p><strong>Pleins feux sur le Quartz<\/strong><\/p>\n<p>Le Quartz ou Cristal de Roche est exactement le min\u00e9ral appropri\u00e9 pour une telle p\u00e9riode. Le Quartz est<\/p>\n<div id=\"attachment_10261\" style=\"width: 310px\" class=\"wp-caption alignleft\"><a href=\"http:\/\/www.tepaseul-magazine.fr\/wp-content\/uploads\/2014\/12\/QUARTZ-2web.jpg\"><img loading=\"lazy\" decoding=\"async\" aria-describedby=\"caption-attachment-10261\" class=\"size-medium wp-image-10261\" src=\"http:\/\/www.tepaseul-magazine.fr\/wp-content\/uploads\/2014\/12\/QUARTZ-2web-300x252.jpg\" alt=\"Serge Briez\u00ae2014 Capm\u00e9diations Serge Briez 2014\" width=\"300\" height=\"252\" srcset=\"https:\/\/www.tepaseul-magazine.fr\/wp-content\/uploads\/2014\/12\/QUARTZ-2web-300x252.jpg 300w, https:\/\/www.tepaseul-magazine.fr\/wp-content\/uploads\/2014\/12\/QUARTZ-2web-1024x861.jpg 1024w\" sizes=\"(max-width: 300px) 100vw, 300px\" \/><\/a><p id=\"caption-attachment-10261\" class=\"wp-caption-text\">Serge Briez\u00ae2014 Capm\u00e9diations<br \/>Serge Briez 2014<\/p><\/div>\n<p>exclusivement compos\u00e9 de dioxyde de silicium. Chaque cellule de notre corps contient une mol\u00e9cule de dioxyde de silicium qui sert de neurotransmetteur entre le corps et le noyau cellulaire. Elle fait office, en quelque sorte, d\u2019\u00e9metteur-r\u00e9cepteur entre le corps et les codes identitaires. Il est clair que toute amplification du fonctionnement de ces mol\u00e9cules met directement en relation avec ce que ce que l\u2019on est au plus profond de soi, et donc avec son extraordinaire puissance vitale. Elle permet \u00e9galement de clarifier ses positions, de mieux se conna\u00eetre, et ainsi de mieux d\u00e9finir les axes appropri\u00e9s. Il ne faut pas oublier pas que chaque fois que nous sommes en phase avec nos codes identitaires, nous sommes aliment\u00e9s par la force vitale de notre plan\u00e8te. De m\u00eame, chaque fois que nous nous trouvons en distorsion avec nos codes, nous ressentons une profonde d\u00e9perdition \u00e9nerg\u00e9tique entrainant fatigue et d\u00e9pression.<\/p>\n<p>La Lumi\u00e8re qu\u2019apporte le Quartz dans les cellules fait prendre conscience de la puissante capacit\u00e9 de vie et de cr\u00e9ation qui est la n\u00f4tre, permet d\u2019identifier les \u00e9l\u00e9ments qui parasitent encore, et de prendre les d\u00e9cisions qui apporteront joie et vitalit\u00e9.<\/p>\n<p>Il convient donc de profiter de ce mois de \u00ab\u00a0tr\u00eave\u00a0\u00bb pour terminer d\u2019explorer son terrain personnel et prendre des forces pour entamer une nouvelle ann\u00e9e qui se r\u00e9v\u00e8lera extr\u00eamement riche en r\u00e9alisations.<\/p>\n<p><em>\u00a0<\/em><strong><em>Conseils d\u2019utilisation\u00a0:<\/em><\/strong><\/p>\n<p><em>Se munir d\u2019un prisme poli de Quartz de 200 \u00e0 400 gr ou plus. <\/em><\/p>\n<p><em>Prendre ce prisme en main, le plus souvent possible, au moins une fois dans la journ\u00e9e (peu importe la dur\u00e9e). Ne pas se poser de questions mais juste recevoir l\u2019\u00e9nergie. Si cela est possible, se m\u00e9nager le soir, un temps de relaxation. Prendre la pierre en main, et laisser les id\u00e9es et pens\u00e9es circuler. Les regarder tranquillement, sans en faire un exercice mental. Durant cette r\u00e9flexion, laisser la pierre agir sans se poser de questions.<\/em><\/p>\n<p><em>\u00a0Au bout de quelques jours, les choses \u00ab\u00a0s\u2019\u00e9claircissent\u00a0\u00bb, l\u2019\u00e9nergie vitale se renforce progressivement, m\u00eame si cela n\u2019est pas spectaculaire. Dans tous les cas, il ne faut pas dans l\u2019attente d\u2019un quelconque r\u00e9sultat. Laisser faire le corps et la pierre.<\/em><\/p>\n<p><strong>Prix de vente<\/strong>\u00a0: 95\u20ac le cristal de 80 \u00e0 100 g \/ 325\u20ac le cristal de 300 \u00e0 350 g<\/p>\n<p>Disponible sur <a href=\"http:\/\/www.cristaux-sante.com\"><strong>www.cristaux-sante.com<\/strong><\/a><\/p>\n<p>Et dans les boutiques <strong>Cristaux &amp; Couleurs<\/strong><\/p>\n<ul>\n<li>82 rue du Cherche-Midi 75006 PARIS<\/li>\n<li>17 Avenue Gambetta 24200 SARLAT LA CANEDA<\/li>\n<\/ul>\n<p>CRISTAUX &amp; SANT\u00c9<\/p>\n<p>32 Rue des Cordeliers \u2014 24200 Sarlat La Can\u00e9da<\/p>\n<p><a href=\"http:\/\/www.cristaux-sante.com\">www.cristaux-sante.com<\/a><\/p>\n","protected":false},"excerpt":{"rendered":"<p>Photo : Serge Briez2014 Capm\u00e9diations LA PIERRE DU MOIS DE FEVRIER 2015\u00a0: LE QUARTZ ROSE \u00a0 On peut dire que, sur le plan collectif, le mois de Janvier s\u2019est av\u00e9r\u00e9 un festival mettant en \u00e9vidence les dysfonctionnements d\u2019une soci\u00e9t\u00e9 accroch\u00e9e \u00e0 ses vieux d\u00e9mons et&#8230;<\/p>\n","protected":false},"author":2,"featured_media":10422,"comment_status":"open","ping_status":"open","sticky":false,"template":"","format":"standard","meta":{"footnotes":""},"categories":[78],"tags":[392,637,149,639,493,142,588,703,277,702,701,638,704],"yoast_head":"<!-- This site is optimized with the Yoast SEO plugin v21.9.1 - https:\/\/yoast.com\/wordpress\/plugins\/seo\/ -->\n<title>LA PIERRE DE FEVRIER - Tepaseul<\/title>\n<meta name=\"robots\" content=\"index, follow, max-snippet:-1, max-image-preview:large, max-video-preview:-1\" \/>\n<link rel=\"canonical\" href=\"https:\/\/www.tepaseul-magazine.fr\/accueil\/la-pierre-de-decembre\/\" \/>\n<meta property=\"og:locale\" content=\"fr_FR\" \/>\n<meta property=\"og:type\" content=\"article\" \/>\n<meta property=\"og:title\" content=\"LA PIERRE DE FEVRIER - Tepaseul\" \/>\n<meta property=\"og:description\" content=\"Photo : Serge Briez2014 Capm\u00e9diations LA PIERRE DU MOIS DE FEVRIER 2015\u00a0: LE QUARTZ ROSE \u00a0 On peut dire que, sur le plan collectif, le mois de Janvier s\u2019est av\u00e9r\u00e9 un festival mettant en \u00e9vidence les dysfonctionnements d\u2019une soci\u00e9t\u00e9 accroch\u00e9e \u00e0 ses vieux d\u00e9mons et...\" \/>\n<meta property=\"og:url\" content=\"https:\/\/www.tepaseul-magazine.fr\/accueil\/la-pierre-de-decembre\/\" \/>\n<meta property=\"og:site_name\" content=\"Tepaseul\" \/>\n<meta property=\"article:published_time\" content=\"2015-02-03T13:01:35+00:00\" \/>\n<meta property=\"article:modified_time\" content=\"2015-02-05T16:56:12+00:00\" \/>\n<meta property=\"og:image\" content=\"https:\/\/www.tepaseul-magazine.fr\/wp-content\/uploads\/2014\/12\/QuartzRose3.jpg\" \/>\n\t<meta property=\"og:image:width\" content=\"5760\" \/>\n\t<meta property=\"og:image:height\" content=\"3840\" \/>\n\t<meta property=\"og:image:type\" content=\"image\/jpeg\" \/>\n<meta name=\"author\" content=\"Chantal Rolland\" \/>\n<script type=\"application\/ld+json\" class=\"yoast-schema-graph\">{\"@context\":\"https:\/\/schema.org\",\"@graph\":[{\"@type\":\"Article\",\"@id\":\"https:\/\/www.tepaseul-magazine.fr\/accueil\/la-pierre-de-decembre\/#article\",\"isPartOf\":{\"@id\":\"https:\/\/www.tepaseul-magazine.fr\/accueil\/la-pierre-de-decembre\/\"},\"author\":{\"name\":\"Chantal Rolland\",\"@id\":\"https:\/\/www.tepaseul-magazine.fr\/accueil\/#\/schema\/person\/dd3827dc04f692ff480da4bac4545eeb\"},\"headline\":\"LA PIERRE DE FEVRIER\",\"datePublished\":\"2015-02-03T13:01:35+00:00\",\"dateModified\":\"2015-02-05T16:56:12+00:00\",\"mainEntityOfPage\":{\"@id\":\"https:\/\/www.tepaseul-magazine.fr\/accueil\/la-pierre-de-decembre\/\"},\"wordCount\":3232,\"commentCount\":0,\"publisher\":{\"@id\":\"https:\/\/www.tepaseul-magazine.fr\/accueil\/#organization\"},\"keywords\":[\"bilan\",\"decembre\",\"energies\",\"f\u00eates\",\"lumiere\",\"mois\",\"noel\",\"nouvelles orientations\",\"pierre\",\"prise de conscience\",\"pyrite\",\"quartz\",\"r\u00e9alisation\"],\"articleSection\":[\"Horoscope\/astrologie\"],\"inLanguage\":\"fr-FR\",\"potentialAction\":[{\"@type\":\"CommentAction\",\"name\":\"Comment\",\"target\":[\"https:\/\/www.tepaseul-magazine.fr\/accueil\/la-pierre-de-decembre\/#respond\"]}]},{\"@type\":\"WebPage\",\"@id\":\"https:\/\/www.tepaseul-magazine.fr\/accueil\/la-pierre-de-decembre\/\",\"url\":\"https:\/\/www.tepaseul-magazine.fr\/accueil\/la-pierre-de-decembre\/\",\"name\":\"LA PIERRE DE FEVRIER - Tepaseul\",\"isPartOf\":{\"@id\":\"https:\/\/www.tepaseul-magazine.fr\/accueil\/#website\"},\"datePublished\":\"2015-02-03T13:01:35+00:00\",\"dateModified\":\"2015-02-05T16:56:12+00:00\",\"breadcrumb\":{\"@id\":\"https:\/\/www.tepaseul-magazine.fr\/accueil\/la-pierre-de-decembre\/#breadcrumb\"},\"inLanguage\":\"fr-FR\",\"potentialAction\":[{\"@type\":\"ReadAction\",\"target\":[\"https:\/\/www.tepaseul-magazine.fr\/accueil\/la-pierre-de-decembre\/\"]}]},{\"@type\":\"BreadcrumbList\",\"@id\":\"https:\/\/www.tepaseul-magazine.fr\/accueil\/la-pierre-de-decembre\/#breadcrumb\",\"itemListElement\":[{\"@type\":\"ListItem\",\"position\":1,\"name\":\"Home\",\"item\":\"https:\/\/www.tepaseul-magazine.fr\/accueil\/\"},{\"@type\":\"ListItem\",\"position\":2,\"name\":\"LA PIERRE DE FEVRIER\"}]},{\"@type\":\"WebSite\",\"@id\":\"https:\/\/www.tepaseul-magazine.fr\/accueil\/#website\",\"url\":\"https:\/\/www.tepaseul-magazine.fr\/accueil\/\",\"name\":\"Tepaseul\",\"description\":\"Le Magazine des solibattants\",\"publisher\":{\"@id\":\"https:\/\/www.tepaseul-magazine.fr\/accueil\/#organization\"},\"potentialAction\":[{\"@type\":\"SearchAction\",\"target\":{\"@type\":\"EntryPoint\",\"urlTemplate\":\"https:\/\/www.tepaseul-magazine.fr\/accueil\/?s={search_term_string}\"},\"query-input\":\"required name=search_term_string\"}],\"inLanguage\":\"fr-FR\"},{\"@type\":\"Organization\",\"@id\":\"https:\/\/www.tepaseul-magazine.fr\/accueil\/#organization\",\"name\":\"Tepaseul\",\"url\":\"https:\/\/www.tepaseul-magazine.fr\/accueil\/\",\"logo\":{\"@type\":\"ImageObject\",\"inLanguage\":\"fr-FR\",\"@id\":\"https:\/\/www.tepaseul-magazine.fr\/accueil\/#\/schema\/logo\/image\/\",\"url\":\"https:\/\/www.tepaseul-magazine.fr\/wp-content\/uploads\/2014\/12\/logo_doublev2-noir.png\",\"contentUrl\":\"https:\/\/www.tepaseul-magazine.fr\/wp-content\/uploads\/2014\/12\/logo_doublev2-noir.png\",\"width\":205,\"height\":51,\"caption\":\"Tepaseul\"},\"image\":{\"@id\":\"https:\/\/www.tepaseul-magazine.fr\/accueil\/#\/schema\/logo\/image\/\"}},{\"@type\":\"Person\",\"@id\":\"https:\/\/www.tepaseul-magazine.fr\/accueil\/#\/schema\/person\/dd3827dc04f692ff480da4bac4545eeb\",\"name\":\"Chantal Rolland\",\"image\":{\"@type\":\"ImageObject\",\"inLanguage\":\"fr-FR\",\"@id\":\"https:\/\/www.tepaseul-magazine.fr\/accueil\/#\/schema\/person\/image\/\",\"url\":\"https:\/\/secure.gravatar.com\/avatar\/a67dbe83e155eb41b8bc6c41ebcc8564?s=96&d=mm&r=g\",\"contentUrl\":\"https:\/\/secure.gravatar.com\/avatar\/a67dbe83e155eb41b8bc6c41ebcc8564?s=96&d=mm&r=g\",\"caption\":\"Chantal Rolland\"},\"url\":\"https:\/\/www.tepaseul-magazine.fr\/accueil\/author\/chantal-rolland\/\"}]}<\/script>\n<!-- \/ Yoast SEO plugin. -->","yoast_head_json":{"title":"LA PIERRE DE FEVRIER - Tepaseul","robots":{"index":"index","follow":"follow","max-snippet":"max-snippet:-1","max-image-preview":"max-image-preview:large","max-video-preview":"max-video-preview:-1"},"canonical":"https:\/\/www.tepaseul-magazine.fr\/accueil\/la-pierre-de-decembre\/","og_locale":"fr_FR","og_type":"article","og_title":"LA PIERRE DE FEVRIER - Tepaseul","og_description":"Photo : Serge Briez2014 Capm\u00e9diations LA PIERRE DU MOIS DE FEVRIER 2015\u00a0: LE QUARTZ ROSE \u00a0 On peut dire que, sur le plan collectif, le mois de Janvier s\u2019est av\u00e9r\u00e9 un festival mettant en \u00e9vidence les dysfonctionnements d\u2019une soci\u00e9t\u00e9 accroch\u00e9e \u00e0 ses vieux d\u00e9mons et...","og_url":"https:\/\/www.tepaseul-magazine.fr\/accueil\/la-pierre-de-decembre\/","og_site_name":"Tepaseul","article_published_time":"2015-02-03T13:01:35+00:00","article_modified_time":"2015-02-05T16:56:12+00:00","og_image":[{"width":5760,"height":3840,"url":"https:\/\/www.tepaseul-magazine.fr\/wp-content\/uploads\/2014\/12\/QuartzRose3.jpg","type":"image\/jpeg"}],"author":"Chantal Rolland","schema":{"@context":"https:\/\/schema.org","@graph":[{"@type":"Article","@id":"https:\/\/www.tepaseul-magazine.fr\/accueil\/la-pierre-de-decembre\/#article","isPartOf":{"@id":"https:\/\/www.tepaseul-magazine.fr\/accueil\/la-pierre-de-decembre\/"},"author":{"name":"Chantal Rolland","@id":"https:\/\/www.tepaseul-magazine.fr\/accueil\/#\/schema\/person\/dd3827dc04f692ff480da4bac4545eeb"},"headline":"LA PIERRE DE FEVRIER","datePublished":"2015-02-03T13:01:35+00:00","dateModified":"2015-02-05T16:56:12+00:00","mainEntityOfPage":{"@id":"https:\/\/www.tepaseul-magazine.fr\/accueil\/la-pierre-de-decembre\/"},"wordCount":3232,"commentCount":0,"publisher":{"@id":"https:\/\/www.tepaseul-magazine.fr\/accueil\/#organization"},"keywords":["bilan","decembre","energies","f\u00eates","lumiere","mois","noel","nouvelles orientations","pierre","prise de conscience","pyrite","quartz","r\u00e9alisation"],"articleSection":["Horoscope\/astrologie"],"inLanguage":"fr-FR","potentialAction":[{"@type":"CommentAction","name":"Comment","target":["https:\/\/www.tepaseul-magazine.fr\/accueil\/la-pierre-de-decembre\/#respond"]}]},{"@type":"WebPage","@id":"https:\/\/www.tepaseul-magazine.fr\/accueil\/la-pierre-de-decembre\/","url":"https:\/\/www.tepaseul-magazine.fr\/accueil\/la-pierre-de-decembre\/","name":"LA PIERRE DE FEVRIER - Tepaseul","isPartOf":{"@id":"https:\/\/www.tepaseul-magazine.fr\/accueil\/#website"},"datePublished":"2015-02-03T13:01:35+00:00","dateModified":"2015-02-05T16:56:12+00:00","breadcrumb":{"@id":"https:\/\/www.tepaseul-magazine.fr\/accueil\/la-pierre-de-decembre\/#breadcrumb"},"inLanguage":"fr-FR","potentialAction":[{"@type":"ReadAction","target":["https:\/\/www.tepaseul-magazine.fr\/accueil\/la-pierre-de-decembre\/"]}]},{"@type":"BreadcrumbList","@id":"https:\/\/www.tepaseul-magazine.fr\/accueil\/la-pierre-de-decembre\/#breadcrumb","itemListElement":[{"@type":"ListItem","position":1,"name":"Home","item":"https:\/\/www.tepaseul-magazine.fr\/accueil\/"},{"@type":"ListItem","position":2,"name":"LA PIERRE DE FEVRIER"}]},{"@type":"WebSite","@id":"https:\/\/www.tepaseul-magazine.fr\/accueil\/#website","url":"https:\/\/www.tepaseul-magazine.fr\/accueil\/","name":"Tepaseul","description":"Le Magazine des solibattants","publisher":{"@id":"https:\/\/www.tepaseul-magazine.fr\/accueil\/#organization"},"potentialAction":[{"@type":"SearchAction","target":{"@type":"EntryPoint","urlTemplate":"https:\/\/www.tepaseul-magazine.fr\/accueil\/?s={search_term_string}"},"query-input":"required name=search_term_string"}],"inLanguage":"fr-FR"},{"@type":"Organization","@id":"https:\/\/www.tepaseul-magazine.fr\/accueil\/#organization","name":"Tepaseul","url":"https:\/\/www.tepaseul-magazine.fr\/accueil\/","logo":{"@type":"ImageObject","inLanguage":"fr-FR","@id":"https:\/\/www.tepaseul-magazine.fr\/accueil\/#\/schema\/logo\/image\/","url":"https:\/\/www.tepaseul-magazine.fr\/wp-content\/uploads\/2014\/12\/logo_doublev2-noir.png","contentUrl":"https:\/\/www.tepaseul-magazine.fr\/wp-content\/uploads\/2014\/12\/logo_doublev2-noir.png","width":205,"height":51,"caption":"Tepaseul"},"image":{"@id":"https:\/\/www.tepaseul-magazine.fr\/accueil\/#\/schema\/logo\/image\/"}},{"@type":"Person","@id":"https:\/\/www.tepaseul-magazine.fr\/accueil\/#\/schema\/person\/dd3827dc04f692ff480da4bac4545eeb","name":"Chantal Rolland","image":{"@type":"ImageObject","inLanguage":"fr-FR","@id":"https:\/\/www.tepaseul-magazine.fr\/accueil\/#\/schema\/person\/image\/","url":"https:\/\/secure.gravatar.com\/avatar\/a67dbe83e155eb41b8bc6c41ebcc8564?s=96&d=mm&r=g","contentUrl":"https:\/\/secure.gravatar.com\/avatar\/a67dbe83e155eb41b8bc6c41ebcc8564?s=96&d=mm&r=g","caption":"Chantal Rolland"},"url":"https:\/\/www.tepaseul-magazine.fr\/accueil\/author\/chantal-rolland\/"}]}},"_links":{"self":[{"href":"https:\/\/www.tepaseul-magazine.fr\/accueil\/wp-json\/wp\/v2\/posts\/10258"}],"collection":[{"href":"https:\/\/www.tepaseul-magazine.fr\/accueil\/wp-json\/wp\/v2\/posts"}],"about":[{"href":"https:\/\/www.tepaseul-magazine.fr\/accueil\/wp-json\/wp\/v2\/types\/post"}],"author":[{"embeddable":true,"href":"https:\/\/www.tepaseul-magazine.fr\/accueil\/wp-json\/wp\/v2\/users\/2"}],"replies":[{"embeddable":true,"href":"https:\/\/www.tepaseul-magazine.fr\/accueil\/wp-json\/wp\/v2\/comments?post=10258"}],"version-history":[{"count":6,"href":"https:\/\/www.tepaseul-magazine.fr\/accueil\/wp-json\/wp\/v2\/posts\/10258\/revisions"}],"predecessor-version":[{"id":10423,"href":"https:\/\/www.tepaseul-magazine.fr\/accueil\/wp-json\/wp\/v2\/posts\/10258\/revisions\/10423"}],"wp:featuredmedia":[{"embeddable":true,"href":"https:\/\/www.tepaseul-magazine.fr\/accueil\/wp-json\/wp\/v2\/media\/10422"}],"wp:attachment":[{"href":"https:\/\/www.tepaseul-magazine.fr\/accueil\/wp-json\/wp\/v2\/media?parent=10258"}],"wp:term":[{"taxonomy":"category","embeddable":true,"href":"https:\/\/www.tepaseul-magazine.fr\/accueil\/wp-json\/wp\/v2\/categories?post=10258"},{"taxonomy":"post_tag","embeddable":true,"href":"https:\/\/www.tepaseul-magazine.fr\/accueil\/wp-json\/wp\/v2\/tags?post=10258"}],"curies":[{"name":"wp","href":"https:\/\/api.w.org\/{rel}","templated":true}]}}