{"id":10487,"date":"2015-03-05T14:45:40","date_gmt":"2015-03-05T13:45:40","guid":{"rendered":"http:\/\/www.tepaseul-magazine.fr\/?p=10487"},"modified":"2015-03-05T14:45:40","modified_gmt":"2015-03-05T13:45:40","slug":"la-pierre-du-mois-la-goniatite","status":"publish","type":"post","link":"https:\/\/www.tepaseul-magazine.fr\/accueil\/la-pierre-du-mois-la-goniatite\/","title":{"rendered":"LA PIERRE DU MOIS : la goniatite"},"content":{"rendered":"<p>&nbsp;<\/p>\n<p>!<strong>!!! CREDIT PHOTOS\u00a0: Serge Briez\u00ae2015 Capm\u00e9diation<\/strong><\/p>\n<p><strong>\u00a0<\/strong><\/p>\n<p><strong>LA PIERRE DU MOIS DE MARS 2015\u00a0:<\/strong><\/p>\n<p><strong>LA GONIATITE<\/strong><\/p>\n<p><strong>\u00a0<\/strong><\/p>\n<p>Le mois de F\u00e9vrier est pass\u00e9, laissant un peu l\u2019impression d\u2019un mois de convalescence. Nous pouvons avoir pris des coups ces deux derniers mois, ou peut-\u00eatre n\u2019avons-nous pas eu l\u2019impression d\u2019en prendre. Il n\u2019en est pas moins vrai que nous ressortons tous de cette p\u00e9riode en ressentant que des choses se sont profond\u00e9ment modifi\u00e9es en nous et que ce mouvement impuls\u00e9 est irr\u00e9versible. Il ne s\u2019agit pas d\u2019une \u00ab\u00a0petite\u00a0\u00bb phase de d\u00e9veloppement personnel \u00e0 travers laquelle nous aurions \u00ab\u00a0compris quelque chose\u00a0\u00bb. Il s\u2019agit d\u2019un v\u00e9ritable mouvement de fonds qui nous place devant des choix essentiels qu\u2019il n\u2019est plus possible de diff\u00e9rer.<\/p>\n<p>&nbsp;<\/p>\n<p>Autant dire qu\u2019en Mars, le \u00ab\u00a0m\u00e9nage\u00a0\u00bb va continuer. Ce mot est \u00e0 prendre dans le bon sens du terme. Nous nettoyons nos champs de conscience. Nous en retirons la substantifique moelle qui permet \u00e0 notre r\u00e9alit\u00e9 de s\u2019affermir et d\u2019\u00eatre plus concr\u00e8tement NOUS. Alors, nous pouvons nous dire\u00a0: <em>\u00ab\u00a0Merci de ce mouvement. Merci de cette n\u00e9cessit\u00e9 de mouvement. Merci de tout ce que je nettoie. Merci de la difficult\u00e9 et de la fatigue de ce nettoyage, car il est pour moi le signe que les choses s\u2019\u00e9tablissent en profondeur et que ce que je d\u00e9gage, je n\u2019aurai plus \u00e0 revenir dessus.\u00a0Merci \u00e0 la Vie\u00a0!\u00bb <\/em><\/p>\n<p>&nbsp;<\/p>\n<p>Rien n\u2019est \u00e9pargn\u00e9. Le travail, l\u2019amiti\u00e9, l\u2019amour, les relations familiales, le travail de conscience, le rapport \u00e0 l\u2019\u00e9motion, les projets, les croyances. Tout est remis \u00e0 plat et finit par se r\u00e9sumer \u00e0 l\u2019essentiel.<\/p>\n<p>&nbsp;<\/p>\n<p>Nous avons la chance de b\u00e9n\u00e9ficier de l\u2019imp\u00e9tueuse puissance de l\u2019\u00e9nergie du Printemps pour nourrir cette mutation profonde qui touche tous les aspects de la vie, sur l\u2019ensemble de la plan\u00e8te.<\/p>\n<p>&nbsp;<\/p>\n<p>Et l\u00e0, nous prenons conscience de tout ce que nous portons sur les \u00e9paules. L\u2019\u00e9norme charge sous laquelle nous ployons, qui nous use, jour apr\u00e8s jour, depuis le jour de notre naissance, et qui ne nous appartient pas. Il s\u2019agit bien \u00e9videmment de <strong>l\u2019inconscient collectif <\/strong>et de l\u2019histoire des souffrances et des paliers d\u2019\u00e9l\u00e9vation des milliers de g\u00e9n\u00e9ration qui nous ont pr\u00e9c\u00e9d\u00e9s.<\/p>\n<p>&nbsp;<\/p>\n<p>Cela m\u00e9rite r\u00e9flexion ! Si nous retirons toute la charge quotidienne que nous balancent les m\u00e9dias, les gens autour de nous, la morosit\u00e9 ambiante, et que nous observons, en toute objectivit\u00e9 notre vie, ce qui s\u2019y passe, les cadeaux que nous recevons dans notre quotidien, \u00e0 travers un sourire, un regard, l\u2019observation d\u2019un oiseau, d\u2019un enfant, d\u2019un nuage. Et que nous regardons notre parcours de vie jusqu\u2019\u00e0 aujourd\u2019hui. Finalement, ce n\u2019est pas si mal\u00a0!&#8230;<\/p>\n<p>&nbsp;<\/p>\n<p>&nbsp;<\/p>\n<p>Alors pourquoi ne pas d\u00e9cider aujourd\u2019hui d\u2019abandonner <strong>DEFINITIVEMENT<\/strong> la charge de l\u2019inconscient collectif qui p\u00e8se sur soi depuis la naissance\u00a0?<\/p>\n<p>&nbsp;<\/p>\n<p>Il existe une pierre pour cela\u00a0: la Goniatite. Cette pierre est un fossile, qui, sur le plan \u00e9nerg\u00e9tique, ram\u00e8ne \u00e0 l\u2019\u00e2ge o\u00f9 il \u00e9tait vivant sur la plan\u00e8te (80 millions d\u2019ann\u00e9es). L\u2019Homme n\u2019\u00e9tait pas encore l\u00e0. L\u2019Homme n\u2019avait pas encore pollu\u00e9 la plan\u00e8te par ses peurs, son mental, son \u00e9go\u00efsme, et ses \u00e9motions. L\u2019\u00e9nergie de la plan\u00e8te \u00e9tait propre, riche, vivante, prolifique.<\/p>\n<p>&nbsp;<\/p>\n<p>Le simple fait de dormir, nuit apr\u00e8s nuit, avec cette pierre sous son oreiller permet de nettoyer toutes ces charges, de lib\u00e9rer ces empreintes de souffrance qui ne nous appartiennent pas, et de retrouver ce que nous sommes : \u00eatre vivant, joyeux, lumineux, cr\u00e9atif, ne demandant qu\u2019\u00e0 vivre de nouvelles exp\u00e9riences.<\/p>\n<p><em>\u00a0<\/em><\/p>\n<p><em>\u00a0<\/em><\/p>\n<p><strong><em>Conseils d\u2019utilisation\u00a0<\/em><\/strong><\/p>\n<p><em>Se munir d\u2019une Goniatite \u00e0 choisir sur le site <\/em><a href=\"http:\/\/www.cristaux-sante.com\"><em>www.cristaux-sante.com<\/em><\/a><em>. Mettre cette pierre sous son oreiller nuit apr\u00e8s nuit. Chaque matin, veiller \u00e0 la mettre dans un bol d\u2019eau claire afin de la d\u00e9charger des \u00e9nergies de la nuit. Poursuivre ce processus aussi longtemps que le besoin s\u2019en fait sentir. La premi\u00e8re phase de nettoyage de l\u2019inconscient collectif dont nous sommes charg\u00e9s peut prendre plusieurs semaines. N\u2019interrompre le processus que lorsque la sensation que le moment est venu pour cela se manifeste. <\/em><\/p>\n<p><em>\u00a0<\/em><\/p>\n<p><em>Les premi\u00e8res nuits, des r\u00eaves \u00ab\u00a0bizarres\u00a0\u00bb peuvent appara\u00eetre. Il ne faut pas tenter de les interpr\u00e9ter. Si la nuit s\u2019av\u00e8re inconfortable, prendre la pierre, la poser sur la table de nuit et finir sa nuit tranquillement. La reprendre le lendemain soir. <\/em><\/p>\n<p><em>\u00a0<\/em><\/p>\n<p><em>A un moment donn\u00e9, il est possible de se rendre compte que notre regard sur le monde a chang\u00e9. Il est plus lumineux, plus optimiste, plus joyeux, plus vivant. Cela sera le signe qu\u2019un \u00e9norme paquet a \u00e9t\u00e9 d\u00e9blay\u00e9. Ne pas h\u00e9siter \u00e0 reprendre ce processus de temps en temps.<\/em><\/p>\n<p>&nbsp;<\/p>\n<p>&nbsp;<\/p>\n<p><strong>Prix de vente<\/strong>\u00a0: 51 \u20ac la pierre de 100 \u00e0 120 gr \/ 63\u20ac la pierre de 125 \/ 150 gr<\/p>\n<p>&nbsp;<\/p>\n<p>&nbsp;<\/p>\n<p>Disponible sur <a href=\"http:\/\/www.cristaux-sante.com\"><strong>www.cristaux-sante.com<\/strong><\/a><\/p>\n<p>Et dans les boutiques <strong>Cristaux &amp; Couleurs<\/strong><\/p>\n<ul>\n<li>82 rue du Cherche-Midi 75006 PARIS<\/li>\n<li>17 Avenue Gambetta 24200 SARLAT LA CANEDA<\/li>\n<\/ul>\n<p>&nbsp;<\/p>\n<p>CRISTAUX &amp; SANT\u00c9<\/p>\n<p>32 Rue des Cordeliers \u2014 24200 Sarlat La Can\u00e9da<\/p>\n<p><a href=\"http:\/\/www.cristaux-sante.com\">www.cristaux-sante.com<\/a><\/p>\n<p>&nbsp;<\/p>\n","protected":false},"excerpt":{"rendered":"<p>&nbsp; !!!! CREDIT PHOTOS\u00a0: Serge Briez\u00ae2015 Capm\u00e9diation \u00a0 LA PIERRE DU MOIS DE MARS 2015\u00a0: LA GONIATITE \u00a0 Le mois de F\u00e9vrier est pass\u00e9, laissant un peu l\u2019impression d\u2019un mois de convalescence. Nous pouvons avoir pris des coups ces deux derniers mois, ou peut-\u00eatre n\u2019avons-nous&#8230;<\/p>\n","protected":false},"author":2,"featured_media":10491,"comment_status":"open","ping_status":"open","sticky":false,"template":"","format":"standard","meta":{"footnotes":""},"categories":[78],"tags":[817,504,413,819,815,816,818,277,345,279],"yoast_head":"<!-- This site is optimized with the Yoast SEO plugin v21.9.1 - https:\/\/yoast.com\/wordpress\/plugins\/seo\/ -->\n<title>LA PIERRE DU MOIS : la goniatite - Tepaseul<\/title>\n<meta name=\"robots\" content=\"index, follow, max-snippet:-1, max-image-preview:large, max-video-preview:-1\" \/>\n<link rel=\"canonical\" href=\"https:\/\/www.tepaseul-magazine.fr\/accueil\/la-pierre-du-mois-la-goniatite\/\" \/>\n<meta property=\"og:locale\" content=\"fr_FR\" \/>\n<meta property=\"og:type\" content=\"article\" \/>\n<meta property=\"og:title\" content=\"LA PIERRE DU MOIS : la goniatite - Tepaseul\" \/>\n<meta property=\"og:description\" content=\"&nbsp; !!!! CREDIT PHOTOS\u00a0: Serge Briez\u00ae2015 Capm\u00e9diation \u00a0 LA PIERRE DU MOIS DE MARS 2015\u00a0: LA GONIATITE \u00a0 Le mois de F\u00e9vrier est pass\u00e9, laissant un peu l\u2019impression d\u2019un mois de convalescence. Nous pouvons avoir pris des coups ces deux derniers mois, ou peut-\u00eatre n\u2019avons-nous...\" \/>\n<meta property=\"og:url\" content=\"https:\/\/www.tepaseul-magazine.fr\/accueil\/la-pierre-du-mois-la-goniatite\/\" \/>\n<meta property=\"og:site_name\" content=\"Tepaseul\" \/>\n<meta property=\"article:published_time\" content=\"2015-03-05T13:45:40+00:00\" \/>\n<meta property=\"og:image\" content=\"https:\/\/www.tepaseul-magazine.fr\/wp-content\/uploads\/2015\/03\/goniatite.jpg\" \/>\n\t<meta property=\"og:image:width\" content=\"4000\" \/>\n\t<meta property=\"og:image:height\" content=\"2667\" \/>\n\t<meta property=\"og:image:type\" content=\"image\/jpeg\" \/>\n<meta name=\"author\" content=\"Chantal Rolland\" \/>\n<script type=\"application\/ld+json\" class=\"yoast-schema-graph\">{\"@context\":\"https:\/\/schema.org\",\"@graph\":[{\"@type\":\"Article\",\"@id\":\"https:\/\/www.tepaseul-magazine.fr\/accueil\/la-pierre-du-mois-la-goniatite\/#article\",\"isPartOf\":{\"@id\":\"https:\/\/www.tepaseul-magazine.fr\/accueil\/la-pierre-du-mois-la-goniatite\/\"},\"author\":{\"name\":\"Chantal Rolland\",\"@id\":\"https:\/\/www.tepaseul-magazine.fr\/accueil\/#\/schema\/person\/dd3827dc04f692ff480da4bac4545eeb\"},\"headline\":\"LA PIERRE DU MOIS : la goniatite\",\"datePublished\":\"2015-03-05T13:45:40+00:00\",\"dateModified\":\"2015-03-05T13:45:40+00:00\",\"mainEntityOfPage\":{\"@id\":\"https:\/\/www.tepaseul-magazine.fr\/accueil\/la-pierre-du-mois-la-goniatite\/\"},\"wordCount\":890,\"commentCount\":0,\"publisher\":{\"@id\":\"https:\/\/www.tepaseul-magazine.fr\/accueil\/#organization\"},\"keywords\":[\"amiti\u00e9s\",\"amour\",\"conscience\",\"\u00e9motion\",\"gognatite\",\"mars\",\"nettoyage\",\"pierre\",\"travail\",\"vie\"],\"articleSection\":[\"Horoscope\/astrologie\"],\"inLanguage\":\"fr-FR\",\"potentialAction\":[{\"@type\":\"CommentAction\",\"name\":\"Comment\",\"target\":[\"https:\/\/www.tepaseul-magazine.fr\/accueil\/la-pierre-du-mois-la-goniatite\/#respond\"]}]},{\"@type\":\"WebPage\",\"@id\":\"https:\/\/www.tepaseul-magazine.fr\/accueil\/la-pierre-du-mois-la-goniatite\/\",\"url\":\"https:\/\/www.tepaseul-magazine.fr\/accueil\/la-pierre-du-mois-la-goniatite\/\",\"name\":\"LA PIERRE DU MOIS : la goniatite - Tepaseul\",\"isPartOf\":{\"@id\":\"https:\/\/www.tepaseul-magazine.fr\/accueil\/#website\"},\"datePublished\":\"2015-03-05T13:45:40+00:00\",\"dateModified\":\"2015-03-05T13:45:40+00:00\",\"breadcrumb\":{\"@id\":\"https:\/\/www.tepaseul-magazine.fr\/accueil\/la-pierre-du-mois-la-goniatite\/#breadcrumb\"},\"inLanguage\":\"fr-FR\",\"potentialAction\":[{\"@type\":\"ReadAction\",\"target\":[\"https:\/\/www.tepaseul-magazine.fr\/accueil\/la-pierre-du-mois-la-goniatite\/\"]}]},{\"@type\":\"BreadcrumbList\",\"@id\":\"https:\/\/www.tepaseul-magazine.fr\/accueil\/la-pierre-du-mois-la-goniatite\/#breadcrumb\",\"itemListElement\":[{\"@type\":\"ListItem\",\"position\":1,\"name\":\"Home\",\"item\":\"https:\/\/www.tepaseul-magazine.fr\/accueil\/\"},{\"@type\":\"ListItem\",\"position\":2,\"name\":\"LA PIERRE DU MOIS : la goniatite\"}]},{\"@type\":\"WebSite\",\"@id\":\"https:\/\/www.tepaseul-magazine.fr\/accueil\/#website\",\"url\":\"https:\/\/www.tepaseul-magazine.fr\/accueil\/\",\"name\":\"Tepaseul\",\"description\":\"Le Magazine des solibattants\",\"publisher\":{\"@id\":\"https:\/\/www.tepaseul-magazine.fr\/accueil\/#organization\"},\"potentialAction\":[{\"@type\":\"SearchAction\",\"target\":{\"@type\":\"EntryPoint\",\"urlTemplate\":\"https:\/\/www.tepaseul-magazine.fr\/accueil\/?s={search_term_string}\"},\"query-input\":\"required name=search_term_string\"}],\"inLanguage\":\"fr-FR\"},{\"@type\":\"Organization\",\"@id\":\"https:\/\/www.tepaseul-magazine.fr\/accueil\/#organization\",\"name\":\"Tepaseul\",\"url\":\"https:\/\/www.tepaseul-magazine.fr\/accueil\/\",\"logo\":{\"@type\":\"ImageObject\",\"inLanguage\":\"fr-FR\",\"@id\":\"https:\/\/www.tepaseul-magazine.fr\/accueil\/#\/schema\/logo\/image\/\",\"url\":\"https:\/\/www.tepaseul-magazine.fr\/wp-content\/uploads\/2014\/12\/logo_doublev2-noir.png\",\"contentUrl\":\"https:\/\/www.tepaseul-magazine.fr\/wp-content\/uploads\/2014\/12\/logo_doublev2-noir.png\",\"width\":205,\"height\":51,\"caption\":\"Tepaseul\"},\"image\":{\"@id\":\"https:\/\/www.tepaseul-magazine.fr\/accueil\/#\/schema\/logo\/image\/\"}},{\"@type\":\"Person\",\"@id\":\"https:\/\/www.tepaseul-magazine.fr\/accueil\/#\/schema\/person\/dd3827dc04f692ff480da4bac4545eeb\",\"name\":\"Chantal Rolland\",\"image\":{\"@type\":\"ImageObject\",\"inLanguage\":\"fr-FR\",\"@id\":\"https:\/\/www.tepaseul-magazine.fr\/accueil\/#\/schema\/person\/image\/\",\"url\":\"https:\/\/secure.gravatar.com\/avatar\/a67dbe83e155eb41b8bc6c41ebcc8564?s=96&d=mm&r=g\",\"contentUrl\":\"https:\/\/secure.gravatar.com\/avatar\/a67dbe83e155eb41b8bc6c41ebcc8564?s=96&d=mm&r=g\",\"caption\":\"Chantal Rolland\"},\"url\":\"https:\/\/www.tepaseul-magazine.fr\/accueil\/author\/chantal-rolland\/\"}]}<\/script>\n<!-- \/ Yoast SEO plugin. -->","yoast_head_json":{"title":"LA PIERRE DU MOIS : la goniatite - Tepaseul","robots":{"index":"index","follow":"follow","max-snippet":"max-snippet:-1","max-image-preview":"max-image-preview:large","max-video-preview":"max-video-preview:-1"},"canonical":"https:\/\/www.tepaseul-magazine.fr\/accueil\/la-pierre-du-mois-la-goniatite\/","og_locale":"fr_FR","og_type":"article","og_title":"LA PIERRE DU MOIS : la goniatite - Tepaseul","og_description":"&nbsp; !!!! CREDIT PHOTOS\u00a0: Serge Briez\u00ae2015 Capm\u00e9diation \u00a0 LA PIERRE DU MOIS DE MARS 2015\u00a0: LA GONIATITE \u00a0 Le mois de F\u00e9vrier est pass\u00e9, laissant un peu l\u2019impression d\u2019un mois de convalescence. Nous pouvons avoir pris des coups ces deux derniers mois, ou peut-\u00eatre n\u2019avons-nous...","og_url":"https:\/\/www.tepaseul-magazine.fr\/accueil\/la-pierre-du-mois-la-goniatite\/","og_site_name":"Tepaseul","article_published_time":"2015-03-05T13:45:40+00:00","og_image":[{"width":4000,"height":2667,"url":"https:\/\/www.tepaseul-magazine.fr\/wp-content\/uploads\/2015\/03\/goniatite.jpg","type":"image\/jpeg"}],"author":"Chantal Rolland","schema":{"@context":"https:\/\/schema.org","@graph":[{"@type":"Article","@id":"https:\/\/www.tepaseul-magazine.fr\/accueil\/la-pierre-du-mois-la-goniatite\/#article","isPartOf":{"@id":"https:\/\/www.tepaseul-magazine.fr\/accueil\/la-pierre-du-mois-la-goniatite\/"},"author":{"name":"Chantal Rolland","@id":"https:\/\/www.tepaseul-magazine.fr\/accueil\/#\/schema\/person\/dd3827dc04f692ff480da4bac4545eeb"},"headline":"LA PIERRE DU MOIS : la goniatite","datePublished":"2015-03-05T13:45:40+00:00","dateModified":"2015-03-05T13:45:40+00:00","mainEntityOfPage":{"@id":"https:\/\/www.tepaseul-magazine.fr\/accueil\/la-pierre-du-mois-la-goniatite\/"},"wordCount":890,"commentCount":0,"publisher":{"@id":"https:\/\/www.tepaseul-magazine.fr\/accueil\/#organization"},"keywords":["amiti\u00e9s","amour","conscience","\u00e9motion","gognatite","mars","nettoyage","pierre","travail","vie"],"articleSection":["Horoscope\/astrologie"],"inLanguage":"fr-FR","potentialAction":[{"@type":"CommentAction","name":"Comment","target":["https:\/\/www.tepaseul-magazine.fr\/accueil\/la-pierre-du-mois-la-goniatite\/#respond"]}]},{"@type":"WebPage","@id":"https:\/\/www.tepaseul-magazine.fr\/accueil\/la-pierre-du-mois-la-goniatite\/","url":"https:\/\/www.tepaseul-magazine.fr\/accueil\/la-pierre-du-mois-la-goniatite\/","name":"LA PIERRE DU MOIS : la goniatite - Tepaseul","isPartOf":{"@id":"https:\/\/www.tepaseul-magazine.fr\/accueil\/#website"},"datePublished":"2015-03-05T13:45:40+00:00","dateModified":"2015-03-05T13:45:40+00:00","breadcrumb":{"@id":"https:\/\/www.tepaseul-magazine.fr\/accueil\/la-pierre-du-mois-la-goniatite\/#breadcrumb"},"inLanguage":"fr-FR","potentialAction":[{"@type":"ReadAction","target":["https:\/\/www.tepaseul-magazine.fr\/accueil\/la-pierre-du-mois-la-goniatite\/"]}]},{"@type":"BreadcrumbList","@id":"https:\/\/www.tepaseul-magazine.fr\/accueil\/la-pierre-du-mois-la-goniatite\/#breadcrumb","itemListElement":[{"@type":"ListItem","position":1,"name":"Home","item":"https:\/\/www.tepaseul-magazine.fr\/accueil\/"},{"@type":"ListItem","position":2,"name":"LA PIERRE DU MOIS : la goniatite"}]},{"@type":"WebSite","@id":"https:\/\/www.tepaseul-magazine.fr\/accueil\/#website","url":"https:\/\/www.tepaseul-magazine.fr\/accueil\/","name":"Tepaseul","description":"Le Magazine des solibattants","publisher":{"@id":"https:\/\/www.tepaseul-magazine.fr\/accueil\/#organization"},"potentialAction":[{"@type":"SearchAction","target":{"@type":"EntryPoint","urlTemplate":"https:\/\/www.tepaseul-magazine.fr\/accueil\/?s={search_term_string}"},"query-input":"required name=search_term_string"}],"inLanguage":"fr-FR"},{"@type":"Organization","@id":"https:\/\/www.tepaseul-magazine.fr\/accueil\/#organization","name":"Tepaseul","url":"https:\/\/www.tepaseul-magazine.fr\/accueil\/","logo":{"@type":"ImageObject","inLanguage":"fr-FR","@id":"https:\/\/www.tepaseul-magazine.fr\/accueil\/#\/schema\/logo\/image\/","url":"https:\/\/www.tepaseul-magazine.fr\/wp-content\/uploads\/2014\/12\/logo_doublev2-noir.png","contentUrl":"https:\/\/www.tepaseul-magazine.fr\/wp-content\/uploads\/2014\/12\/logo_doublev2-noir.png","width":205,"height":51,"caption":"Tepaseul"},"image":{"@id":"https:\/\/www.tepaseul-magazine.fr\/accueil\/#\/schema\/logo\/image\/"}},{"@type":"Person","@id":"https:\/\/www.tepaseul-magazine.fr\/accueil\/#\/schema\/person\/dd3827dc04f692ff480da4bac4545eeb","name":"Chantal Rolland","image":{"@type":"ImageObject","inLanguage":"fr-FR","@id":"https:\/\/www.tepaseul-magazine.fr\/accueil\/#\/schema\/person\/image\/","url":"https:\/\/secure.gravatar.com\/avatar\/a67dbe83e155eb41b8bc6c41ebcc8564?s=96&d=mm&r=g","contentUrl":"https:\/\/secure.gravatar.com\/avatar\/a67dbe83e155eb41b8bc6c41ebcc8564?s=96&d=mm&r=g","caption":"Chantal Rolland"},"url":"https:\/\/www.tepaseul-magazine.fr\/accueil\/author\/chantal-rolland\/"}]}},"_links":{"self":[{"href":"https:\/\/www.tepaseul-magazine.fr\/accueil\/wp-json\/wp\/v2\/posts\/10487"}],"collection":[{"href":"https:\/\/www.tepaseul-magazine.fr\/accueil\/wp-json\/wp\/v2\/posts"}],"about":[{"href":"https:\/\/www.tepaseul-magazine.fr\/accueil\/wp-json\/wp\/v2\/types\/post"}],"author":[{"embeddable":true,"href":"https:\/\/www.tepaseul-magazine.fr\/accueil\/wp-json\/wp\/v2\/users\/2"}],"replies":[{"embeddable":true,"href":"https:\/\/www.tepaseul-magazine.fr\/accueil\/wp-json\/wp\/v2\/comments?post=10487"}],"version-history":[{"count":2,"href":"https:\/\/www.tepaseul-magazine.fr\/accueil\/wp-json\/wp\/v2\/posts\/10487\/revisions"}],"predecessor-version":[{"id":10490,"href":"https:\/\/www.tepaseul-magazine.fr\/accueil\/wp-json\/wp\/v2\/posts\/10487\/revisions\/10490"}],"wp:featuredmedia":[{"embeddable":true,"href":"https:\/\/www.tepaseul-magazine.fr\/accueil\/wp-json\/wp\/v2\/media\/10491"}],"wp:attachment":[{"href":"https:\/\/www.tepaseul-magazine.fr\/accueil\/wp-json\/wp\/v2\/media?parent=10487"}],"wp:term":[{"taxonomy":"category","embeddable":true,"href":"https:\/\/www.tepaseul-magazine.fr\/accueil\/wp-json\/wp\/v2\/categories?post=10487"},{"taxonomy":"post_tag","embeddable":true,"href":"https:\/\/www.tepaseul-magazine.fr\/accueil\/wp-json\/wp\/v2\/tags?post=10487"}],"curies":[{"name":"wp","href":"https:\/\/api.w.org\/{rel}","templated":true}]}}