{"id":10779,"date":"2015-09-21T10:26:10","date_gmt":"2015-09-21T09:26:10","guid":{"rendered":"http:\/\/www.tepaseul-magazine.fr\/?p=10779"},"modified":"2015-09-21T10:46:25","modified_gmt":"2015-09-21T09:46:25","slug":"portrait-du-mois-jean-baptiste-tuzet","status":"publish","type":"post","link":"https:\/\/www.tepaseul-magazine.fr\/accueil\/portrait-du-mois-jean-baptiste-tuzet\/","title":{"rendered":"PORTRAIT  DU MOIS : Jean Baptiste TUZET"},"content":{"rendered":"<p><a href=\"http:\/\/www.tepaseul-magazine.fr\/wp-content\/uploads\/2015\/09\/equipe_4_small.jpg\"><img loading=\"lazy\" decoding=\"async\" class=\"aligncenter size-medium wp-image-10780\" src=\"http:\/\/www.tepaseul-magazine.fr\/wp-content\/uploads\/2015\/09\/equipe_4_small-300x178.jpg\" alt=\"equipe_4_small\" width=\"300\" height=\"178\" srcset=\"https:\/\/www.tepaseul-magazine.fr\/wp-content\/uploads\/2015\/09\/equipe_4_small-300x178.jpg 300w, https:\/\/www.tepaseul-magazine.fr\/wp-content\/uploads\/2015\/09\/equipe_4_small.jpg 370w\" sizes=\"(max-width: 300px) 100vw, 300px\" \/><\/a><\/p>\n<p>Homme de radio (de Radio France \u00e0 RTL) et passionn\u00e9 de grande vari\u00e9t\u00e9 internationale, Jean-Baptiste Tuzet est le cr\u00e9ateur de la radio CROONER..<br \/>\nSon exp\u00e9rience d&rsquo;animateur-producteur dans le service public (France Inter essentiellement mais aussi France Bleu, France info, France musique) lui ont donn\u00e9 le go\u00fbt de la qualit\u00e9 \u00e9ditoriale qu&rsquo;il compte bien insufler dans le programme largement musicale de CROONER.<br \/>\nDepuis maintenant plus d&rsquo;une quinzaine d&rsquo;ann\u00e9es Jean-Baptiste TUZET d\u00e9cline sous toutes ses formes sa marque de pr\u00e9dilection avec des livres, des \u00e9missions TV, des \u00e9v\u00e8nements, des \u00e9missions de radio autour de son concept global : \u00ab\u00a0CROONER\u00a0\u00bb.<br \/>\nIl a ainsi, au fil des ans, donn\u00e9 un sens \u00e0 sa marque et la radio CROONER est la pierre d&rsquo;angle de son oeuvre, le projet d&rsquo;une vie.<br \/>\nC&rsquo;est pour cette raison essentielle que ne nombreux acteurs des m\u00e9dias, business, Institutions l&rsquo;ont soutenu dans sa cr\u00e9ation.<br \/>\nSon but est d&rsquo;apporter \u00e0 la France, voire \u00e0 l&rsquo;Europe, une nouvelle radio, plus onirique, un concept global pour les urbains qui veulent entrer dans un monde associat le meilleur du pr\u00e9sent avec l&rsquo;excellence du pass\u00e9.<\/p>\n<p><strong>DERNIERE NOUVEAUTE CROONER<\/strong><\/p>\n<p><a href=\"http:\/\/www.tepaseul-magazine.fr\/wp-content\/uploads\/2015\/09\/rzLR9hpSSbRjD27ZVk49YBinpHVwWCDwUJcDyyE13d5-82_Z8toqJUVDa5CN.jpg\"><img loading=\"lazy\" decoding=\"async\" class=\"alignleft size-medium wp-image-10781\" src=\"http:\/\/www.tepaseul-magazine.fr\/wp-content\/uploads\/2015\/09\/rzLR9hpSSbRjD27ZVk49YBinpHVwWCDwUJcDyyE13d5-82_Z8toqJUVDa5CN-300x94.jpg\" alt=\"rzLR9hpSSbRjD27ZVk49YBinpHVwWCDwUJcDyyE13d5-82_Z8toqJUVDa5CN\" width=\"300\" height=\"94\" srcset=\"https:\/\/www.tepaseul-magazine.fr\/wp-content\/uploads\/2015\/09\/rzLR9hpSSbRjD27ZVk49YBinpHVwWCDwUJcDyyE13d5-82_Z8toqJUVDa5CN-300x94.jpg 300w, https:\/\/www.tepaseul-magazine.fr\/wp-content\/uploads\/2015\/09\/rzLR9hpSSbRjD27ZVk49YBinpHVwWCDwUJcDyyE13d5-82_Z8toqJUVDa5CN.jpg 640w\" sizes=\"(max-width: 300px) 100vw, 300px\" \/><\/a>Radio innovante, CROONER voulait marquer sa pr\u00e9sence sur la toile et la t\u00e9l\u00e9phonie mobile par un \u00ab\u00a0player\u00a0\u00bb d\u2019un genre nouveau, capable de se transformer en application \u00ab\u00a0responsive\u00a0\u00bb\u00a0!<\/p>\n<p>L\u2019application CROONER radio pour tous les smartphones \u00ab\u00a0Android\u00a0\u00bb est donc d\u00e9sormais disponible en allant sur \u00ab\u00a0<a href=\"http:\/\/mail01.tinyletterapp.com\/Crooner\/crooner-radio-une-application-andro-d-pour-mieux-couter-grand-hotel-en-prime-time\/3389225-play.google.com\/store\/apps\/details?c=ff2917cc-1537-4c26-a2b3-bcc928896076\" target=\"_blank\">GOOGLE PLAY STORE<\/a>\u00a0\u00bb ou encore notre site internet <a href=\"http:\/\/mail01.tinyletterapp.com\/Crooner\/crooner-radio-une-application-andro-d-pour-mieux-couter-grand-hotel-en-prime-time\/3389221-www.crooner.fr\/?c=ff2917cc-1537-4c26-a2b3-bcc928896076\" target=\"_blank\">www.crooner.fr<\/a>.<\/p>\n<p>Rappelons \u00e0 ce sujet, que la radio hertzienne num\u00e9rique terrestre (RNT) n\u2019est pas en opposition avec tous les modes compl\u00e9mentaires d\u2019\u00e9coute tels que cette application Andro\u00efd. La RNT (ou DAB) c\u2019est juste l\u2019\u00e9volution attendue de la bande FM des ann\u00e9es 80, d\u2019o\u00f9 les nouveaux r\u00e9cepteurs (FM-DAB-Bluetooth) permettant de sonoriser \u00e9galement votre smartphone\u00a0! A l&rsquo;inverse la puce FM-DAB doit \u00eatre r\u00e9activ\u00e9e sur les mobiles&#8230;<\/p>\n<p>&nbsp;<\/p>\n<p><strong>EMISSION SPECIALE \u00ab\u00a0GRAND HOTEL\u00a0\u00bb AVEC MARTIN ARMSTRONG POUR LE FILM \u00ab\u00a0THE FORECASTER\u00a0\u00bb LUNDI 21 SEPTEMBRE A\u00a018 HEURES<\/strong><\/p>\n<div><a href=\"http:\/\/www.tepaseul-magazine.fr\/wp-content\/uploads\/2015\/09\/GVMvgeQ_okuQeIOGZE_b4W8fs4sO_eZGGY4iOQi3PcssLc_QsPOK2inOzLxY.jpg\"><img loading=\"lazy\" decoding=\"async\" class=\"alignleft size-medium wp-image-10782\" src=\"http:\/\/www.tepaseul-magazine.fr\/wp-content\/uploads\/2015\/09\/GVMvgeQ_okuQeIOGZE_b4W8fs4sO_eZGGY4iOQi3PcssLc_QsPOK2inOzLxY-300x94.jpg\" alt=\"GVMvgeQ_okuQeIOGZE_b4W8fs4sO_eZGGY4iOQi3PcssLc_QsPOK2inOzLxY\" width=\"300\" height=\"94\" srcset=\"https:\/\/www.tepaseul-magazine.fr\/wp-content\/uploads\/2015\/09\/GVMvgeQ_okuQeIOGZE_b4W8fs4sO_eZGGY4iOQi3PcssLc_QsPOK2inOzLxY-300x94.jpg 300w, https:\/\/www.tepaseul-magazine.fr\/wp-content\/uploads\/2015\/09\/GVMvgeQ_okuQeIOGZE_b4W8fs4sO_eZGGY4iOQi3PcssLc_QsPOK2inOzLxY.jpg 640w\" sizes=\"(max-width: 300px) 100vw, 300px\" \/><\/a>\u00a0Enregistr\u00e9e dans le cin\u00e9ma Publicis, privatis\u00e9 pour l&rsquo;occasion, \u00a0au 129 av des Champs Elys\u00e9es, l&rsquo;\u00e9mission \u00ab\u00a0Grand Hotel\u00a0\u00bb (18h-20h du lundi au vendredi) se veut un rendez-vous culturel, convivial et musical, r\u00e9unissant des artistes (acteurs, chanteurs, humoristes&#8230;) avec des personnalit\u00e9s de milieux d&rsquo;affaires ou politique mais \u00e9galement des \u00ab\u00a0sp\u00e9ciales\u00a0\u00bb sur des sujets scoop d&rsquo;actualit\u00e9 : c&rsquo;est ainsi qu&rsquo;\u00e0 l&rsquo;occasion de la venue de Martin ARMSTRONG \u00e0 Paris, l&rsquo;homme qui depuis vingt ans pr\u00e9dit sans erreur les crises \u00e9conomiques mondiales pour les grands de ce monde, nous avons d\u00e9cid\u00e9 de faire une \u00e9mission sp\u00e9ciale autour du film qui lui est consacr\u00e9 (\u00ab\u00a0L&rsquo;ORACLE\u00a0\u00bb) actuellement en salle. Que vous soyez issus des milieux d&rsquo;affaire ou n\u00e9ophyte soucieux du devenir de notre soci\u00e9t\u00e9 europ\u00e9enne, sachez que cet homme a pr\u00e9dit, il y a un an, une s\u00e9rie d&rsquo;\u00e9v\u00e9nements sociaux et \u00e9conomiques pour 2015, dont les flux migratoires en Europe&#8230;<\/div>\n<p>&nbsp;<\/p>\n<p><strong>EMISSION SPECIALE \u00ab\u00a0GRAND HOTEL\u00a0\u00bb SUR L&rsquo;ART CONTEMPORAIN \u00a0MERCREDI 23 SEPTEMBRE 18 HEURES<\/strong><\/p>\n<div><a href=\"http:\/\/www.tepaseul-magazine.fr\/wp-content\/uploads\/2015\/09\/gHPgvByqnSbgEugKxD_oeQZ6AG6yf99_PyccLZzxTWe4uyvrWxl7ONkuNAEh.jpg\"><img loading=\"lazy\" decoding=\"async\" class=\"alignleft size-medium wp-image-10783\" src=\"http:\/\/www.tepaseul-magazine.fr\/wp-content\/uploads\/2015\/09\/gHPgvByqnSbgEugKxD_oeQZ6AG6yf99_PyccLZzxTWe4uyvrWxl7ONkuNAEh-300x94.jpg\" alt=\"gHPgvByqnSbgEugKxD_oeQZ6AG6yf99_PyccLZzxTWe4uyvrWxl7ONkuNAEh\" width=\"300\" height=\"94\" srcset=\"https:\/\/www.tepaseul-magazine.fr\/wp-content\/uploads\/2015\/09\/gHPgvByqnSbgEugKxD_oeQZ6AG6yf99_PyccLZzxTWe4uyvrWxl7ONkuNAEh-300x94.jpg 300w, https:\/\/www.tepaseul-magazine.fr\/wp-content\/uploads\/2015\/09\/gHPgvByqnSbgEugKxD_oeQZ6AG6yf99_PyccLZzxTWe4uyvrWxl7ONkuNAEh.jpg 640w\" sizes=\"(max-width: 300px) 100vw, 300px\" \/><\/a>\u00a0Enregistr\u00e9e au 69 rue du Fg St Honor\u00e9 \u00e0 Paris, entour\u00e9 d&rsquo;oeuvres de MIRO, DALI, COMBAS et de nouveaux artistes \u00ab\u00a0Happy Art\u00a0\u00bb dans l&rsquo;une des nombreuses galeries internationales de Robert Bartoux en compagnie de Pierre Cornette de Saint Cyr, cette \u00e9mission sp\u00e9ciale Grand Hotel, \u00ab\u00a0tout ce que vous vouliez savoir sur l&rsquo;Art contemporain\u00a0\u00bb : ses succ\u00e8s, ses espoirs, ses d\u00e9rives&#8230;sera abord\u00e9 de mani\u00e8re spirituelle et conviviale par nos invit\u00e9s au rythme de nouveaut\u00e9s musicales de la play list de Crooner radio, comme cette reprise de \u00ab\u00a0Burning Love\u00a0\u00bb d&rsquo;Elvis Presley, en big band par l&rsquo;\u00e9g\u00e9rie de Salvador DALI : Amanda LEAR ! Une occasion \u00e9galement de saluer l&rsquo;exposition du photographe international Marc LAGRANGE \u00e0 la Galerie BARTOUX 26, av des Champs Elys\u00e9es, \u00e0 partir du 24 septembre.<\/div>\n<p>&nbsp;<\/p>\n","protected":false},"excerpt":{"rendered":"<p>Homme de radio (de Radio France \u00e0 RTL) et passionn\u00e9 de grande vari\u00e9t\u00e9 internationale, Jean-Baptiste Tuzet est le cr\u00e9ateur de la radio CROONER.. Son exp\u00e9rience d&rsquo;animateur-producteur dans le service public (France Inter essentiellement mais aussi France Bleu, France info, France musique) lui ont donn\u00e9 le&#8230;<\/p>\n","protected":false},"author":2,"featured_media":10781,"comment_status":"open","ping_status":"open","sticky":false,"template":"","format":"standard","meta":{"footnotes":""},"categories":[59,57],"tags":[1058,1057,662,1056,1059],"yoast_head":"<!-- This site is optimized with the Yoast SEO plugin v21.9.1 - https:\/\/yoast.com\/wordpress\/plugins\/seo\/ -->\n<title>PORTRAIT DU MOIS : Jean Baptiste TUZET - Tepaseul<\/title>\n<meta name=\"robots\" content=\"index, follow, max-snippet:-1, max-image-preview:large, max-video-preview:-1\" \/>\n<link rel=\"canonical\" href=\"https:\/\/www.tepaseul-magazine.fr\/accueil\/portrait-du-mois-jean-baptiste-tuzet\/\" \/>\n<meta property=\"og:locale\" content=\"fr_FR\" \/>\n<meta property=\"og:type\" content=\"article\" \/>\n<meta property=\"og:title\" content=\"PORTRAIT DU MOIS : Jean Baptiste TUZET - Tepaseul\" \/>\n<meta property=\"og:description\" content=\"Homme de radio (de Radio France \u00e0 RTL) et passionn\u00e9 de grande vari\u00e9t\u00e9 internationale, Jean-Baptiste Tuzet est le cr\u00e9ateur de la radio CROONER.. Son exp\u00e9rience d&rsquo;animateur-producteur dans le service public (France Inter essentiellement mais aussi France Bleu, France info, France musique) lui ont donn\u00e9 le...\" \/>\n<meta property=\"og:url\" content=\"https:\/\/www.tepaseul-magazine.fr\/accueil\/portrait-du-mois-jean-baptiste-tuzet\/\" \/>\n<meta property=\"og:site_name\" content=\"Tepaseul\" \/>\n<meta property=\"article:published_time\" content=\"2015-09-21T09:26:10+00:00\" \/>\n<meta property=\"article:modified_time\" content=\"2015-09-21T09:46:25+00:00\" \/>\n<meta property=\"og:image\" content=\"https:\/\/www.tepaseul-magazine.fr\/wp-content\/uploads\/2015\/09\/rzLR9hpSSbRjD27ZVk49YBinpHVwWCDwUJcDyyE13d5-82_Z8toqJUVDa5CN.jpg\" \/>\n\t<meta property=\"og:image:width\" content=\"640\" \/>\n\t<meta property=\"og:image:height\" content=\"200\" \/>\n\t<meta property=\"og:image:type\" content=\"image\/jpeg\" \/>\n<meta name=\"author\" content=\"Chantal Rolland\" \/>\n<script type=\"application\/ld+json\" class=\"yoast-schema-graph\">{\"@context\":\"https:\/\/schema.org\",\"@graph\":[{\"@type\":\"Article\",\"@id\":\"https:\/\/www.tepaseul-magazine.fr\/accueil\/portrait-du-mois-jean-baptiste-tuzet\/#article\",\"isPartOf\":{\"@id\":\"https:\/\/www.tepaseul-magazine.fr\/accueil\/portrait-du-mois-jean-baptiste-tuzet\/\"},\"author\":{\"name\":\"Chantal Rolland\",\"@id\":\"https:\/\/www.tepaseul-magazine.fr\/accueil\/#\/schema\/person\/dd3827dc04f692ff480da4bac4545eeb\"},\"headline\":\"PORTRAIT DU MOIS : Jean Baptiste TUZET\",\"datePublished\":\"2015-09-21T09:26:10+00:00\",\"dateModified\":\"2015-09-21T09:46:25+00:00\",\"mainEntityOfPage\":{\"@id\":\"https:\/\/www.tepaseul-magazine.fr\/accueil\/portrait-du-mois-jean-baptiste-tuzet\/\"},\"wordCount\":641,\"commentCount\":0,\"publisher\":{\"@id\":\"https:\/\/www.tepaseul-magazine.fr\/accueil\/#organization\"},\"keywords\":[\"android\",\"application Crooner\",\"crooner radio\",\"jean baptiste Tuzet\",\"smartphones\"],\"articleSection\":[\"L\u2019\u00e9v\u00e9nement du mois\",\"Portraits du mois\"],\"inLanguage\":\"fr-FR\",\"potentialAction\":[{\"@type\":\"CommentAction\",\"name\":\"Comment\",\"target\":[\"https:\/\/www.tepaseul-magazine.fr\/accueil\/portrait-du-mois-jean-baptiste-tuzet\/#respond\"]}]},{\"@type\":\"WebPage\",\"@id\":\"https:\/\/www.tepaseul-magazine.fr\/accueil\/portrait-du-mois-jean-baptiste-tuzet\/\",\"url\":\"https:\/\/www.tepaseul-magazine.fr\/accueil\/portrait-du-mois-jean-baptiste-tuzet\/\",\"name\":\"PORTRAIT DU MOIS : Jean Baptiste TUZET - Tepaseul\",\"isPartOf\":{\"@id\":\"https:\/\/www.tepaseul-magazine.fr\/accueil\/#website\"},\"datePublished\":\"2015-09-21T09:26:10+00:00\",\"dateModified\":\"2015-09-21T09:46:25+00:00\",\"breadcrumb\":{\"@id\":\"https:\/\/www.tepaseul-magazine.fr\/accueil\/portrait-du-mois-jean-baptiste-tuzet\/#breadcrumb\"},\"inLanguage\":\"fr-FR\",\"potentialAction\":[{\"@type\":\"ReadAction\",\"target\":[\"https:\/\/www.tepaseul-magazine.fr\/accueil\/portrait-du-mois-jean-baptiste-tuzet\/\"]}]},{\"@type\":\"BreadcrumbList\",\"@id\":\"https:\/\/www.tepaseul-magazine.fr\/accueil\/portrait-du-mois-jean-baptiste-tuzet\/#breadcrumb\",\"itemListElement\":[{\"@type\":\"ListItem\",\"position\":1,\"name\":\"Home\",\"item\":\"https:\/\/www.tepaseul-magazine.fr\/accueil\/\"},{\"@type\":\"ListItem\",\"position\":2,\"name\":\"PORTRAIT DU MOIS : Jean Baptiste TUZET\"}]},{\"@type\":\"WebSite\",\"@id\":\"https:\/\/www.tepaseul-magazine.fr\/accueil\/#website\",\"url\":\"https:\/\/www.tepaseul-magazine.fr\/accueil\/\",\"name\":\"Tepaseul\",\"description\":\"Le Magazine des solibattants\",\"publisher\":{\"@id\":\"https:\/\/www.tepaseul-magazine.fr\/accueil\/#organization\"},\"potentialAction\":[{\"@type\":\"SearchAction\",\"target\":{\"@type\":\"EntryPoint\",\"urlTemplate\":\"https:\/\/www.tepaseul-magazine.fr\/accueil\/?s={search_term_string}\"},\"query-input\":\"required name=search_term_string\"}],\"inLanguage\":\"fr-FR\"},{\"@type\":\"Organization\",\"@id\":\"https:\/\/www.tepaseul-magazine.fr\/accueil\/#organization\",\"name\":\"Tepaseul\",\"url\":\"https:\/\/www.tepaseul-magazine.fr\/accueil\/\",\"logo\":{\"@type\":\"ImageObject\",\"inLanguage\":\"fr-FR\",\"@id\":\"https:\/\/www.tepaseul-magazine.fr\/accueil\/#\/schema\/logo\/image\/\",\"url\":\"https:\/\/www.tepaseul-magazine.fr\/wp-content\/uploads\/2014\/12\/logo_doublev2-noir.png\",\"contentUrl\":\"https:\/\/www.tepaseul-magazine.fr\/wp-content\/uploads\/2014\/12\/logo_doublev2-noir.png\",\"width\":205,\"height\":51,\"caption\":\"Tepaseul\"},\"image\":{\"@id\":\"https:\/\/www.tepaseul-magazine.fr\/accueil\/#\/schema\/logo\/image\/\"}},{\"@type\":\"Person\",\"@id\":\"https:\/\/www.tepaseul-magazine.fr\/accueil\/#\/schema\/person\/dd3827dc04f692ff480da4bac4545eeb\",\"name\":\"Chantal Rolland\",\"image\":{\"@type\":\"ImageObject\",\"inLanguage\":\"fr-FR\",\"@id\":\"https:\/\/www.tepaseul-magazine.fr\/accueil\/#\/schema\/person\/image\/\",\"url\":\"https:\/\/secure.gravatar.com\/avatar\/a67dbe83e155eb41b8bc6c41ebcc8564?s=96&d=mm&r=g\",\"contentUrl\":\"https:\/\/secure.gravatar.com\/avatar\/a67dbe83e155eb41b8bc6c41ebcc8564?s=96&d=mm&r=g\",\"caption\":\"Chantal Rolland\"},\"url\":\"https:\/\/www.tepaseul-magazine.fr\/accueil\/author\/chantal-rolland\/\"}]}<\/script>\n<!-- \/ Yoast SEO plugin. -->","yoast_head_json":{"title":"PORTRAIT DU MOIS : Jean Baptiste TUZET - Tepaseul","robots":{"index":"index","follow":"follow","max-snippet":"max-snippet:-1","max-image-preview":"max-image-preview:large","max-video-preview":"max-video-preview:-1"},"canonical":"https:\/\/www.tepaseul-magazine.fr\/accueil\/portrait-du-mois-jean-baptiste-tuzet\/","og_locale":"fr_FR","og_type":"article","og_title":"PORTRAIT DU MOIS : Jean Baptiste TUZET - Tepaseul","og_description":"Homme de radio (de Radio France \u00e0 RTL) et passionn\u00e9 de grande vari\u00e9t\u00e9 internationale, Jean-Baptiste Tuzet est le cr\u00e9ateur de la radio CROONER.. Son exp\u00e9rience d&rsquo;animateur-producteur dans le service public (France Inter essentiellement mais aussi France Bleu, France info, France musique) lui ont donn\u00e9 le...","og_url":"https:\/\/www.tepaseul-magazine.fr\/accueil\/portrait-du-mois-jean-baptiste-tuzet\/","og_site_name":"Tepaseul","article_published_time":"2015-09-21T09:26:10+00:00","article_modified_time":"2015-09-21T09:46:25+00:00","og_image":[{"width":640,"height":200,"url":"https:\/\/www.tepaseul-magazine.fr\/wp-content\/uploads\/2015\/09\/rzLR9hpSSbRjD27ZVk49YBinpHVwWCDwUJcDyyE13d5-82_Z8toqJUVDa5CN.jpg","type":"image\/jpeg"}],"author":"Chantal Rolland","schema":{"@context":"https:\/\/schema.org","@graph":[{"@type":"Article","@id":"https:\/\/www.tepaseul-magazine.fr\/accueil\/portrait-du-mois-jean-baptiste-tuzet\/#article","isPartOf":{"@id":"https:\/\/www.tepaseul-magazine.fr\/accueil\/portrait-du-mois-jean-baptiste-tuzet\/"},"author":{"name":"Chantal Rolland","@id":"https:\/\/www.tepaseul-magazine.fr\/accueil\/#\/schema\/person\/dd3827dc04f692ff480da4bac4545eeb"},"headline":"PORTRAIT DU MOIS : Jean Baptiste TUZET","datePublished":"2015-09-21T09:26:10+00:00","dateModified":"2015-09-21T09:46:25+00:00","mainEntityOfPage":{"@id":"https:\/\/www.tepaseul-magazine.fr\/accueil\/portrait-du-mois-jean-baptiste-tuzet\/"},"wordCount":641,"commentCount":0,"publisher":{"@id":"https:\/\/www.tepaseul-magazine.fr\/accueil\/#organization"},"keywords":["android","application Crooner","crooner radio","jean baptiste Tuzet","smartphones"],"articleSection":["L\u2019\u00e9v\u00e9nement du mois","Portraits du mois"],"inLanguage":"fr-FR","potentialAction":[{"@type":"CommentAction","name":"Comment","target":["https:\/\/www.tepaseul-magazine.fr\/accueil\/portrait-du-mois-jean-baptiste-tuzet\/#respond"]}]},{"@type":"WebPage","@id":"https:\/\/www.tepaseul-magazine.fr\/accueil\/portrait-du-mois-jean-baptiste-tuzet\/","url":"https:\/\/www.tepaseul-magazine.fr\/accueil\/portrait-du-mois-jean-baptiste-tuzet\/","name":"PORTRAIT DU MOIS : Jean Baptiste TUZET - Tepaseul","isPartOf":{"@id":"https:\/\/www.tepaseul-magazine.fr\/accueil\/#website"},"datePublished":"2015-09-21T09:26:10+00:00","dateModified":"2015-09-21T09:46:25+00:00","breadcrumb":{"@id":"https:\/\/www.tepaseul-magazine.fr\/accueil\/portrait-du-mois-jean-baptiste-tuzet\/#breadcrumb"},"inLanguage":"fr-FR","potentialAction":[{"@type":"ReadAction","target":["https:\/\/www.tepaseul-magazine.fr\/accueil\/portrait-du-mois-jean-baptiste-tuzet\/"]}]},{"@type":"BreadcrumbList","@id":"https:\/\/www.tepaseul-magazine.fr\/accueil\/portrait-du-mois-jean-baptiste-tuzet\/#breadcrumb","itemListElement":[{"@type":"ListItem","position":1,"name":"Home","item":"https:\/\/www.tepaseul-magazine.fr\/accueil\/"},{"@type":"ListItem","position":2,"name":"PORTRAIT DU MOIS : Jean Baptiste TUZET"}]},{"@type":"WebSite","@id":"https:\/\/www.tepaseul-magazine.fr\/accueil\/#website","url":"https:\/\/www.tepaseul-magazine.fr\/accueil\/","name":"Tepaseul","description":"Le Magazine des solibattants","publisher":{"@id":"https:\/\/www.tepaseul-magazine.fr\/accueil\/#organization"},"potentialAction":[{"@type":"SearchAction","target":{"@type":"EntryPoint","urlTemplate":"https:\/\/www.tepaseul-magazine.fr\/accueil\/?s={search_term_string}"},"query-input":"required name=search_term_string"}],"inLanguage":"fr-FR"},{"@type":"Organization","@id":"https:\/\/www.tepaseul-magazine.fr\/accueil\/#organization","name":"Tepaseul","url":"https:\/\/www.tepaseul-magazine.fr\/accueil\/","logo":{"@type":"ImageObject","inLanguage":"fr-FR","@id":"https:\/\/www.tepaseul-magazine.fr\/accueil\/#\/schema\/logo\/image\/","url":"https:\/\/www.tepaseul-magazine.fr\/wp-content\/uploads\/2014\/12\/logo_doublev2-noir.png","contentUrl":"https:\/\/www.tepaseul-magazine.fr\/wp-content\/uploads\/2014\/12\/logo_doublev2-noir.png","width":205,"height":51,"caption":"Tepaseul"},"image":{"@id":"https:\/\/www.tepaseul-magazine.fr\/accueil\/#\/schema\/logo\/image\/"}},{"@type":"Person","@id":"https:\/\/www.tepaseul-magazine.fr\/accueil\/#\/schema\/person\/dd3827dc04f692ff480da4bac4545eeb","name":"Chantal Rolland","image":{"@type":"ImageObject","inLanguage":"fr-FR","@id":"https:\/\/www.tepaseul-magazine.fr\/accueil\/#\/schema\/person\/image\/","url":"https:\/\/secure.gravatar.com\/avatar\/a67dbe83e155eb41b8bc6c41ebcc8564?s=96&d=mm&r=g","contentUrl":"https:\/\/secure.gravatar.com\/avatar\/a67dbe83e155eb41b8bc6c41ebcc8564?s=96&d=mm&r=g","caption":"Chantal Rolland"},"url":"https:\/\/www.tepaseul-magazine.fr\/accueil\/author\/chantal-rolland\/"}]}},"_links":{"self":[{"href":"https:\/\/www.tepaseul-magazine.fr\/accueil\/wp-json\/wp\/v2\/posts\/10779"}],"collection":[{"href":"https:\/\/www.tepaseul-magazine.fr\/accueil\/wp-json\/wp\/v2\/posts"}],"about":[{"href":"https:\/\/www.tepaseul-magazine.fr\/accueil\/wp-json\/wp\/v2\/types\/post"}],"author":[{"embeddable":true,"href":"https:\/\/www.tepaseul-magazine.fr\/accueil\/wp-json\/wp\/v2\/users\/2"}],"replies":[{"embeddable":true,"href":"https:\/\/www.tepaseul-magazine.fr\/accueil\/wp-json\/wp\/v2\/comments?post=10779"}],"version-history":[{"count":3,"href":"https:\/\/www.tepaseul-magazine.fr\/accueil\/wp-json\/wp\/v2\/posts\/10779\/revisions"}],"predecessor-version":[{"id":10786,"href":"https:\/\/www.tepaseul-magazine.fr\/accueil\/wp-json\/wp\/v2\/posts\/10779\/revisions\/10786"}],"wp:featuredmedia":[{"embeddable":true,"href":"https:\/\/www.tepaseul-magazine.fr\/accueil\/wp-json\/wp\/v2\/media\/10781"}],"wp:attachment":[{"href":"https:\/\/www.tepaseul-magazine.fr\/accueil\/wp-json\/wp\/v2\/media?parent=10779"}],"wp:term":[{"taxonomy":"category","embeddable":true,"href":"https:\/\/www.tepaseul-magazine.fr\/accueil\/wp-json\/wp\/v2\/categories?post=10779"},{"taxonomy":"post_tag","embeddable":true,"href":"https:\/\/www.tepaseul-magazine.fr\/accueil\/wp-json\/wp\/v2\/tags?post=10779"}],"curies":[{"name":"wp","href":"https:\/\/api.w.org\/{rel}","templated":true}]}}