{"id":11145,"date":"2016-01-26T11:15:41","date_gmt":"2016-01-26T10:15:41","guid":{"rendered":"http:\/\/www.tepaseul-magazine.fr\/?p=11145"},"modified":"2016-01-26T11:17:08","modified_gmt":"2016-01-26T10:17:08","slug":"portrait-du-mois-saint-valentin","status":"publish","type":"post","link":"https:\/\/www.tepaseul-magazine.fr\/accueil\/portrait-du-mois-saint-valentin\/","title":{"rendered":"PORTRAIT DU MOIS : SAINT VALENTIN"},"content":{"rendered":"<p><strong>SAINT VALENTIN<\/strong><\/p>\n<p><strong>\u00a0<\/strong><\/p>\n<p><strong>COMMENT SAINT-VALENTIN EST-IL DEVENU LE PROTECTEUR DES COUPLES?<\/strong><\/p>\n<p><strong>Au III\u00e8me si\u00e8cle apr\u00e8s J\u00e9sus-Christ, Valentin, d\u2019abord pr\u00eatre romain, vivait sous le r\u00e8gne de l\u2019Empereur Claude II surnomm\u00e9 Claude-le-cruel. Il jouissait d\u2019une haute r\u00e9putation de sagesse et la plupart des romains, y compris les pa\u00efens, le v\u00e9n\u00e9raient.<\/strong><\/p>\n<p><strong>En 250, l\u2019Empereur prit un Edit contre tout ce qui contrariait le culte imp\u00e9rial en particulier les chr\u00e9tiens. A cette \u00e9poque, Rome \u00e9tait engag\u00e9e dans des campagnes militaires sanglantes et impopulaires. Ayant du mal \u00e0 recruter des soldats, Claude II fit interdire le mariage qui selon lui, attachait beaucoup trop les recrues potentielles \u00e0 leur foyer. Malgr\u00e9 les ordres de l\u2019Empereur, Valentin continua de c\u00e9l\u00e9brer des mariages.<\/strong><\/p>\n<p><strong>Il fut d\u00e9nonc\u00e9 puis arr\u00eat\u00e9 en 268. Lors de son arrestation, Claudius II lui demanda pourquoi il se refusait \u00e0 adorer leurs dieux. Valentin lui r\u00e9pondit:<\/strong><\/p>\n<p><strong>\u201cSi vous saviez le don de Dieu, vous seriez heureux, vous et votre empire, vous rejetteriez le culte des idoles, vous verriez qu\u2019il n\u2019y a qu\u2019un seul Dieu\u201d<\/strong><\/p>\n<p><strong>D\u00e9sempar\u00e9 mais redoutant le trouble dans la ville pa\u00efenne, Claudius II confia le pr\u00eatre au pr\u00e9fet Calpurnius, lequel le mit en prison sous la garde de l\u2019officier Ast\u00e9rius. A son tour, ce dernier fut captiv\u00e9 par la foi rayonnante de Valentin et lui lan\u00e7a un d\u00e9fi: s\u2019il gu\u00e9rissait sa fille aveugle, il se convertirait. Le miracle se produisit et toute la famille se convertit.<\/strong><\/p>\n<p><strong>Suite \u00e0 cet \u00e9v\u00e9nement, redoutant un revirement du maintien du culte des idoles dans tout Rome, l\u2019Empereur romain fit d\u00e9capiter Valentin le 14 f\u00e9vrier 270.<\/strong><\/p>\n<p><strong>Ce n\u2019est que plusieurs si\u00e8cles apr\u00e8s, une fois l\u2019Empire romain d\u00e9chu, qu\u2019il fut canonis\u00e9 en l\u2019honneur de son sacrifice pour l\u2019amour, et devint Saint-Valentin.<\/strong><\/p>\n<p><strong>A cette \u00e9poque, une vaste entreprise de transformation des f\u00eates pa\u00efennes en f\u00eates chr\u00e9tiennes eut lieu, men\u00e9e par l\u2019\u00e9glise catholique. . La Saint-Valentin fut ainsi institu\u00e9e pour contrer une f\u00eate pa\u00efenne, les \u201cLupercales\u201d, f\u00eat\u00e9e le 15 f\u00e9vrier, \u00e0 l\u2019occasion du jour de la fertilit\u00e9, d\u00e9di\u00e9 \u00e0 Lupercus, dieu des troupeaux et des bergers, et \u00e0 Junon, protectrice des femmes et du mariage romain. Le rite le plus marquant de cette f\u00eate \u00e9tait la course des Luperques au cours de laquelle des hommes \u00e0 moiti\u00e9 nus poursuivaient des femmes et les frappaient avec des lani\u00e8res de peaux de bouc, leur assurant par l\u00e0-m\u00eame f\u00e9condit\u00e9 et grossesse heureuse. Le pape G\u00e9lase Ier jugea \u00e0 raison qu\u2019il s\u2019agissait d\u2019une f\u00eate de religion d\u00e9moniaque et obtint la suppression des Lupercales en 495. Les saint-P\u00e8res de l\u2019\u00e9glise d\u2019alors instaur\u00e8rent \u00e0 la place une f\u00eate particuli\u00e8re qui se c\u00e9l\u00e9brait la veille en l\u2019honneur de Saint-Valentin, reconnu comme \u00e9tant le protecteur des couples.<\/strong><\/p>\n<p><strong>Les amoureux roucoulent<\/strong><\/p>\n<p><strong>Une autre origine de la Saint-Valentin remonte au Moyen-\u00c2ge: \u00e0 cette \u00e9poque une croyance se r\u00e9pandit en France et en Angleterre selon laquelle la saison des amours chez les oiseaux d\u00e9butait le 14 f\u00e9vrier. Prenant exemple sur eux, les hommes trouv\u00e8rent ce jour propice \u00e0 la d\u00e9claration amoureuse. Depuis, \u00e0 la Saint-Valentin, chaque Valentin cherche sa Valentine !<\/strong><\/p>\n","protected":false},"excerpt":{"rendered":"<p>SAINT VALENTIN \u00a0 COMMENT SAINT-VALENTIN EST-IL DEVENU LE PROTECTEUR DES COUPLES? Au III\u00e8me si\u00e8cle apr\u00e8s J\u00e9sus-Christ, Valentin, d\u2019abord pr\u00eatre romain, vivait sous le r\u00e8gne de l\u2019Empereur Claude II surnomm\u00e9 Claude-le-cruel. Il jouissait d\u2019une haute r\u00e9putation de sagesse et la plupart des romains, y compris les&#8230;<\/p>\n","protected":false},"author":2,"featured_media":10744,"comment_status":"open","ping_status":"open","sticky":false,"template":"","format":"standard","meta":{"footnotes":""},"categories":[59,57],"tags":[504,1223,1224,708],"yoast_head":"<!-- This site is optimized with the Yoast SEO plugin v21.9.1 - https:\/\/yoast.com\/wordpress\/plugins\/seo\/ -->\n<title>PORTRAIT DU MOIS : SAINT VALENTIN - Tepaseul<\/title>\n<meta name=\"robots\" content=\"index, follow, max-snippet:-1, max-image-preview:large, max-video-preview:-1\" \/>\n<link rel=\"canonical\" href=\"https:\/\/www.tepaseul-magazine.fr\/accueil\/portrait-du-mois-saint-valentin\/\" \/>\n<meta property=\"og:locale\" content=\"fr_FR\" \/>\n<meta property=\"og:type\" content=\"article\" \/>\n<meta property=\"og:title\" content=\"PORTRAIT DU MOIS : SAINT VALENTIN - Tepaseul\" \/>\n<meta property=\"og:description\" content=\"SAINT VALENTIN \u00a0 COMMENT SAINT-VALENTIN EST-IL DEVENU LE PROTECTEUR DES COUPLES? Au III\u00e8me si\u00e8cle apr\u00e8s J\u00e9sus-Christ, Valentin, d\u2019abord pr\u00eatre romain, vivait sous le r\u00e8gne de l\u2019Empereur Claude II surnomm\u00e9 Claude-le-cruel. Il jouissait d\u2019une haute r\u00e9putation de sagesse et la plupart des romains, y compris les...\" \/>\n<meta property=\"og:url\" content=\"https:\/\/www.tepaseul-magazine.fr\/accueil\/portrait-du-mois-saint-valentin\/\" \/>\n<meta property=\"og:site_name\" content=\"Tepaseul\" \/>\n<meta property=\"article:published_time\" content=\"2016-01-26T10:15:41+00:00\" \/>\n<meta property=\"article:modified_time\" content=\"2016-01-26T10:17:08+00:00\" \/>\n<meta property=\"og:image\" content=\"https:\/\/www.tepaseul-magazine.fr\/wp-content\/uploads\/2015\/09\/IMG_3329.jpg\" \/>\n\t<meta property=\"og:image:width\" content=\"2592\" \/>\n\t<meta property=\"og:image:height\" content=\"1936\" \/>\n\t<meta property=\"og:image:type\" content=\"image\/jpeg\" \/>\n<meta name=\"author\" content=\"Chantal Rolland\" \/>\n<script type=\"application\/ld+json\" class=\"yoast-schema-graph\">{\"@context\":\"https:\/\/schema.org\",\"@graph\":[{\"@type\":\"Article\",\"@id\":\"https:\/\/www.tepaseul-magazine.fr\/accueil\/portrait-du-mois-saint-valentin\/#article\",\"isPartOf\":{\"@id\":\"https:\/\/www.tepaseul-magazine.fr\/accueil\/portrait-du-mois-saint-valentin\/\"},\"author\":{\"name\":\"Chantal Rolland\",\"@id\":\"https:\/\/www.tepaseul-magazine.fr\/accueil\/#\/schema\/person\/dd3827dc04f692ff480da4bac4545eeb\"},\"headline\":\"PORTRAIT DU MOIS : SAINT VALENTIN\",\"datePublished\":\"2016-01-26T10:15:41+00:00\",\"dateModified\":\"2016-01-26T10:17:08+00:00\",\"mainEntityOfPage\":{\"@id\":\"https:\/\/www.tepaseul-magazine.fr\/accueil\/portrait-du-mois-saint-valentin\/\"},\"wordCount\":569,\"commentCount\":0,\"publisher\":{\"@id\":\"https:\/\/www.tepaseul-magazine.fr\/accueil\/#organization\"},\"keywords\":[\"amour\",\"Moyen Age\",\"Rome\",\"saint valentin\"],\"articleSection\":[\"L\u2019\u00e9v\u00e9nement du mois\",\"Portraits du mois\"],\"inLanguage\":\"fr-FR\",\"potentialAction\":[{\"@type\":\"CommentAction\",\"name\":\"Comment\",\"target\":[\"https:\/\/www.tepaseul-magazine.fr\/accueil\/portrait-du-mois-saint-valentin\/#respond\"]}]},{\"@type\":\"WebPage\",\"@id\":\"https:\/\/www.tepaseul-magazine.fr\/accueil\/portrait-du-mois-saint-valentin\/\",\"url\":\"https:\/\/www.tepaseul-magazine.fr\/accueil\/portrait-du-mois-saint-valentin\/\",\"name\":\"PORTRAIT DU MOIS : SAINT VALENTIN - Tepaseul\",\"isPartOf\":{\"@id\":\"https:\/\/www.tepaseul-magazine.fr\/accueil\/#website\"},\"datePublished\":\"2016-01-26T10:15:41+00:00\",\"dateModified\":\"2016-01-26T10:17:08+00:00\",\"breadcrumb\":{\"@id\":\"https:\/\/www.tepaseul-magazine.fr\/accueil\/portrait-du-mois-saint-valentin\/#breadcrumb\"},\"inLanguage\":\"fr-FR\",\"potentialAction\":[{\"@type\":\"ReadAction\",\"target\":[\"https:\/\/www.tepaseul-magazine.fr\/accueil\/portrait-du-mois-saint-valentin\/\"]}]},{\"@type\":\"BreadcrumbList\",\"@id\":\"https:\/\/www.tepaseul-magazine.fr\/accueil\/portrait-du-mois-saint-valentin\/#breadcrumb\",\"itemListElement\":[{\"@type\":\"ListItem\",\"position\":1,\"name\":\"Home\",\"item\":\"https:\/\/www.tepaseul-magazine.fr\/accueil\/\"},{\"@type\":\"ListItem\",\"position\":2,\"name\":\"PORTRAIT DU MOIS : SAINT VALENTIN\"}]},{\"@type\":\"WebSite\",\"@id\":\"https:\/\/www.tepaseul-magazine.fr\/accueil\/#website\",\"url\":\"https:\/\/www.tepaseul-magazine.fr\/accueil\/\",\"name\":\"Tepaseul\",\"description\":\"Le Magazine des solibattants\",\"publisher\":{\"@id\":\"https:\/\/www.tepaseul-magazine.fr\/accueil\/#organization\"},\"potentialAction\":[{\"@type\":\"SearchAction\",\"target\":{\"@type\":\"EntryPoint\",\"urlTemplate\":\"https:\/\/www.tepaseul-magazine.fr\/accueil\/?s={search_term_string}\"},\"query-input\":\"required name=search_term_string\"}],\"inLanguage\":\"fr-FR\"},{\"@type\":\"Organization\",\"@id\":\"https:\/\/www.tepaseul-magazine.fr\/accueil\/#organization\",\"name\":\"Tepaseul\",\"url\":\"https:\/\/www.tepaseul-magazine.fr\/accueil\/\",\"logo\":{\"@type\":\"ImageObject\",\"inLanguage\":\"fr-FR\",\"@id\":\"https:\/\/www.tepaseul-magazine.fr\/accueil\/#\/schema\/logo\/image\/\",\"url\":\"https:\/\/www.tepaseul-magazine.fr\/wp-content\/uploads\/2014\/12\/logo_doublev2-noir.png\",\"contentUrl\":\"https:\/\/www.tepaseul-magazine.fr\/wp-content\/uploads\/2014\/12\/logo_doublev2-noir.png\",\"width\":205,\"height\":51,\"caption\":\"Tepaseul\"},\"image\":{\"@id\":\"https:\/\/www.tepaseul-magazine.fr\/accueil\/#\/schema\/logo\/image\/\"}},{\"@type\":\"Person\",\"@id\":\"https:\/\/www.tepaseul-magazine.fr\/accueil\/#\/schema\/person\/dd3827dc04f692ff480da4bac4545eeb\",\"name\":\"Chantal Rolland\",\"image\":{\"@type\":\"ImageObject\",\"inLanguage\":\"fr-FR\",\"@id\":\"https:\/\/www.tepaseul-magazine.fr\/accueil\/#\/schema\/person\/image\/\",\"url\":\"https:\/\/secure.gravatar.com\/avatar\/a67dbe83e155eb41b8bc6c41ebcc8564?s=96&d=mm&r=g\",\"contentUrl\":\"https:\/\/secure.gravatar.com\/avatar\/a67dbe83e155eb41b8bc6c41ebcc8564?s=96&d=mm&r=g\",\"caption\":\"Chantal Rolland\"},\"url\":\"https:\/\/www.tepaseul-magazine.fr\/accueil\/author\/chantal-rolland\/\"}]}<\/script>\n<!-- \/ Yoast SEO plugin. -->","yoast_head_json":{"title":"PORTRAIT DU MOIS : SAINT VALENTIN - Tepaseul","robots":{"index":"index","follow":"follow","max-snippet":"max-snippet:-1","max-image-preview":"max-image-preview:large","max-video-preview":"max-video-preview:-1"},"canonical":"https:\/\/www.tepaseul-magazine.fr\/accueil\/portrait-du-mois-saint-valentin\/","og_locale":"fr_FR","og_type":"article","og_title":"PORTRAIT DU MOIS : SAINT VALENTIN - Tepaseul","og_description":"SAINT VALENTIN \u00a0 COMMENT SAINT-VALENTIN EST-IL DEVENU LE PROTECTEUR DES COUPLES? Au III\u00e8me si\u00e8cle apr\u00e8s J\u00e9sus-Christ, Valentin, d\u2019abord pr\u00eatre romain, vivait sous le r\u00e8gne de l\u2019Empereur Claude II surnomm\u00e9 Claude-le-cruel. Il jouissait d\u2019une haute r\u00e9putation de sagesse et la plupart des romains, y compris les...","og_url":"https:\/\/www.tepaseul-magazine.fr\/accueil\/portrait-du-mois-saint-valentin\/","og_site_name":"Tepaseul","article_published_time":"2016-01-26T10:15:41+00:00","article_modified_time":"2016-01-26T10:17:08+00:00","og_image":[{"width":2592,"height":1936,"url":"https:\/\/www.tepaseul-magazine.fr\/wp-content\/uploads\/2015\/09\/IMG_3329.jpg","type":"image\/jpeg"}],"author":"Chantal Rolland","schema":{"@context":"https:\/\/schema.org","@graph":[{"@type":"Article","@id":"https:\/\/www.tepaseul-magazine.fr\/accueil\/portrait-du-mois-saint-valentin\/#article","isPartOf":{"@id":"https:\/\/www.tepaseul-magazine.fr\/accueil\/portrait-du-mois-saint-valentin\/"},"author":{"name":"Chantal Rolland","@id":"https:\/\/www.tepaseul-magazine.fr\/accueil\/#\/schema\/person\/dd3827dc04f692ff480da4bac4545eeb"},"headline":"PORTRAIT DU MOIS : SAINT VALENTIN","datePublished":"2016-01-26T10:15:41+00:00","dateModified":"2016-01-26T10:17:08+00:00","mainEntityOfPage":{"@id":"https:\/\/www.tepaseul-magazine.fr\/accueil\/portrait-du-mois-saint-valentin\/"},"wordCount":569,"commentCount":0,"publisher":{"@id":"https:\/\/www.tepaseul-magazine.fr\/accueil\/#organization"},"keywords":["amour","Moyen Age","Rome","saint valentin"],"articleSection":["L\u2019\u00e9v\u00e9nement du mois","Portraits du mois"],"inLanguage":"fr-FR","potentialAction":[{"@type":"CommentAction","name":"Comment","target":["https:\/\/www.tepaseul-magazine.fr\/accueil\/portrait-du-mois-saint-valentin\/#respond"]}]},{"@type":"WebPage","@id":"https:\/\/www.tepaseul-magazine.fr\/accueil\/portrait-du-mois-saint-valentin\/","url":"https:\/\/www.tepaseul-magazine.fr\/accueil\/portrait-du-mois-saint-valentin\/","name":"PORTRAIT DU MOIS : SAINT VALENTIN - Tepaseul","isPartOf":{"@id":"https:\/\/www.tepaseul-magazine.fr\/accueil\/#website"},"datePublished":"2016-01-26T10:15:41+00:00","dateModified":"2016-01-26T10:17:08+00:00","breadcrumb":{"@id":"https:\/\/www.tepaseul-magazine.fr\/accueil\/portrait-du-mois-saint-valentin\/#breadcrumb"},"inLanguage":"fr-FR","potentialAction":[{"@type":"ReadAction","target":["https:\/\/www.tepaseul-magazine.fr\/accueil\/portrait-du-mois-saint-valentin\/"]}]},{"@type":"BreadcrumbList","@id":"https:\/\/www.tepaseul-magazine.fr\/accueil\/portrait-du-mois-saint-valentin\/#breadcrumb","itemListElement":[{"@type":"ListItem","position":1,"name":"Home","item":"https:\/\/www.tepaseul-magazine.fr\/accueil\/"},{"@type":"ListItem","position":2,"name":"PORTRAIT DU MOIS : SAINT VALENTIN"}]},{"@type":"WebSite","@id":"https:\/\/www.tepaseul-magazine.fr\/accueil\/#website","url":"https:\/\/www.tepaseul-magazine.fr\/accueil\/","name":"Tepaseul","description":"Le Magazine des solibattants","publisher":{"@id":"https:\/\/www.tepaseul-magazine.fr\/accueil\/#organization"},"potentialAction":[{"@type":"SearchAction","target":{"@type":"EntryPoint","urlTemplate":"https:\/\/www.tepaseul-magazine.fr\/accueil\/?s={search_term_string}"},"query-input":"required name=search_term_string"}],"inLanguage":"fr-FR"},{"@type":"Organization","@id":"https:\/\/www.tepaseul-magazine.fr\/accueil\/#organization","name":"Tepaseul","url":"https:\/\/www.tepaseul-magazine.fr\/accueil\/","logo":{"@type":"ImageObject","inLanguage":"fr-FR","@id":"https:\/\/www.tepaseul-magazine.fr\/accueil\/#\/schema\/logo\/image\/","url":"https:\/\/www.tepaseul-magazine.fr\/wp-content\/uploads\/2014\/12\/logo_doublev2-noir.png","contentUrl":"https:\/\/www.tepaseul-magazine.fr\/wp-content\/uploads\/2014\/12\/logo_doublev2-noir.png","width":205,"height":51,"caption":"Tepaseul"},"image":{"@id":"https:\/\/www.tepaseul-magazine.fr\/accueil\/#\/schema\/logo\/image\/"}},{"@type":"Person","@id":"https:\/\/www.tepaseul-magazine.fr\/accueil\/#\/schema\/person\/dd3827dc04f692ff480da4bac4545eeb","name":"Chantal Rolland","image":{"@type":"ImageObject","inLanguage":"fr-FR","@id":"https:\/\/www.tepaseul-magazine.fr\/accueil\/#\/schema\/person\/image\/","url":"https:\/\/secure.gravatar.com\/avatar\/a67dbe83e155eb41b8bc6c41ebcc8564?s=96&d=mm&r=g","contentUrl":"https:\/\/secure.gravatar.com\/avatar\/a67dbe83e155eb41b8bc6c41ebcc8564?s=96&d=mm&r=g","caption":"Chantal Rolland"},"url":"https:\/\/www.tepaseul-magazine.fr\/accueil\/author\/chantal-rolland\/"}]}},"_links":{"self":[{"href":"https:\/\/www.tepaseul-magazine.fr\/accueil\/wp-json\/wp\/v2\/posts\/11145"}],"collection":[{"href":"https:\/\/www.tepaseul-magazine.fr\/accueil\/wp-json\/wp\/v2\/posts"}],"about":[{"href":"https:\/\/www.tepaseul-magazine.fr\/accueil\/wp-json\/wp\/v2\/types\/post"}],"author":[{"embeddable":true,"href":"https:\/\/www.tepaseul-magazine.fr\/accueil\/wp-json\/wp\/v2\/users\/2"}],"replies":[{"embeddable":true,"href":"https:\/\/www.tepaseul-magazine.fr\/accueil\/wp-json\/wp\/v2\/comments?post=11145"}],"version-history":[{"count":1,"href":"https:\/\/www.tepaseul-magazine.fr\/accueil\/wp-json\/wp\/v2\/posts\/11145\/revisions"}],"predecessor-version":[{"id":11146,"href":"https:\/\/www.tepaseul-magazine.fr\/accueil\/wp-json\/wp\/v2\/posts\/11145\/revisions\/11146"}],"wp:featuredmedia":[{"embeddable":true,"href":"https:\/\/www.tepaseul-magazine.fr\/accueil\/wp-json\/wp\/v2\/media\/10744"}],"wp:attachment":[{"href":"https:\/\/www.tepaseul-magazine.fr\/accueil\/wp-json\/wp\/v2\/media?parent=11145"}],"wp:term":[{"taxonomy":"category","embeddable":true,"href":"https:\/\/www.tepaseul-magazine.fr\/accueil\/wp-json\/wp\/v2\/categories?post=11145"},{"taxonomy":"post_tag","embeddable":true,"href":"https:\/\/www.tepaseul-magazine.fr\/accueil\/wp-json\/wp\/v2\/tags?post=11145"}],"curies":[{"name":"wp","href":"https:\/\/api.w.org\/{rel}","templated":true}]}}