{"id":11406,"date":"2016-05-24T10:12:00","date_gmt":"2016-05-24T09:12:00","guid":{"rendered":"http:\/\/www.tepaseul-magazine.fr\/?p=11406"},"modified":"2016-05-24T10:12:00","modified_gmt":"2016-05-24T09:12:00","slug":"fete-de-musique","status":"publish","type":"post","link":"https:\/\/www.tepaseul-magazine.fr\/accueil\/fete-de-musique\/","title":{"rendered":"LA FETE DE LA MUSIQUE"},"content":{"rendered":"<div class=\"page\" title=\"Page 1\">\n<div class=\"section\">\n<div class=\"layoutArea\">\n<div class=\"column\">\n<p><strong>La 35e\u0300me e\u0301dition de la Fe\u0302te de la Musique se de\u0301roulera sur le the\u0300me \u00ab La musique plus forte que &#8230; \u00bb<\/strong><\/p>\n<p>La Fe\u0302te de la Musique ce\u0301le\u0300bre en 2016 son 35e\u0300me anniversaire. La the\u0301matique retenue cette anne\u0301e vient rappeler que \u00ab la musique est plus forte que&#8230; \u00bb tout ce qui pourrait nous diviser.<\/p>\n<p>Ce sont tous les styles de musique, sans distinction ou hie\u0301rarchie, qui sont mis a\u0300 l\u2019honneur. Le jazz re\u0301sonne avec le rock ou le rap, la musique classique avec la varie\u0301te\u0301, les musiques traditionnelles avec la musique pop, les formations acoustiques avec les groupes amplifie\u0301s pour former la plus joyeuse bande son de l\u2019anne\u0301e, partage\u0301e dans les villes et les campagnes et sur tous les continents.<\/p>\n<p>Cette anne\u0301e, le 21 juin 2016 sera comme toujours le point d\u2019orgue de cette ce\u0301le\u0301bration. La France est sur ce plan exemplaire avec plus de 6 millions de pratiquants re\u0301guliers d\u2019une activite\u0301 musicale en amateur. De nombreuses manifestions se de\u0301rouleront aussi, compte tenu de l\u2019Euro 2016, quelques jours avant et apre\u0300s le 21 juin, conduisant a\u0300 ce\u0301le\u0301brer une ve\u0301ritable semaine de la Fe\u0302te de la Musique du samedi 18 au samedi 25 juin.<\/p>\n<p>Renouant avec la commande artistique de\u0301ja\u0300 mise en \u0153uvre pour la manifestation en 1996 avec Robert Combas et en 1997 avec Herve\u0301 Di Rosa, Audrey Azoulay a confie\u0301 la cre\u0301ation de l\u2019affiche de cette 35e\u0300me e\u0301dition a\u0300 un artiste, Combo, qui s\u2019approprie et de\u0301tourne les symboles de la pop culture et cre\u0301e une \u0153uvre accessible a\u0300 tous. Les cre\u0301ations de cet artiste engage\u0301, comme sa Ve\u0301nus de Clichy ou Coexist, fresque compose\u0301e des symboles des trois religions monothe\u0301istes, forment un ve\u0301ritable manifeste pour la paix et la tole\u0301rance.<\/p>\n<p>La programmation artistique du ministe\u0300re de la Culture et de la Communication au Palais Royal se de\u0301roulera du dimanche 19 au vendredi 24 juin. Elle sera annonce\u0301e de\u0301but juin. Toutes les informations sur la Fe\u0302te de la Musique et la programmation sont accessibles sur : <strong>http:\/\/fetedelamusique.culturecommunication.gouv.fr<\/strong><\/p>\n<\/div>\n<\/div>\n<\/div>\n<\/div>\n","protected":false},"excerpt":{"rendered":"<p>La 35e\u0300me e\u0301dition de la Fe\u0302te de la Musique se de\u0301roulera sur le the\u0300me \u00ab La musique plus forte que &#8230; \u00bb La Fe\u0302te de la Musique ce\u0301le\u0300bre en 2016 son 35e\u0300me anniversaire. La the\u0301matique retenue cette anne\u0301e vient rappeler que \u00ab la musique est&#8230;<\/p>\n","protected":false},"author":2,"featured_media":11408,"comment_status":"open","ping_status":"open","sticky":false,"template":"","format":"standard","meta":{"footnotes":""},"categories":[70,68],"tags":[1418,1045,1415,1416,1417,1283,1419],"yoast_head":"<!-- This site is optimized with the Yoast SEO plugin v21.9.1 - https:\/\/yoast.com\/wordpress\/plugins\/seo\/ -->\n<title>LA FETE DE LA MUSIQUE - Tepaseul<\/title>\n<meta name=\"robots\" content=\"index, follow, max-snippet:-1, max-image-preview:large, max-video-preview:-1\" \/>\n<link rel=\"canonical\" href=\"https:\/\/www.tepaseul-magazine.fr\/accueil\/fete-de-musique\/\" \/>\n<meta property=\"og:locale\" content=\"fr_FR\" \/>\n<meta property=\"og:type\" content=\"article\" \/>\n<meta property=\"og:title\" content=\"LA FETE DE LA MUSIQUE - Tepaseul\" \/>\n<meta property=\"og:description\" content=\"La 35e\u0300me e\u0301dition de la Fe\u0302te de la Musique se de\u0301roulera sur le the\u0300me \u00ab La musique plus forte que &#8230; \u00bb La Fe\u0302te de la Musique ce\u0301le\u0300bre en 2016 son 35e\u0300me anniversaire. La the\u0301matique retenue cette anne\u0301e vient rappeler que \u00ab la musique est...\" \/>\n<meta property=\"og:url\" content=\"https:\/\/www.tepaseul-magazine.fr\/accueil\/fete-de-musique\/\" \/>\n<meta property=\"og:site_name\" content=\"Tepaseul\" \/>\n<meta property=\"article:published_time\" content=\"2016-05-24T09:12:00+00:00\" \/>\n<meta property=\"og:image\" content=\"https:\/\/www.tepaseul-magazine.fr\/wp-content\/uploads\/2016\/05\/Affiche-FDLM-2016.jpg\" \/>\n\t<meta property=\"og:image:width\" content=\"1240\" \/>\n\t<meta property=\"og:image:height\" content=\"1754\" \/>\n\t<meta property=\"og:image:type\" content=\"image\/jpeg\" \/>\n<meta name=\"author\" content=\"Chantal Rolland\" \/>\n<script type=\"application\/ld+json\" class=\"yoast-schema-graph\">{\"@context\":\"https:\/\/schema.org\",\"@graph\":[{\"@type\":\"Article\",\"@id\":\"https:\/\/www.tepaseul-magazine.fr\/accueil\/fete-de-musique\/#article\",\"isPartOf\":{\"@id\":\"https:\/\/www.tepaseul-magazine.fr\/accueil\/fete-de-musique\/\"},\"author\":{\"name\":\"Chantal Rolland\",\"@id\":\"https:\/\/www.tepaseul-magazine.fr\/accueil\/#\/schema\/person\/dd3827dc04f692ff480da4bac4545eeb\"},\"headline\":\"LA FETE DE LA MUSIQUE\",\"datePublished\":\"2016-05-24T09:12:00+00:00\",\"dateModified\":\"2016-05-24T09:12:00+00:00\",\"mainEntityOfPage\":{\"@id\":\"https:\/\/www.tepaseul-magazine.fr\/accueil\/fete-de-musique\/\"},\"wordCount\":370,\"commentCount\":0,\"publisher\":{\"@id\":\"https:\/\/www.tepaseul-magazine.fr\/accueil\/#organization\"},\"keywords\":[\"classique\",\"culture\",\"F\u00eate de la musique\",\"jazz\",\"rap\",\"rock\",\"vari\u00e9t\u00e9 etc..\"],\"articleSection\":[\"Sorties\/spectacles\",\"Tourisme\/sorties-spectacles\"],\"inLanguage\":\"fr-FR\",\"potentialAction\":[{\"@type\":\"CommentAction\",\"name\":\"Comment\",\"target\":[\"https:\/\/www.tepaseul-magazine.fr\/accueil\/fete-de-musique\/#respond\"]}]},{\"@type\":\"WebPage\",\"@id\":\"https:\/\/www.tepaseul-magazine.fr\/accueil\/fete-de-musique\/\",\"url\":\"https:\/\/www.tepaseul-magazine.fr\/accueil\/fete-de-musique\/\",\"name\":\"LA FETE DE LA MUSIQUE - Tepaseul\",\"isPartOf\":{\"@id\":\"https:\/\/www.tepaseul-magazine.fr\/accueil\/#website\"},\"datePublished\":\"2016-05-24T09:12:00+00:00\",\"dateModified\":\"2016-05-24T09:12:00+00:00\",\"breadcrumb\":{\"@id\":\"https:\/\/www.tepaseul-magazine.fr\/accueil\/fete-de-musique\/#breadcrumb\"},\"inLanguage\":\"fr-FR\",\"potentialAction\":[{\"@type\":\"ReadAction\",\"target\":[\"https:\/\/www.tepaseul-magazine.fr\/accueil\/fete-de-musique\/\"]}]},{\"@type\":\"BreadcrumbList\",\"@id\":\"https:\/\/www.tepaseul-magazine.fr\/accueil\/fete-de-musique\/#breadcrumb\",\"itemListElement\":[{\"@type\":\"ListItem\",\"position\":1,\"name\":\"Home\",\"item\":\"https:\/\/www.tepaseul-magazine.fr\/accueil\/\"},{\"@type\":\"ListItem\",\"position\":2,\"name\":\"LA FETE DE LA MUSIQUE\"}]},{\"@type\":\"WebSite\",\"@id\":\"https:\/\/www.tepaseul-magazine.fr\/accueil\/#website\",\"url\":\"https:\/\/www.tepaseul-magazine.fr\/accueil\/\",\"name\":\"Tepaseul\",\"description\":\"Le Magazine des solibattants\",\"publisher\":{\"@id\":\"https:\/\/www.tepaseul-magazine.fr\/accueil\/#organization\"},\"potentialAction\":[{\"@type\":\"SearchAction\",\"target\":{\"@type\":\"EntryPoint\",\"urlTemplate\":\"https:\/\/www.tepaseul-magazine.fr\/accueil\/?s={search_term_string}\"},\"query-input\":\"required name=search_term_string\"}],\"inLanguage\":\"fr-FR\"},{\"@type\":\"Organization\",\"@id\":\"https:\/\/www.tepaseul-magazine.fr\/accueil\/#organization\",\"name\":\"Tepaseul\",\"url\":\"https:\/\/www.tepaseul-magazine.fr\/accueil\/\",\"logo\":{\"@type\":\"ImageObject\",\"inLanguage\":\"fr-FR\",\"@id\":\"https:\/\/www.tepaseul-magazine.fr\/accueil\/#\/schema\/logo\/image\/\",\"url\":\"https:\/\/www.tepaseul-magazine.fr\/wp-content\/uploads\/2014\/12\/logo_doublev2-noir.png\",\"contentUrl\":\"https:\/\/www.tepaseul-magazine.fr\/wp-content\/uploads\/2014\/12\/logo_doublev2-noir.png\",\"width\":205,\"height\":51,\"caption\":\"Tepaseul\"},\"image\":{\"@id\":\"https:\/\/www.tepaseul-magazine.fr\/accueil\/#\/schema\/logo\/image\/\"}},{\"@type\":\"Person\",\"@id\":\"https:\/\/www.tepaseul-magazine.fr\/accueil\/#\/schema\/person\/dd3827dc04f692ff480da4bac4545eeb\",\"name\":\"Chantal Rolland\",\"image\":{\"@type\":\"ImageObject\",\"inLanguage\":\"fr-FR\",\"@id\":\"https:\/\/www.tepaseul-magazine.fr\/accueil\/#\/schema\/person\/image\/\",\"url\":\"https:\/\/secure.gravatar.com\/avatar\/a67dbe83e155eb41b8bc6c41ebcc8564?s=96&d=mm&r=g\",\"contentUrl\":\"https:\/\/secure.gravatar.com\/avatar\/a67dbe83e155eb41b8bc6c41ebcc8564?s=96&d=mm&r=g\",\"caption\":\"Chantal Rolland\"},\"url\":\"https:\/\/www.tepaseul-magazine.fr\/accueil\/author\/chantal-rolland\/\"}]}<\/script>\n<!-- \/ Yoast SEO plugin. -->","yoast_head_json":{"title":"LA FETE DE LA MUSIQUE - Tepaseul","robots":{"index":"index","follow":"follow","max-snippet":"max-snippet:-1","max-image-preview":"max-image-preview:large","max-video-preview":"max-video-preview:-1"},"canonical":"https:\/\/www.tepaseul-magazine.fr\/accueil\/fete-de-musique\/","og_locale":"fr_FR","og_type":"article","og_title":"LA FETE DE LA MUSIQUE - Tepaseul","og_description":"La 35e\u0300me e\u0301dition de la Fe\u0302te de la Musique se de\u0301roulera sur le the\u0300me \u00ab La musique plus forte que &#8230; \u00bb La Fe\u0302te de la Musique ce\u0301le\u0300bre en 2016 son 35e\u0300me anniversaire. La the\u0301matique retenue cette anne\u0301e vient rappeler que \u00ab la musique est...","og_url":"https:\/\/www.tepaseul-magazine.fr\/accueil\/fete-de-musique\/","og_site_name":"Tepaseul","article_published_time":"2016-05-24T09:12:00+00:00","og_image":[{"width":1240,"height":1754,"url":"https:\/\/www.tepaseul-magazine.fr\/wp-content\/uploads\/2016\/05\/Affiche-FDLM-2016.jpg","type":"image\/jpeg"}],"author":"Chantal Rolland","schema":{"@context":"https:\/\/schema.org","@graph":[{"@type":"Article","@id":"https:\/\/www.tepaseul-magazine.fr\/accueil\/fete-de-musique\/#article","isPartOf":{"@id":"https:\/\/www.tepaseul-magazine.fr\/accueil\/fete-de-musique\/"},"author":{"name":"Chantal Rolland","@id":"https:\/\/www.tepaseul-magazine.fr\/accueil\/#\/schema\/person\/dd3827dc04f692ff480da4bac4545eeb"},"headline":"LA FETE DE LA MUSIQUE","datePublished":"2016-05-24T09:12:00+00:00","dateModified":"2016-05-24T09:12:00+00:00","mainEntityOfPage":{"@id":"https:\/\/www.tepaseul-magazine.fr\/accueil\/fete-de-musique\/"},"wordCount":370,"commentCount":0,"publisher":{"@id":"https:\/\/www.tepaseul-magazine.fr\/accueil\/#organization"},"keywords":["classique","culture","F\u00eate de la musique","jazz","rap","rock","vari\u00e9t\u00e9 etc.."],"articleSection":["Sorties\/spectacles","Tourisme\/sorties-spectacles"],"inLanguage":"fr-FR","potentialAction":[{"@type":"CommentAction","name":"Comment","target":["https:\/\/www.tepaseul-magazine.fr\/accueil\/fete-de-musique\/#respond"]}]},{"@type":"WebPage","@id":"https:\/\/www.tepaseul-magazine.fr\/accueil\/fete-de-musique\/","url":"https:\/\/www.tepaseul-magazine.fr\/accueil\/fete-de-musique\/","name":"LA FETE DE LA MUSIQUE - Tepaseul","isPartOf":{"@id":"https:\/\/www.tepaseul-magazine.fr\/accueil\/#website"},"datePublished":"2016-05-24T09:12:00+00:00","dateModified":"2016-05-24T09:12:00+00:00","breadcrumb":{"@id":"https:\/\/www.tepaseul-magazine.fr\/accueil\/fete-de-musique\/#breadcrumb"},"inLanguage":"fr-FR","potentialAction":[{"@type":"ReadAction","target":["https:\/\/www.tepaseul-magazine.fr\/accueil\/fete-de-musique\/"]}]},{"@type":"BreadcrumbList","@id":"https:\/\/www.tepaseul-magazine.fr\/accueil\/fete-de-musique\/#breadcrumb","itemListElement":[{"@type":"ListItem","position":1,"name":"Home","item":"https:\/\/www.tepaseul-magazine.fr\/accueil\/"},{"@type":"ListItem","position":2,"name":"LA FETE DE LA MUSIQUE"}]},{"@type":"WebSite","@id":"https:\/\/www.tepaseul-magazine.fr\/accueil\/#website","url":"https:\/\/www.tepaseul-magazine.fr\/accueil\/","name":"Tepaseul","description":"Le Magazine des solibattants","publisher":{"@id":"https:\/\/www.tepaseul-magazine.fr\/accueil\/#organization"},"potentialAction":[{"@type":"SearchAction","target":{"@type":"EntryPoint","urlTemplate":"https:\/\/www.tepaseul-magazine.fr\/accueil\/?s={search_term_string}"},"query-input":"required name=search_term_string"}],"inLanguage":"fr-FR"},{"@type":"Organization","@id":"https:\/\/www.tepaseul-magazine.fr\/accueil\/#organization","name":"Tepaseul","url":"https:\/\/www.tepaseul-magazine.fr\/accueil\/","logo":{"@type":"ImageObject","inLanguage":"fr-FR","@id":"https:\/\/www.tepaseul-magazine.fr\/accueil\/#\/schema\/logo\/image\/","url":"https:\/\/www.tepaseul-magazine.fr\/wp-content\/uploads\/2014\/12\/logo_doublev2-noir.png","contentUrl":"https:\/\/www.tepaseul-magazine.fr\/wp-content\/uploads\/2014\/12\/logo_doublev2-noir.png","width":205,"height":51,"caption":"Tepaseul"},"image":{"@id":"https:\/\/www.tepaseul-magazine.fr\/accueil\/#\/schema\/logo\/image\/"}},{"@type":"Person","@id":"https:\/\/www.tepaseul-magazine.fr\/accueil\/#\/schema\/person\/dd3827dc04f692ff480da4bac4545eeb","name":"Chantal Rolland","image":{"@type":"ImageObject","inLanguage":"fr-FR","@id":"https:\/\/www.tepaseul-magazine.fr\/accueil\/#\/schema\/person\/image\/","url":"https:\/\/secure.gravatar.com\/avatar\/a67dbe83e155eb41b8bc6c41ebcc8564?s=96&d=mm&r=g","contentUrl":"https:\/\/secure.gravatar.com\/avatar\/a67dbe83e155eb41b8bc6c41ebcc8564?s=96&d=mm&r=g","caption":"Chantal Rolland"},"url":"https:\/\/www.tepaseul-magazine.fr\/accueil\/author\/chantal-rolland\/"}]}},"_links":{"self":[{"href":"https:\/\/www.tepaseul-magazine.fr\/accueil\/wp-json\/wp\/v2\/posts\/11406"}],"collection":[{"href":"https:\/\/www.tepaseul-magazine.fr\/accueil\/wp-json\/wp\/v2\/posts"}],"about":[{"href":"https:\/\/www.tepaseul-magazine.fr\/accueil\/wp-json\/wp\/v2\/types\/post"}],"author":[{"embeddable":true,"href":"https:\/\/www.tepaseul-magazine.fr\/accueil\/wp-json\/wp\/v2\/users\/2"}],"replies":[{"embeddable":true,"href":"https:\/\/www.tepaseul-magazine.fr\/accueil\/wp-json\/wp\/v2\/comments?post=11406"}],"version-history":[{"count":1,"href":"https:\/\/www.tepaseul-magazine.fr\/accueil\/wp-json\/wp\/v2\/posts\/11406\/revisions"}],"predecessor-version":[{"id":11409,"href":"https:\/\/www.tepaseul-magazine.fr\/accueil\/wp-json\/wp\/v2\/posts\/11406\/revisions\/11409"}],"wp:featuredmedia":[{"embeddable":true,"href":"https:\/\/www.tepaseul-magazine.fr\/accueil\/wp-json\/wp\/v2\/media\/11408"}],"wp:attachment":[{"href":"https:\/\/www.tepaseul-magazine.fr\/accueil\/wp-json\/wp\/v2\/media?parent=11406"}],"wp:term":[{"taxonomy":"category","embeddable":true,"href":"https:\/\/www.tepaseul-magazine.fr\/accueil\/wp-json\/wp\/v2\/categories?post=11406"},{"taxonomy":"post_tag","embeddable":true,"href":"https:\/\/www.tepaseul-magazine.fr\/accueil\/wp-json\/wp\/v2\/tags?post=11406"}],"curies":[{"name":"wp","href":"https:\/\/api.w.org\/{rel}","templated":true}]}}