{"id":11419,"date":"2016-05-24T15:18:15","date_gmt":"2016-05-24T14:18:15","guid":{"rendered":"http:\/\/www.tepaseul-magazine.fr\/?p=11419"},"modified":"2016-07-06T16:31:23","modified_gmt":"2016-07-06T15:31:23","slug":"fete-meres-fete-peres-2","status":"publish","type":"post","link":"https:\/\/www.tepaseul-magazine.fr\/accueil\/fete-meres-fete-peres-2\/","title":{"rendered":"FETE DES MERES ET FETE DES PERES"},"content":{"rendered":"<p><a href=\"http:\/\/www.tepaseul-magazine.fr\/wp-content\/uploads\/2016\/05\/17-wide-1.jpg\"><img loading=\"lazy\" decoding=\"async\" class=\"aligncenter size-medium wp-image-11443\" src=\"http:\/\/www.tepaseul-magazine.fr\/wp-content\/uploads\/2016\/05\/17-wide-1-300x117.jpg\" alt=\"17-wide\" width=\"300\" height=\"117\" srcset=\"https:\/\/www.tepaseul-magazine.fr\/wp-content\/uploads\/2016\/05\/17-wide-1-300x117.jpg 300w, https:\/\/www.tepaseul-magazine.fr\/wp-content\/uploads\/2016\/05\/17-wide-1-768x299.jpg 768w, https:\/\/www.tepaseul-magazine.fr\/wp-content\/uploads\/2016\/05\/17-wide-1.jpg 900w\" sizes=\"(max-width: 300px) 100vw, 300px\" \/><\/a><\/p>\n<p><strong><a href=\"http:\/\/www.tepaseul-magazine.fr\/wp-content\/uploads\/2016\/05\/nd-1.37995.jpg\"><img loading=\"lazy\" decoding=\"async\" class=\"alignleft size-medium wp-image-11445\" src=\"http:\/\/www.tepaseul-magazine.fr\/wp-content\/uploads\/2016\/05\/nd-1.37995-253x300.jpg\" alt=\"nd-1.37995\" width=\"253\" height=\"300\" srcset=\"https:\/\/www.tepaseul-magazine.fr\/wp-content\/uploads\/2016\/05\/nd-1.37995-253x300.jpg 253w, https:\/\/www.tepaseul-magazine.fr\/wp-content\/uploads\/2016\/05\/nd-1.37995.jpg 300w\" sizes=\"(max-width: 253px) 100vw, 253px\" \/><\/a>COFFRETS PARFUMS<a href=\"http:\/\/www.tepaseul-magazine.fr\/wp-content\/uploads\/2016\/05\/osaito-par-mmicallef-1.jpg\"><img loading=\"lazy\" decoding=\"async\" class=\"alignright size-medium wp-image-11444\" src=\"http:\/\/www.tepaseul-magazine.fr\/wp-content\/uploads\/2016\/05\/osaito-par-mmicallef-1-300x300.jpg\" alt=\"osaito-par-mmicallef\" width=\"300\" height=\"300\" srcset=\"https:\/\/www.tepaseul-magazine.fr\/wp-content\/uploads\/2016\/05\/osaito-par-mmicallef-1-300x300.jpg 300w, https:\/\/www.tepaseul-magazine.fr\/wp-content\/uploads\/2016\/05\/osaito-par-mmicallef-1-150x150.jpg 150w, https:\/\/www.tepaseul-magazine.fr\/wp-content\/uploads\/2016\/05\/osaito-par-mmicallef-1.jpg 380w\" sizes=\"(max-width: 300px) 100vw, 300px\" \/><\/a><\/strong><\/p>\n<p><strong>Lancement d\u2019un nouveau parfum masculin\u00a0:<\/strong><\/p>\n<p><strong>\u00a0INSPIRATION: <\/strong>Martine Micallef a imagin\u00e9 le chemin de l\u2019Homme en qu\u00eate de son moi profond.<\/p>\n<p>Dans une collection minimaliste tr\u00e8s ancr\u00e9e dans l\u2019\u00e8re du temps, cet homme parti du continent africain, berceau de l\u2019humanit\u00e9, fut incarn\u00e9 dans la fragrance secr\u00e8te et myst\u00e9rieuse <strong>Akowa<\/strong>. Il foule d\u00e9sormais le continent asiatique guid\u00e9 par le besoin de vivre des exp\u00e9riences personnelles puissamment r\u00e9v\u00e9latrices\u00a0: le chemin de l\u2019existence s\u2019ouvre \u00e0 lui. Se dessine alors la voie de la sagesse qu\u2019il empruntera pour d\u00e9couvrir son v\u00e9ritable moi int\u00e9rieur. A mi-parcours de son voyage spirituel, <strong>OSAITO<\/strong>\u00a0: Une fragrance puissante et lumineuse et dont le nom est emprunt \u00e0 la noblesse japonaise.<\/p>\n<p><strong>OSA\u00cfTO,<\/strong> tout comme Akowa conserve sa part de myst\u00e8re et son ingr\u00e9dient secret. \u00a0<strong>Osa\u00efto<\/strong> d\u00e9voile un d\u00e9part vibrant d\u2019agrumes adouci par la criste marine. S\u2019affirment ensuite des notes aromatiques de myrte soulign\u00e9es par des senteurs \u00e9pic\u00e9es de bois exotiques. Le sillage intense de santal et d\u2019ambre exprime\u00a0: force et charisme<\/p>\n<p>&nbsp;<\/p>\n<p><strong>Force et Spiritualit\u00e9\u00a0<\/strong><\/p>\n<p><strong>NOTES DE TETES : Notes marines, pamplemousse, citron<\/strong><\/p>\n<p><strong>NOTES DE COEUR : Myrte, Immortelle, ingr\u00e9dient secret<\/strong><\/p>\n<p><strong>NOTES DE FOND : Bois de santal, Musc ambr\u00e9, bois exotique<\/strong><\/p>\n<p><strong>\u00a0<\/strong><\/p>\n<p><strong>Grasse, France \u2013 La Maison M. Micallef est aujourd\u2019hui une signature dans le monde de la Parfumerie de niche. R\u00e9put\u00e9e pour ses fragrances \u00e9labor\u00e9es dans la plus pure tradition du luxe \u00e0 la Fran\u00e7aise, et avec pr\u00e8s de 900 points de vente r\u00e9partis dans 60 pays, les Parfums M. Micallef offrent des flacons &#8211; bijoux d\u00e9cor\u00e9s \u00e0 la main aux finitions pr\u00e9cieuses et des jus d\u2019exception con\u00e7us \u00e0 base d\u2019ingr\u00e9dients naturels venus de tous les continents et dont la qualit\u00e9 ne souffre d\u2019aucun compromis.<\/strong><\/p>\n<p><strong>Les Parfums M. Micallef c\u00e9l\u00e8brent en 2016 leur 20\u00e8me anniversaire et ont voulu une ann\u00e9e riche en cr\u00e9ations et en \u00e9v\u00e8nements: des collections nouvelles, des lancements d\u2019exception, des revisites et une tr\u00e8s belle surprise parfum\u00e9e en fin d\u2019ann\u00e9e 2016 ! <\/strong><\/p>\n<p><strong>\u00a0<\/strong><\/p>\n<p><strong>Notre boutique de vente en ligne: <a href=\"http:\/\/www.mmicallef.com\/shop\">www.mmicallef.com\/shop<\/a><\/strong><\/p>\n<p><strong>\u00a0<\/strong><\/p>\n<p><strong>\u00a0<\/strong><\/p>\n<p><strong>\u00a0<\/strong><\/p>\n<p><strong>OLIVIER DURBANO<\/strong><\/p>\n<p><strong>\u00a0<\/strong>Un pendentif et une eau de parfum inspir\u00e9e par la l\u00e9gende et la symbolique du quartz rose.<\/p>\n<p>Pierre fondamentale de l&rsquo;Amour universel et d&rsquo;une tendresse infinie, pour soi-m\u00eame et les autres, le quartz rose, attach\u00e9 au chakra du c\u0153ur, ouvert \u00e0 l&rsquo;imagination et \u00e0 l&rsquo;inspiration est source de paix int\u00e9rieure, de calme absolu et de bonheur.<\/p>\n<p>De la pierre \u00e0 la rose, fleur des rituels de l&rsquo;Amour et de la gu\u00e9rison, essences des qualit\u00e9s telles que la puret\u00e9, la spiritualit\u00e9 et la compassion.<\/p>\n<p>Rose, min\u00e9ral et v\u00e9g\u00e9tal, symboles les plus puissants dans le monde m\u00e9taphysique aux crois\u00e9es des \u00e9motions de nos vies, \u00e0 l&rsquo;aube d&rsquo;une \u00e8re nouvelle \u00e0 inventer ensemble.<\/p>\n<p>Famille olfactive de Pink Quartz : chypre, \u00e9pic\u00e9<\/p>\n<p>Note de t\u00eate : Bergamote, pamplemousse rose, Oliban de Somalie, Safran Gingembre<\/p>\n<p>Note de c\u0153ur : Palma Rosa, Rose de Damas, bois de rose indien<\/p>\n<p>Note de fond : Rose absolue d&rsquo;Inde, ambre gris, patchouli, benjoin, myrrhe, musc blanc<\/p>\n<p>Commande en ligne sur www. Olivierdurbano.com<\/p>\n<p>Cr\u00e9ateur de bijoux depuis 1998 et de parfums depuis 2005, Olivier Durbano est n\u00e9 sur la C\u00f4te d&rsquo;Azur \u00e0 Cannes. D\u00e8s l&rsquo;\u00e2ge de cinq ans, les pierres entrent dans sa vie et le fascinent Les pierres, le pouvoir des pierres, celui de l&rsquo;ailleurs et notre propre pouvoir&#8230;Cr\u00e9er de la Beaut\u00e9 et de l&rsquo;Amour dans le monde&#8230; \u00bb<\/p>\n<p>&nbsp;<\/p>\n<p><strong>KENZO\u00a0:<\/strong><\/p>\n<p><a href=\"http:\/\/www.tepaseul-magazine.fr\/wp-content\/uploads\/2016\/05\/flowerbykenzo-portrait.jpg\"><img loading=\"lazy\" decoding=\"async\" class=\"aligncenter size-medium wp-image-11358\" src=\"http:\/\/www.tepaseul-magazine.fr\/wp-content\/uploads\/2016\/05\/flowerbykenzo-portrait-200x300.jpg\" alt=\"flowerbykenzo-portrait\" width=\"200\" height=\"300\" srcset=\"https:\/\/www.tepaseul-magazine.fr\/wp-content\/uploads\/2016\/05\/flowerbykenzo-portrait-200x300.jpg 200w, https:\/\/www.tepaseul-magazine.fr\/wp-content\/uploads\/2016\/05\/flowerbykenzo-portrait.jpg 260w\" sizes=\"(max-width: 200px) 100vw, 200px\" \/><\/a><\/p>\n<p>Pour la f\u00eate des m\u00e8res, KENZO vous offre un coffret du parfum KENZO FLOWER extrait accompagn\u00e9 d\u2019une belle trousse fluo qui mettra en valeur vos produits favoris.<\/p>\n<p><a href=\"http:\/\/www.tepaseul-magazine.fr\/wp-content\/uploads\/2016\/05\/Kenzo-Coffret-Fe\u0302te-des-Pe\u0300res-Eau-de-Toilette-3274872320857-KENZO-HOMME-1.jpg\"><img loading=\"lazy\" decoding=\"async\" class=\"aligncenter size-full wp-image-11420\" src=\"http:\/\/www.tepaseul-magazine.fr\/wp-content\/uploads\/2016\/05\/Kenzo-Coffret-Fe\u0302te-des-Pe\u0300res-Eau-de-Toilette-3274872320857-KENZO-HOMME-1.jpg\" alt=\"Kenzo-Coffret Fe\u0302te des Pe\u0300res Eau de Toilette-3274872320857-KENZO HOMME\" width=\"300\" height=\"300\" srcset=\"https:\/\/www.tepaseul-magazine.fr\/wp-content\/uploads\/2016\/05\/Kenzo-Coffret-Fe\u0302te-des-Pe\u0300res-Eau-de-Toilette-3274872320857-KENZO-HOMME-1.jpg 300w, https:\/\/www.tepaseul-magazine.fr\/wp-content\/uploads\/2016\/05\/Kenzo-Coffret-Fe\u0302te-des-Pe\u0300res-Eau-de-Toilette-3274872320857-KENZO-HOMME-1-150x150.jpg 150w\" sizes=\"(max-width: 300px) 100vw, 300px\" \/><\/a><\/p>\n<p>Pour les hommes, KENZO a pens\u00e9 offrir le parfum KENZO HOMMES accompagn\u00e9 d\u2019une trousse dans un bleu oc\u00e9anique qui ravira tous les papas chanceux d\u2019avoir entre leurs mains ce parfum\u2026<\/p>\n<p>&nbsp;<\/p>\n<p><strong>POUR LES PAPAS QUI PRENNENT SOIN DE LEUR PEAU, LUSH LEUR A CONCOCTE DES NOUVEAUTES : <\/strong><\/p>\n<p><strong>Une bombe de bain pour tous les h\u00e9ros du quotidien qui ont aussi besoin de d\u00e9tente.<a href=\"http:\/\/www.tepaseul-magazine.fr\/wp-content\/uploads\/2016\/05\/product_bathbomb_2015_fathersday_dad-140x140.jpg\"><img loading=\"lazy\" decoding=\"async\" class=\"alignright size-full wp-image-11477\" src=\"http:\/\/www.tepaseul-magazine.fr\/wp-content\/uploads\/2016\/05\/product_bathbomb_2015_fathersday_dad-140x140.jpg\" alt=\"product_bathbomb_2015_fathersday_dad-140x140\" width=\"140\" height=\"140\" \/><\/a><\/strong><\/p>\n<p>Nous achetons nos ingr\u00e9dients \u00e0 des fournisseurs qui ne pratiquent pas de tests sur les animaux.<\/p>\n<p>&nbsp;<\/p>\n<p><strong>SMUGGLERS SOUL SCRUB<\/strong><\/p>\n<p><a href=\"http:\/\/www.tepaseul-magazine.fr\/wp-content\/uploads\/2016\/05\/smugglers_soul_multi_purpose_face_body_scrub-1.jpg\"><img loading=\"lazy\" decoding=\"async\" class=\"alignleft size-medium wp-image-11478\" src=\"http:\/\/www.tepaseul-magazine.fr\/wp-content\/uploads\/2016\/05\/smugglers_soul_multi_purpose_face_body_scrub-1-300x252.jpg\" alt=\"smugglers_soul_multi_purpose_face_body_scrub-1\" width=\"300\" height=\"252\" srcset=\"https:\/\/www.tepaseul-magazine.fr\/wp-content\/uploads\/2016\/05\/smugglers_soul_multi_purpose_face_body_scrub-1-300x252.jpg 300w, https:\/\/www.tepaseul-magazine.fr\/wp-content\/uploads\/2016\/05\/smugglers_soul_multi_purpose_face_body_scrub-1-768x646.jpg 768w, https:\/\/www.tepaseul-magazine.fr\/wp-content\/uploads\/2016\/05\/smugglers_soul_multi_purpose_face_body_scrub-1.jpg 1024w\" sizes=\"(max-width: 300px) 100vw, 300px\" \/><\/a><\/p>\n<p>L&rsquo;alliance riche et luxueuse des huiles d&rsquo;argan et d&rsquo;olive avec le beurre de karit\u00e9 bio adoucit la peau tandis que la tige de bambou exfolie en douceur. Une belle rasade de jus de papaye frais s&rsquo;occupe d&rsquo;illuminer votre teint ! Aussi bien pour le corps que pour le visage, cet exfoliant est l&rsquo;alli\u00e9 d&rsquo;une peau belle et douce.<\/p>\n<p>&nbsp;<\/p>\n<p>&nbsp;<\/p>\n<p>&nbsp;<\/p>\n<p>&nbsp;<\/p>\n<p><strong>THE MODFATHER<\/strong><\/p>\n<p>Con\u00e7u pour les baigneurs les plus exigeants, ce pain moussant contient de l&rsquo;huile essentielle d&rsquo;orange du Br\u00e9sil pour rester alerte. Son look 60&rsquo;s lui donne une touche de pep&rsquo;s en plus. Emiettez un morceau de ce galet pour vous plonger dans une ambiance r\u00e9solument pop !<\/p>\n<p><a href=\"http:\/\/www.tepaseul-magazine.fr\/wp-content\/uploads\/2016\/05\/products_2015_bubble_bar_the_mod_father-375x375.jpg\"><img loading=\"lazy\" decoding=\"async\" class=\"aligncenter size-medium wp-image-11479\" src=\"http:\/\/www.tepaseul-magazine.fr\/wp-content\/uploads\/2016\/05\/products_2015_bubble_bar_the_mod_father-375x375-300x300.jpg\" alt=\"products_2015_bubble_bar_the_mod_father-375x375\" width=\"300\" height=\"300\" srcset=\"https:\/\/www.tepaseul-magazine.fr\/wp-content\/uploads\/2016\/05\/products_2015_bubble_bar_the_mod_father-375x375-300x300.jpg 300w, https:\/\/www.tepaseul-magazine.fr\/wp-content\/uploads\/2016\/05\/products_2015_bubble_bar_the_mod_father-375x375-150x150.jpg 150w, https:\/\/www.tepaseul-magazine.fr\/wp-content\/uploads\/2016\/05\/products_2015_bubble_bar_the_mod_father-375x375.jpg 375w\" sizes=\"(max-width: 300px) 100vw, 300px\" \/><\/a><\/p>\n<p>Bicarbonate de soude (sodium bicarbonate), Cr\u00e8me de tartre (Bitartrate de potassium), Laurethsulfate de sodium (Sodium Laureth Sulfate), Laurylb\u00e9ta\u00efne (lauryl betaine), Farine de ma\u00efs (Zea mays), Huile essentielle d&rsquo;orange du Br\u00e9sil (Citrus sinensis), Limon\u00e8ne* (limonene), Dioxyde de titane (titanium dioxide), Colorant 42090 (CI 42090), Colorant 14700 (CI 14700)<\/p>\n<p>&nbsp;<\/p>\n<p><strong>SMUGGLERS SOUL MULTI PURPOSE MOISTURISER<\/strong><\/p>\n<p>Cette cr\u00e8me multi-usage est gorg\u00e9e d&rsquo;ingr\u00e9dients frais et d&rsquo;huiles essentielles stimulantes. L&rsquo;huile de jojoba nourrit et r\u00e9gule, l&rsquo;infusion de m\u00e9lisse stimule et enfin, l&rsquo;huile essentielle de citronnelle s&rsquo;occupe de vous garder \u00e9veill\u00e9. Le concombre ferme la marche en tonifiant tout ce qui a besoin de l&rsquo;\u00eatre !<\/p>\n<p>&nbsp;<\/p>\n<div class=\"page\" title=\"Page 1\">\n<div class=\"section\">\n<div class=\"layoutArea\">\n<div class=\"column\">\n<p><strong>UN PARFUM D\u2019AVENTURE POUR LES PAPAS<br \/>\n<\/strong><\/p>\n<p><strong>Mister Marcel est la ligne Homme de Little Marcel inspire\u0301e de l\u2019he\u0301ritage marin vintage des an- ne\u0301es 50\/60.<\/strong> Des produits riches en de\u0301tails et travaille\u0301s dans la pure tradition franc\u0327aise , Little<\/p>\n<p><a href=\"http:\/\/www.tepaseul-magazine.fr\/wp-content\/uploads\/2016\/06\/little_marcel_coffret_mister_marcel_eau_de_toilette_coffret_eau_de_toilette_100ml_500x500.jpg\"><img loading=\"lazy\" decoding=\"async\" class=\"alignleft size-medium wp-image-11504\" src=\"http:\/\/www.tepaseul-magazine.fr\/wp-content\/uploads\/2016\/06\/little_marcel_coffret_mister_marcel_eau_de_toilette_coffret_eau_de_toilette_100ml_500x500-300x300.jpg\" alt=\"little_marcel_coffret_mister_marcel_eau_de_toilette_coffret_eau_de_toilette_100ml_500x500\" width=\"300\" height=\"300\" srcset=\"https:\/\/www.tepaseul-magazine.fr\/wp-content\/uploads\/2016\/06\/little_marcel_coffret_mister_marcel_eau_de_toilette_coffret_eau_de_toilette_100ml_500x500-300x300.jpg 300w, https:\/\/www.tepaseul-magazine.fr\/wp-content\/uploads\/2016\/06\/little_marcel_coffret_mister_marcel_eau_de_toilette_coffret_eau_de_toilette_100ml_500x500-150x150.jpg 150w, https:\/\/www.tepaseul-magazine.fr\/wp-content\/uploads\/2016\/06\/little_marcel_coffret_mister_marcel_eau_de_toilette_coffret_eau_de_toilette_100ml_500x500.jpg 500w\" sizes=\"(max-width: 300px) 100vw, 300px\" \/><\/a>Marcel cre\u0301e un \u00ab vestiaire marin chic \u00bb pour homme avec une touche de modernisme.<\/p>\n<p>Le parfum Mister Marcel s\u2019inspire des motifs les plus popu- laires de MRM parmi lesquels se de\u0301clinent le SKULL MA- TELOT sur les serviettes de plage , tee shirts, polos, maillots de bain &#8230;<\/p>\n<p>LE PARFUM Frais et Se\u0301ducteur<br \/>\nUne fraicheur qui donne une irre\u0301me\u0301diable envie de liberte\u0301 tel\u00a0 un Capitaine des temps moderne !<\/p>\n<p>Mister Marcel est une fragrance toute en fraicheur et le\u0301ge\u0300- rete\u0301 mais qui affirme sa virilite\u0301 avec des tonalite\u0301s plus pro- fondes et chaleureuses. Il de\u0301marre par la pre\u0301sence significative d\u2019agrumes, tre\u0300s e\u0301quilibre\u0301 et zeste\u0301. Son odeur suave et de\u0301licieuse est alors couple\u0301e a\u0300 la carda- mome, ingre\u0301dient a\u0300 la senteur pe\u0301tillante. Mister Marcel poursuit alors sa traverse\u0301e vers des effluves de notes marines qui contrastent avec les aromes de lavande et de jasmin. Ce fouge\u0300re aroma- tique marin prend toute sa virilite\u0301 dans ses notes de fond qui transparait au travers du sapin de baume, de l\u2019ambre et du bois de cashmere .<\/p>\n<p>Un parfum attractif et addictif dont le capitaine rend un bel hommage a\u0300 la France a\u0300 travers un code couleur fait de bleu de blanc et de rouge&#8230; Cocorico!<\/p>\n<p><strong>PAPA CHAMPION!<\/strong><\/p>\n<p><strong>Pour son lancement de\u0301but juin, le parfum Mister Marcel sera disponible dans toutes les parfume- ries Nocibe, Beauty success et dans les parfumeries inde\u0301pendantes au prix public conseille\u0301 de 59\u20ac. Egalement disponible sous forme de coffret contenant un ballon de football.<\/strong><\/p>\n<p><strong>L\u2019occasion pour Mister Marcel de se la jouer star du ballon rond et de ce\u0301le\u0301brer la fe\u0302te des pe\u0300res et l\u2019Euro de football .<\/strong><\/p>\n<\/div>\n<\/div>\n<\/div>\n<\/div>\n<p>&nbsp;<\/p>\n<p>&nbsp;<\/p>\n<p><strong>LIVRES<\/strong><\/p>\n<p><a href=\"http:\/\/www.tepaseul-magazine.fr\/wp-content\/uploads\/2016\/05\/IMG_0245.jpg\"><img loading=\"lazy\" decoding=\"async\" class=\"alignleft size-medium wp-image-11430\" src=\"http:\/\/www.tepaseul-magazine.fr\/wp-content\/uploads\/2016\/05\/IMG_0245-225x300.jpg\" alt=\"IMG_0245\" width=\"225\" height=\"300\" srcset=\"https:\/\/www.tepaseul-magazine.fr\/wp-content\/uploads\/2016\/05\/IMG_0245-225x300.jpg 225w, https:\/\/www.tepaseul-magazine.fr\/wp-content\/uploads\/2016\/05\/IMG_0245-768x1024.jpg 768w\" sizes=\"(max-width: 225px) 100vw, 225px\" \/><\/a>LE DEFI DES 100 JOURS aux Editions Guy TREDANIEL<\/p>\n<p>Cahier d&rsquo;exercices pour d\u00e9velopper votre intuition. Ecrit par LILOU MACE et SONIA CHOQUETTE<\/p>\n<p>Un cahier de 391 pages \u00e0 spirales qu&rsquo;on a envie de lire et relire&#8230;<\/p>\n<p>Sonia Choquette et Lilou Mac\u00e9 vous accompagnent de mani\u00e8re ludique sur 100 jours, pour ouvrir votre esprit \u00e0 des capacit\u00e9s inn\u00e9es, mais profondes et d\u00e9velopper votre intuition&#8230;<\/p>\n<p>Vous pourrez, en cr\u00e9ant un lien avec la conscience de\u00a0 l&rsquo;instant pr\u00e9sent, \u00e9veiller votre 6e sens jour apr\u00e8s jour&#8230;<\/p>\n<p>&nbsp;<\/p>\n<p>&nbsp;<\/p>\n<p>&nbsp;<\/p>\n<p>&nbsp;<\/p>\n<p><strong>Calme<\/strong><\/p>\n<p><strong> Mon carnet de m\u00e9ditation EDITIONS SOLAR<\/strong><\/p>\n<p><strong>Par Arnaud Riou Format:14x21cm;192pages<\/strong><\/p>\n<p><strong>Prix : 12,90 euros<\/strong><\/p>\n<p>\u00ab La p\u00e9riode que nous traversons est plus agit\u00e9e que jamais. Pour retrouver la paix et permettre \u00e0 notre c\u0153ur de se d\u00e9ployer, avant toute chose nous avons besoin de CALME \u00bb Pour Arnaud RIOU, c\u2019est en d\u00e9veloppant le calme et l\u2019espace int\u00e9rieur que nous r\u00e9instaurerons dans nos existences la s\u00e9curit\u00e9 et l\u2019inspiration pour poser les actes et les paroles qui nous correspondent et contribuent \u00e0 la paix du monde.<\/p>\n<p>Le premier carnet de m\u00e9ditation \u00e0 personnaliser. Un espace intime pour s\u2019ouvrir au calme.<\/p>\n<p>Accompagn\u00e9 par Arnaud Riou, figure de proue de la m\u00e9ditation occidentale, et les cr\u00e9ations graphiques et po\u00e9tiques de Marie Bretin, osez emprunter la voie de votre sagesse personnelle.<br \/>\nA la d\u00e9couverte de la m\u00e9ditation : Arnaud Riou vous accompagne en douceur \u00e0 la d\u00e9couverte d\u2019une m\u00e9ditation accessible \u00e0 tous, au jour le jour. Parce que la pleine conscience peut \u00eatre v\u00e9cue dans les plus quotidiennes des activit\u00e9s, il offre un parcours fait de tout petits pas vers votre calme int\u00e9rieur.<\/p>\n<p>Listographie, coloriages, \u00e9criture, m\u00e9ditations guid\u00e9es : chaque double-page plonge le lecteur dans un espace interactif qu\u2019il est libre de s\u2019approprier, de personnaliser, journal intime de sa plong\u00e9e au c\u0153ur de soi.<br \/>\nUn univers po\u00e9tique et inspirant : aquarelles, collages, photographies originales&#8230; l\u2019imagination de Marie Bretin fait de chaque double page un cocon apaisant, et suscite un \u00e9merveillement qui d\u00e9veloppe l\u2019inspiration et la cr\u00e9ativit\u00e9.<\/p>\n<p>Une bulle de s\u00e9r\u00e9nit\u00e9 pour faire chaque jour l\u2019exp\u00e9rience de votre m\u00e9ditation.<\/p>\n<p><strong>www.arnaud-riou.com<\/strong><\/p>\n<p>&nbsp;<\/p>\n<p><strong>CHEZ LAROUSSE : PETIT CAHIER D&rsquo;EXERCICES DE SPIRITUALITE : de Frans Goetghebeur et Sandra Huygen<\/strong><\/p>\n<p>Aussi simple qu&rsquo;une tasse de th\u00e9 ! Tr\u00e8s \u00e0 la mode en ce moment, apprendre \u00e0 se reconnecter \u00e0 notre int\u00e9riorit\u00e9 ?<\/p>\n<p>Des exercices faciles \u00e0 mettre en place. Ces exercices permettent de d\u00e9mystifier le terme spiritualit\u00e9 et lui redonne un sens universel que l&rsquo;on trouve dans toutes les sagesses du monde&#8230; Pas cher et tr\u00e8s int\u00e9ressant !<\/p>\n<p>&nbsp;<\/p>\n<p>&nbsp;<\/p>\n<p><strong>Le livre qui fait du bien !\u00a0Un moment doux et d\u00e9licat \u00e0 partager.<\/strong><\/p>\n<p><strong>\u00ab\u00a0Le temps de la douceur\u00a0\u00bb de Fran\u00e7oise Dorn aux Editions Jouvence en librairie le 15 avril 2015<\/strong><\/p>\n<p><strong>\u00a0Un livre aussi doux \u00e0 la lecture qu\u2019au toucher<\/strong><\/p>\n<p>Cet essai pratique vous s\u00e9duira par sa fa\u00e7on d\u00e9licate de vous faire avancer, ses cadeaux \u00e0 d\u00e9couvrir et ses conseils du quotidien. Apr\u00e8s le succ\u00e8s du th\u00e8me de la gentillesse d\u2019Emmanuel Jaffelin et celui de la faiblesse d\u2019Alexandre Jollien&#8230; \u00e0 quand celui de la douceur<\/p>\n<p>&nbsp;<\/p>\n<p>Un livre aussi doux a\u0300 la lecture qu\u2019au toucher<\/p>\n<p>La douceur de la couverture d\u2019un livre si agre\u0301able au toucher, le pelage d\u2019un petit chat endormi, la chaleur d\u2019un chocolat a\u0300 partager, le baiser d\u2019une personne aime\u0301e, mais aussi&#8230; l\u2019accueil de la vie telle qu\u2019elle se pre\u0301sente, les tre\u0301sors inat- tendus des e\u0301preuves, le pardon accorde\u0301, ou encore&#8230; la dimension spirituelle de notre lien a\u0300 la nature, la de\u0301couverte de notre part de lumie\u0300re, le regard que nous pouvons porter sur le monde&#8230;<\/p>\n<p>La douceur n\u2019a rien de nai\u0308f, elle est une valeur solide et engage\u0301e. Il est temps de lui donner toute sa place. Il est temps de vous laisser envelopper par ses bras re\u0301confortants et d\u2019embarquer pour un doux voyage vers cette autre fac\u0327on d\u2019e\u0302tre au monde.<\/p>\n<p>Le temps de la douceur<\/p>\n<p>Cet essai pratique vous se\u0301duira par sa fac\u0327on de\u0301licate de vous faire avancer, ses cadeaux a\u0300 de\u0301couvrir et ses conseils du quotidien. Apre\u0300s le succe\u0300s du the\u0300me de la gentillesse d\u2019Emmanuel Jaffelin et celui de la faiblesse d\u2019Alexandre Jollien&#8230; a\u0300 quand celui de la douceur ?<\/p>\n<p>Franc\u0327oise DORN est forme\u0301e a\u0300 l\u2019Analyse Transactionnelle, la PNL, l\u2019hypnose ericksonienne et l\u2019EFT. Elle a e\u0301te\u0301 psychothe\u0301rapeute, formatrice et consult- ante, spe\u0301cialiste du stress, des e\u0301motions et du de\u0301veloppe- ment personnel.<\/p>\n<p>Elle se consacre aujourd\u2019hui a\u0300 l\u2019e\u0301criture et aux confe\u0301rences. Ancienne animatrice radio, elle est auteure de nombreux ouvrages au sujet des e\u0301motions et<br \/>\nde la que\u0302te du bonheur.<\/p>\n<p>Disponible en librairie le 15 avril 2016<br \/>\n8,90 \u20ac \/ 12,00 CHF \u2022 192 pages \u2022 10,8 cm x 17,8 cm \u2022 ISBN 978-2-88911-701-7<\/p>\n<p>Tout le catalogue sur<\/p>\n<p><a href=\"http:\/\/www.editions-jouvence.com\/\">www.editions-jouvence.com<\/a><\/p>\n<p>&nbsp;<\/p>\n<p><strong>CADEAUX :<br \/>\n<\/strong><\/p>\n<p><strong>POUR LES MAMANS :<\/strong><\/p>\n<p>&nbsp;<\/p>\n<p><strong>\u00a0\u00a0\u00a0\u00a0\u00a0 849 pop dots<\/strong><\/p>\n<p><strong><a href=\"http:\/\/www.tepaseul-magazine.fr\/wp-content\/uploads\/2016\/05\/164-1.jpg\"><img loading=\"lazy\" decoding=\"async\" class=\"aligncenter size-medium wp-image-11437\" src=\"http:\/\/www.tepaseul-magazine.fr\/wp-content\/uploads\/2016\/05\/164-1-300x212.jpg\" alt=\"164\" width=\"300\" height=\"212\" srcset=\"https:\/\/www.tepaseul-magazine.fr\/wp-content\/uploads\/2016\/05\/164-1-300x212.jpg 300w, https:\/\/www.tepaseul-magazine.fr\/wp-content\/uploads\/2016\/05\/164-1-768x542.jpg 768w, https:\/\/www.tepaseul-magazine.fr\/wp-content\/uploads\/2016\/05\/164-1-1024x723.jpg 1024w\" sizes=\"(max-width: 300px) 100vw, 300px\" \/><\/a>\u00a0<\/strong><\/p>\n<p><strong>Caran d\u2019Ache pr\u00e9sente une nouvelle d\u00e9clinaison du c\u00e9l\u00e8bre stylo 849. Tout en l\u00e9g\u00e8ret\u00e9 et fraicheur, le 849 Pop Dots s\u2019habille de points et de formes g\u00e9om\u00e9triques color\u00e9es. Un manifeste de style cool et pop.<\/strong><\/p>\n<p>849, un nombre, une silhouette hexagonale embl\u00e9matique et une infinie palette de d\u00e9clinaisons\u2026 Le stylo iconique de Caran d\u2019Ache ne cesse de se r\u00e9inventer au fil des saisons et des tendances. Inspiration graphique et couleurs exaltantes soulign\u00e9es de points se conjuguent pour teinter le nouveau 849 Pop Dots d\u2019un esprit de libert\u00e9 et de gaiet\u00e9 inspir\u00e9 des 70\u2019s. Les couleurs pastel, rose <em>Ecrevisse<\/em>, beige <em>Sable<\/em> ou vert <em>Opaline<\/em>, sont associ\u00e9es avec brio aux couleurs vives. Ici, une base de bleu <em>Piscine<\/em>, l\u00e0 une pointe de rouge ou de vert cru\u2026 Les formes color\u00e9es sont rehauss\u00e9es de pois en vibration que Caran d\u2019Ache distille sur les quatre versions du 849 Pop Dots.<\/p>\n<p>A travers la joyeuse fr\u00e9n\u00e9sie pop qui booste le corps hexagonal du 849 s\u2019exprime tout le savoir-faire de Caran d\u2019Ache dans le domaine de l\u2019\u00e9criture ainsi que son expertise de la couleur reconnue \u00e0 travers le monde. Con\u00e7u et fabriqu\u00e9 dans les ateliers de Caran d\u2019Ache, \u00e0 Gen\u00e8ve, le 849 Pop Dots r\u00e9pond aux exigences de qualit\u00e9 du label Swiss Made. Entre innovation cr\u00e9ative et tradition manufacturi\u00e8re suisse, Caran d\u2019Ache conjugue confort d\u2019\u00e9criture, esth\u00e9tique et fiabilit\u00e9. Equip\u00e9 de la c\u00e9l\u00e8bre cartouche Goliath, le dernier-n\u00e9 de la collection 849 permet d\u2019\u00e9crire jusqu\u2019\u00e0 600 pages A4. Un stylo tendance et haut en couleurs\u2026 Pop, un point c\u2019est tout<\/p>\n<p>L&rsquo;une des particularit\u00e9s de la s\u00e9rie 849 r\u00e9side dans sa forme hexagonale. Les stylos se prennent ais\u00e9ment en main et permettent d&rsquo;\u00e9crire avec facilit\u00e9 pendant de longues p\u00e9riodes.<\/p>\n<p>Les attributs du stylo sont en m\u00e9tal. Gr\u00e2ce \u00e0 son bouton-poussoir ergonomique et facile \u00e0 actionner, il est l\u2019instrument d\u2019\u00e9criture id\u00e9al pour un usage quotidien.<\/p>\n<p>Sa pointe en acier contient une bille tournante en carbure de tungst\u00e8ne, qui assure un trait net et sans bavure. Comme la plupart des stylos \u00e0 bille \u00ab Swiss made \u00bb de Caran d\u2019Ache, le 849 Pop Dots est muni de la l\u00e9gendaire cartouche g\u00e9ante Goliath, qui permet d&rsquo;\u00e9crire jusqu&rsquo;\u00e0 600 pages A4, ce qui repr\u00e9sente une longueur de 8000 m\u00e8tres.<\/p>\n<p>Con\u00e7us avec le m\u00eame engagement que les instruments d\u2019\u00e9criture de luxe, les mod\u00e8les de la collection 849 de Caran d\u2019Ache sont enti\u00e8rement d\u00e9velopp\u00e9s et fabriqu\u00e9s dans les ateliers genevois de la Maison, depuis 1969, date de cr\u00e9ation de la collection. Ils arborent un design attractif et ludique ainsi que des formes modernes pour rendre la Haute Ecriture accessible \u00e0 tous.<\/p>\n<p>Les quatre mod\u00e8les du stylo 849 Pop Dots de Caran d\u2019Ache seront disponibles d\u00e8s la fin avril dans tous les points de vente et boutiques Caran d\u2019Ache, et sur <a href=\"http:\/\/anws.co\/bgLG2\/%7B0ed18c6d-b6aa-404e-b3ce-52298d9348b3%7D\">www.carandache.com<\/a><\/p>\n<p><strong>Prix public conseill\u00e9\u00a0: 22,50\u20ac<\/strong><\/p>\n<p><strong>POUR LES MAMANS ET LES PAPAS : <\/strong><\/p>\n<div class=\"page\" title=\"Page 1\">\n<div class=\"section\">\n<div class=\"section\">\n<div class=\"layoutArea\">\n<p><strong>DEVOLO : pour avoir la wifi dans toute la maison <\/strong><\/p>\n<\/div>\n<\/div>\n<\/div>\n<\/div>\n<p><a href=\"http:\/\/www.tepaseul-magazine.fr\/wp-content\/uploads\/2016\/05\/th.jpeg\"><img loading=\"lazy\" decoding=\"async\" class=\"alignleft size-full wp-image-11591\" src=\"http:\/\/www.tepaseul-magazine.fr\/wp-content\/uploads\/2016\/05\/th.jpeg\" alt=\"th\" width=\"150\" height=\"105\" \/><\/a>devolo diffuse la 4K dans toute la maison : Gr\u00e2ce aux technologies CPL et Wi-Fi, devolo facilite la distribution des contenus vid\u00e9o 4K<\/p>\n<p>Le top de la qualit\u00e9 en VOD et en streaming pour tous CPL<\/p>\n<p>Des millions de foyers acc\u00e8dent \u00e0 la t\u00e9l\u00e9vision et aux offres de streaming et de VOD via leur box Internet. Si tout se passe bien sur l\u2019\u00e9cran directement reli\u00e9 \u00e0 la box, il est souvent impossible de visionner un contenu 4K ou UHD dans une autre pi\u00e8ce de son logement. Les amateurs de home cin\u00e9ma, les personnes ayant des TV dans leurs chambres, les utilisateurs de notebook dot\u00e9s d\u2019\u00e9cran UHD, sont tous confront\u00e9s un jour au probl\u00e8me de d\u00e9bit pour profiter pleinement de la qualit\u00e9 d\u2019image. devolo a la solution pour diffuser partout dans un logement des vid\u00e9os 4K et UHD. Gr\u00e2ce aux technologies CPL et Wi-Fi optimis\u00e9es par les ing\u00e9nieurs de devolo, les fans de s\u00e9ries et de films peuvent sans limite visionner leur programme partout et sur tous les \u00e9crans.<\/p>\n<p>Si le fournisseur d\u2019acc\u00e8s propose deux box il suffit de brancher les modules devolo \u00e0 leur prise \u00e9lectrique murale respective et de connecter les c\u00e2bles r\u00e9seau \u00e0 chaque box. S\u2019il n\u2019y a pas de seconde box, dans ce cas, l\u2019utilisateur peut utiliser le puissant signal Wi-Fi ac.<\/p>\n<p>Prix et disponibilit\u00e9 dLAN 1200+ &amp; dLAN 1200+ WiFi ac<\/p>\n<p>devolo est facilement disponible aupr\u00e8s des enseignes suivantes: Boulanger, Conforama, Darty, Digital, Expert &amp; Connexion, FNAC, E.Leclerc, M\u00e9tro, Pro&amp;Cie, Top Office et Office D\u00e9p\u00f4t.<\/p>\n<p>Sur Internet, les produits devolo sont disponibles aupr\u00e8s d\u2019Amazon, Cdiscount.com, la Boutique du net, LDLC.com, Macway, Materiel.net, Pixmania et Rue du Commerce.<\/p>\n<p>Pour plus d\u2019informations sur les produits de la gamme professionnelle CPL dLAN\u00ae, n\u2019h\u00e9sitez pas \u00e0 consulter: http:\/\/www.devolo.com\/fr\/Business-Solutions\/<\/p>\n<p>&nbsp;<\/p>\n<p><strong>CARAN D&rsquo;ACHE<\/strong><\/p>\n<p>\u00c0 seulement 18 ans, la talentueuse Belinda Bencic a fait son entr\u00e9e dans le Top 10 des meilleures joueuses de tennis du monde. Cette ascension fulgurante a inspir\u00e9 la Maison Caran d\u2019Ache, son sponsor principal, qui lui d\u00e9die en exclusivit\u00e9 un instrument d\u2019\u00e9criture d\u2019exception : Ecridor Match Point.<\/p>\n<p>Le dernier n\u00e9 de la ligne Ecridor Sport c\u00e9l\u00e8bre l\u2019excellence sportive et la beaut\u00e9 du geste, tout en leur associant l\u2019art de la gravure de pr\u00e9cision. V\u00e9ritable ode \u00e0 l\u2019univers du tennis, Ecridor Match Point met en sc\u00e8ne l\u2019ultime point gagnant dans une partie, instant crucial qui \u00e9veille une multitude d\u2019\u00e9motions.<\/p>\n<p>Une fine gravure au laser enrobe le stylo, r\u00e9v\u00e9lant un motif qui rappelle le maillage d\u2019un filet de tennis. Ses d\u00e9licats entrelacs laissent une infime ouverture permettant \u00e0 la balle, symboliquement aur\u00e9ol\u00e9e d\u2019une couronne de laurier, de passer de l\u2019autre c\u00f4t\u00e9 du filet. L\u2019embout du stylo est orn\u00e9 d\u2019une \u00e9l\u00e9gante balle de tennis en relief, figur\u00e9e \u00e0 l\u2019aide d\u2019un marquage par tampographie recouvert de r\u00e9sine translucide, qui \u00e9veille au toucher la sensation du point gagnant.<\/p>\n<p>Caran d\u2019Ache soutient depuis 2014 le parcours sportif de Belinda Bencic, l\u2019accompagnant sur le chemin du succ\u00e8s mondial. Qu\u00eate de l\u2019excellence, authenticit\u00e9 et Swiss made sont autant de valeurs qui unissent la Maison genevoise et son ambassadrice. \u00ab En tant que jeune Suissesse, j\u2019ai grandi avec l\u2019univers Caran d\u2019Ache, affirme Belinda Bencic, c\u2019est une chance de pouvoir compter sur un sponsor principal qui refl\u00e8te mes valeurs et mon attachement \u00e0 la Suisse \u00bb.<\/p>\n<p>L\u2019entr\u00e9e de la joueuse au tableau principal du tennis f\u00e9minin est une \u00e9tape hautement symbolique dans sa carri\u00e8re. La Maison Caran d\u2019Ache est fi\u00e8re de c\u00e9l\u00e9brer cette belle r\u00e9ussite avec le nouveau mod\u00e8le Ecridor Match Point.<\/p>\n<p>Le stylo \u00e0 bille 100 % Swiss made est enti\u00e8rement con\u00e7u et r\u00e9alis\u00e9 dans les ateliers genevois de la Maison Caran d\u2019Ache. Il est \u00e9quip\u00e9 de la c\u00e9l\u00e8bre cartouche g\u00e9ante Goliath, capable d\u2019\u00e9crire sans failles jusqu\u2019\u00e0 600 pages A4, une v\u00e9ritable r\u00e9f\u00e9rence de qualit\u00e9 et de long\u00e9vit\u00e9. Le corps hexagonal de l\u2019instrument d\u2019\u00e9criture est rev\u00eatu de palladium et minutieusement poli. Une m\u00e9canique de pr\u00e9cision, au niveau du bouton-poussoir et du clip flexible, procure un confort d\u2019\u00e9criture in\u00e9gal\u00e9.<\/p>\n<p>Inscrivant une nouvelle page de r\u00e9ussite dans la collection Ecridor, Ecridor Match Point est r\u00e9v\u00e9l\u00e9 au salon Baselworld 2016 et sera disponible au mois d\u2019avril 2016 dans tous les points de vente Caran d\u2019Ache ainsi que sur la eBoutique <a href=\"http:\/\/anws.co\/bgcgJ\/%7Bdf9bfba4-899d-48c7-93d6-6329b6f520af%7D\">www.carandache.com<\/a><\/p>\n<p>Prix public conseill\u00e9\u00a0: 149\u20ac<\/p>\n<p><a href=\"http:\/\/anws.co\/bgcgJ\/%7Bdf9bfba4-899d-48c7-93d6-6329b6f520af%7D\">www.carandache.com<\/a><\/p>\n<p><a href=\"http:\/\/anws.co\/bgcgK\/%7Bdf9bfba4-899d-48c7-93d6-6329b6f520af%7D\">www.facebook.com\/carandache.of.switzerland\/<\/a><\/p>\n<p><a href=\"http:\/\/anws.co\/bgcgL\/%7Bdf9bfba4-899d-48c7-93d6-6329b6f520af%7D\">www.instagram.com\/caran_dache\/<\/a><\/p>\n<p>&nbsp;<\/p>\n<p>&nbsp;<\/p>\n<p>&nbsp;<\/p>\n<p><strong><a href=\"http:\/\/www.tepaseul-magazine.fr\/wp-content\/uploads\/2016\/05\/20177579-eac0-4086-849b-a7947bcb9a31.png\"><img loading=\"lazy\" decoding=\"async\" class=\"aligncenter size-medium wp-image-11424\" src=\"http:\/\/www.tepaseul-magazine.fr\/wp-content\/uploads\/2016\/05\/20177579-eac0-4086-849b-a7947bcb9a31-300x224.png\" alt=\"20177579-eac0-4086-849b-a7947bcb9a31\" width=\"300\" height=\"224\" srcset=\"https:\/\/www.tepaseul-magazine.fr\/wp-content\/uploads\/2016\/05\/20177579-eac0-4086-849b-a7947bcb9a31-300x224.png 300w, https:\/\/www.tepaseul-magazine.fr\/wp-content\/uploads\/2016\/05\/20177579-eac0-4086-849b-a7947bcb9a31-768x574.png 768w, https:\/\/www.tepaseul-magazine.fr\/wp-content\/uploads\/2016\/05\/20177579-eac0-4086-849b-a7947bcb9a31.png 841w\" sizes=\"(max-width: 300px) 100vw, 300px\" \/><\/a> Boire et grignoter dans une seule main ?<\/strong><\/p>\n<p><strong>Mooti, le verre gourmand r\u00e9volutionne les \u00ab\u00a0instants d\u00e9gustation\u00a0\u00bb !<\/strong><\/p>\n<p>Compos\u00e9 de trois parties, le verre, la fleur qui se clipse dans le verre &amp; le couvercle, Mooti propose un contenant alliant le beau \u00e0 l&rsquo;utile.<a href=\"http:\/\/www.tepaseul-magazine.fr\/wp-content\/uploads\/2016\/05\/6b656fc7-5f73-4804-97ec-6887a503d8a7.jpg\"><img loading=\"lazy\" decoding=\"async\" class=\"aligncenter size-medium wp-image-11425\" src=\"http:\/\/www.tepaseul-magazine.fr\/wp-content\/uploads\/2016\/05\/6b656fc7-5f73-4804-97ec-6887a503d8a7-300x225.jpg\" alt=\"6b656fc7-5f73-4804-97ec-6887a503d8a7\" width=\"300\" height=\"225\" srcset=\"https:\/\/www.tepaseul-magazine.fr\/wp-content\/uploads\/2016\/05\/6b656fc7-5f73-4804-97ec-6887a503d8a7-300x225.jpg 300w, https:\/\/www.tepaseul-magazine.fr\/wp-content\/uploads\/2016\/05\/6b656fc7-5f73-4804-97ec-6887a503d8a7.jpg 720w\" sizes=\"(max-width: 300px) 100vw, 300px\" \/><\/a><\/p>\n<p>Dans le verre, s&rsquo;ajoute la boisson jusqu&rsquo;\u00e0 33cl (l&rsquo;\u00e9quivalent d&rsquo;une canette) et dans la fleur, les ingr\u00e9dients sal\u00e9s ou sucr\u00e9s.<\/p>\n<p><a href=\"http:\/\/www.tepaseul-magazine.fr\/wp-content\/uploads\/2016\/05\/793b544d-1a58-43d4-99ee-14354db50ed6.jpg\"><img loading=\"lazy\" decoding=\"async\" class=\"alignleft size-medium wp-image-11426\" src=\"http:\/\/www.tepaseul-magazine.fr\/wp-content\/uploads\/2016\/05\/793b544d-1a58-43d4-99ee-14354db50ed6-300x300.jpg\" alt=\"793b544d-1a58-43d4-99ee-14354db50ed6\" width=\"300\" height=\"300\" srcset=\"https:\/\/www.tepaseul-magazine.fr\/wp-content\/uploads\/2016\/05\/793b544d-1a58-43d4-99ee-14354db50ed6-300x300.jpg 300w, https:\/\/www.tepaseul-magazine.fr\/wp-content\/uploads\/2016\/05\/793b544d-1a58-43d4-99ee-14354db50ed6-150x150.jpg 150w, https:\/\/www.tepaseul-magazine.fr\/wp-content\/uploads\/2016\/05\/793b544d-1a58-43d4-99ee-14354db50ed6-768x769.jpg 768w, https:\/\/www.tepaseul-magazine.fr\/wp-content\/uploads\/2016\/05\/793b544d-1a58-43d4-99ee-14354db50ed6-520x520.jpg 520w, https:\/\/www.tepaseul-magazine.fr\/wp-content\/uploads\/2016\/05\/793b544d-1a58-43d4-99ee-14354db50ed6.jpg 935w\" sizes=\"(max-width: 300px) 100vw, 300px\" \/><\/a>Son design compos\u00e9 de 3 \u00e9l\u00e9ments de 10 coloris chacun permet 1000 combinaisons diff\u00e9rentes et offre \u00e0 cet objet innovant une dimension d\u00e9co et moderne.<\/p>\n<p>Astucieux. Fabriqu\u00e9 en mati\u00e8re PP5, il peut contenir du chaud comme du froid, son logement central permet de ranger set de couverts, une paille et une serviette. Et son couvercle referme le tout.<\/p>\n<p>Pratique, il se nettoie au lave-vaisselle et se r\u00e9chauffe au micro-ondes si besoin, \u00e9colo &amp; responsable, Mooti est recyclable et fabriqu\u00e9 en France.<\/p>\n<p>Prix conseill\u00e9 pour un verre : Entre 9,90 et 12 euros selon le choix<\/p>\n<p>&nbsp;<\/p>\n<p>&nbsp;<\/p>\n<p>&nbsp;<\/p>\n<p>&nbsp;<\/p>\n<p><strong>Pour les mamans qui aiment que leur maison sente bon\u00a0:<\/strong><\/p>\n<p><strong>La collection YANKEE CANDLE offre un grand choix de magnifiques bougies aux senteurs fid\u00e8les.<\/strong><\/p>\n<p>la collection <strong>Barber Shop<\/strong> de Yankee Candle, des bougies parfum\u00e9es sp\u00e9cialement con\u00e7ues pour les hommes pour un sujet f\u00eate des p\u00e8res ou tout autre festivit\u00e9 .<\/p>\n<p><u>Cette s\u00e9duisante collection se d\u00e9cline en 6 parfums, dont\u00a0:<\/u><\/p>\n<p><em><a href=\"http:\/\/www.tepaseul-magazine.fr\/wp-content\/uploads\/2016\/05\/YankeeCandle_collection_BarberShop1-2.jpg\"><img loading=\"lazy\" decoding=\"async\" class=\"aligncenter size-medium wp-image-11421\" src=\"http:\/\/www.tepaseul-magazine.fr\/wp-content\/uploads\/2016\/05\/YankeeCandle_collection_BarberShop1-2-225x300.jpg\" alt=\"YankeeCandle_collection_BarberShop1-2\" width=\"225\" height=\"300\" srcset=\"https:\/\/www.tepaseul-magazine.fr\/wp-content\/uploads\/2016\/05\/YankeeCandle_collection_BarberShop1-2-225x300.jpg 225w, https:\/\/www.tepaseul-magazine.fr\/wp-content\/uploads\/2016\/05\/YankeeCandle_collection_BarberShop1-2-768x1024.jpg 768w\" sizes=\"(max-width: 225px) 100vw, 225px\" \/><\/a>Barber Shop\u00a0:<\/em> Une fusion d\u2019eucalyptus, de lavande et d\u2019ambre apportant une touche de modernit\u00e9<a href=\"http:\/\/www.tepaseul-magazine.fr\/wp-content\/uploads\/2016\/05\/YankeeCandle_collection_BarberShop2.jpg\"><img loading=\"lazy\" decoding=\"async\" class=\"aligncenter size-medium wp-image-11422\" src=\"http:\/\/www.tepaseul-magazine.fr\/wp-content\/uploads\/2016\/05\/YankeeCandle_collection_BarberShop2-300x225.jpg\" alt=\"YankeeCandle_collection_BarberShop2\" width=\"300\" height=\"225\" srcset=\"https:\/\/www.tepaseul-magazine.fr\/wp-content\/uploads\/2016\/05\/YankeeCandle_collection_BarberShop2-300x225.jpg 300w, https:\/\/www.tepaseul-magazine.fr\/wp-content\/uploads\/2016\/05\/YankeeCandle_collection_BarberShop2-768x575.jpg 768w, https:\/\/www.tepaseul-magazine.fr\/wp-content\/uploads\/2016\/05\/YankeeCandle_collection_BarberShop2-1024x767.jpg 1024w\" sizes=\"(max-width: 300px) 100vw, 300px\" \/><\/a><\/p>\n<p>]<em>After Shave\u00a0:<\/em> Un m\u00e9lange \u00e9vocateur de geni\u00e8vre et de patchouli au parfum bois\u00e9<\/p>\n<p>Une alliance agr\u00e9able d\u2019embruns et de bois blanc<a href=\"http:\/\/www.tepaseul-magazine.fr\/wp-content\/uploads\/2016\/05\/YankeeCandle_collection_BarberShop3.jpg\"><img loading=\"lazy\" decoding=\"async\" class=\"aligncenter size-medium wp-image-11423\" src=\"http:\/\/www.tepaseul-magazine.fr\/wp-content\/uploads\/2016\/05\/YankeeCandle_collection_BarberShop3-233x300.jpg\" alt=\"YankeeCandle_collection_BarberShop3\" width=\"233\" height=\"300\" srcset=\"https:\/\/www.tepaseul-magazine.fr\/wp-content\/uploads\/2016\/05\/YankeeCandle_collection_BarberShop3-233x300.jpg 233w, https:\/\/www.tepaseul-magazine.fr\/wp-content\/uploads\/2016\/05\/YankeeCandle_collection_BarberShop3-768x989.jpg 768w, https:\/\/www.tepaseul-magazine.fr\/wp-content\/uploads\/2016\/05\/YankeeCandle_collection_BarberShop3-795x1024.jpg 795w\" sizes=\"(max-width: 233px) 100vw, 233px\" \/><\/a><\/p>\n<p>Chacune de ces bougies parfum\u00e9es est au prix de <strong>18,99 \u20ac.<\/strong><\/p>\n<p>&nbsp;<\/p>\n<p><a href=\"http:\/\/www.tepaseul-magazine.fr\/wp-content\/uploads\/2016\/05\/IMG_0219.jpg\"><img loading=\"lazy\" decoding=\"async\" class=\"alignleft size-medium wp-image-11431\" src=\"http:\/\/www.tepaseul-magazine.fr\/wp-content\/uploads\/2016\/05\/IMG_0219-300x225.jpg\" alt=\"IMG_0219\" width=\"300\" height=\"225\" srcset=\"https:\/\/www.tepaseul-magazine.fr\/wp-content\/uploads\/2016\/05\/IMG_0219-300x225.jpg 300w, https:\/\/www.tepaseul-magazine.fr\/wp-content\/uploads\/2016\/05\/IMG_0219-768x576.jpg 768w, https:\/\/www.tepaseul-magazine.fr\/wp-content\/uploads\/2016\/05\/IMG_0219-1024x768.jpg 1024w\" sizes=\"(max-width: 300px) 100vw, 300px\" \/><\/a><a href=\"http:\/\/www.tepaseul-magazine.fr\/wp-content\/uploads\/2016\/05\/IMG_0221.jpg\"><img loading=\"lazy\" decoding=\"async\" class=\"alignright size-medium wp-image-11432\" src=\"http:\/\/www.tepaseul-magazine.fr\/wp-content\/uploads\/2016\/05\/IMG_0221-300x225.jpg\" alt=\"IMG_0221\" width=\"300\" height=\"225\" srcset=\"https:\/\/www.tepaseul-magazine.fr\/wp-content\/uploads\/2016\/05\/IMG_0221-300x225.jpg 300w, https:\/\/www.tepaseul-magazine.fr\/wp-content\/uploads\/2016\/05\/IMG_0221-768x576.jpg 768w, https:\/\/www.tepaseul-magazine.fr\/wp-content\/uploads\/2016\/05\/IMG_0221-1024x768.jpg 1024w\" sizes=\"(max-width: 300px) 100vw, 300px\" \/><\/a>ET&#8230;. pour toutes ces f\u00eates qui s&rsquo;annoncent, si vous aimez le champagne et le bon vin\u00a0 (\u00e0 boire avec mod\u00e9ration, bien s\u00fbr !) n&rsquo;h\u00e9sitez pas \u00e0 tester un champagne ros\u00e9 de JEAN H\u00db<\/p>\n<p>ou un CHATEAU HAUT GRELOT, un BORDEAUX CLAIRET\u00a0 mis en bouteille au ch\u00e2teau&#8230;<\/p>\n<p>BON MOIS DE JUIN !<\/p>\n<p>&nbsp;<\/p>\n","protected":false},"excerpt":{"rendered":"<p>COFFRETS PARFUMS Lancement d\u2019un nouveau parfum masculin\u00a0: \u00a0INSPIRATION: Martine Micallef a imagin\u00e9 le chemin de l\u2019Homme en qu\u00eate de son moi profond. Dans une collection minimaliste tr\u00e8s ancr\u00e9e dans l\u2019\u00e8re du temps, cet homme parti du continent africain, berceau de l\u2019humanit\u00e9, fut incarn\u00e9 dans la&#8230;<\/p>\n","protected":false},"author":2,"featured_media":11424,"comment_status":"open","ping_status":"open","sticky":false,"template":"","format":"standard","meta":{"footnotes":""},"categories":[74,75],"tags":[1383,1426,161,1436,1423,1424,1422,951,1425,1427],"yoast_head":"<!-- This site is optimized with the Yoast SEO plugin v21.9.1 - https:\/\/yoast.com\/wordpress\/plugins\/seo\/ -->\n<title>FETE DES MERES ET FETE DES PERES - Tepaseul<\/title>\n<meta name=\"robots\" content=\"index, follow, max-snippet:-1, max-image-preview:large, max-video-preview:-1\" \/>\n<link rel=\"canonical\" href=\"https:\/\/www.tepaseul-magazine.fr\/accueil\/fete-meres-fete-peres-2\/\" \/>\n<meta property=\"og:locale\" content=\"fr_FR\" \/>\n<meta property=\"og:type\" content=\"article\" \/>\n<meta property=\"og:title\" content=\"FETE DES MERES ET FETE DES PERES - Tepaseul\" \/>\n<meta property=\"og:description\" content=\"COFFRETS PARFUMS Lancement d\u2019un nouveau parfum masculin\u00a0: \u00a0INSPIRATION: Martine Micallef a imagin\u00e9 le chemin de l\u2019Homme en qu\u00eate de son moi profond. Dans une collection minimaliste tr\u00e8s ancr\u00e9e dans l\u2019\u00e8re du temps, cet homme parti du continent africain, berceau de l\u2019humanit\u00e9, fut incarn\u00e9 dans la...\" \/>\n<meta property=\"og:url\" content=\"https:\/\/www.tepaseul-magazine.fr\/accueil\/fete-meres-fete-peres-2\/\" \/>\n<meta property=\"og:site_name\" content=\"Tepaseul\" \/>\n<meta property=\"article:published_time\" content=\"2016-05-24T14:18:15+00:00\" \/>\n<meta property=\"article:modified_time\" content=\"2016-07-06T15:31:23+00:00\" \/>\n<meta property=\"og:image\" content=\"https:\/\/www.tepaseul-magazine.fr\/wp-content\/uploads\/2016\/05\/20177579-eac0-4086-849b-a7947bcb9a31.png\" \/>\n\t<meta property=\"og:image:width\" content=\"841\" \/>\n\t<meta property=\"og:image:height\" content=\"629\" \/>\n\t<meta property=\"og:image:type\" content=\"image\/png\" \/>\n<meta name=\"author\" content=\"Chantal Rolland\" \/>\n<script type=\"application\/ld+json\" class=\"yoast-schema-graph\">{\"@context\":\"https:\/\/schema.org\",\"@graph\":[{\"@type\":\"Article\",\"@id\":\"https:\/\/www.tepaseul-magazine.fr\/accueil\/fete-meres-fete-peres-2\/#article\",\"isPartOf\":{\"@id\":\"https:\/\/www.tepaseul-magazine.fr\/accueil\/fete-meres-fete-peres-2\/\"},\"author\":{\"name\":\"Chantal Rolland\",\"@id\":\"https:\/\/www.tepaseul-magazine.fr\/accueil\/#\/schema\/person\/dd3827dc04f692ff480da4bac4545eeb\"},\"headline\":\"FETE DES MERES ET FETE DES PERES\",\"datePublished\":\"2016-05-24T14:18:15+00:00\",\"dateModified\":\"2016-07-06T15:31:23+00:00\",\"mainEntityOfPage\":{\"@id\":\"https:\/\/www.tepaseul-magazine.fr\/accueil\/fete-meres-fete-peres-2\/\"},\"wordCount\":3802,\"commentCount\":0,\"publisher\":{\"@id\":\"https:\/\/www.tepaseul-magazine.fr\/accueil\/#organization\"},\"keywords\":[\"Caran d'Ache\",\"Jouvence\",\"kenzo\",\"lush\",\"Martine Micallef\",\"olivier durbano\",\"Osa\u00efto\",\"parfums\",\"solar\",\"Yankee Candle\"],\"articleSection\":[\"Les nouveaut\u00e9s\",\"Nouveaut\u00e9s produits\"],\"inLanguage\":\"fr-FR\",\"potentialAction\":[{\"@type\":\"CommentAction\",\"name\":\"Comment\",\"target\":[\"https:\/\/www.tepaseul-magazine.fr\/accueil\/fete-meres-fete-peres-2\/#respond\"]}]},{\"@type\":\"WebPage\",\"@id\":\"https:\/\/www.tepaseul-magazine.fr\/accueil\/fete-meres-fete-peres-2\/\",\"url\":\"https:\/\/www.tepaseul-magazine.fr\/accueil\/fete-meres-fete-peres-2\/\",\"name\":\"FETE DES MERES ET FETE DES PERES - Tepaseul\",\"isPartOf\":{\"@id\":\"https:\/\/www.tepaseul-magazine.fr\/accueil\/#website\"},\"datePublished\":\"2016-05-24T14:18:15+00:00\",\"dateModified\":\"2016-07-06T15:31:23+00:00\",\"breadcrumb\":{\"@id\":\"https:\/\/www.tepaseul-magazine.fr\/accueil\/fete-meres-fete-peres-2\/#breadcrumb\"},\"inLanguage\":\"fr-FR\",\"potentialAction\":[{\"@type\":\"ReadAction\",\"target\":[\"https:\/\/www.tepaseul-magazine.fr\/accueil\/fete-meres-fete-peres-2\/\"]}]},{\"@type\":\"BreadcrumbList\",\"@id\":\"https:\/\/www.tepaseul-magazine.fr\/accueil\/fete-meres-fete-peres-2\/#breadcrumb\",\"itemListElement\":[{\"@type\":\"ListItem\",\"position\":1,\"name\":\"Home\",\"item\":\"https:\/\/www.tepaseul-magazine.fr\/accueil\/\"},{\"@type\":\"ListItem\",\"position\":2,\"name\":\"FETE DES MERES ET FETE DES PERES\"}]},{\"@type\":\"WebSite\",\"@id\":\"https:\/\/www.tepaseul-magazine.fr\/accueil\/#website\",\"url\":\"https:\/\/www.tepaseul-magazine.fr\/accueil\/\",\"name\":\"Tepaseul\",\"description\":\"Le Magazine des solibattants\",\"publisher\":{\"@id\":\"https:\/\/www.tepaseul-magazine.fr\/accueil\/#organization\"},\"potentialAction\":[{\"@type\":\"SearchAction\",\"target\":{\"@type\":\"EntryPoint\",\"urlTemplate\":\"https:\/\/www.tepaseul-magazine.fr\/accueil\/?s={search_term_string}\"},\"query-input\":\"required name=search_term_string\"}],\"inLanguage\":\"fr-FR\"},{\"@type\":\"Organization\",\"@id\":\"https:\/\/www.tepaseul-magazine.fr\/accueil\/#organization\",\"name\":\"Tepaseul\",\"url\":\"https:\/\/www.tepaseul-magazine.fr\/accueil\/\",\"logo\":{\"@type\":\"ImageObject\",\"inLanguage\":\"fr-FR\",\"@id\":\"https:\/\/www.tepaseul-magazine.fr\/accueil\/#\/schema\/logo\/image\/\",\"url\":\"https:\/\/www.tepaseul-magazine.fr\/wp-content\/uploads\/2014\/12\/logo_doublev2-noir.png\",\"contentUrl\":\"https:\/\/www.tepaseul-magazine.fr\/wp-content\/uploads\/2014\/12\/logo_doublev2-noir.png\",\"width\":205,\"height\":51,\"caption\":\"Tepaseul\"},\"image\":{\"@id\":\"https:\/\/www.tepaseul-magazine.fr\/accueil\/#\/schema\/logo\/image\/\"}},{\"@type\":\"Person\",\"@id\":\"https:\/\/www.tepaseul-magazine.fr\/accueil\/#\/schema\/person\/dd3827dc04f692ff480da4bac4545eeb\",\"name\":\"Chantal Rolland\",\"image\":{\"@type\":\"ImageObject\",\"inLanguage\":\"fr-FR\",\"@id\":\"https:\/\/www.tepaseul-magazine.fr\/accueil\/#\/schema\/person\/image\/\",\"url\":\"https:\/\/secure.gravatar.com\/avatar\/a67dbe83e155eb41b8bc6c41ebcc8564?s=96&d=mm&r=g\",\"contentUrl\":\"https:\/\/secure.gravatar.com\/avatar\/a67dbe83e155eb41b8bc6c41ebcc8564?s=96&d=mm&r=g\",\"caption\":\"Chantal Rolland\"},\"url\":\"https:\/\/www.tepaseul-magazine.fr\/accueil\/author\/chantal-rolland\/\"}]}<\/script>\n<!-- \/ Yoast SEO plugin. -->","yoast_head_json":{"title":"FETE DES MERES ET FETE DES PERES - Tepaseul","robots":{"index":"index","follow":"follow","max-snippet":"max-snippet:-1","max-image-preview":"max-image-preview:large","max-video-preview":"max-video-preview:-1"},"canonical":"https:\/\/www.tepaseul-magazine.fr\/accueil\/fete-meres-fete-peres-2\/","og_locale":"fr_FR","og_type":"article","og_title":"FETE DES MERES ET FETE DES PERES - Tepaseul","og_description":"COFFRETS PARFUMS Lancement d\u2019un nouveau parfum masculin\u00a0: \u00a0INSPIRATION: Martine Micallef a imagin\u00e9 le chemin de l\u2019Homme en qu\u00eate de son moi profond. Dans une collection minimaliste tr\u00e8s ancr\u00e9e dans l\u2019\u00e8re du temps, cet homme parti du continent africain, berceau de l\u2019humanit\u00e9, fut incarn\u00e9 dans la...","og_url":"https:\/\/www.tepaseul-magazine.fr\/accueil\/fete-meres-fete-peres-2\/","og_site_name":"Tepaseul","article_published_time":"2016-05-24T14:18:15+00:00","article_modified_time":"2016-07-06T15:31:23+00:00","og_image":[{"width":841,"height":629,"url":"https:\/\/www.tepaseul-magazine.fr\/wp-content\/uploads\/2016\/05\/20177579-eac0-4086-849b-a7947bcb9a31.png","type":"image\/png"}],"author":"Chantal Rolland","schema":{"@context":"https:\/\/schema.org","@graph":[{"@type":"Article","@id":"https:\/\/www.tepaseul-magazine.fr\/accueil\/fete-meres-fete-peres-2\/#article","isPartOf":{"@id":"https:\/\/www.tepaseul-magazine.fr\/accueil\/fete-meres-fete-peres-2\/"},"author":{"name":"Chantal Rolland","@id":"https:\/\/www.tepaseul-magazine.fr\/accueil\/#\/schema\/person\/dd3827dc04f692ff480da4bac4545eeb"},"headline":"FETE DES MERES ET FETE DES PERES","datePublished":"2016-05-24T14:18:15+00:00","dateModified":"2016-07-06T15:31:23+00:00","mainEntityOfPage":{"@id":"https:\/\/www.tepaseul-magazine.fr\/accueil\/fete-meres-fete-peres-2\/"},"wordCount":3802,"commentCount":0,"publisher":{"@id":"https:\/\/www.tepaseul-magazine.fr\/accueil\/#organization"},"keywords":["Caran d'Ache","Jouvence","kenzo","lush","Martine Micallef","olivier durbano","Osa\u00efto","parfums","solar","Yankee Candle"],"articleSection":["Les nouveaut\u00e9s","Nouveaut\u00e9s produits"],"inLanguage":"fr-FR","potentialAction":[{"@type":"CommentAction","name":"Comment","target":["https:\/\/www.tepaseul-magazine.fr\/accueil\/fete-meres-fete-peres-2\/#respond"]}]},{"@type":"WebPage","@id":"https:\/\/www.tepaseul-magazine.fr\/accueil\/fete-meres-fete-peres-2\/","url":"https:\/\/www.tepaseul-magazine.fr\/accueil\/fete-meres-fete-peres-2\/","name":"FETE DES MERES ET FETE DES PERES - Tepaseul","isPartOf":{"@id":"https:\/\/www.tepaseul-magazine.fr\/accueil\/#website"},"datePublished":"2016-05-24T14:18:15+00:00","dateModified":"2016-07-06T15:31:23+00:00","breadcrumb":{"@id":"https:\/\/www.tepaseul-magazine.fr\/accueil\/fete-meres-fete-peres-2\/#breadcrumb"},"inLanguage":"fr-FR","potentialAction":[{"@type":"ReadAction","target":["https:\/\/www.tepaseul-magazine.fr\/accueil\/fete-meres-fete-peres-2\/"]}]},{"@type":"BreadcrumbList","@id":"https:\/\/www.tepaseul-magazine.fr\/accueil\/fete-meres-fete-peres-2\/#breadcrumb","itemListElement":[{"@type":"ListItem","position":1,"name":"Home","item":"https:\/\/www.tepaseul-magazine.fr\/accueil\/"},{"@type":"ListItem","position":2,"name":"FETE DES MERES ET FETE DES PERES"}]},{"@type":"WebSite","@id":"https:\/\/www.tepaseul-magazine.fr\/accueil\/#website","url":"https:\/\/www.tepaseul-magazine.fr\/accueil\/","name":"Tepaseul","description":"Le Magazine des solibattants","publisher":{"@id":"https:\/\/www.tepaseul-magazine.fr\/accueil\/#organization"},"potentialAction":[{"@type":"SearchAction","target":{"@type":"EntryPoint","urlTemplate":"https:\/\/www.tepaseul-magazine.fr\/accueil\/?s={search_term_string}"},"query-input":"required name=search_term_string"}],"inLanguage":"fr-FR"},{"@type":"Organization","@id":"https:\/\/www.tepaseul-magazine.fr\/accueil\/#organization","name":"Tepaseul","url":"https:\/\/www.tepaseul-magazine.fr\/accueil\/","logo":{"@type":"ImageObject","inLanguage":"fr-FR","@id":"https:\/\/www.tepaseul-magazine.fr\/accueil\/#\/schema\/logo\/image\/","url":"https:\/\/www.tepaseul-magazine.fr\/wp-content\/uploads\/2014\/12\/logo_doublev2-noir.png","contentUrl":"https:\/\/www.tepaseul-magazine.fr\/wp-content\/uploads\/2014\/12\/logo_doublev2-noir.png","width":205,"height":51,"caption":"Tepaseul"},"image":{"@id":"https:\/\/www.tepaseul-magazine.fr\/accueil\/#\/schema\/logo\/image\/"}},{"@type":"Person","@id":"https:\/\/www.tepaseul-magazine.fr\/accueil\/#\/schema\/person\/dd3827dc04f692ff480da4bac4545eeb","name":"Chantal Rolland","image":{"@type":"ImageObject","inLanguage":"fr-FR","@id":"https:\/\/www.tepaseul-magazine.fr\/accueil\/#\/schema\/person\/image\/","url":"https:\/\/secure.gravatar.com\/avatar\/a67dbe83e155eb41b8bc6c41ebcc8564?s=96&d=mm&r=g","contentUrl":"https:\/\/secure.gravatar.com\/avatar\/a67dbe83e155eb41b8bc6c41ebcc8564?s=96&d=mm&r=g","caption":"Chantal Rolland"},"url":"https:\/\/www.tepaseul-magazine.fr\/accueil\/author\/chantal-rolland\/"}]}},"_links":{"self":[{"href":"https:\/\/www.tepaseul-magazine.fr\/accueil\/wp-json\/wp\/v2\/posts\/11419"}],"collection":[{"href":"https:\/\/www.tepaseul-magazine.fr\/accueil\/wp-json\/wp\/v2\/posts"}],"about":[{"href":"https:\/\/www.tepaseul-magazine.fr\/accueil\/wp-json\/wp\/v2\/types\/post"}],"author":[{"embeddable":true,"href":"https:\/\/www.tepaseul-magazine.fr\/accueil\/wp-json\/wp\/v2\/users\/2"}],"replies":[{"embeddable":true,"href":"https:\/\/www.tepaseul-magazine.fr\/accueil\/wp-json\/wp\/v2\/comments?post=11419"}],"version-history":[{"count":11,"href":"https:\/\/www.tepaseul-magazine.fr\/accueil\/wp-json\/wp\/v2\/posts\/11419\/revisions"}],"predecessor-version":[{"id":11594,"href":"https:\/\/www.tepaseul-magazine.fr\/accueil\/wp-json\/wp\/v2\/posts\/11419\/revisions\/11594"}],"wp:featuredmedia":[{"embeddable":true,"href":"https:\/\/www.tepaseul-magazine.fr\/accueil\/wp-json\/wp\/v2\/media\/11424"}],"wp:attachment":[{"href":"https:\/\/www.tepaseul-magazine.fr\/accueil\/wp-json\/wp\/v2\/media?parent=11419"}],"wp:term":[{"taxonomy":"category","embeddable":true,"href":"https:\/\/www.tepaseul-magazine.fr\/accueil\/wp-json\/wp\/v2\/categories?post=11419"},{"taxonomy":"post_tag","embeddable":true,"href":"https:\/\/www.tepaseul-magazine.fr\/accueil\/wp-json\/wp\/v2\/tags?post=11419"}],"curies":[{"name":"wp","href":"https:\/\/api.w.org\/{rel}","templated":true}]}}