{"id":11696,"date":"2016-09-07T08:55:32","date_gmt":"2016-09-07T07:55:32","guid":{"rendered":"http:\/\/www.tepaseul-magazine.fr\/?p=11696"},"modified":"2016-09-07T08:55:32","modified_gmt":"2016-09-07T07:55:32","slug":"pierre-mois-cornaline","status":"publish","type":"post","link":"https:\/\/www.tepaseul-magazine.fr\/accueil\/pierre-mois-cornaline\/","title":{"rendered":"LA PIERRE DU MOIS : LA CORNALINE"},"content":{"rendered":"<p>&nbsp;<\/p>\n<p>Tous les mois, nous vous invitons \u00e0 d\u00e9couvrir une pierre favorisant le bien-\u00eatre au quotidien.<\/p>\n<p>Pour le mois de septembre 2016, il s\u2019agit de la <strong>Cornaline<\/strong>.<\/p>\n<p><strong>\u00a0<a href=\"http:\/\/www.tepaseul-magazine.fr\/wp-content\/uploads\/2016\/09\/cornaline-galets-calibres-2.jpg\"><img loading=\"lazy\" decoding=\"async\" class=\"aligncenter size-medium wp-image-11697\" src=\"http:\/\/www.tepaseul-magazine.fr\/wp-content\/uploads\/2016\/09\/cornaline-galets-calibres-2-300x200.jpg\" alt=\"cornaline-galets-calibres-2\" width=\"300\" height=\"200\" srcset=\"https:\/\/www.tepaseul-magazine.fr\/wp-content\/uploads\/2016\/09\/cornaline-galets-calibres-2-300x200.jpg 300w, https:\/\/www.tepaseul-magazine.fr\/wp-content\/uploads\/2016\/09\/cornaline-galets-calibres-2-768x512.jpg 768w, https:\/\/www.tepaseul-magazine.fr\/wp-content\/uploads\/2016\/09\/cornaline-galets-calibres-2-1024x683.jpg 1024w, https:\/\/www.tepaseul-magazine.fr\/wp-content\/uploads\/2016\/09\/cornaline-galets-calibres-2-480x320.jpg 480w\" sizes=\"(max-width: 300px) 100vw, 300px\" \/><\/a><\/strong><\/p>\n<p><strong>\u00a0<\/strong><\/p>\n<p><strong>LA PIERRE DU MOIS DE SEPTEMBRE 2016\u00a0: LA CORNALINE<\/strong><\/p>\n<p>&nbsp;<\/p>\n<p><strong>La confiance<\/strong><\/p>\n<p>&nbsp;<\/p>\n<p>Nous avons v\u00e9cu cet \u00e9t\u00e9 une puissante activation et une acc\u00e9l\u00e9ration de nos lignes de force, le tout amplifi\u00e9 par les effets-miroir de la Malachite en Ao\u00fbt. G\u00e9rer notre espace personnel a pu nous para\u00eetre difficile, mais nous en sommes ressortis avec une <strong>conviction plus profonde de ce que nous voulions<\/strong>, et surtout, <strong>de ce que nous ne voulions plus<\/strong>.<\/p>\n<p>&nbsp;<\/p>\n<p>Le mois de Septembre s\u2019annonce comme le mois de l\u2019assimilation de ces informations et de leur maturation.<\/p>\n<p>Cela sera le <strong>mois des prises de d\u00e9cision. <\/strong><\/p>\n<p><strong>Pour ne pas se tromper, il convient de compl\u00e9ter le mouvement personnel dans lequel nous sommes depuis plusieurs mois par une totale \u00e9coute des informations que nous percevons sur le plan intuitif.<\/strong> Peu importe les \u00e9v\u00e8nements ou les positions qui ont \u00eatre pris pr\u00e9c\u00e9demment. Il est possible d\u2019avoir chang\u00e9 d\u2019avis entre temps. Il ne faut pas \u00eatre \u00ab\u00a0ligot\u00e9\u00a0\u00bb par des param\u00e8tres anciens. En d\u2019autres termes, c\u2019est Maintenant qu\u2019il faut prendre les d\u00e9cisions, et elles sont issues de la longue maturation qui s\u2019est \u00e9tablie en soi, consciemment ou inconsciemment.<\/p>\n<p><strong>La cl\u00e9 est de se faire confiance<\/strong><strong>.<\/strong><\/p>\n<p>&nbsp;<\/p>\n<p><strong>Confiance est le ma\u00eetre-mot de ce mois de Septembre. <\/strong><\/p>\n<p>C\u2019est la <strong>Cornaline<\/strong> qui apporte cette fr\u00e9quence. Confiance en soi, bien s\u00fbr. Mais aussi confiance en l\u2019Autre, confiance en les autres, confiance en la Vie, confiance en l\u2019Univers. <strong>Rien ne peut se construire qui ne soit b\u00e2ti sur la confiance.<\/strong><\/p>\n<p>La confiance permet de faire la part des choses, de se pr\u00e9server des pens\u00e9es parasitaires des autres (il y a toujours pr\u00e8s de soi un(e) bon(ne) ami(e) qui active la suspicion), et surtout de regarder ce que se pressente dans l\u2019instant, sans amalgame et surtout sans m\u00e9langer les diff\u00e9rents niveaux de confiance ou de doute, supprimant le plus de filtres possible.<\/p>\n<p>&nbsp;<\/p>\n<p>Evidemment, ce m\u00e9canisme repose sur <strong>la confiance en soi<\/strong>. Il ne faut pas oublier que seul le corps cellulaire (et non pas le mental) est en mesure d\u2019appr\u00e9hender les diff\u00e9rents param\u00e8tres, les diff\u00e9rents codes de ce qui est pr\u00e9sent\u00e9 \u00e0 soi et de d\u00e9terminer ce qui convient ou non.<\/p>\n<p>&nbsp;<\/p>\n<p>Les d\u00e9cisions du mois de Septembre pr\u00e9figurent un tournant important dans la vie. Le choix s\u2019offre de le prendre ou non. Mais quel que soit le choix, il <strong>ne doit pas reposer sur le doute ou la peur.<\/strong> Il doit s\u2019av\u00e9rer un choix personnel, reposant sur le ressenti intuitif qui permet de dire \u00ab\u00a0oui\u00a0\u00bb ou \u00ab\u00a0non\u00a0\u00bb aux propositions que la vie apporte.<\/p>\n<p>Il est important de ne pas oublier la <strong>Loi de R\u00e9sonance<\/strong>. Rien ne peut parvenir \u00e0 soi, rien ne peut nous solliciter, si vous n\u2019avons pas \u00e9mis la fr\u00e9quence qui a \u00ab\u00a0aimant\u00e9\u00a0\u00bb cette proposition de la vie (quelle qu\u2019elle soit\u00a0!). La Cornaline sera d\u2019un puissant secours pour \u00eatre plus affirm\u00e9 dans ses ressentis, et \u00eatre s\u00fbr qu\u2019ils ne sont pas parasit\u00e9s par le mental ou celui des autres.<\/p>\n<p>&nbsp;<\/p>\n<p><strong>La Cornaline est une pierre de gestation, de maturation<\/strong>. Elle rassemble les forces, les concentrent pour aboutir \u00e0 l\u2019acte de cr\u00e9ation. Elle permet de centrer ses \u00e9nergies avant d\u2019enclencher le dernier trimestre de l\u2019ann\u00e9e qui sera un v\u00e9ritable rouleau compresseur.<\/p>\n<p>&nbsp;<\/p>\n<p>Le mois de Septembre est le mois de la rentr\u00e9e. <strong>La Cornaline permet de rentrer dans un autre cycle qui a l\u2019exigence de l\u2019\u00e9coute et de la confiance<\/strong>, en actualisant ses fr\u00e9quences au moment pr\u00e9sent. Son utilisation permet de faire le lien entre confiance, force et cr\u00e9ation. Rien ne peut se cr\u00e9er si l\u2019on n\u2019a pas confiance en soi, et confiance en la validit\u00e9 de ses choix. De la m\u00eame fa\u00e7on, on ne peut \u00e9tablir un acte de cr\u00e9ation d\u2019une certaine amplitude, si on ne fait pas confiance aux autres. <strong>Si cela s\u2019av\u00e8re impossible pour soi, cela signifie que l\u2019on ne fait pas confiance en son ressenti<\/strong> qui permet de choisir les \u00eatres en qui accorder sa confiance. Le doute ne m\u00e8ne qu\u2019\u00e0 la solitude. <strong>Ensemble on est plus fort que tout seul. <\/strong>La force de l\u2019Univers, du collectif et de la participation avec les autres rend plus cr\u00e9atif, quitte \u00e0 se tromper. Il est plus productif de se tromper que de ne pas faire confiance, et de rester dans l\u2019inaccompli et le marasme de ses incertitudes.<\/p>\n<p>&nbsp;<\/p>\n<p><strong>La Cornaline est la pierre de l\u2019intuition<\/strong>. Ce mois de Septembre exacerbera l\u2019intuition.<\/p>\n<p>&nbsp;<\/p>\n<p>Un lien qui n\u2019est pas toujours fait entre l\u2019intuition, l\u2019\u00e9nergie de la Cornaline et la sexualit\u00e9. L\u2019intuition est totalement d\u00e9pendante de la capacit\u00e9 \u00e0 mettre en terre les choses. Elle permet de remettre les flux \u00e0 leur place et de localiser les frustrations. La Cornaline active la cr\u00e9ativit\u00e9 et l\u2019\u00e9nergie sexuelle qui renforce ainsi les capacit\u00e9s intuitives. Qu\u2019il serait dommage de s\u2019en priver\u00a0!<\/p>\n<p>En d\u2019autres termes, faire l\u2019amour aide \u00e0 \u00eatre centr\u00e9 et favorise l\u2019intuition. La Cornaline renforce ce m\u00e9canisme. Cette intuition apportera une grande lucidit\u00e9 dans la prise de d\u00e9cision et une concentration qui permettra d\u2019\u00eatre \u00e0 l\u2019\u00e9coute de toutes les informations n\u00e9cessaires.<\/p>\n<p>&nbsp;<\/p>\n<p>&nbsp;<\/p>\n<p><strong><em>Conseils d\u2019utilisation\u00a0:<\/em><\/strong><\/p>\n<p><em>Se munir d\u2019une forme libre de Cornaline d\u20191 kg. Cette pierre permet de se centrer et d\u2019augmenter consid\u00e9rablement la confiance que l\u2019on a en soi. <\/em><\/p>\n<p><em>\u00a0<\/em><\/p>\n<p><em>Ne pas h\u00e9siter \u00e0 dormir avec sa Cornaline toutes les nuits, ou pour le moins, aussi souvent que possible. La Cornaline sera aussi d\u2019une grande utilit\u00e9 sur la r\u00e9gulation du transit intestinal et l\u2019assimilation des nouvelles exp\u00e9riences, en g\u00e9n\u00e9ral. La prendre \u00e9galement chaque fois que l\u2019on se sent d\u00e9centr\u00e9, ou dans le doute et le mental.<\/em><\/p>\n<p><em>\u00a0<\/em><\/p>\n<p><strong><em>Elle permettra de mettre de l\u2019impulsion dans tous les nouveaux projets.<\/em><\/strong><\/p>\n<p><em>\u00a0<\/em><\/p>\n<p><em>\u00a0<\/em><\/p>\n<p><strong>Galet de 150 \/ 200 g\u00a0: 53\u20ac <\/strong><\/p>\n<p><strong>Forme libre de 1kg \/ 1,5 kg : 439\u20ac<\/strong><\/p>\n<p><strong>\u00a0<\/strong><\/p>\n<p><em>\u00a0<\/em><\/p>\n<p>Disponible sur <a href=\"http:\/\/www.cristaux-sante.com\">www.cristaux-sante.com<\/a><\/p>\n<p>Et dans les boutiques Cristaux &amp; Couleurs<\/p>\n<p>74 rue du Cherche-Midi 75006 PARIS<\/p>\n<p>17 Avenue Gambetta &#8211; 24200 SARLAT LA CANEDA<\/p>\n<p>21 rue Lamalgue 83000 TOULON<\/p>\n<p>&nbsp;<\/p>\n<p>&nbsp;<\/p>\n<p>&nbsp;<\/p>\n<p>&nbsp;<\/p>\n","protected":false},"excerpt":{"rendered":"<p>&nbsp; Tous les mois, nous vous invitons \u00e0 d\u00e9couvrir une pierre favorisant le bien-\u00eatre au quotidien. Pour le mois de septembre 2016, il s\u2019agit de la Cornaline. \u00a0 \u00a0 LA PIERRE DU MOIS DE SEPTEMBRE 2016\u00a0: LA CORNALINE &nbsp; La confiance &nbsp; Nous avons v\u00e9cu&#8230;<\/p>\n","protected":false},"author":2,"featured_media":0,"comment_status":"open","ping_status":"open","sticky":false,"template":"","format":"standard","meta":{"footnotes":""},"categories":[78],"tags":[348,913,1548,1549,277],"yoast_head":"<!-- This site is optimized with the Yoast SEO plugin v21.9.1 - https:\/\/yoast.com\/wordpress\/plugins\/seo\/ -->\n<title>LA PIERRE DU MOIS : LA CORNALINE - Tepaseul<\/title>\n<meta name=\"robots\" content=\"index, follow, max-snippet:-1, max-image-preview:large, max-video-preview:-1\" \/>\n<link rel=\"canonical\" href=\"https:\/\/www.tepaseul-magazine.fr\/accueil\/pierre-mois-cornaline\/\" \/>\n<meta property=\"og:locale\" content=\"fr_FR\" \/>\n<meta property=\"og:type\" content=\"article\" \/>\n<meta property=\"og:title\" content=\"LA PIERRE DU MOIS : LA CORNALINE - Tepaseul\" \/>\n<meta property=\"og:description\" content=\"&nbsp; Tous les mois, nous vous invitons \u00e0 d\u00e9couvrir une pierre favorisant le bien-\u00eatre au quotidien. Pour le mois de septembre 2016, il s\u2019agit de la Cornaline. \u00a0 \u00a0 LA PIERRE DU MOIS DE SEPTEMBRE 2016\u00a0: LA CORNALINE &nbsp; La confiance &nbsp; Nous avons v\u00e9cu...\" \/>\n<meta property=\"og:url\" content=\"https:\/\/www.tepaseul-magazine.fr\/accueil\/pierre-mois-cornaline\/\" \/>\n<meta property=\"og:site_name\" content=\"Tepaseul\" \/>\n<meta property=\"article:published_time\" content=\"2016-09-07T07:55:32+00:00\" \/>\n<meta property=\"og:image\" content=\"http:\/\/www.tepaseul-magazine.fr\/wp-content\/uploads\/2016\/09\/cornaline-galets-calibres-2-300x200.jpg\" \/>\n<meta name=\"author\" content=\"Chantal Rolland\" \/>\n<script type=\"application\/ld+json\" class=\"yoast-schema-graph\">{\"@context\":\"https:\/\/schema.org\",\"@graph\":[{\"@type\":\"Article\",\"@id\":\"https:\/\/www.tepaseul-magazine.fr\/accueil\/pierre-mois-cornaline\/#article\",\"isPartOf\":{\"@id\":\"https:\/\/www.tepaseul-magazine.fr\/accueil\/pierre-mois-cornaline\/\"},\"author\":{\"name\":\"Chantal Rolland\",\"@id\":\"https:\/\/www.tepaseul-magazine.fr\/accueil\/#\/schema\/person\/dd3827dc04f692ff480da4bac4545eeb\"},\"headline\":\"LA PIERRE DU MOIS : LA CORNALINE\",\"datePublished\":\"2016-09-07T07:55:32+00:00\",\"dateModified\":\"2016-09-07T07:55:32+00:00\",\"mainEntityOfPage\":{\"@id\":\"https:\/\/www.tepaseul-magazine.fr\/accueil\/pierre-mois-cornaline\/\"},\"wordCount\":1100,\"commentCount\":0,\"publisher\":{\"@id\":\"https:\/\/www.tepaseul-magazine.fr\/accueil\/#organization\"},\"keywords\":[\"confiance\",\"cornaline\",\"d\u00e9cision\",\"informations\",\"pierre\"],\"articleSection\":[\"Horoscope\/astrologie\"],\"inLanguage\":\"fr-FR\",\"potentialAction\":[{\"@type\":\"CommentAction\",\"name\":\"Comment\",\"target\":[\"https:\/\/www.tepaseul-magazine.fr\/accueil\/pierre-mois-cornaline\/#respond\"]}]},{\"@type\":\"WebPage\",\"@id\":\"https:\/\/www.tepaseul-magazine.fr\/accueil\/pierre-mois-cornaline\/\",\"url\":\"https:\/\/www.tepaseul-magazine.fr\/accueil\/pierre-mois-cornaline\/\",\"name\":\"LA PIERRE DU MOIS : LA CORNALINE - Tepaseul\",\"isPartOf\":{\"@id\":\"https:\/\/www.tepaseul-magazine.fr\/accueil\/#website\"},\"datePublished\":\"2016-09-07T07:55:32+00:00\",\"dateModified\":\"2016-09-07T07:55:32+00:00\",\"breadcrumb\":{\"@id\":\"https:\/\/www.tepaseul-magazine.fr\/accueil\/pierre-mois-cornaline\/#breadcrumb\"},\"inLanguage\":\"fr-FR\",\"potentialAction\":[{\"@type\":\"ReadAction\",\"target\":[\"https:\/\/www.tepaseul-magazine.fr\/accueil\/pierre-mois-cornaline\/\"]}]},{\"@type\":\"BreadcrumbList\",\"@id\":\"https:\/\/www.tepaseul-magazine.fr\/accueil\/pierre-mois-cornaline\/#breadcrumb\",\"itemListElement\":[{\"@type\":\"ListItem\",\"position\":1,\"name\":\"Home\",\"item\":\"https:\/\/www.tepaseul-magazine.fr\/accueil\/\"},{\"@type\":\"ListItem\",\"position\":2,\"name\":\"LA PIERRE DU MOIS : LA CORNALINE\"}]},{\"@type\":\"WebSite\",\"@id\":\"https:\/\/www.tepaseul-magazine.fr\/accueil\/#website\",\"url\":\"https:\/\/www.tepaseul-magazine.fr\/accueil\/\",\"name\":\"Tepaseul\",\"description\":\"Le Magazine des solibattants\",\"publisher\":{\"@id\":\"https:\/\/www.tepaseul-magazine.fr\/accueil\/#organization\"},\"potentialAction\":[{\"@type\":\"SearchAction\",\"target\":{\"@type\":\"EntryPoint\",\"urlTemplate\":\"https:\/\/www.tepaseul-magazine.fr\/accueil\/?s={search_term_string}\"},\"query-input\":\"required name=search_term_string\"}],\"inLanguage\":\"fr-FR\"},{\"@type\":\"Organization\",\"@id\":\"https:\/\/www.tepaseul-magazine.fr\/accueil\/#organization\",\"name\":\"Tepaseul\",\"url\":\"https:\/\/www.tepaseul-magazine.fr\/accueil\/\",\"logo\":{\"@type\":\"ImageObject\",\"inLanguage\":\"fr-FR\",\"@id\":\"https:\/\/www.tepaseul-magazine.fr\/accueil\/#\/schema\/logo\/image\/\",\"url\":\"https:\/\/www.tepaseul-magazine.fr\/wp-content\/uploads\/2014\/12\/logo_doublev2-noir.png\",\"contentUrl\":\"https:\/\/www.tepaseul-magazine.fr\/wp-content\/uploads\/2014\/12\/logo_doublev2-noir.png\",\"width\":205,\"height\":51,\"caption\":\"Tepaseul\"},\"image\":{\"@id\":\"https:\/\/www.tepaseul-magazine.fr\/accueil\/#\/schema\/logo\/image\/\"}},{\"@type\":\"Person\",\"@id\":\"https:\/\/www.tepaseul-magazine.fr\/accueil\/#\/schema\/person\/dd3827dc04f692ff480da4bac4545eeb\",\"name\":\"Chantal Rolland\",\"image\":{\"@type\":\"ImageObject\",\"inLanguage\":\"fr-FR\",\"@id\":\"https:\/\/www.tepaseul-magazine.fr\/accueil\/#\/schema\/person\/image\/\",\"url\":\"https:\/\/secure.gravatar.com\/avatar\/a67dbe83e155eb41b8bc6c41ebcc8564?s=96&d=mm&r=g\",\"contentUrl\":\"https:\/\/secure.gravatar.com\/avatar\/a67dbe83e155eb41b8bc6c41ebcc8564?s=96&d=mm&r=g\",\"caption\":\"Chantal Rolland\"},\"url\":\"https:\/\/www.tepaseul-magazine.fr\/accueil\/author\/chantal-rolland\/\"}]}<\/script>\n<!-- \/ Yoast SEO plugin. -->","yoast_head_json":{"title":"LA PIERRE DU MOIS : LA CORNALINE - Tepaseul","robots":{"index":"index","follow":"follow","max-snippet":"max-snippet:-1","max-image-preview":"max-image-preview:large","max-video-preview":"max-video-preview:-1"},"canonical":"https:\/\/www.tepaseul-magazine.fr\/accueil\/pierre-mois-cornaline\/","og_locale":"fr_FR","og_type":"article","og_title":"LA PIERRE DU MOIS : LA CORNALINE - Tepaseul","og_description":"&nbsp; Tous les mois, nous vous invitons \u00e0 d\u00e9couvrir une pierre favorisant le bien-\u00eatre au quotidien. Pour le mois de septembre 2016, il s\u2019agit de la Cornaline. \u00a0 \u00a0 LA PIERRE DU MOIS DE SEPTEMBRE 2016\u00a0: LA CORNALINE &nbsp; La confiance &nbsp; Nous avons v\u00e9cu...","og_url":"https:\/\/www.tepaseul-magazine.fr\/accueil\/pierre-mois-cornaline\/","og_site_name":"Tepaseul","article_published_time":"2016-09-07T07:55:32+00:00","og_image":[{"url":"http:\/\/www.tepaseul-magazine.fr\/wp-content\/uploads\/2016\/09\/cornaline-galets-calibres-2-300x200.jpg"}],"author":"Chantal Rolland","schema":{"@context":"https:\/\/schema.org","@graph":[{"@type":"Article","@id":"https:\/\/www.tepaseul-magazine.fr\/accueil\/pierre-mois-cornaline\/#article","isPartOf":{"@id":"https:\/\/www.tepaseul-magazine.fr\/accueil\/pierre-mois-cornaline\/"},"author":{"name":"Chantal Rolland","@id":"https:\/\/www.tepaseul-magazine.fr\/accueil\/#\/schema\/person\/dd3827dc04f692ff480da4bac4545eeb"},"headline":"LA PIERRE DU MOIS : LA CORNALINE","datePublished":"2016-09-07T07:55:32+00:00","dateModified":"2016-09-07T07:55:32+00:00","mainEntityOfPage":{"@id":"https:\/\/www.tepaseul-magazine.fr\/accueil\/pierre-mois-cornaline\/"},"wordCount":1100,"commentCount":0,"publisher":{"@id":"https:\/\/www.tepaseul-magazine.fr\/accueil\/#organization"},"keywords":["confiance","cornaline","d\u00e9cision","informations","pierre"],"articleSection":["Horoscope\/astrologie"],"inLanguage":"fr-FR","potentialAction":[{"@type":"CommentAction","name":"Comment","target":["https:\/\/www.tepaseul-magazine.fr\/accueil\/pierre-mois-cornaline\/#respond"]}]},{"@type":"WebPage","@id":"https:\/\/www.tepaseul-magazine.fr\/accueil\/pierre-mois-cornaline\/","url":"https:\/\/www.tepaseul-magazine.fr\/accueil\/pierre-mois-cornaline\/","name":"LA PIERRE DU MOIS : LA CORNALINE - Tepaseul","isPartOf":{"@id":"https:\/\/www.tepaseul-magazine.fr\/accueil\/#website"},"datePublished":"2016-09-07T07:55:32+00:00","dateModified":"2016-09-07T07:55:32+00:00","breadcrumb":{"@id":"https:\/\/www.tepaseul-magazine.fr\/accueil\/pierre-mois-cornaline\/#breadcrumb"},"inLanguage":"fr-FR","potentialAction":[{"@type":"ReadAction","target":["https:\/\/www.tepaseul-magazine.fr\/accueil\/pierre-mois-cornaline\/"]}]},{"@type":"BreadcrumbList","@id":"https:\/\/www.tepaseul-magazine.fr\/accueil\/pierre-mois-cornaline\/#breadcrumb","itemListElement":[{"@type":"ListItem","position":1,"name":"Home","item":"https:\/\/www.tepaseul-magazine.fr\/accueil\/"},{"@type":"ListItem","position":2,"name":"LA PIERRE DU MOIS : LA CORNALINE"}]},{"@type":"WebSite","@id":"https:\/\/www.tepaseul-magazine.fr\/accueil\/#website","url":"https:\/\/www.tepaseul-magazine.fr\/accueil\/","name":"Tepaseul","description":"Le Magazine des solibattants","publisher":{"@id":"https:\/\/www.tepaseul-magazine.fr\/accueil\/#organization"},"potentialAction":[{"@type":"SearchAction","target":{"@type":"EntryPoint","urlTemplate":"https:\/\/www.tepaseul-magazine.fr\/accueil\/?s={search_term_string}"},"query-input":"required name=search_term_string"}],"inLanguage":"fr-FR"},{"@type":"Organization","@id":"https:\/\/www.tepaseul-magazine.fr\/accueil\/#organization","name":"Tepaseul","url":"https:\/\/www.tepaseul-magazine.fr\/accueil\/","logo":{"@type":"ImageObject","inLanguage":"fr-FR","@id":"https:\/\/www.tepaseul-magazine.fr\/accueil\/#\/schema\/logo\/image\/","url":"https:\/\/www.tepaseul-magazine.fr\/wp-content\/uploads\/2014\/12\/logo_doublev2-noir.png","contentUrl":"https:\/\/www.tepaseul-magazine.fr\/wp-content\/uploads\/2014\/12\/logo_doublev2-noir.png","width":205,"height":51,"caption":"Tepaseul"},"image":{"@id":"https:\/\/www.tepaseul-magazine.fr\/accueil\/#\/schema\/logo\/image\/"}},{"@type":"Person","@id":"https:\/\/www.tepaseul-magazine.fr\/accueil\/#\/schema\/person\/dd3827dc04f692ff480da4bac4545eeb","name":"Chantal Rolland","image":{"@type":"ImageObject","inLanguage":"fr-FR","@id":"https:\/\/www.tepaseul-magazine.fr\/accueil\/#\/schema\/person\/image\/","url":"https:\/\/secure.gravatar.com\/avatar\/a67dbe83e155eb41b8bc6c41ebcc8564?s=96&d=mm&r=g","contentUrl":"https:\/\/secure.gravatar.com\/avatar\/a67dbe83e155eb41b8bc6c41ebcc8564?s=96&d=mm&r=g","caption":"Chantal Rolland"},"url":"https:\/\/www.tepaseul-magazine.fr\/accueil\/author\/chantal-rolland\/"}]}},"_links":{"self":[{"href":"https:\/\/www.tepaseul-magazine.fr\/accueil\/wp-json\/wp\/v2\/posts\/11696"}],"collection":[{"href":"https:\/\/www.tepaseul-magazine.fr\/accueil\/wp-json\/wp\/v2\/posts"}],"about":[{"href":"https:\/\/www.tepaseul-magazine.fr\/accueil\/wp-json\/wp\/v2\/types\/post"}],"author":[{"embeddable":true,"href":"https:\/\/www.tepaseul-magazine.fr\/accueil\/wp-json\/wp\/v2\/users\/2"}],"replies":[{"embeddable":true,"href":"https:\/\/www.tepaseul-magazine.fr\/accueil\/wp-json\/wp\/v2\/comments?post=11696"}],"version-history":[{"count":1,"href":"https:\/\/www.tepaseul-magazine.fr\/accueil\/wp-json\/wp\/v2\/posts\/11696\/revisions"}],"predecessor-version":[{"id":11699,"href":"https:\/\/www.tepaseul-magazine.fr\/accueil\/wp-json\/wp\/v2\/posts\/11696\/revisions\/11699"}],"wp:attachment":[{"href":"https:\/\/www.tepaseul-magazine.fr\/accueil\/wp-json\/wp\/v2\/media?parent=11696"}],"wp:term":[{"taxonomy":"category","embeddable":true,"href":"https:\/\/www.tepaseul-magazine.fr\/accueil\/wp-json\/wp\/v2\/categories?post=11696"},{"taxonomy":"post_tag","embeddable":true,"href":"https:\/\/www.tepaseul-magazine.fr\/accueil\/wp-json\/wp\/v2\/tags?post=11696"}],"curies":[{"name":"wp","href":"https:\/\/api.w.org\/{rel}","templated":true}]}}