{"id":11930,"date":"2016-11-30T13:37:13","date_gmt":"2016-11-30T12:37:13","guid":{"rendered":"http:\/\/www.tepaseul-magazine.fr\/?p=11930"},"modified":"2016-12-13T10:13:58","modified_gmt":"2016-12-13T09:13:58","slug":"portrait-francois-de-witt-preuve-l-ame","status":"publish","type":"post","link":"https:\/\/www.tepaseul-magazine.fr\/accueil\/portrait-francois-de-witt-preuve-l-ame\/","title":{"rendered":"PORTRAIT : FRANCOIS DE WITT ET LA PREUVE PAR L&rsquo; AME"},"content":{"rendered":"<p><strong>TRISTE NOUVELLE : NOUS VENONS D&rsquo;APPRENDRE, LE 11 DECEMBRE 2016, LE DECES DE FRANCOIS DE WITT. UNE BELLE AME VIENT DE S&rsquo;ENVOLER&#8230;. TOUTES NOS CONDOLEANCES A LA FAMILLE&#8230;<\/strong><\/p>\n<p>&nbsp;<\/p>\n<p><strong>FRANCOIS DE WITT\u00a0: LA PREUVE PAR L\u2019AME<\/strong><\/p>\n<p><strong>Aux \u00e9ditions Tr\u00e9daniel<a href=\"http:\/\/www.tepaseul-magazine.fr\/wp-content\/uploads\/2016\/11\/1602-1.jpg\"><img loading=\"lazy\" decoding=\"async\" class=\"aligncenter size-full wp-image-11931\" src=\"http:\/\/www.tepaseul-magazine.fr\/wp-content\/uploads\/2016\/11\/1602-1.jpg\" alt=\"1602-1\" width=\"180\" height=\"267\" \/><\/a><\/strong><\/p>\n<p>&nbsp;<\/p>\n<p>L\u2019interview a lieu dans 48h, il me reste \u00e0 boucler le magazine, finir d\u2019installer le site de l\u2019association dont les ateliers commencent le week-end prochain et\u2026 dormir quelques heures accessoirement\u2026 et aussi , lire l\u2019ouvrage de M. de Witt si je tiens \u00e0 mener comme il se doit l\u2019interview pr\u00e9vue. Vais-je parvenir \u00e0 tout concilier\u00a0?<\/p>\n<p>Je commence donc la lecture de ce livre \u00e9dit\u00e9 chez <strong>Tr\u00e9daniel et intitul\u00e9 \u00ab\u00a0la preuve par l\u2019\u00c2me\u00a0\u00bb,<\/strong> titre \u00e9vocateur tr\u00e8s encourageant. Cet ouvrage est \u00e9crit par un journaliste \u00e9conomiste et financier\u00a0: il est rare de voir ce type de th\u00e9matique abord\u00e9e par un auteur polytechnicien, souvent plus ancr\u00e9 dans la matrice que dans l\u2019au-del\u00e0\u2026 D\u00e8s les premi\u00e8res pages de ce livre pourtant, je me laisse totalement happer\u00a0: Le point de vue de l\u2019auteur se rapproche de celui d\u2018une personne qui aurait v\u00e9cu une NDE ou EMI ou d\u2019un expert en d\u00e9veloppement personnel qui aurait v\u00e9cu des \u00e9tats de conscience modifi\u00e9e.<\/p>\n<p>Je suis absolument \u00e9merveill\u00e9e de voir \u00e0 quel point cet auteur manie divinement la langue fran\u00e7aise, surfant sur des concepts de la litt\u00e9rature, citant de fa\u00e7on plus qu\u2019 appropri\u00e9e des extraits entiers de grands classiques, resituant l\u2019histoire de l\u2019identit\u00e9 de l\u2019\u00e2me au travers de la litt\u00e9rature que nous connaissons tous et qui nous appara\u00eet toute autre. Tellement prenant que \u00e7\u2019en est \u00ab\u00a0savoureux\u00a0\u00bb. Une d\u00e9lectation gustative, comme celle des douceurs de notre enfance\u2026 Une madeleine de Proust pour moi qui ai v\u00e9cu une NDE \u00e0 l\u2019\u00e2ge de huit ans. Ce savant m\u00e9lange de citations d\u2019extraits litt\u00e9raires assimil\u00e9 \u00e0 une r\u00e9flexion personnelle fond\u00e9e sur des ann\u00e9es d\u2019interrogation conduisent l\u2019auteur \u00e0 s\u2019interroger de fa\u00e7on pertinente sur la notion de l\u2019\u00e2me depuis ses origines jusqu\u2019\u00e0 ses objectifs\u2026. Pour avoir touch\u00e9 durant mon exp\u00e9rience de NDE \u00e0 l\u2019amour inconditionnel et au Savoir illimit\u00e9, j\u2019ai, en lisant M. De Witt, eu la r\u00e9miniscence des sensations et des \u00e9motions v\u00e9cues alors, source d\u2019une joie et d\u2019un bouleversement profonds. Rien qu\u2019en lisant ce livre et en laissant ses formules r\u00e9sonner dans mon c\u0153ur, j\u2019ai pu retrouver ce profond bien-\u00eatre de compl\u00e9tude absolue lorsqu\u2019on ne fait qu\u2019un avec son \u00e2me. Un ouvrage pouvait donc traduire pleinement ce que j\u2019avais capt\u00e9, moi qui me sentais depuis tout ce temps r\u00e9duite \u00e0 n\u2019exprimer que partiellement ce que j\u2018avais ressenti durant mon exp\u00e9rience d\u2019 il y a 60 ans.<\/p>\n<p>Fran\u00e7ois De Witt tel un explorateur de l\u2019\u00e2me, jongle de fa\u00e7on journalistique avec des pr\u00e9ceptes culturels et philosophiques pour mieux extraire une information \u00e9motionnelle d\u2019une notion \u00e0 la fois abstraite et palpable. Un v\u00e9ritable exploit. Autant dire que la notion du temps s\u2019est fig\u00e9e et que, loin de compliquer la donne dans un emploi du temps d\u00e9j\u00e0 charg\u00e9, la lecture de ce livre a su me donner des ailes pour tout conjuguer.<\/p>\n<p>Le jour J, la discussion avec Monsieur De Witt fut comme une continuit\u00e9 logique de son ouvrage. L\u2019interview n\u2019a pas \u00e9t\u00e9 traditionnelle, juste un \u00e9change d\u2019\u00e2me \u00e0 \u00e2me d\u2019une profonde authenticit\u00e9. Ce polytechnicien, dipl\u00f4m\u00e9 de Sciences P\u00f4, a une t\u00eate bien faite dans une divinit\u00e9 personnelle bien assum\u00e9e. Ses recherches en psychologie associ\u00e9es \u00e0 une vaste culture lui ont permis de restituer une d\u00e9marche d\u2019enqu\u00eateur et l\u2019ensemble ainsi combin\u00e9 nous initie en douceur et confiance \u00e0 l\u2019 ouverture de conscience \u00e0 laquelle nous devons tous acc\u00e9der pour notre plus grand bien.<\/p>\n<p>Fran\u00e7ois De Witt a la chance d\u2019avoir su conserver son \u00e2me d\u2019enfant, cette puret\u00e9 authentique que d\u2019aucuns appellent \u00ab\u00a0na\u00efvet\u00e9\u00a0\u00bb mais qui est ni plus ni moins du bon c\u0153ur \u00e0 l\u2019\u00e9tat pur\u00a0: celui qui conduit \u00e0 l\u2019empathie, \u00e0 la facult\u00e9 d\u2019appr\u00e9cier l\u2019instant dans l\u2019\u00e9merveillement. Il vit et respire l\u2019Unit\u00e9 de fa\u00e7on si naturelle que lui-m\u00eame est \u00e9tonn\u00e9 qu\u2019on le lui fasse remarquer. C\u2019est sans doute la raison pour laquelle il re\u00e7oit autant de t\u00e9moignages de sympathie\u00a0: de nombreuses personnes viennent \u00e0 lui sans le conna\u00eetre, sans doute attir\u00e9es par des fr\u00e9quences subtiles de grande qualit\u00e9.<\/p>\n<p>Ce qui le distingue des nombreux autres auteurs qui se sont essay\u00e9s sur le sujet, c\u2019est sa facult\u00e9 \u00e0 associer des courants intellectuels \u00e0 une question existentielle qui est celle du sens de la vie. Le pr\u00e9texte culturel est initiateur d\u2019un \u00e9lan d\u2019ouverture de conscience, et on n\u2019a qu\u2019une envie en fermant cet ouvrage ou en quittant cet auteur, c\u2019est de poursuivre par soi-m\u00eame le travail entam\u00e9 au contact de ses mots\u00a0: s\u2019aligner \u00e0 son \u00e2me, en restant proche de son c\u0153ur, dans toutes les circonstances de sa vie.<\/p>\n<p>Emport\u00e9s par notre discussion \u00e0 b\u00e2tons rompus, je n\u2019ai pas eu le temps de lui parler de sa passion des oiseaux que je partage, autres messagers de l\u2019\u00e2me porteurs de richesse\u2026Pr\u00e9voyons vite une prochaine rencontre\u00a0pour continuer de d\u00e9couvrir vos richesses et vos centres d\u2019int\u00e9r\u00eat, cher monsieur. Vous avez la facult\u00e9 de nous communiquer vos passions\u00a0! Merci d\u2019\u00eatre un mod\u00e8le de pl\u00e9nitude et d\u2019unit\u00e9. Restez celui que vous \u00eates et continuez \u00e0 explorer d\u2019autres sujets essentiels pour notre grand plaisir.<\/p>\n<p><strong>Chantal ROLLAND<\/strong><\/p>\n<p>&nbsp;<\/p>\n<p><strong>Qui est Fran\u00e7ois De Witt\u00a0?<br \/>\n<\/strong><\/p>\n<p>\u00ab\u00a0Fran\u00e7ois de Witt cumule 40 ans de presse \u00e9conomique et patrimoniale. Il a dirig\u00e9 notamment La Vie Fran\u00e7aise, Challenges et Mieux Vivre Votre Argent. Il a \u00e9t\u00e9 \u00e9galement chroniqueur radio pendant 25 ans, dont 19 ans \u00e0 France Info (Questions d&rsquo;argent). Il a \u00e9t\u00e9 pr\u00e9sident pendant 6 ans de Finansol, l&rsquo;association qui fait la promotion de l&rsquo;\u00e9pargne solidaire.<\/p>\n<p>Fran\u00e7ois de Witt, \u00e2g\u00e9 de 71 ans, a \u00e9t\u00e9 \u00e9lev\u00e9 en Grande Bretagne et aux Etats-Unis. Ancien \u00e9l\u00e8ve de l&rsquo;Ecole Polytechnique et dipl\u00f4m\u00e9 de Sciences-Po Paris, il a effectu\u00e9 l&rsquo;essentiel de sa carri\u00e8re (\u00e0 succ\u00e8s) comme journaliste \u00e9conomiste, successivement r\u00e9dacteur en chef ou directeur de la r\u00e9daction de l&rsquo;Expansion, la Vie fran\u00e7aise, Challenges, Mieux vivre votre argent. Il a \u00e9galement \u00e9t\u00e9 un chroniqueur \u00e9cout\u00e9 \u00e0 Europe 1, RMC, Radio Classique et France Info. Apr\u00e8s plusieurs ouvrages correspondant \u00e0 sa sp\u00e9cialit\u00e9 (Les Fran\u00e7ais \u00e0 la corbeille, appauvrissez-vous, Argentissime), il vient de se lancer audacieusement dans la m\u00e9taphysique.\u00a0\u00bb<\/p>\n<p>&nbsp;<\/p>\n","protected":false},"excerpt":{"rendered":"<p>TRISTE NOUVELLE : NOUS VENONS D&rsquo;APPRENDRE, LE 11 DECEMBRE 2016, LE DECES DE FRANCOIS DE WITT. UNE BELLE AME VIENT DE S&rsquo;ENVOLER&#8230;. TOUTES NOS CONDOLEANCES A LA FAMILLE&#8230; &nbsp; FRANCOIS DE WITT\u00a0: LA PREUVE PAR L\u2019AME Aux \u00e9ditions Tr\u00e9daniel &nbsp; L\u2019interview a lieu dans 48h,&#8230;<\/p>\n","protected":false},"author":2,"featured_media":11932,"comment_status":"open","ping_status":"open","sticky":false,"template":"","format":"standard","meta":{"footnotes":""},"categories":[59,57],"tags":[1650,417,1045,1651,1652,1151,1654,1571,1653],"yoast_head":"<!-- This site is optimized with the Yoast SEO plugin v21.9.1 - https:\/\/yoast.com\/wordpress\/plugins\/seo\/ -->\n<title>PORTRAIT : FRANCOIS DE WITT ET LA PREUVE PAR L&#039; AME - Tepaseul<\/title>\n<meta name=\"robots\" content=\"index, follow, max-snippet:-1, max-image-preview:large, max-video-preview:-1\" \/>\n<link rel=\"canonical\" href=\"https:\/\/www.tepaseul-magazine.fr\/accueil\/portrait-francois-de-witt-preuve-l-ame\/\" \/>\n<meta property=\"og:locale\" content=\"fr_FR\" \/>\n<meta property=\"og:type\" content=\"article\" \/>\n<meta property=\"og:title\" content=\"PORTRAIT : FRANCOIS DE WITT ET LA PREUVE PAR L&#039; AME - Tepaseul\" \/>\n<meta property=\"og:description\" content=\"TRISTE NOUVELLE : NOUS VENONS D&rsquo;APPRENDRE, LE 11 DECEMBRE 2016, LE DECES DE FRANCOIS DE WITT. UNE BELLE AME VIENT DE S&rsquo;ENVOLER&#8230;. TOUTES NOS CONDOLEANCES A LA FAMILLE&#8230; &nbsp; FRANCOIS DE WITT\u00a0: LA PREUVE PAR L\u2019AME Aux \u00e9ditions Tr\u00e9daniel &nbsp; L\u2019interview a lieu dans 48h,...\" \/>\n<meta property=\"og:url\" content=\"https:\/\/www.tepaseul-magazine.fr\/accueil\/portrait-francois-de-witt-preuve-l-ame\/\" \/>\n<meta property=\"og:site_name\" content=\"Tepaseul\" \/>\n<meta property=\"article:published_time\" content=\"2016-11-30T12:37:13+00:00\" \/>\n<meta property=\"article:modified_time\" content=\"2016-12-13T09:13:58+00:00\" \/>\n<meta property=\"og:image\" content=\"https:\/\/www.tepaseul-magazine.fr\/wp-content\/uploads\/2016\/11\/1540-1.jpg\" \/>\n\t<meta property=\"og:image:width\" content=\"340\" \/>\n\t<meta property=\"og:image:height\" content=\"340\" \/>\n\t<meta property=\"og:image:type\" content=\"image\/jpeg\" \/>\n<meta name=\"author\" content=\"Chantal Rolland\" \/>\n<script type=\"application\/ld+json\" class=\"yoast-schema-graph\">{\"@context\":\"https:\/\/schema.org\",\"@graph\":[{\"@type\":\"Article\",\"@id\":\"https:\/\/www.tepaseul-magazine.fr\/accueil\/portrait-francois-de-witt-preuve-l-ame\/#article\",\"isPartOf\":{\"@id\":\"https:\/\/www.tepaseul-magazine.fr\/accueil\/portrait-francois-de-witt-preuve-l-ame\/\"},\"author\":{\"name\":\"Chantal Rolland\",\"@id\":\"https:\/\/www.tepaseul-magazine.fr\/accueil\/#\/schema\/person\/dd3827dc04f692ff480da4bac4545eeb\"},\"headline\":\"PORTRAIT : FRANCOIS DE WITT ET LA PREUVE PAR L&rsquo; AME\",\"datePublished\":\"2016-11-30T12:37:13+00:00\",\"dateModified\":\"2016-12-13T09:13:58+00:00\",\"mainEntityOfPage\":{\"@id\":\"https:\/\/www.tepaseul-magazine.fr\/accueil\/portrait-francois-de-witt-preuve-l-ame\/\"},\"wordCount\":1137,\"commentCount\":0,\"publisher\":{\"@id\":\"https:\/\/www.tepaseul-magazine.fr\/accueil\/#organization\"},\"keywords\":[\"\u00e2me\",\"amour inconditionnel\",\"culture\",\"fran\u00e7ois de Witt\",\"matrice\",\"NDE\",\"polytechnicien\",\"recherches\",\"savoir\"],\"articleSection\":[\"L\u2019\u00e9v\u00e9nement du mois\",\"Portraits du mois\"],\"inLanguage\":\"fr-FR\",\"potentialAction\":[{\"@type\":\"CommentAction\",\"name\":\"Comment\",\"target\":[\"https:\/\/www.tepaseul-magazine.fr\/accueil\/portrait-francois-de-witt-preuve-l-ame\/#respond\"]}]},{\"@type\":\"WebPage\",\"@id\":\"https:\/\/www.tepaseul-magazine.fr\/accueil\/portrait-francois-de-witt-preuve-l-ame\/\",\"url\":\"https:\/\/www.tepaseul-magazine.fr\/accueil\/portrait-francois-de-witt-preuve-l-ame\/\",\"name\":\"PORTRAIT : FRANCOIS DE WITT ET LA PREUVE PAR L' AME - Tepaseul\",\"isPartOf\":{\"@id\":\"https:\/\/www.tepaseul-magazine.fr\/accueil\/#website\"},\"datePublished\":\"2016-11-30T12:37:13+00:00\",\"dateModified\":\"2016-12-13T09:13:58+00:00\",\"breadcrumb\":{\"@id\":\"https:\/\/www.tepaseul-magazine.fr\/accueil\/portrait-francois-de-witt-preuve-l-ame\/#breadcrumb\"},\"inLanguage\":\"fr-FR\",\"potentialAction\":[{\"@type\":\"ReadAction\",\"target\":[\"https:\/\/www.tepaseul-magazine.fr\/accueil\/portrait-francois-de-witt-preuve-l-ame\/\"]}]},{\"@type\":\"BreadcrumbList\",\"@id\":\"https:\/\/www.tepaseul-magazine.fr\/accueil\/portrait-francois-de-witt-preuve-l-ame\/#breadcrumb\",\"itemListElement\":[{\"@type\":\"ListItem\",\"position\":1,\"name\":\"Home\",\"item\":\"https:\/\/www.tepaseul-magazine.fr\/accueil\/\"},{\"@type\":\"ListItem\",\"position\":2,\"name\":\"PORTRAIT : FRANCOIS DE WITT ET LA PREUVE PAR L&rsquo; AME\"}]},{\"@type\":\"WebSite\",\"@id\":\"https:\/\/www.tepaseul-magazine.fr\/accueil\/#website\",\"url\":\"https:\/\/www.tepaseul-magazine.fr\/accueil\/\",\"name\":\"Tepaseul\",\"description\":\"Le Magazine des solibattants\",\"publisher\":{\"@id\":\"https:\/\/www.tepaseul-magazine.fr\/accueil\/#organization\"},\"potentialAction\":[{\"@type\":\"SearchAction\",\"target\":{\"@type\":\"EntryPoint\",\"urlTemplate\":\"https:\/\/www.tepaseul-magazine.fr\/accueil\/?s={search_term_string}\"},\"query-input\":\"required name=search_term_string\"}],\"inLanguage\":\"fr-FR\"},{\"@type\":\"Organization\",\"@id\":\"https:\/\/www.tepaseul-magazine.fr\/accueil\/#organization\",\"name\":\"Tepaseul\",\"url\":\"https:\/\/www.tepaseul-magazine.fr\/accueil\/\",\"logo\":{\"@type\":\"ImageObject\",\"inLanguage\":\"fr-FR\",\"@id\":\"https:\/\/www.tepaseul-magazine.fr\/accueil\/#\/schema\/logo\/image\/\",\"url\":\"https:\/\/www.tepaseul-magazine.fr\/wp-content\/uploads\/2014\/12\/logo_doublev2-noir.png\",\"contentUrl\":\"https:\/\/www.tepaseul-magazine.fr\/wp-content\/uploads\/2014\/12\/logo_doublev2-noir.png\",\"width\":205,\"height\":51,\"caption\":\"Tepaseul\"},\"image\":{\"@id\":\"https:\/\/www.tepaseul-magazine.fr\/accueil\/#\/schema\/logo\/image\/\"}},{\"@type\":\"Person\",\"@id\":\"https:\/\/www.tepaseul-magazine.fr\/accueil\/#\/schema\/person\/dd3827dc04f692ff480da4bac4545eeb\",\"name\":\"Chantal Rolland\",\"image\":{\"@type\":\"ImageObject\",\"inLanguage\":\"fr-FR\",\"@id\":\"https:\/\/www.tepaseul-magazine.fr\/accueil\/#\/schema\/person\/image\/\",\"url\":\"https:\/\/secure.gravatar.com\/avatar\/a67dbe83e155eb41b8bc6c41ebcc8564?s=96&d=mm&r=g\",\"contentUrl\":\"https:\/\/secure.gravatar.com\/avatar\/a67dbe83e155eb41b8bc6c41ebcc8564?s=96&d=mm&r=g\",\"caption\":\"Chantal Rolland\"},\"url\":\"https:\/\/www.tepaseul-magazine.fr\/accueil\/author\/chantal-rolland\/\"}]}<\/script>\n<!-- \/ Yoast SEO plugin. -->","yoast_head_json":{"title":"PORTRAIT : FRANCOIS DE WITT ET LA PREUVE PAR L' AME - Tepaseul","robots":{"index":"index","follow":"follow","max-snippet":"max-snippet:-1","max-image-preview":"max-image-preview:large","max-video-preview":"max-video-preview:-1"},"canonical":"https:\/\/www.tepaseul-magazine.fr\/accueil\/portrait-francois-de-witt-preuve-l-ame\/","og_locale":"fr_FR","og_type":"article","og_title":"PORTRAIT : FRANCOIS DE WITT ET LA PREUVE PAR L' AME - Tepaseul","og_description":"TRISTE NOUVELLE : NOUS VENONS D&rsquo;APPRENDRE, LE 11 DECEMBRE 2016, LE DECES DE FRANCOIS DE WITT. UNE BELLE AME VIENT DE S&rsquo;ENVOLER&#8230;. TOUTES NOS CONDOLEANCES A LA FAMILLE&#8230; &nbsp; FRANCOIS DE WITT\u00a0: LA PREUVE PAR L\u2019AME Aux \u00e9ditions Tr\u00e9daniel &nbsp; L\u2019interview a lieu dans 48h,...","og_url":"https:\/\/www.tepaseul-magazine.fr\/accueil\/portrait-francois-de-witt-preuve-l-ame\/","og_site_name":"Tepaseul","article_published_time":"2016-11-30T12:37:13+00:00","article_modified_time":"2016-12-13T09:13:58+00:00","og_image":[{"width":340,"height":340,"url":"https:\/\/www.tepaseul-magazine.fr\/wp-content\/uploads\/2016\/11\/1540-1.jpg","type":"image\/jpeg"}],"author":"Chantal Rolland","schema":{"@context":"https:\/\/schema.org","@graph":[{"@type":"Article","@id":"https:\/\/www.tepaseul-magazine.fr\/accueil\/portrait-francois-de-witt-preuve-l-ame\/#article","isPartOf":{"@id":"https:\/\/www.tepaseul-magazine.fr\/accueil\/portrait-francois-de-witt-preuve-l-ame\/"},"author":{"name":"Chantal Rolland","@id":"https:\/\/www.tepaseul-magazine.fr\/accueil\/#\/schema\/person\/dd3827dc04f692ff480da4bac4545eeb"},"headline":"PORTRAIT : FRANCOIS DE WITT ET LA PREUVE PAR L&rsquo; AME","datePublished":"2016-11-30T12:37:13+00:00","dateModified":"2016-12-13T09:13:58+00:00","mainEntityOfPage":{"@id":"https:\/\/www.tepaseul-magazine.fr\/accueil\/portrait-francois-de-witt-preuve-l-ame\/"},"wordCount":1137,"commentCount":0,"publisher":{"@id":"https:\/\/www.tepaseul-magazine.fr\/accueil\/#organization"},"keywords":["\u00e2me","amour inconditionnel","culture","fran\u00e7ois de Witt","matrice","NDE","polytechnicien","recherches","savoir"],"articleSection":["L\u2019\u00e9v\u00e9nement du mois","Portraits du mois"],"inLanguage":"fr-FR","potentialAction":[{"@type":"CommentAction","name":"Comment","target":["https:\/\/www.tepaseul-magazine.fr\/accueil\/portrait-francois-de-witt-preuve-l-ame\/#respond"]}]},{"@type":"WebPage","@id":"https:\/\/www.tepaseul-magazine.fr\/accueil\/portrait-francois-de-witt-preuve-l-ame\/","url":"https:\/\/www.tepaseul-magazine.fr\/accueil\/portrait-francois-de-witt-preuve-l-ame\/","name":"PORTRAIT : FRANCOIS DE WITT ET LA PREUVE PAR L' AME - Tepaseul","isPartOf":{"@id":"https:\/\/www.tepaseul-magazine.fr\/accueil\/#website"},"datePublished":"2016-11-30T12:37:13+00:00","dateModified":"2016-12-13T09:13:58+00:00","breadcrumb":{"@id":"https:\/\/www.tepaseul-magazine.fr\/accueil\/portrait-francois-de-witt-preuve-l-ame\/#breadcrumb"},"inLanguage":"fr-FR","potentialAction":[{"@type":"ReadAction","target":["https:\/\/www.tepaseul-magazine.fr\/accueil\/portrait-francois-de-witt-preuve-l-ame\/"]}]},{"@type":"BreadcrumbList","@id":"https:\/\/www.tepaseul-magazine.fr\/accueil\/portrait-francois-de-witt-preuve-l-ame\/#breadcrumb","itemListElement":[{"@type":"ListItem","position":1,"name":"Home","item":"https:\/\/www.tepaseul-magazine.fr\/accueil\/"},{"@type":"ListItem","position":2,"name":"PORTRAIT : FRANCOIS DE WITT ET LA PREUVE PAR L&rsquo; AME"}]},{"@type":"WebSite","@id":"https:\/\/www.tepaseul-magazine.fr\/accueil\/#website","url":"https:\/\/www.tepaseul-magazine.fr\/accueil\/","name":"Tepaseul","description":"Le Magazine des solibattants","publisher":{"@id":"https:\/\/www.tepaseul-magazine.fr\/accueil\/#organization"},"potentialAction":[{"@type":"SearchAction","target":{"@type":"EntryPoint","urlTemplate":"https:\/\/www.tepaseul-magazine.fr\/accueil\/?s={search_term_string}"},"query-input":"required name=search_term_string"}],"inLanguage":"fr-FR"},{"@type":"Organization","@id":"https:\/\/www.tepaseul-magazine.fr\/accueil\/#organization","name":"Tepaseul","url":"https:\/\/www.tepaseul-magazine.fr\/accueil\/","logo":{"@type":"ImageObject","inLanguage":"fr-FR","@id":"https:\/\/www.tepaseul-magazine.fr\/accueil\/#\/schema\/logo\/image\/","url":"https:\/\/www.tepaseul-magazine.fr\/wp-content\/uploads\/2014\/12\/logo_doublev2-noir.png","contentUrl":"https:\/\/www.tepaseul-magazine.fr\/wp-content\/uploads\/2014\/12\/logo_doublev2-noir.png","width":205,"height":51,"caption":"Tepaseul"},"image":{"@id":"https:\/\/www.tepaseul-magazine.fr\/accueil\/#\/schema\/logo\/image\/"}},{"@type":"Person","@id":"https:\/\/www.tepaseul-magazine.fr\/accueil\/#\/schema\/person\/dd3827dc04f692ff480da4bac4545eeb","name":"Chantal Rolland","image":{"@type":"ImageObject","inLanguage":"fr-FR","@id":"https:\/\/www.tepaseul-magazine.fr\/accueil\/#\/schema\/person\/image\/","url":"https:\/\/secure.gravatar.com\/avatar\/a67dbe83e155eb41b8bc6c41ebcc8564?s=96&d=mm&r=g","contentUrl":"https:\/\/secure.gravatar.com\/avatar\/a67dbe83e155eb41b8bc6c41ebcc8564?s=96&d=mm&r=g","caption":"Chantal Rolland"},"url":"https:\/\/www.tepaseul-magazine.fr\/accueil\/author\/chantal-rolland\/"}]}},"_links":{"self":[{"href":"https:\/\/www.tepaseul-magazine.fr\/accueil\/wp-json\/wp\/v2\/posts\/11930"}],"collection":[{"href":"https:\/\/www.tepaseul-magazine.fr\/accueil\/wp-json\/wp\/v2\/posts"}],"about":[{"href":"https:\/\/www.tepaseul-magazine.fr\/accueil\/wp-json\/wp\/v2\/types\/post"}],"author":[{"embeddable":true,"href":"https:\/\/www.tepaseul-magazine.fr\/accueil\/wp-json\/wp\/v2\/users\/2"}],"replies":[{"embeddable":true,"href":"https:\/\/www.tepaseul-magazine.fr\/accueil\/wp-json\/wp\/v2\/comments?post=11930"}],"version-history":[{"count":4,"href":"https:\/\/www.tepaseul-magazine.fr\/accueil\/wp-json\/wp\/v2\/posts\/11930\/revisions"}],"predecessor-version":[{"id":11952,"href":"https:\/\/www.tepaseul-magazine.fr\/accueil\/wp-json\/wp\/v2\/posts\/11930\/revisions\/11952"}],"wp:featuredmedia":[{"embeddable":true,"href":"https:\/\/www.tepaseul-magazine.fr\/accueil\/wp-json\/wp\/v2\/media\/11932"}],"wp:attachment":[{"href":"https:\/\/www.tepaseul-magazine.fr\/accueil\/wp-json\/wp\/v2\/media?parent=11930"}],"wp:term":[{"taxonomy":"category","embeddable":true,"href":"https:\/\/www.tepaseul-magazine.fr\/accueil\/wp-json\/wp\/v2\/categories?post=11930"},{"taxonomy":"post_tag","embeddable":true,"href":"https:\/\/www.tepaseul-magazine.fr\/accueil\/wp-json\/wp\/v2\/tags?post=11930"}],"curies":[{"name":"wp","href":"https:\/\/api.w.org\/{rel}","templated":true}]}}