{"id":11969,"date":"2016-12-31T13:43:31","date_gmt":"2016-12-31T12:43:31","guid":{"rendered":"http:\/\/www.tepaseul-magazine.fr\/?p=11969"},"modified":"2016-12-31T13:44:04","modified_gmt":"2016-12-31T12:44:04","slug":"beaute-hommes-poils","status":"publish","type":"post","link":"https:\/\/www.tepaseul-magazine.fr\/accueil\/beaute-hommes-poils\/","title":{"rendered":"BEAUTE : DES HOMMES ET DES POILS"},"content":{"rendered":"<p><strong>Enqu\u00eate sur les diff\u00e9rentes formes de pilosit\u00e9 faciale masculine<\/strong><\/p>\n<p><strong>Enqu\u00eate Ifop \/ O&rsquo;Barbershop publi\u00e9e \u00e0 l\u2019occasion du mois de la moustache (Movember)<\/strong><\/p>\n<p>A l\u2019occasion du Movember qui incite les hommes \u00e0 se laisser pousser la moustache pour sensibiliser le public aux maladies masculines, O\u2019Barbershop, fournisseur de r\u00e9f\u00e9rence des barbiers fran\u00e7ais, a souhait\u00e9 faire le point sur les tendances actuelles en mati\u00e8re de pilosit\u00e9 faciale masculine. Les donn\u00e9es sur le sujet \u00e9tant rares, voire inexistantes, l\u2019Ifop a donc men\u00e9, \u00e0 la fois aupr\u00e8s de l\u2019ensemble des Fran\u00e7ais et des Parisiens, une grande enqu\u00eate permettant de mesurer la proportion de barbus et de moustachus chez les hommes mais aussi quels sont les go\u00fbts des femmes en la mati\u00e8re.<\/p>\n<p>Conduite aupr\u00e8s d\u2019un \u00e9chantillon repr\u00e9sentatif de la population fran\u00e7aise (2 000 personnes \u00e2g\u00e9es de 18 ans et plus) et d\u2019un \u00e9chantillon repr\u00e9sentatif de population parisienne (2 007 personnes \u00e2g\u00e9es de 18 ans et plus), cette \u00e9tude montre que la tendance \u00e0 une pilosit\u00e9 faciale de plus en plus fournie chez les hommes correspond aux attentes des femmes, en particulier des plus jeunes.<\/p>\n<p><strong><a href=\"http:\/\/www.tepaseul-magazine.fr\/wp-content\/uploads\/2016\/12\/tableau-barbus.jpg\"><img loading=\"lazy\" decoding=\"async\" class=\"alignright size-medium wp-image-11972\" src=\"http:\/\/www.tepaseul-magazine.fr\/wp-content\/uploads\/2016\/12\/tableau-barbus-300x233.jpg\" alt=\"\" width=\"300\" height=\"233\" srcset=\"https:\/\/www.tepaseul-magazine.fr\/wp-content\/uploads\/2016\/12\/tableau-barbus-300x233.jpg 300w, https:\/\/www.tepaseul-magazine.fr\/wp-content\/uploads\/2016\/12\/tableau-barbus.jpg 664w\" sizes=\"(max-width: 300px) 100vw, 300px\" \/><\/a>Les chiffres cl\u00e9s de l\u2019enqu\u00eate :<\/strong><\/p>\n<p>A peine 4% des hommes \u00e2g\u00e9s 18 ans et plus portent habituellement une moustache ;<\/p>\n<p>On recense en revanche 40% de barbus, dont 24% d&rsquo;hommes portant une barbe de trois jours, 8% une barbe de dix jours et 6% une barbe compl\u00e8te (courte ou longue) ;<\/p>\n<p>La confrontation de ces r\u00e9sultats avec les rares donn\u00e9es ant\u00e9rieures confirme un retour en force de la barbe : la proportion de barbus en France \u00e9tant pass\u00e9e de 33% \u00e0 40% en moins de 2 ans.<\/p>\n<p>Les autres formes de pilosit\u00e9 faciale restent quand elles marginales : seuls 3% des Fran\u00e7ais portent habituellement un bouc et \u00e0 peine 1% d\u2019entre eux d\u00e9clarent porter une barbiche ;<\/p>\n<p>De leur c\u00f4t\u00e9, les femmes sont tr\u00e8s partag\u00e9es sur le sujet : si 50% d\u2019entre elles trouvent les hommes ras\u00e9s de pr\u00e8s les plus sexy, elles sont \u00e0 peu pr\u00e8s autant \u00e0 pr\u00e9f\u00e9rer les barbus (45%)<\/p>\n<p>Mais sur ce point, les jeunes filles expriment massivement leur pr\u00e9f\u00e9rence pour les barbus : 81% des moins de 25 ans et 63% des 25-34 ans trouvent que les hommes sont plus sexy avec une barbe<\/p>\n<p>LES PRINCIPAUX ENSEIGNEMENTS DE L&rsquo;ENQU\u00caTE<\/p>\n<p>De mani\u00e8re g\u00e9n\u00e9rale, les formes de pilosit\u00e9 faciale adopt\u00e9es par la gent masculine correspondent peu ou prou aux go\u00fbts des femmes en la mati\u00e8re.<\/p>\n<p>Aujourd&rsquo;hui, en France, les hommes pourvus d&rsquo;une pilosit\u00e9 au visage (exemples : barbe, moustache, bouc,\u2026) sont quasiment aussi nombreux (48%) que les hommes ras\u00e9s de pr\u00e8s (52%).<\/p>\n<p>En effet, la proportion de Fran\u00e7aises trouvant les hommes ras\u00e9s de pr\u00e8s les plus sexy (50%) est quasiment identique \u00e0 la proportion d&rsquo;hommes habituellement ras\u00e9s de pr\u00e8s (52%) ;<\/p>\n<p>De m\u00eame, la proportion de Fran\u00e7aises pr\u00e9f\u00e9rant les barbus (45%) est assez proche de la proportion de barbus en France (40%) m\u00eame si les styles de barbes qui ont la faveur des femmes divergent sensiblement des pratiques observ\u00e9es dans la gent masculine ;<\/p>\n<p>Les autres formes de pilosit\u00e9 ont un nombre d\u2019adeptes encore plus faible dans la gent f\u00e9minine (5%) que masculine (8%) : les moustachus sont par exemple appr\u00e9ci\u00e9s par \u00e0 peine de 2% des femmes, alors qu\u2019ils p\u00e8sent deux fois plus dans la gent masculine (4%).<\/p>\n<p>En dehors de p\u00e9riodes exceptionnelles comme le \u00ab movember \u00bb o\u00f9 les Fran\u00e7ais sont appel\u00e9s \u00e0 se faire pousser la moustache, la proportion de moustachus est marginale : \u00e0 peine 4% des hommes \u00e2g\u00e9s 18 ans et plus affichent habituellement des bacchantes au visage ;<\/p>\n<p>La barbe est nettement plus r\u00e9pandue : on recense 40% de barbus au sein de population adulte masculine, dont 24% d&rsquo;hommes portant une barbe de trois jours, 8% une barbe de dix jours et 6% une barbe compl\u00e8te (courte ou longue) ;<\/p>\n<p>Les autres formes de pilosit\u00e9 faciale sont adopt\u00e9es dans des proportions tr\u00e8s limit\u00e9es : seuls 4% des Fran\u00e7ais \u00e2g\u00e9s de 18 ans et plus portent habituellement un bouc et \u00e0 peine 1% d\u2019entre eux d\u00e9clarent porter une barbiche.:<\/p>\n<p>&nbsp;<\/p>\n<p><strong><em>\u00c0 PROPOS DE L\u2019ETUDE :<\/em><\/strong><\/p>\n<p><em>Etude Ifop pour O\u2019Barbershop r\u00e9alis\u00e9e aupr\u00e8s : <\/em><\/p>\n<p><em>&#8211; d\u2019un \u00e9chantillon de 2 000 personnes, repr\u00e9sentatif de la population r\u00e9sidant en France m\u00e9tropolitaine \u00e2g\u00e9e de 18ans et plus<\/em><\/p>\n<p><em>&#8211; d\u2019un \u00e9chantillon de 2 007 personnes, repr\u00e9sentatif de la population parisienne \u00e2g\u00e9e de 18 ans et plus. <\/em><\/p>\n<p><em>La repr\u00e9sentativit\u00e9 de chaque \u00e9chantillon a \u00e9t\u00e9 assur\u00e9e par la m\u00e9thode des quotas (sexe, \u00e2ge, profession de la personne interrog\u00e9e) apr\u00e8s stratification g\u00e9ographique : par r\u00e9gion et cat\u00e9gorie d&rsquo;agglom\u00e9ration pour la population fran\u00e7aise, par arrondissement pour la population parisienne. L\u2019\u00e9tude a \u00e9t\u00e9 r\u00e9alis\u00e9e par questionnaire auto-administr\u00e9 en ligne du 17 au 19 octobre 2016 pour l\u2019\u00e9chantillon de la population fran\u00e7aise et du 16 septembre au 3 octobre 2016 pour l\u2019\u00e9chantillon de la population parisienne. <\/em><\/p>\n<p><em>L\u2019enqu\u00eate a \u00e9t\u00e9 men\u00e9e aupr\u00e8s :<\/em><\/p>\n<p><em>&#8211; d\u2019un \u00e9chantillon de 2 000 personnes, repr\u00e9sentatif de la population fran\u00e7aise \u00a0\u00a0\u00a0\u00a0\u00a0\u00a0\u00a0\u00a0 \u00e2g\u00e9e de 18 ans et plus.<\/em><\/p>\n<p><em>&#8211; d\u2019un \u00e9chantillon de 2 007 personnes, repr\u00e9sentatif de la population parisienne \u00e2g\u00e9e de 18 ans et plus<\/em><\/p>\n<p><em>\ufffcLa repr\u00e9sentativit\u00e9 de l\u2019\u00e9chantillon a \u00e9t\u00e9 assur\u00e9e par la m\u00e9thode des quotas (sexe, \u00e2ge, profession de la personne interrog\u00e9e) apr\u00e8s stratification :<\/em><\/p>\n<p><em>&#8211; par r\u00e9gion et cat\u00e9gorie d&rsquo;agglom\u00e9ration pour l\u2019\u00e9chantillon repr\u00e9sentatif de la population fran\u00e7aise \u00e2g\u00e9e de 18 ans et plus.<\/em><\/p>\n<p><em>&#8211; par arrondissement pour l\u2019\u00e9chantillon repr\u00e9sentatif de la population parisienne \u00e2g\u00e9e de 18 ans et plus.<\/em><\/p>\n<p><em>Ces quotas ont \u00e9t\u00e9 d\u00e9finis \u00e0 partir des donn\u00e9es du recensement de l\u2019INSEE pour la population \u00e2g\u00e9e de 18 ans et plus (RP-INSEE 2012).<\/em><\/p>\n<p><em>\ufffcLes interviews ont \u00e9t\u00e9 r\u00e9alis\u00e9es par questionnaire auto-administr\u00e9 en ligne :<\/em><\/p>\n<p><em>&#8211; du 17 au 19 octobre 2016 pour l\u2019\u00e9chantillon repr\u00e9sentatif de la population fran\u00e7aise<\/em><\/p>\n<p><em>&#8211; du 16 septembre au 3 octobre 2016 pour l\u2019\u00e9chantillon repr\u00e9sentatif de la population parisienne<\/em><\/p>\n<p><em>IFOP | Fran\u00e7ois KRAUS | 01 72 34 94 64 | francois.kraus@ifop.com<\/em><\/p>\n<p><em>O\u2019Barbershop | Antoine ROUVROY| 06 73 09 90 22 | antoine@obarbershop.com<\/em><\/p>\n<p><em>\u00a0<\/em><\/p>\n<p><em>LE POINT DE VUE DE L\u2019IFOP :<\/em><\/p>\n<p><em>Si le visage glabre reste encore la norme chez une courte majorit\u00e9 de Fran\u00e7ais, la tendance est incontestablement \u00e0 une pilosit\u00e9 faciale plus fournie, en particulier chez des jeunes hommes qui sont massivement encourag\u00e9s \u00e0 porter la barbe par les femmes de leur \u00e2ge. D\u00e9passant largement les fronti\u00e8res des \u00ab bobos \u00bb et autres \u00ab hipsters \u00bb, le port de la barbe a donc gagn\u00e9, par processus d\u2019imitation sociale, une grande partie de la population masculine sans pour autant perdre totalement son caract\u00e8re subversif, sa dimension religieuse ou son r\u00f4le de distinction sociale.<\/em><\/p>\n<p><em>En effet, les r\u00e9sultats de cette \u00e9tude montrent bien que l\u2019apparence pileuse joue, au m\u00eame titre que les v\u00eatements, un r\u00f4le important dans le processus d\u2019affirmation de son style de vie, de sa vision de la soci\u00e9t\u00e9 ou de son identit\u00e9 (ex : sexuelle, religieuse\u2026). Aujourd&rsquo;hui comme hier, la barbe reste donc un identificateur social charg\u00e9 de sens, un marqueur de diff\u00e9renciation important entre les hommes, en particulier pour ceux qui veulent en faire un signe de distinction [1] par rapport \u00e0 la majorit\u00e9 dominante. Se cristallise ainsi autour des diff\u00e9rentes formes de pilosit\u00e9 faciale l\u2019affirmation de modes ou styles de vie distincts, la diversit\u00e9 du paysage pileux en France refl\u00e9tant d\u2019une certaine mani\u00e8re la fa\u00e7on dont chacune des cat\u00e9gories de la population masculine se repr\u00e9sente l\u2019image l\u00e9gitime de l\u2019homme. <\/em><\/p>\n<p><em>\u00a0Fran\u00e7ois Kraus, directeur des \u00e9tudes politiques au d\u00e9partement Opinion de l\u2019ifop<\/em><\/p>\n<p><em>\u00a0A PROPOS DE O&rsquo;BARBERSHOP : Distributeur de cosm\u00e9tiques pour homme de caract\u00e8re<\/em><\/p>\n<p><em>\u00a0Cr\u00e9\u00e9 en 2015, O\u2019Barbershop d\u00e9niche les produits utilis\u00e9s par les barbershops les plus r\u00e9put\u00e9s \u00e0 travers la plan\u00e8te, pour n&rsquo;en s\u00e9lectionner que la cr\u00e8me de la cr\u00e8me. Une dizaine de marques au total, dont les plus cultes de \u00a0\u00bb l&rsquo;univers Barbershop\u00a0\u00bb qui \u00e9taient encore introuvables en France, tout comme des p\u00e9pites confidentielles r\u00e9serv\u00e9es aux connaisseurs.<\/em><\/p>\n<p><em>Un \u00e9norme succ\u00e8s pl\u00e9biscit\u00e9 par les barbiers professionnels fran\u00e7ais, qui sont d\u00e9sormais plus d&rsquo;une centaine \u00e0 se fournir chez O&rsquo;Barbershop en soins pour barbe, rasage et cheveux. On y compte les barbiers fran\u00e7ais les plus reconnus, fiers d&rsquo;utiliser et de proposer \u00e0 leurs clients des produits premium et pointus qu&rsquo;on ne retrouve pas \u00e0 tous les coins de rue.\u00a0\u00a0 <\/em><\/p>\n<p><em>Afin de satisfaire les Gentlemen fran\u00e7ais, O\u2019Barbershop a lanc\u00e9 son e-shop en octobre 2015, destin\u00e9 aux particuliers. Avec d\u00e9j\u00e0 plus de 1800 clients fid\u00e8les en \u00e0 peine un an, c&rsquo;est LA r\u00e9f\u00e9rence incontournable pour les hommes de caract\u00e8re.<\/em><\/p>\n<p><em>O&rsquo;Barbershop r\u00e9volutionne l&rsquo;approche de la cosm\u00e9tique pour homme, en offrant aux Gentlemen des produits tri\u00e9s sur le volet pour prendre soin de leur belle gueule.<\/em><\/p>\n<p><em>Enjoy Gentlemen!<\/em><\/p>\n<p><a href=\"http:\/\/www.ifop.com\/media\/mailing\/ifop1.php?3&amp;16864-396&amp;2&amp;pn2%2Bg%2BFV60G4vGxB68yFZA\">www.obarbershop.com<\/a><\/p>\n<p>&nbsp;<\/p>\n<p>&nbsp;<\/p>\n","protected":false},"excerpt":{"rendered":"<p>Enqu\u00eate sur les diff\u00e9rentes formes de pilosit\u00e9 faciale masculine Enqu\u00eate Ifop \/ O&rsquo;Barbershop publi\u00e9e \u00e0 l\u2019occasion du mois de la moustache (Movember) A l\u2019occasion du Movember qui incite les hommes \u00e0 se laisser pousser la moustache pour sensibiliser le public aux maladies masculines, O\u2019Barbershop, fournisseur&#8230;<\/p>\n","protected":false},"author":2,"featured_media":11971,"comment_status":"open","ping_status":"open","sticky":false,"template":"","format":"standard","meta":{"footnotes":""},"categories":[63],"tags":[1663,1660,1661,1664,1662,319],"yoast_head":"<!-- This site is optimized with the Yoast SEO plugin v21.9.1 - https:\/\/yoast.com\/wordpress\/plugins\/seo\/ -->\n<title>BEAUTE : DES HOMMES ET DES POILS - Tepaseul<\/title>\n<meta name=\"robots\" content=\"index, follow, max-snippet:-1, max-image-preview:large, max-video-preview:-1\" \/>\n<link rel=\"canonical\" href=\"https:\/\/www.tepaseul-magazine.fr\/accueil\/beaute-hommes-poils\/\" \/>\n<meta property=\"og:locale\" content=\"fr_FR\" \/>\n<meta property=\"og:type\" content=\"article\" \/>\n<meta property=\"og:title\" content=\"BEAUTE : DES HOMMES ET DES POILS - Tepaseul\" \/>\n<meta property=\"og:description\" content=\"Enqu\u00eate sur les diff\u00e9rentes formes de pilosit\u00e9 faciale masculine Enqu\u00eate Ifop \/ O&rsquo;Barbershop publi\u00e9e \u00e0 l\u2019occasion du mois de la moustache (Movember) A l\u2019occasion du Movember qui incite les hommes \u00e0 se laisser pousser la moustache pour sensibiliser le public aux maladies masculines, O\u2019Barbershop, fournisseur...\" \/>\n<meta property=\"og:url\" content=\"https:\/\/www.tepaseul-magazine.fr\/accueil\/beaute-hommes-poils\/\" \/>\n<meta property=\"og:site_name\" content=\"Tepaseul\" \/>\n<meta property=\"article:published_time\" content=\"2016-12-31T12:43:31+00:00\" \/>\n<meta property=\"article:modified_time\" content=\"2016-12-31T12:44:04+00:00\" \/>\n<meta property=\"og:image\" content=\"https:\/\/www.tepaseul-magazine.fr\/wp-content\/uploads\/2016\/12\/portrait.jpg\" \/>\n\t<meta property=\"og:image:width\" content=\"198\" \/>\n\t<meta property=\"og:image:height\" content=\"245\" \/>\n\t<meta property=\"og:image:type\" content=\"image\/jpeg\" \/>\n<meta name=\"author\" content=\"Chantal Rolland\" \/>\n<script type=\"application\/ld+json\" class=\"yoast-schema-graph\">{\"@context\":\"https:\/\/schema.org\",\"@graph\":[{\"@type\":\"Article\",\"@id\":\"https:\/\/www.tepaseul-magazine.fr\/accueil\/beaute-hommes-poils\/#article\",\"isPartOf\":{\"@id\":\"https:\/\/www.tepaseul-magazine.fr\/accueil\/beaute-hommes-poils\/\"},\"author\":{\"name\":\"Chantal Rolland\",\"@id\":\"https:\/\/www.tepaseul-magazine.fr\/accueil\/#\/schema\/person\/dd3827dc04f692ff480da4bac4545eeb\"},\"headline\":\"BEAUTE : DES HOMMES ET DES POILS\",\"datePublished\":\"2016-12-31T12:43:31+00:00\",\"dateModified\":\"2016-12-31T12:44:04+00:00\",\"mainEntityOfPage\":{\"@id\":\"https:\/\/www.tepaseul-magazine.fr\/accueil\/beaute-hommes-poils\/\"},\"wordCount\":1498,\"commentCount\":0,\"publisher\":{\"@id\":\"https:\/\/www.tepaseul-magazine.fr\/accueil\/#organization\"},\"keywords\":[\"adeptes\",\"barbe\",\"hommes\",\"moustachus\",\"pilosit\u00e9\",\"poil\"],\"articleSection\":[\"Beaut\u00e9\/forme\"],\"inLanguage\":\"fr-FR\",\"potentialAction\":[{\"@type\":\"CommentAction\",\"name\":\"Comment\",\"target\":[\"https:\/\/www.tepaseul-magazine.fr\/accueil\/beaute-hommes-poils\/#respond\"]}]},{\"@type\":\"WebPage\",\"@id\":\"https:\/\/www.tepaseul-magazine.fr\/accueil\/beaute-hommes-poils\/\",\"url\":\"https:\/\/www.tepaseul-magazine.fr\/accueil\/beaute-hommes-poils\/\",\"name\":\"BEAUTE : DES HOMMES ET DES POILS - Tepaseul\",\"isPartOf\":{\"@id\":\"https:\/\/www.tepaseul-magazine.fr\/accueil\/#website\"},\"datePublished\":\"2016-12-31T12:43:31+00:00\",\"dateModified\":\"2016-12-31T12:44:04+00:00\",\"breadcrumb\":{\"@id\":\"https:\/\/www.tepaseul-magazine.fr\/accueil\/beaute-hommes-poils\/#breadcrumb\"},\"inLanguage\":\"fr-FR\",\"potentialAction\":[{\"@type\":\"ReadAction\",\"target\":[\"https:\/\/www.tepaseul-magazine.fr\/accueil\/beaute-hommes-poils\/\"]}]},{\"@type\":\"BreadcrumbList\",\"@id\":\"https:\/\/www.tepaseul-magazine.fr\/accueil\/beaute-hommes-poils\/#breadcrumb\",\"itemListElement\":[{\"@type\":\"ListItem\",\"position\":1,\"name\":\"Home\",\"item\":\"https:\/\/www.tepaseul-magazine.fr\/accueil\/\"},{\"@type\":\"ListItem\",\"position\":2,\"name\":\"BEAUTE : DES HOMMES ET DES POILS\"}]},{\"@type\":\"WebSite\",\"@id\":\"https:\/\/www.tepaseul-magazine.fr\/accueil\/#website\",\"url\":\"https:\/\/www.tepaseul-magazine.fr\/accueil\/\",\"name\":\"Tepaseul\",\"description\":\"Le Magazine des solibattants\",\"publisher\":{\"@id\":\"https:\/\/www.tepaseul-magazine.fr\/accueil\/#organization\"},\"potentialAction\":[{\"@type\":\"SearchAction\",\"target\":{\"@type\":\"EntryPoint\",\"urlTemplate\":\"https:\/\/www.tepaseul-magazine.fr\/accueil\/?s={search_term_string}\"},\"query-input\":\"required name=search_term_string\"}],\"inLanguage\":\"fr-FR\"},{\"@type\":\"Organization\",\"@id\":\"https:\/\/www.tepaseul-magazine.fr\/accueil\/#organization\",\"name\":\"Tepaseul\",\"url\":\"https:\/\/www.tepaseul-magazine.fr\/accueil\/\",\"logo\":{\"@type\":\"ImageObject\",\"inLanguage\":\"fr-FR\",\"@id\":\"https:\/\/www.tepaseul-magazine.fr\/accueil\/#\/schema\/logo\/image\/\",\"url\":\"https:\/\/www.tepaseul-magazine.fr\/wp-content\/uploads\/2014\/12\/logo_doublev2-noir.png\",\"contentUrl\":\"https:\/\/www.tepaseul-magazine.fr\/wp-content\/uploads\/2014\/12\/logo_doublev2-noir.png\",\"width\":205,\"height\":51,\"caption\":\"Tepaseul\"},\"image\":{\"@id\":\"https:\/\/www.tepaseul-magazine.fr\/accueil\/#\/schema\/logo\/image\/\"}},{\"@type\":\"Person\",\"@id\":\"https:\/\/www.tepaseul-magazine.fr\/accueil\/#\/schema\/person\/dd3827dc04f692ff480da4bac4545eeb\",\"name\":\"Chantal Rolland\",\"image\":{\"@type\":\"ImageObject\",\"inLanguage\":\"fr-FR\",\"@id\":\"https:\/\/www.tepaseul-magazine.fr\/accueil\/#\/schema\/person\/image\/\",\"url\":\"https:\/\/secure.gravatar.com\/avatar\/a67dbe83e155eb41b8bc6c41ebcc8564?s=96&d=mm&r=g\",\"contentUrl\":\"https:\/\/secure.gravatar.com\/avatar\/a67dbe83e155eb41b8bc6c41ebcc8564?s=96&d=mm&r=g\",\"caption\":\"Chantal Rolland\"},\"url\":\"https:\/\/www.tepaseul-magazine.fr\/accueil\/author\/chantal-rolland\/\"}]}<\/script>\n<!-- \/ Yoast SEO plugin. -->","yoast_head_json":{"title":"BEAUTE : DES HOMMES ET DES POILS - Tepaseul","robots":{"index":"index","follow":"follow","max-snippet":"max-snippet:-1","max-image-preview":"max-image-preview:large","max-video-preview":"max-video-preview:-1"},"canonical":"https:\/\/www.tepaseul-magazine.fr\/accueil\/beaute-hommes-poils\/","og_locale":"fr_FR","og_type":"article","og_title":"BEAUTE : DES HOMMES ET DES POILS - Tepaseul","og_description":"Enqu\u00eate sur les diff\u00e9rentes formes de pilosit\u00e9 faciale masculine Enqu\u00eate Ifop \/ O&rsquo;Barbershop publi\u00e9e \u00e0 l\u2019occasion du mois de la moustache (Movember) A l\u2019occasion du Movember qui incite les hommes \u00e0 se laisser pousser la moustache pour sensibiliser le public aux maladies masculines, O\u2019Barbershop, fournisseur...","og_url":"https:\/\/www.tepaseul-magazine.fr\/accueil\/beaute-hommes-poils\/","og_site_name":"Tepaseul","article_published_time":"2016-12-31T12:43:31+00:00","article_modified_time":"2016-12-31T12:44:04+00:00","og_image":[{"width":198,"height":245,"url":"https:\/\/www.tepaseul-magazine.fr\/wp-content\/uploads\/2016\/12\/portrait.jpg","type":"image\/jpeg"}],"author":"Chantal Rolland","schema":{"@context":"https:\/\/schema.org","@graph":[{"@type":"Article","@id":"https:\/\/www.tepaseul-magazine.fr\/accueil\/beaute-hommes-poils\/#article","isPartOf":{"@id":"https:\/\/www.tepaseul-magazine.fr\/accueil\/beaute-hommes-poils\/"},"author":{"name":"Chantal Rolland","@id":"https:\/\/www.tepaseul-magazine.fr\/accueil\/#\/schema\/person\/dd3827dc04f692ff480da4bac4545eeb"},"headline":"BEAUTE : DES HOMMES ET DES POILS","datePublished":"2016-12-31T12:43:31+00:00","dateModified":"2016-12-31T12:44:04+00:00","mainEntityOfPage":{"@id":"https:\/\/www.tepaseul-magazine.fr\/accueil\/beaute-hommes-poils\/"},"wordCount":1498,"commentCount":0,"publisher":{"@id":"https:\/\/www.tepaseul-magazine.fr\/accueil\/#organization"},"keywords":["adeptes","barbe","hommes","moustachus","pilosit\u00e9","poil"],"articleSection":["Beaut\u00e9\/forme"],"inLanguage":"fr-FR","potentialAction":[{"@type":"CommentAction","name":"Comment","target":["https:\/\/www.tepaseul-magazine.fr\/accueil\/beaute-hommes-poils\/#respond"]}]},{"@type":"WebPage","@id":"https:\/\/www.tepaseul-magazine.fr\/accueil\/beaute-hommes-poils\/","url":"https:\/\/www.tepaseul-magazine.fr\/accueil\/beaute-hommes-poils\/","name":"BEAUTE : DES HOMMES ET DES POILS - Tepaseul","isPartOf":{"@id":"https:\/\/www.tepaseul-magazine.fr\/accueil\/#website"},"datePublished":"2016-12-31T12:43:31+00:00","dateModified":"2016-12-31T12:44:04+00:00","breadcrumb":{"@id":"https:\/\/www.tepaseul-magazine.fr\/accueil\/beaute-hommes-poils\/#breadcrumb"},"inLanguage":"fr-FR","potentialAction":[{"@type":"ReadAction","target":["https:\/\/www.tepaseul-magazine.fr\/accueil\/beaute-hommes-poils\/"]}]},{"@type":"BreadcrumbList","@id":"https:\/\/www.tepaseul-magazine.fr\/accueil\/beaute-hommes-poils\/#breadcrumb","itemListElement":[{"@type":"ListItem","position":1,"name":"Home","item":"https:\/\/www.tepaseul-magazine.fr\/accueil\/"},{"@type":"ListItem","position":2,"name":"BEAUTE : DES HOMMES ET DES POILS"}]},{"@type":"WebSite","@id":"https:\/\/www.tepaseul-magazine.fr\/accueil\/#website","url":"https:\/\/www.tepaseul-magazine.fr\/accueil\/","name":"Tepaseul","description":"Le Magazine des solibattants","publisher":{"@id":"https:\/\/www.tepaseul-magazine.fr\/accueil\/#organization"},"potentialAction":[{"@type":"SearchAction","target":{"@type":"EntryPoint","urlTemplate":"https:\/\/www.tepaseul-magazine.fr\/accueil\/?s={search_term_string}"},"query-input":"required name=search_term_string"}],"inLanguage":"fr-FR"},{"@type":"Organization","@id":"https:\/\/www.tepaseul-magazine.fr\/accueil\/#organization","name":"Tepaseul","url":"https:\/\/www.tepaseul-magazine.fr\/accueil\/","logo":{"@type":"ImageObject","inLanguage":"fr-FR","@id":"https:\/\/www.tepaseul-magazine.fr\/accueil\/#\/schema\/logo\/image\/","url":"https:\/\/www.tepaseul-magazine.fr\/wp-content\/uploads\/2014\/12\/logo_doublev2-noir.png","contentUrl":"https:\/\/www.tepaseul-magazine.fr\/wp-content\/uploads\/2014\/12\/logo_doublev2-noir.png","width":205,"height":51,"caption":"Tepaseul"},"image":{"@id":"https:\/\/www.tepaseul-magazine.fr\/accueil\/#\/schema\/logo\/image\/"}},{"@type":"Person","@id":"https:\/\/www.tepaseul-magazine.fr\/accueil\/#\/schema\/person\/dd3827dc04f692ff480da4bac4545eeb","name":"Chantal Rolland","image":{"@type":"ImageObject","inLanguage":"fr-FR","@id":"https:\/\/www.tepaseul-magazine.fr\/accueil\/#\/schema\/person\/image\/","url":"https:\/\/secure.gravatar.com\/avatar\/a67dbe83e155eb41b8bc6c41ebcc8564?s=96&d=mm&r=g","contentUrl":"https:\/\/secure.gravatar.com\/avatar\/a67dbe83e155eb41b8bc6c41ebcc8564?s=96&d=mm&r=g","caption":"Chantal Rolland"},"url":"https:\/\/www.tepaseul-magazine.fr\/accueil\/author\/chantal-rolland\/"}]}},"_links":{"self":[{"href":"https:\/\/www.tepaseul-magazine.fr\/accueil\/wp-json\/wp\/v2\/posts\/11969"}],"collection":[{"href":"https:\/\/www.tepaseul-magazine.fr\/accueil\/wp-json\/wp\/v2\/posts"}],"about":[{"href":"https:\/\/www.tepaseul-magazine.fr\/accueil\/wp-json\/wp\/v2\/types\/post"}],"author":[{"embeddable":true,"href":"https:\/\/www.tepaseul-magazine.fr\/accueil\/wp-json\/wp\/v2\/users\/2"}],"replies":[{"embeddable":true,"href":"https:\/\/www.tepaseul-magazine.fr\/accueil\/wp-json\/wp\/v2\/comments?post=11969"}],"version-history":[{"count":2,"href":"https:\/\/www.tepaseul-magazine.fr\/accueil\/wp-json\/wp\/v2\/posts\/11969\/revisions"}],"predecessor-version":[{"id":11973,"href":"https:\/\/www.tepaseul-magazine.fr\/accueil\/wp-json\/wp\/v2\/posts\/11969\/revisions\/11973"}],"wp:featuredmedia":[{"embeddable":true,"href":"https:\/\/www.tepaseul-magazine.fr\/accueil\/wp-json\/wp\/v2\/media\/11971"}],"wp:attachment":[{"href":"https:\/\/www.tepaseul-magazine.fr\/accueil\/wp-json\/wp\/v2\/media?parent=11969"}],"wp:term":[{"taxonomy":"category","embeddable":true,"href":"https:\/\/www.tepaseul-magazine.fr\/accueil\/wp-json\/wp\/v2\/categories?post=11969"},{"taxonomy":"post_tag","embeddable":true,"href":"https:\/\/www.tepaseul-magazine.fr\/accueil\/wp-json\/wp\/v2\/tags?post=11969"}],"curies":[{"name":"wp","href":"https:\/\/api.w.org\/{rel}","templated":true}]}}