{"id":12283,"date":"2017-03-23T14:07:05","date_gmt":"2017-03-23T13:07:05","guid":{"rendered":"http:\/\/www.tepaseul-magazine.fr\/?p=12283"},"modified":"2017-03-23T14:07:05","modified_gmt":"2017-03-23T13:07:05","slug":"bien-etre-sommet-de-conscience","status":"publish","type":"post","link":"https:\/\/www.tepaseul-magazine.fr\/accueil\/bien-etre-sommet-de-conscience\/","title":{"rendered":"BIEN ETRE : SOMMET DE LA CONSCIENCE"},"content":{"rendered":"<div class=\"page\" title=\"Page 1\">\n<div class=\"layoutArea\">\n<div class=\"column\">\n<p>La 5e\u0300me e\u0301dition du SOMMET DE LA CONSCIENCE aura lieu du 24 mars au 2 avril 2017<\/p>\n<p>Une opportunite\u0301 unique pour transformer votre vie et faire un pas de plus vers l&rsquo;e\u0301volution de votre conscience.<\/p>\n<p>Le principe du SOMMET DE LA CONSCIENCE c&rsquo;est :<\/p>\n<p>\u2022 32 confe\u0301rences en ligne et en acce\u0300s libre anime\u0301es par des experts de la spiritualite\u0301 et du de\u0301veloppement personnel pendant 10 jours.<\/p>\n<p>\u2022 Une opportunite\u0301 exceptionnelle de pouvoir les suivre de chez vous, depuis la France ou l&rsquo;e\u0301tranger, en recevant chaque jour le lien vers plusieurs vide\u0301o\u2010confe\u0301rences.<\/p>\n<p>32 experts reconnus qui vont partager leur vision de l\u2019e\u0301volution de la conscience :<\/p>\n<p>\u2022 Des personnalite\u0301s de renomme\u0301e nationale et internationale telles que Maria Lise Labonte, Arnaud Riou, David Laroche, Christine Lewicki, Olivier Chambon, Thomas d&rsquo;Ansembourg, Olivier Clerc, Isabelle Padovani, Isalou Beaudet\u2010 Regen, Arouna Lipschitz, Nathalie Lefe\u0300vre,&#8230; et Ana Sandrea, l\u2019organisatrice du Sommet.<\/p>\n<p>\u2022 De prestigieux enseignants francophones, se\u0301lectionne\u0301s pour la profondeur et le se\u0301rieux de leur travail.<\/p>\n<p>Des outils puissants, transformateurs et pointus qui vous aideront a\u0300 :<\/p>\n<p>\u2022 Actualiser la transformation profonde que vous sentez peut\u2010e\u0302tre de\u0301ja\u0300 en vous.<br \/>\n\u2022 Apprendre a\u0300 identifier clairement les obstacles a\u0300 votre e\u0301panouissement afin de les transcender.<\/p>\n<p>LE SOMMET DE LA CONSCIENCE a a\u0300 c\u0153ur de proposer un contenu vivant afin d\u2019expe\u0301rimenter corporellement et e\u0301motionnellement et d&rsquo;inte\u0301grer chaque enseignement.<\/p>\n<p>CE PROGRAMME vous donnera l&rsquo;acce\u0300s a\u0300<\/p>\n<p>\u2022 Certains experts ont traverse\u0301 des transformations inte\u0301rieures profondes. Ce qu&rsquo;ils ont a\u0300 transmettre ne s\u2019inspire pas de concepts, mais d\u2019un ve\u0301cu qu\u2019ils auront le plaisir de partager.<\/p>\n<p>\u2022 De nombreux exercices pratiques vous sont propose\u0301s pour vous aider a\u0300 :<br \/>\n\u2022 Cheminer vers plus de conscience, d\u2019e\u0301quilibre et de bonheur.<br \/>\n\u2022 Vous e\u0301panouir dans notre vie quotidienne et a\u0300 re\u0301ve\u0301ler le potentiel qui sommeille en vous.<\/p>\n<p>Pour ceux qui ne pourront pas assister en direct a\u0300 une des confe\u0301rences, elles resteront accessibles pendant 24h. Ensuite, il sera toujours possible d&rsquo;acheter le pack des confe\u0301rences avec de nombreux bonus (exercices, musiques).<\/p>\n<p>Pour s&rsquo;inscrire : http:\/\/www.sommetdelaconscience.com<\/p>\n<p><strong>\u00a0<\/strong><\/p>\n<p><strong>LE PROGRAMME DU SOMMET DE LA CONSCIENCE 2017<\/strong><\/p>\n<p>&nbsp;<\/p>\n<p><strong>Vendredi 24 mars\u00a0<\/strong><\/p>\n<p>&nbsp;<\/p>\n<p>&nbsp;<\/p>\n<p><strong>Ana Sandrea<\/strong><\/p>\n<p>\u00ab\u00a0La Puissance des \u00c9motions\u00a0\u00bb<\/p>\n<p><strong>Thomas\u00a0d&rsquo;Ansembourg<\/strong><\/p>\n<p>\u00ab\u00a0La paix \u00e7a s&rsquo;apprend &#8211; Gu\u00e9rir de la violence et du terrorisme\u00a0\u00bb<\/p>\n<p><strong>Marie Lise Labont\u00e9<\/strong><\/p>\n<p>\u00ab\u00a0Faire l&rsquo;amour avec amour\u00a0\u00bb<\/p>\n<p>&nbsp;<\/p>\n<p><strong>\u00a0<\/strong><\/p>\n<p><strong>Samedi 25 mars\u00a0<\/strong><\/p>\n<p>&nbsp;<\/p>\n<p><strong>Arnaud Riou<\/strong><\/p>\n<p>\u00ab\u00a0Retrouver le sens de sa mission de vie\u00a0\u00bb<\/p>\n<p><strong>Arouna Lipschitz<\/strong><\/p>\n<p>\u00ab\u00a0La nostalgie de l&rsquo;ailleurs\u00a0\u00bb<\/p>\n<p>&nbsp;<\/p>\n<p><strong>Pascal Hastir<\/strong><\/p>\n<p>\u00ab\u00a0\u00catre plus grand que tout ce qui nous d\u00e9range\u00a0\u00bb<\/p>\n<p>&nbsp;<\/p>\n<p><strong>\u00a0<\/strong><\/p>\n<p><strong>\u00a0<\/strong><\/p>\n<p><strong>Christine Lewicki<\/strong><\/p>\n<p>\u00ab\u00a0J&rsquo;arr\u00eate de r\u00e2ler au travail, c&rsquo;est possible ?\u00a0\u00bb<\/p>\n<p><strong>\u00a0<\/strong><\/p>\n<p><strong>Dimanche 26 mars\u00a0<\/strong><\/p>\n<p>&nbsp;<\/p>\n<p><strong>Martin Latulipe<\/strong><\/p>\n<p>\u00ab\u00a0Soyez extraordinaire !\u00a0\u00bb<\/p>\n<p>&nbsp;<\/p>\n<p><strong>Olivier Masselot<\/strong><\/p>\n<p>\u00ab\u00a0Le Mouvement Conscient vers l&rsquo;Abondance\u00a0\u00bb<\/p>\n<p>&nbsp;<\/p>\n<p><strong>Christian Junod<\/strong><\/p>\n<p>\u00ab\u00a0L&rsquo;argent au service de ses projets de vie\u00a0\u00bb<\/p>\n<p>&nbsp;<\/p>\n<p><strong>Diane Bellego<\/strong><\/p>\n<p>\u00ab\u00a0Tantra holistique, voie de R\u00e9conciliation globale\u00a0\u00bb<\/p>\n<p>&nbsp;<\/p>\n<p>&nbsp;<\/p>\n<p><strong>Lundi 27 mars\u00a0<\/strong><\/p>\n<p><strong>Olivier Clerc<\/strong><\/p>\n<p>\u00ab\u00a0Les accords tolt\u00e8ques, une chevalerie relationnelle\u00a0\u00bb<\/p>\n<p>&nbsp;<\/p>\n<p><strong>Isabelle Padovani<\/strong><\/p>\n<p>\u00ab\u00a0Du manque \u00e0 la pl\u00e9nitude, le secret du bonheur\u00a0\u00bb<\/p>\n<p><strong>\u00a0<\/strong><\/p>\n<p><strong>\u00a0<\/strong><\/p>\n<p><strong>\u00a0<\/strong><\/p>\n<p><strong>St\u00e9phane Tetart<\/strong><\/p>\n<p>\u00ab\u00a0La fatigue Chronique\u00a0\u00bb<\/p>\n<p>&nbsp;<\/p>\n<p><strong>Mardi 28 mars\u00a0<\/strong><\/p>\n<p><strong>Jacques Ferber<\/strong><\/p>\n<p>\u00ab\u00a0Et si ma sexualit\u00e9 devenait sacr\u00e9e ?\u00a0\u00bb<\/p>\n<p>&nbsp;<\/p>\n<p><strong>Dominique Lussan<\/strong><\/p>\n<p>\u00ab\u00a0C\u00e9l\u00e9brer l&rsquo;\u00catre en Soi pour C\u00e9l\u00e9brer l&rsquo;\u00catre-Terre\u00a0\u00bb<\/p>\n<p>&nbsp;<\/p>\n<p><strong>C\u00e9dric Villa<\/strong><\/p>\n<p>\u00ab\u00a0Comment vivre de plus en plus d&rsquo;Instants de Conscience ?\u00a0\u00bb<\/p>\n<p>&nbsp;<\/p>\n<p>&nbsp;<\/p>\n<p><strong>Mercredi 29 mars\u00a0<\/strong><\/p>\n<p>&nbsp;<\/p>\n<p><strong>Olivier Chambon<\/strong><\/p>\n<p>\u00ab\u00a0Psychoth\u00e9rapie, chamanisme et mondialisation malheureuse (n\u00e9olib\u00e9rale)\u00a0\u00bb<\/p>\n<p>&nbsp;<\/p>\n<p><strong>Johanne Razanamahay<\/strong><\/p>\n<p>\u00ab\u00a0Quelles sont les missions que nous venons accomplir sur terre ?\u00a0\u00bb<\/p>\n<p>&nbsp;<\/p>\n<p><strong>Thot<\/strong><\/p>\n<p>\u00ab\u00a0L&rsquo;astrologie et l&rsquo;\u00c9veil\u00a0\u00bb<\/p>\n<p>&nbsp;<\/p>\n<p>&nbsp;<\/p>\n<p>&nbsp;<\/p>\n<p>&nbsp;<\/p>\n<p>&nbsp;<\/p>\n<p>&nbsp;<\/p>\n<p>&nbsp;<\/p>\n<p><strong>Jeudi 30 mars\u00a0<\/strong><\/p>\n<p>&nbsp;<\/p>\n<p><strong>B\u00e9n\u00e9dicte Ann<\/strong><\/p>\n<p>\u00ab\u00a0Dis-moi comment tu aimes, je te dirai comment tu as \u00e9t\u00e9 aim\u00e9&#8230;\u00a0\u00bb<\/p>\n<p>&nbsp;<\/p>\n<p><strong>Peggy &amp; Jeff<\/strong><\/p>\n<p>\u00ab\u00a0Faites l&rsquo;auto-diagnostic de votre d\u00e9veloppement personnel en 12 dimensions\u00a0\u00bb<\/p>\n<p>&nbsp;<\/p>\n<p><strong>Bruno Lallement<\/strong><\/p>\n<p>\u00ab\u00a0Comment traverser les \u00e9preuves de la vie et acqu\u00e9rir une solide et profonde confiance en soi\u00a0\u00bb<\/p>\n<p>&nbsp;<\/p>\n<p><strong>Ludovic Labbe<\/strong><\/p>\n<p>\u00ab\u00a0Quand Soi-m&rsquo;aime ouvre la porte \u00e0 une nouvelle conscience manifest\u00e9e\u00a0\u00bb<\/p>\n<p>&nbsp;<\/p>\n<p><strong>Vendredi 31 mars\u00a0<\/strong><\/p>\n<p><strong>Claudette Vidal<\/strong><\/p>\n<p>\u00ab\u00a0Prana et alimentation consciente\u00a0\u00bb<\/p>\n<p><strong>Tal Schaller<\/strong><\/p>\n<p>\u00ab\u00a0Sortir de l&rsquo;hypnose collective pour ouvrir sa conscience spirituelle\u00a0\u00bb<\/p>\n<p>&nbsp;<\/p>\n<p><strong>Nathalie Lef\u00e8vre<\/strong><\/p>\n<p>\u00ab\u00a0C&rsquo;est d\u00e9cid\u00e9, je m&rsquo;\u00e9pouse !\u00a0\u00bb<\/p>\n<p>&nbsp;<\/p>\n<p><strong>\u00a0<\/strong><\/p>\n<p><strong>\u00a0<\/strong><\/p>\n<p><strong>C\u00e9dric Jouniaux<\/strong><\/p>\n<p>\u00ab\u00a0Reprendre le contr\u00f4le des \u00e9motions et des pens\u00e9es gr\u00e2ce \u00e0 la M\u00e9ditation\u00a0\u00bb<\/p>\n<p>&nbsp;<\/p>\n<p>&nbsp;<\/p>\n<p>&nbsp;<\/p>\n<p><strong>Samedi 1er avril\u00a0<\/strong><\/p>\n<p>&nbsp;<\/p>\n<p><strong>David Laroche<\/strong><\/p>\n<p>\u00ab\u00a0Changer de niveau de conscience pour oser vivre la vie qui vous inspire&#8230;\u00a0\u00bb<\/p>\n<p><strong>\u00c9ric Laudi\u00e8re<\/strong><\/p>\n<p>\u00ab\u00a0Les Constellations familiales dans le couple, voie d&rsquo;\u00e9panouissement\u00a0\u00bb<\/p>\n<p>&nbsp;<\/p>\n<p><strong>Isalou Beaudet<\/strong><\/p>\n<p>\u00ab\u00a0Cap ou pas cap d&rsquo;\u00eatre en pr\u00e9sence toute une journ\u00e9e gr\u00e2ce \u00e0 la magie du matin ?\u00a0\u00bb<\/p>\n<p><strong>Emmanuel Ferran<\/strong><\/p>\n<p>\u00ab\u00a0La Gu\u00e9rison profonde de l&rsquo;enfant int\u00e9rieur\u00a0\u00bb<\/p>\n<p>&nbsp;<\/p>\n<p>&nbsp;<\/p>\n<p>&nbsp;<\/p>\n<p><strong># Dimanche 2 avril &#8211; Conf\u00e9rence de cl\u00f4ture du sommet<\/strong><\/p>\n<p>&nbsp;<\/p>\n<p>&nbsp;<\/p>\n<\/div>\n<\/div>\n<\/div>\n","protected":false},"excerpt":{"rendered":"<p>La 5e\u0300me e\u0301dition du SOMMET DE LA CONSCIENCE aura lieu du 24 mars au 2 avril 2017 Une opportunite\u0301 unique pour transformer votre vie et faire un pas de plus vers l&rsquo;e\u0301volution de votre conscience. Le principe du SOMMET DE LA CONSCIENCE c&rsquo;est : \u2022&#8230;<\/p>\n","protected":false},"author":2,"featured_media":12286,"comment_status":"open","ping_status":"open","sticky":false,"template":"","format":"standard","meta":{"footnotes":""},"categories":[63,61],"tags":[1359,1095,1825,610],"yoast_head":"<!-- This site is optimized with the Yoast SEO plugin v21.9.1 - https:\/\/yoast.com\/wordpress\/plugins\/seo\/ -->\n<title>BIEN ETRE : SOMMET DE LA CONSCIENCE - Tepaseul<\/title>\n<meta name=\"robots\" content=\"index, follow, max-snippet:-1, max-image-preview:large, max-video-preview:-1\" \/>\n<link rel=\"canonical\" href=\"https:\/\/www.tepaseul-magazine.fr\/accueil\/bien-etre-sommet-de-conscience\/\" \/>\n<meta property=\"og:locale\" content=\"fr_FR\" \/>\n<meta property=\"og:type\" content=\"article\" \/>\n<meta property=\"og:title\" content=\"BIEN ETRE : SOMMET DE LA CONSCIENCE - Tepaseul\" \/>\n<meta property=\"og:description\" content=\"La 5e\u0300me e\u0301dition du SOMMET DE LA CONSCIENCE aura lieu du 24 mars au 2 avril 2017 Une opportunite\u0301 unique pour transformer votre vie et faire un pas de plus vers l&rsquo;e\u0301volution de votre conscience. Le principe du SOMMET DE LA CONSCIENCE c&rsquo;est : \u2022...\" \/>\n<meta property=\"og:url\" content=\"https:\/\/www.tepaseul-magazine.fr\/accueil\/bien-etre-sommet-de-conscience\/\" \/>\n<meta property=\"og:site_name\" content=\"Tepaseul\" \/>\n<meta property=\"article:published_time\" content=\"2017-03-23T13:07:05+00:00\" \/>\n<meta property=\"og:image\" content=\"https:\/\/www.tepaseul-magazine.fr\/wp-content\/uploads\/2017\/03\/IMG_0062.jpg\" \/>\n\t<meta property=\"og:image:width\" content=\"640\" \/>\n\t<meta property=\"og:image:height\" content=\"1136\" \/>\n\t<meta property=\"og:image:type\" content=\"image\/jpeg\" \/>\n<meta name=\"author\" content=\"Chantal Rolland\" \/>\n<script type=\"application\/ld+json\" class=\"yoast-schema-graph\">{\"@context\":\"https:\/\/schema.org\",\"@graph\":[{\"@type\":\"Article\",\"@id\":\"https:\/\/www.tepaseul-magazine.fr\/accueil\/bien-etre-sommet-de-conscience\/#article\",\"isPartOf\":{\"@id\":\"https:\/\/www.tepaseul-magazine.fr\/accueil\/bien-etre-sommet-de-conscience\/\"},\"author\":{\"name\":\"Chantal Rolland\",\"@id\":\"https:\/\/www.tepaseul-magazine.fr\/accueil\/#\/schema\/person\/dd3827dc04f692ff480da4bac4545eeb\"},\"headline\":\"BIEN ETRE : SOMMET DE LA CONSCIENCE\",\"datePublished\":\"2017-03-23T13:07:05+00:00\",\"dateModified\":\"2017-03-23T13:07:05+00:00\",\"mainEntityOfPage\":{\"@id\":\"https:\/\/www.tepaseul-magazine.fr\/accueil\/bien-etre-sommet-de-conscience\/\"},\"wordCount\":792,\"commentCount\":0,\"publisher\":{\"@id\":\"https:\/\/www.tepaseul-magazine.fr\/accueil\/#organization\"},\"keywords\":[\"concept\",\"conf\u00e9rences\",\"sommet de la conscience\",\"spiritualit\u00e9\"],\"articleSection\":[\"Beaut\u00e9\/forme\",\"Bien \u00eatre\/Beaut\u00e9 forme\"],\"inLanguage\":\"fr-FR\",\"potentialAction\":[{\"@type\":\"CommentAction\",\"name\":\"Comment\",\"target\":[\"https:\/\/www.tepaseul-magazine.fr\/accueil\/bien-etre-sommet-de-conscience\/#respond\"]}]},{\"@type\":\"WebPage\",\"@id\":\"https:\/\/www.tepaseul-magazine.fr\/accueil\/bien-etre-sommet-de-conscience\/\",\"url\":\"https:\/\/www.tepaseul-magazine.fr\/accueil\/bien-etre-sommet-de-conscience\/\",\"name\":\"BIEN ETRE : SOMMET DE LA CONSCIENCE - Tepaseul\",\"isPartOf\":{\"@id\":\"https:\/\/www.tepaseul-magazine.fr\/accueil\/#website\"},\"datePublished\":\"2017-03-23T13:07:05+00:00\",\"dateModified\":\"2017-03-23T13:07:05+00:00\",\"breadcrumb\":{\"@id\":\"https:\/\/www.tepaseul-magazine.fr\/accueil\/bien-etre-sommet-de-conscience\/#breadcrumb\"},\"inLanguage\":\"fr-FR\",\"potentialAction\":[{\"@type\":\"ReadAction\",\"target\":[\"https:\/\/www.tepaseul-magazine.fr\/accueil\/bien-etre-sommet-de-conscience\/\"]}]},{\"@type\":\"BreadcrumbList\",\"@id\":\"https:\/\/www.tepaseul-magazine.fr\/accueil\/bien-etre-sommet-de-conscience\/#breadcrumb\",\"itemListElement\":[{\"@type\":\"ListItem\",\"position\":1,\"name\":\"Home\",\"item\":\"https:\/\/www.tepaseul-magazine.fr\/accueil\/\"},{\"@type\":\"ListItem\",\"position\":2,\"name\":\"BIEN ETRE : SOMMET DE LA CONSCIENCE\"}]},{\"@type\":\"WebSite\",\"@id\":\"https:\/\/www.tepaseul-magazine.fr\/accueil\/#website\",\"url\":\"https:\/\/www.tepaseul-magazine.fr\/accueil\/\",\"name\":\"Tepaseul\",\"description\":\"Le Magazine des solibattants\",\"publisher\":{\"@id\":\"https:\/\/www.tepaseul-magazine.fr\/accueil\/#organization\"},\"potentialAction\":[{\"@type\":\"SearchAction\",\"target\":{\"@type\":\"EntryPoint\",\"urlTemplate\":\"https:\/\/www.tepaseul-magazine.fr\/accueil\/?s={search_term_string}\"},\"query-input\":\"required name=search_term_string\"}],\"inLanguage\":\"fr-FR\"},{\"@type\":\"Organization\",\"@id\":\"https:\/\/www.tepaseul-magazine.fr\/accueil\/#organization\",\"name\":\"Tepaseul\",\"url\":\"https:\/\/www.tepaseul-magazine.fr\/accueil\/\",\"logo\":{\"@type\":\"ImageObject\",\"inLanguage\":\"fr-FR\",\"@id\":\"https:\/\/www.tepaseul-magazine.fr\/accueil\/#\/schema\/logo\/image\/\",\"url\":\"https:\/\/www.tepaseul-magazine.fr\/wp-content\/uploads\/2014\/12\/logo_doublev2-noir.png\",\"contentUrl\":\"https:\/\/www.tepaseul-magazine.fr\/wp-content\/uploads\/2014\/12\/logo_doublev2-noir.png\",\"width\":205,\"height\":51,\"caption\":\"Tepaseul\"},\"image\":{\"@id\":\"https:\/\/www.tepaseul-magazine.fr\/accueil\/#\/schema\/logo\/image\/\"}},{\"@type\":\"Person\",\"@id\":\"https:\/\/www.tepaseul-magazine.fr\/accueil\/#\/schema\/person\/dd3827dc04f692ff480da4bac4545eeb\",\"name\":\"Chantal Rolland\",\"image\":{\"@type\":\"ImageObject\",\"inLanguage\":\"fr-FR\",\"@id\":\"https:\/\/www.tepaseul-magazine.fr\/accueil\/#\/schema\/person\/image\/\",\"url\":\"https:\/\/secure.gravatar.com\/avatar\/a67dbe83e155eb41b8bc6c41ebcc8564?s=96&d=mm&r=g\",\"contentUrl\":\"https:\/\/secure.gravatar.com\/avatar\/a67dbe83e155eb41b8bc6c41ebcc8564?s=96&d=mm&r=g\",\"caption\":\"Chantal Rolland\"},\"url\":\"https:\/\/www.tepaseul-magazine.fr\/accueil\/author\/chantal-rolland\/\"}]}<\/script>\n<!-- \/ Yoast SEO plugin. -->","yoast_head_json":{"title":"BIEN ETRE : SOMMET DE LA CONSCIENCE - Tepaseul","robots":{"index":"index","follow":"follow","max-snippet":"max-snippet:-1","max-image-preview":"max-image-preview:large","max-video-preview":"max-video-preview:-1"},"canonical":"https:\/\/www.tepaseul-magazine.fr\/accueil\/bien-etre-sommet-de-conscience\/","og_locale":"fr_FR","og_type":"article","og_title":"BIEN ETRE : SOMMET DE LA CONSCIENCE - Tepaseul","og_description":"La 5e\u0300me e\u0301dition du SOMMET DE LA CONSCIENCE aura lieu du 24 mars au 2 avril 2017 Une opportunite\u0301 unique pour transformer votre vie et faire un pas de plus vers l&rsquo;e\u0301volution de votre conscience. Le principe du SOMMET DE LA CONSCIENCE c&rsquo;est : \u2022...","og_url":"https:\/\/www.tepaseul-magazine.fr\/accueil\/bien-etre-sommet-de-conscience\/","og_site_name":"Tepaseul","article_published_time":"2017-03-23T13:07:05+00:00","og_image":[{"width":640,"height":1136,"url":"https:\/\/www.tepaseul-magazine.fr\/wp-content\/uploads\/2017\/03\/IMG_0062.jpg","type":"image\/jpeg"}],"author":"Chantal Rolland","schema":{"@context":"https:\/\/schema.org","@graph":[{"@type":"Article","@id":"https:\/\/www.tepaseul-magazine.fr\/accueil\/bien-etre-sommet-de-conscience\/#article","isPartOf":{"@id":"https:\/\/www.tepaseul-magazine.fr\/accueil\/bien-etre-sommet-de-conscience\/"},"author":{"name":"Chantal Rolland","@id":"https:\/\/www.tepaseul-magazine.fr\/accueil\/#\/schema\/person\/dd3827dc04f692ff480da4bac4545eeb"},"headline":"BIEN ETRE : SOMMET DE LA CONSCIENCE","datePublished":"2017-03-23T13:07:05+00:00","dateModified":"2017-03-23T13:07:05+00:00","mainEntityOfPage":{"@id":"https:\/\/www.tepaseul-magazine.fr\/accueil\/bien-etre-sommet-de-conscience\/"},"wordCount":792,"commentCount":0,"publisher":{"@id":"https:\/\/www.tepaseul-magazine.fr\/accueil\/#organization"},"keywords":["concept","conf\u00e9rences","sommet de la conscience","spiritualit\u00e9"],"articleSection":["Beaut\u00e9\/forme","Bien \u00eatre\/Beaut\u00e9 forme"],"inLanguage":"fr-FR","potentialAction":[{"@type":"CommentAction","name":"Comment","target":["https:\/\/www.tepaseul-magazine.fr\/accueil\/bien-etre-sommet-de-conscience\/#respond"]}]},{"@type":"WebPage","@id":"https:\/\/www.tepaseul-magazine.fr\/accueil\/bien-etre-sommet-de-conscience\/","url":"https:\/\/www.tepaseul-magazine.fr\/accueil\/bien-etre-sommet-de-conscience\/","name":"BIEN ETRE : SOMMET DE LA CONSCIENCE - Tepaseul","isPartOf":{"@id":"https:\/\/www.tepaseul-magazine.fr\/accueil\/#website"},"datePublished":"2017-03-23T13:07:05+00:00","dateModified":"2017-03-23T13:07:05+00:00","breadcrumb":{"@id":"https:\/\/www.tepaseul-magazine.fr\/accueil\/bien-etre-sommet-de-conscience\/#breadcrumb"},"inLanguage":"fr-FR","potentialAction":[{"@type":"ReadAction","target":["https:\/\/www.tepaseul-magazine.fr\/accueil\/bien-etre-sommet-de-conscience\/"]}]},{"@type":"BreadcrumbList","@id":"https:\/\/www.tepaseul-magazine.fr\/accueil\/bien-etre-sommet-de-conscience\/#breadcrumb","itemListElement":[{"@type":"ListItem","position":1,"name":"Home","item":"https:\/\/www.tepaseul-magazine.fr\/accueil\/"},{"@type":"ListItem","position":2,"name":"BIEN ETRE : SOMMET DE LA CONSCIENCE"}]},{"@type":"WebSite","@id":"https:\/\/www.tepaseul-magazine.fr\/accueil\/#website","url":"https:\/\/www.tepaseul-magazine.fr\/accueil\/","name":"Tepaseul","description":"Le Magazine des solibattants","publisher":{"@id":"https:\/\/www.tepaseul-magazine.fr\/accueil\/#organization"},"potentialAction":[{"@type":"SearchAction","target":{"@type":"EntryPoint","urlTemplate":"https:\/\/www.tepaseul-magazine.fr\/accueil\/?s={search_term_string}"},"query-input":"required name=search_term_string"}],"inLanguage":"fr-FR"},{"@type":"Organization","@id":"https:\/\/www.tepaseul-magazine.fr\/accueil\/#organization","name":"Tepaseul","url":"https:\/\/www.tepaseul-magazine.fr\/accueil\/","logo":{"@type":"ImageObject","inLanguage":"fr-FR","@id":"https:\/\/www.tepaseul-magazine.fr\/accueil\/#\/schema\/logo\/image\/","url":"https:\/\/www.tepaseul-magazine.fr\/wp-content\/uploads\/2014\/12\/logo_doublev2-noir.png","contentUrl":"https:\/\/www.tepaseul-magazine.fr\/wp-content\/uploads\/2014\/12\/logo_doublev2-noir.png","width":205,"height":51,"caption":"Tepaseul"},"image":{"@id":"https:\/\/www.tepaseul-magazine.fr\/accueil\/#\/schema\/logo\/image\/"}},{"@type":"Person","@id":"https:\/\/www.tepaseul-magazine.fr\/accueil\/#\/schema\/person\/dd3827dc04f692ff480da4bac4545eeb","name":"Chantal Rolland","image":{"@type":"ImageObject","inLanguage":"fr-FR","@id":"https:\/\/www.tepaseul-magazine.fr\/accueil\/#\/schema\/person\/image\/","url":"https:\/\/secure.gravatar.com\/avatar\/a67dbe83e155eb41b8bc6c41ebcc8564?s=96&d=mm&r=g","contentUrl":"https:\/\/secure.gravatar.com\/avatar\/a67dbe83e155eb41b8bc6c41ebcc8564?s=96&d=mm&r=g","caption":"Chantal Rolland"},"url":"https:\/\/www.tepaseul-magazine.fr\/accueil\/author\/chantal-rolland\/"}]}},"_links":{"self":[{"href":"https:\/\/www.tepaseul-magazine.fr\/accueil\/wp-json\/wp\/v2\/posts\/12283"}],"collection":[{"href":"https:\/\/www.tepaseul-magazine.fr\/accueil\/wp-json\/wp\/v2\/posts"}],"about":[{"href":"https:\/\/www.tepaseul-magazine.fr\/accueil\/wp-json\/wp\/v2\/types\/post"}],"author":[{"embeddable":true,"href":"https:\/\/www.tepaseul-magazine.fr\/accueil\/wp-json\/wp\/v2\/users\/2"}],"replies":[{"embeddable":true,"href":"https:\/\/www.tepaseul-magazine.fr\/accueil\/wp-json\/wp\/v2\/comments?post=12283"}],"version-history":[{"count":1,"href":"https:\/\/www.tepaseul-magazine.fr\/accueil\/wp-json\/wp\/v2\/posts\/12283\/revisions"}],"predecessor-version":[{"id":12287,"href":"https:\/\/www.tepaseul-magazine.fr\/accueil\/wp-json\/wp\/v2\/posts\/12283\/revisions\/12287"}],"wp:featuredmedia":[{"embeddable":true,"href":"https:\/\/www.tepaseul-magazine.fr\/accueil\/wp-json\/wp\/v2\/media\/12286"}],"wp:attachment":[{"href":"https:\/\/www.tepaseul-magazine.fr\/accueil\/wp-json\/wp\/v2\/media?parent=12283"}],"wp:term":[{"taxonomy":"category","embeddable":true,"href":"https:\/\/www.tepaseul-magazine.fr\/accueil\/wp-json\/wp\/v2\/categories?post=12283"},{"taxonomy":"post_tag","embeddable":true,"href":"https:\/\/www.tepaseul-magazine.fr\/accueil\/wp-json\/wp\/v2\/tags?post=12283"}],"curies":[{"name":"wp","href":"https:\/\/api.w.org\/{rel}","templated":true}]}}