{"id":12483,"date":"2017-06-06T08:40:33","date_gmt":"2017-06-06T07:40:33","guid":{"rendered":"http:\/\/www.tepaseul-magazine.fr\/?p=12483"},"modified":"2017-06-06T08:53:16","modified_gmt":"2017-06-06T07:53:16","slug":"la-fete-champenoise","status":"publish","type":"post","link":"https:\/\/www.tepaseul-magazine.fr\/accueil\/la-fete-champenoise\/","title":{"rendered":"LA FETE CHAMPENOISE"},"content":{"rendered":"<p><img loading=\"lazy\" decoding=\"async\" class=\"alignleft size-full wp-image-12484\" src=\"http:\/\/www.tepaseul-magazine.fr\/wp-content\/uploads\/2017\/06\/PastedGraphic-1.jpg\" alt=\"\" width=\"640\" height=\"196\" srcset=\"https:\/\/www.tepaseul-magazine.fr\/wp-content\/uploads\/2017\/06\/PastedGraphic-1.jpg 640w, https:\/\/www.tepaseul-magazine.fr\/wp-content\/uploads\/2017\/06\/PastedGraphic-1-300x92.jpg 300w\" sizes=\"(max-width: 640px) 100vw, 640px\" \/><\/p>\n<p><strong>Champagne ! La Champenoise annonce la nouvelle \u00e9dition de la f\u00eate du Champagne les 9 et 10 juin 2017<\/strong><\/p>\n<p>Le Champagne, le plus festif des vins et fleuron de l\u2019art viticole fran\u00e7ais, m\u00e9rite bien une c\u00e9l\u00e9bration de grande envergure !<\/p>\n<p>La Champenoise, manifestation p\u00e9tillante qui r\u00e9unit amateurs de champagne, touristes et professionnels du vin, annonce sa seconde \u00e9dition les 9 et 10 juin prochains \u00e0 Reims.<\/p>\n<p><strong>La Champenoise : une f\u00eate d\u00e9di\u00e9e aux amoureux du champagne<\/strong><\/p>\n<p>La Champenoise est n\u00e9e de la volont\u00e9 de r\u00e9unir en un m\u00eame lieu les divers acteurs du monde du champagne : Grandes Maisons, Vignerons et Coop\u00e9ratives de la vall\u00e9e de la Marne, d\u2019Epernay, de la Montagne de Reims en passant par la C\u00f4te des Blancs et jusqu\u2019\u00e0 l\u2019Aube !<\/p>\n<p>Cet \u00e9v\u00e9nement s\u2019inscrit comme une f\u00eate populaire autour du Champagne et ses amoureux. Il aura lieu dans le quartier du Boulingrin, le c\u0153ur historique de Reims, dans une ambiance festive et conviviale.<\/p>\n<p>Ses cr\u00e9ateurs ont l\u2019ambition d\u2019en faire la plus grande c\u00e9l\u00e9bration du champagne en Champagne, et de contribuer ainsi au rayonnement de leur r\u00e9gion.<\/p>\n<p><strong>Un \u00e9v\u00e9nement unique d&rsquo;envergure internationale !<\/strong><\/p>\n<p>Pour son cadre, ses participants et son concept, la Champenoise est un rendez-vous \u00e0 ne pas manquer :<\/p>\n<p>L\u2019\u00e9v\u00e9nement se tient dans un lieu d\u2019exception, les mythiques Halles du March\u00e9 du Boulingrin, c\u00e9l\u00e8bres pour leur ancrage architectural et historique.<\/p>\n<ul>\n<li>\u00a065 producteurs de Champagne seront pr\u00e9sents : N\u00e9gociants, Vignerons et Coop\u00e9ratives<\/li>\n<li>\u00a0La manifestation est ouverte au public comme aux professionnels, et vise \u00e0 faire se rencontrer producteurs et amateurs. La p\u00e9riode est propice au tourisme dans la r\u00e9gion, les visiteurs \u00e9trangers seront \u00e9galement nombreux.<\/li>\n<li>\u00a0Un programme en 3 temps : deux demi-journ\u00e9es de d\u00e9gustation pr\u00e9c\u00e8dent une f\u00eate le samedi soir en musique avec du jazz et de l\u2019electro swing.<\/li>\n<li>\u00a0Pendant toute la manifestation, le Champagne est vendu sur place \u00e0 prix propri\u00e9t\u00e9.<\/li>\n<li>\u00a0Des stands de restauration seront orchestr\u00e9s par les commer\u00e7ants du quartier du Boulingrin \u2028<strong>Un programme en trois temps <\/strong>\u2028La Champenoise est compos\u00e9e de trois temps forts: deux demi-journ\u00e9es d\u00e9gustation, et une nocturne \u00ab\u00a0f\u00eate du champagne\u00a0\u00bb, qui seront autant d&rsquo;occasions de faire des rencontres uniques et de belles d\u00e9couvertes. \u2028<strong>Vendredi 9 juin et samedi 10 juin : Journ\u00e9es d\u00e9gustations <\/strong>\u2028Les Halles du Boulingrin ouvrent leurs portes au public le vendredi de 16 \u00e0 22 heures. Les visiteurs sont invit\u00e9s \u00e0 arpenter les \u00e9tals du march\u00e9 Bio avant de rejoindre la Champenoise \u00e0 l\u2019\u00e9tage et d\u00e9guster gratuitementdes cuv\u00e9es d\u2019exception de 65 producteurs de Champagne. Des groupes de musique locaux se relaieront dans une ambiance jazz-guinguette conviviale. \u2028Le samedi, la d\u00e9gustation aura lieu de 10 \u00e0 14 heures sur le m\u00eame format.<\/li>\n<\/ul>\n<p>&nbsp;<\/p>\n<ul>\n<li>Vendredi 9 juin de 16h \u00e0 22h : 8\u20ac en pr\u00e9vente, et 10\u20ac sur place \u2022 Samedi 10 juin, 10h \u00e0 14h : 8\u20ac en pr\u00e9vente, et 10\u20ac sur place<\/li>\n<\/ul>\n<p>Les billets journ\u00e9es donnent acc\u00e8s \u00e0 la d\u00e9gustation gratuite des producteurs pr\u00e9sents. Le Champagne \u00e0 emporter sera disponible au prix de la propri\u00e9t\u00e9.<\/p>\n<p><strong>Samedi 10 juin : Soir\u00e9e \u00ab\u00a0F\u00eate du champagne\u00a0\u00bb<\/strong><\/p>\n<p>La nocturne, qui aura lieu de 19 heures \u00e0 2 heures du matin, sera le point culminant de la seconde \u00e9dition.<\/p>\n<p>Lors de cette soir\u00e9e effervescente, les 65 producteurs occuperont toutes les Halles, et les bulles cr\u00e9piteront sur les \u00e9tals du Boulingrin. Les visiteurs auront la possibilit\u00e9 de se restaurer sur place gr\u00e2ce aux stands gastronomiques aux accents du terroir champenois. L\u2019ambiance musicale sera elle aussi p\u00e9till<\/p>\n<p>ante, avec le Duo de DJ Bart and Baker, qui remet le swing des ann\u00e9es 50 au go\u00fbt du jour en lui apportant une touche d\u2019\u00e9lectro tr\u00e8s contemporaine. Ils seront accompagn\u00e9s d\u2019un DJ local surprise&#8230;<\/p>\n<ul>\n<li>Samedi 10 juin, 19h \u00e0 2h : 12\u20ac en pr\u00e9vente, et 15\u20ac sur place<\/li>\n<\/ul>\n<p>Le billet soir\u00e9e donne acc\u00e8s \u00e0 un verre offert puis \u00e0 l\u2019acc\u00e8s aux Champagnes sur place au prix de la propri\u00e9t\u00e9.<\/p>\n<p>&nbsp;<\/p>\n<p><strong>Informations pratiques<\/strong><\/p>\n<p>Il est possible de r\u00e9server d\u00e8s aujourd\u2019hui des billets pour la Champenoise, sur le site internet de l\u2019\u00e9v\u00e8nement. Les tarifs sont les suivants :<\/p>\n<ul>\n<li>\u00a0Vendredi 9 juin de 16h \u00e0 21h : 8\u20ac en pr\u00e9vente, et 10\u20ac sur place (d\u00e9gustation offerte)<\/li>\n<li>\u00a0Samedi 10 juin, 10h \u00e0 14h : 8\u20ac en pr\u00e9vente, et 10\u20ac sur place (d\u00e9gustation offerte)<\/li>\n<li>\u00a0Samedi 10 juin, 19h \u00e0 2h : 12\u20ac en pr\u00e9vente, et 15\u20ac sur place (une coupe offerte) \u2028<strong>Liste des participants <\/strong>\u2028Les Vignerons, Maisons et Coop\u00e9ratives ont r\u00e9pondu nombreux \u00e0 l\u2019appel de l\u2019\u00e9dition 2017 de la Champenoise. \u2028Voici la liste non-exhaustive des Champagnes pr\u00e9sents : Billecart Salmon, Bollinger, Drappier, L\u2019acad\u00e9mie des vins de Bouzy, Fresne Ducret, Le Gallais, Waris Larmandier, Yann Alexandre, Charles Heidsieck, Michel Gonet, , H\u00e9l\u00e8ne Delh\u00e9ry, Alain Vesselle, Louis Dousset, Billiot, Liebart R\u00e9gnier, Heucq, Eric Taillet, Claude Bouquet, Legret, P\u00e9rard, Waris Hubert, Chapuy, R\u00e9gis Emery, Henriot, Deville, Larnaudie-Hirault, Louis Massing, Gamet, Lemaire, Minard, Beauchamp, Filaine, Bouquet, Faniel, Julien Chopin, Ang\u00e9lique Lacroix et Filles ainsi que l\u2019association Les Fa\u2019Bulleuses de Champagne.<\/li>\n<\/ul>\n<p><strong>A l\u2019origine de la Champenoise<\/strong><\/p>\n<p>A l\u2019origine de la Champenoise, il y a bien \u00e9videmment des Champenois, Benjamin et Matthias&#8230; mais aussi un Bordelais, Franck. Les deux premiers sont bien connus dans la r\u00e9gion r\u00e9moise ; Benjamin est ainsi propri\u00e9taire des bars \u00e0 vins \u00ab Le Clos \u00bb ainsi que du restaurant \u00ab Chez Ginette \u00bb. Matthias, quant \u00e0 lui, est une figure incontournable du secteur touristique champenois. Titulaire de plusieurs formations en vins et en Champagnes, il a fond\u00e9 Vine Escape, une soci\u00e9t\u00e9 qui propose des circuits haut de gamme en Champagne. Franck est le sp\u00e9cialiste de l\u2019\u00e9v\u00e9nementiel du vin ; il a orchestr\u00e9, ces derni\u00e8res ann\u00e9es, certains des plus grands \u00e9v\u00e9nements du Bordelais.<\/p>\n<p>Les trois amis ont d\u00e9cid\u00e9 de mettre en commun leurs envies et leurs comp\u00e9tences pour cr\u00e9er l\u2019association et l\u2019\u00e9v\u00e9nement La Champenoise afin d\u2019offrir au vin le plus festif du Monde une c\u00e9l\u00e9bration annuelle inoubliable.<\/p>\n<p>Ils ont l\u2019intention de faire de La Champenoise le plus grand \u00e9v\u00e9nement d\u00e9di\u00e9 au Champagne.<\/p>\n<p><em>Les partenaires de cette deuxi\u00e8me \u00e9dition : la Mairie de Reims et l\u2019Office du Tourisme de Reims, l\u2019agence de communication leader en Champagne \u00ab Cochet Concept \u00bb, le Cr\u00e9dit Agricole Nord Est, la CSGV, Mazars et Lehmann Glass.<\/em><\/p>\n<p><strong>Pour en savoir plus\u2028<\/strong><strong>Site internet <\/strong>: http:\/\/www.fetechampenoise.com\/<\/p>\n<p><strong>Facebook <\/strong>: https:\/\/www.facebook.com\/La-Champenoise-F%C3%AAte-du- Champagne-1631444093842406\/<\/p>\n<p><strong>Contact <\/strong>: Franck Moussi\u00e9\u2028<strong>Email <\/strong>: fetechampenoise@gmail.com <strong>T\u00e9l\u00e9phone <\/strong>: 06 67 41 97 91 \/ 03 26 53 30 41<\/p>\n<p>&nbsp;<\/p>\n<p>&nbsp;<\/p>\n<p><strong>\u00a0\u00a0\u00a0\u00a0\u00a0\u00a0\u00a0\u00a0\u00a0\u00a0\u00a0\u00a0\u00a0\u00a0\u00a0\u00a0\u00a0\u00a0\u00a0\u00a0\u00a0\u00a0 NOUS VOUS SUGGERONS, POUR LA FETE DES PERES\u00a0: <\/strong><\/p>\n<p><strong>\u00a0\u00a0\u00a0\u00a0\u00a0\u00a0\u00a0\u00a0\u00a0\u00a0\u00a0\u00a0\u00a0\u00a0\u00a0\u00a0\u00a0\u00a0\u00a0\u00a0\u00a0\u00a0\u00a0\u00a0\u00a0\u00a0 ( A boire avec mod\u00e9ration, bien entendu\u2026.) <\/strong><\/p>\n<p><strong>\u00a0<\/strong><\/p>\n<p>&nbsp;<\/p>\n<p><strong>Champagne LE GALLAIS\u00a0: <\/strong><\/p>\n<p><img loading=\"lazy\" decoding=\"async\" class=\"alignright size-full wp-image-12489\" src=\"http:\/\/www.tepaseul-magazine.fr\/wp-content\/uploads\/2017\/06\/Champagne-Le-Gallais-Boursault-S.-Millot-Coll.-CDT-Marne-6-1-1.jpg\" alt=\"\" width=\"880\" height=\"660\" srcset=\"https:\/\/www.tepaseul-magazine.fr\/wp-content\/uploads\/2017\/06\/Champagne-Le-Gallais-Boursault-S.-Millot-Coll.-CDT-Marne-6-1-1.jpg 880w, https:\/\/www.tepaseul-magazine.fr\/wp-content\/uploads\/2017\/06\/Champagne-Le-Gallais-Boursault-S.-Millot-Coll.-CDT-Marne-6-1-1-300x225.jpg 300w, https:\/\/www.tepaseul-magazine.fr\/wp-content\/uploads\/2017\/06\/Champagne-Le-Gallais-Boursault-S.-Millot-Coll.-CDT-Marne-6-1-1-768x576.jpg 768w\" sizes=\"(max-width: 880px) 100vw, 880px\" \/>Le champagne LE GALLAIS st \u00e9labor\u00e9 \u00e0 partir d\u2019une s\u00e9lection de parcelles \u00e0 l\u2019int\u00e9rieur d\u2019un clos, dans le village de Boursault, \u00e0 5 mn d Epernay.<\/p>\n<p>Une histoire familiale qui dure depuis 1927 .<\/p>\n<p>Le vignoble est trait\u00e9 naturellement, et la vinification, authentique et douce, contribue \u00e0 l\u2019expression du terroir de Boursault.<\/p>\n<p>2 rue Maurice Gilbert<\/p>\n<p>51480 BOURSAULT<\/p>\n<p><a href=\"http:\/\/www.champagnelegallais.com\">www.champagnelegallais.com<\/a><\/p>\n<p>t\u00e9l\u00a0: 0625017369<\/p>\n<p>&nbsp;<\/p>\n<p>&nbsp;<\/p>\n<p>&nbsp;<\/p>\n<p>&nbsp;<\/p>\n<p>&nbsp;<\/p>\n<p>&nbsp;<\/p>\n<p>&nbsp;<\/p>\n<p>&nbsp;<\/p>\n<p>&nbsp;<\/p>\n<p>&nbsp;<\/p>\n<p><strong>CHAMPAGNES CHARLES HEIDSIEK\u00a0: <\/strong><\/p>\n<p><strong><img loading=\"lazy\" decoding=\"async\" class=\"alignleft size-full wp-image-12491\" src=\"http:\/\/www.tepaseul-magazine.fr\/wp-content\/uploads\/2017\/06\/3205b5561e270af66f851b9580887a10.png\" alt=\"\" width=\"300\" height=\"226\" \/>Au fil des si\u00e8cles, le charme de Charles continue d&rsquo;inspirer. Ses ambitions ont guid\u00e9 ses descendants. Ses choix identitaires ont rendu la Maison unique et reconnaissable entre toutes.<\/strong><\/p>\n<p><strong>En 2011, la Maison est transmise \u00e0 la famille Descours, dont la simple ambition est de la placer au sommet.<\/strong><\/p>\n<p><strong>\u00a0<\/strong><\/p>\n<p><strong>Intuition, expertise et partis-pris.<\/strong><\/p>\n<p><strong>\u00a0<\/strong><\/p>\n<p><strong>Ses Chefs de caves sont d\u00e9vou\u00e9s et inspir\u00e9s depuis des g\u00e9n\u00e9rations.<\/strong><\/p>\n<p><strong>Ses champagnes affichent \u00e0 l&rsquo;assemblage un tiers de chaque c\u00e9page et 40% de vins de r\u00e9serve.<\/strong><\/p>\n<p><strong>Ils vieillissent entre 3 et 15 ans en cray\u00e8res. Un temps de maturation essentiel \u00e0 leur finesse.<\/strong><\/p>\n<p><strong>Depuis 1990, ses bouteilles non mill\u00e9sim\u00e9es portent la date de mise en cray\u00e8res et la date de d\u00e9gorgement.<\/strong><\/p>\n<p><strong>\u00c9lever le savoir-faire en excellence<\/strong><\/p>\n<p><strong>\u00a0<\/strong><\/p>\n<p><strong>Masculin, \u00e9l\u00e9gant et raffin\u00e9. Charles Heidsieck incarne ses champagnes sans demi-mesure.<\/strong><\/p>\n<p><strong>\u00a0<\/strong><\/p>\n<p><strong>La courbe de sa cray\u00e8re N\u00b09, situ\u00e9e \u00e0 Reims et unique au monde, a inspir\u00e9 le dessin original de la bouteille des cuv\u00e9es Brut R\u00e9serve et Ros\u00e9 R\u00e9serve. Ce flacon, dont le volume est id\u00e9al pour le vin, n\u2019a pas \u00e9chapp\u00e9 \u00e0 l\u2019\u0153il de Charles.<\/strong><\/p>\n<p><strong>\u00a0<\/strong><\/p>\n<p><strong>L&rsquo;esth\u00e9tique tout en monochrome des bouteilles \u00ab cray\u00e8res \u00bb est directement inspir\u00e9 du patrimoine de la Maison et prend soin de retransmettre l&rsquo;esprit des \u00e9tiquettes historiques. \u00c0 chaque cuv\u00e9e, collerettes et \u00e9tiquettes se parent d&rsquo;une couleur originale. Gris bleut\u00e9, rose poudr\u00e9&#8230;<\/strong><\/p>\n<p><strong>Personnage hors du commun et au-del\u00e0 du temps. Charles a forg\u00e9 le socle d&rsquo;une grande lign\u00e9e. Aujourd&rsquo;hui, comme hier, ouvrir une de ses bouteilles, c&rsquo;est un peu comme l&rsquo;avoir \u00e0 sa table.<\/strong><\/p>\n<p><strong>PROPRI\u00c9TAIRE DU SITE Compagnie Champenoise PH-CH Piper-Heidsieck ancienne Maison Heidsieck fond\u00e9e en 1785 12 All\u00e9e du Vignoble 51100 Reims France Tel : +33 (0)3 26 84 43 00 Fax : +33 (0)3 26 84 43 49<\/strong><\/p>\n<p><strong>\u00a0<\/strong><\/p>\n<p><strong>\u00a0<\/strong><\/p>\n<p><strong><img loading=\"lazy\" decoding=\"async\" class=\"alignleft size-full wp-image-12492\" src=\"http:\/\/www.tepaseul-magazine.fr\/wp-content\/uploads\/2017\/06\/blog01.jpg\" alt=\"\" width=\"978\" height=\"400\" srcset=\"https:\/\/www.tepaseul-magazine.fr\/wp-content\/uploads\/2017\/06\/blog01.jpg 978w, https:\/\/www.tepaseul-magazine.fr\/wp-content\/uploads\/2017\/06\/blog01-300x123.jpg 300w, https:\/\/www.tepaseul-magazine.fr\/wp-content\/uploads\/2017\/06\/blog01-768x314.jpg 768w\" sizes=\"(max-width: 978px) 100vw, 978px\" \/>CHAMPAGNE DELAMOTTE BLANC DE BLANCS\u00a0: <\/strong><\/p>\n<p><strong>Un grand champagne est d\u2019abord un grand vin. Tel est le d\u00e9fi fondateur d la maison Delamotte et celui de sa s\u0153ur, le mythique Champagne Salon, situ\u00e9s au Mesnil sur Oger, grand cr\u00fb de la c\u00f4te des Blancs. <\/strong><\/p>\n<p><strong>Avant tout min\u00e9ral, Delamotte Blanc de Blancs est la d\u00e9finition m\u00eame du Champagne issu de terroirs crayeux. <\/strong><\/p>\n<p><strong>\u00a0<\/strong><\/p>\n<p><strong>CHAMPAGNE MUMM\u00a0: <\/strong><\/p>\n<p><strong>LA CUVEE MUMM GRAND CORDON<\/strong><\/p>\n<p>Un design avant-gardiste qui magnifie la fra\u00eecheur et l\u2019intensit\u00e9 de cette cuv\u00e9e. En adoptant un flacon au design r\u00e9solument \u00e9pur\u00e9, Mumm Grand Cordon r\u00e9alise une innovation significative.<\/p>\n<p>C\u2019est le designer Ross Lovegrove, d\u00e9j\u00e0 sollicit\u00e9 par la Maison Mumm pour sa capacit\u00e9 \u00e0 associer nouvelles technologies et science des mat\u00e9riaux, qui signe le design de ce flacon.<\/p>\n<p>L\u2019incrustation du Cordon rouge tel un ruban de verre est une r\u00e9elle prouesse technologique et une innovation pour la bouteille champenoise traditionnelle. La forme du flacon accompagne \u00e9galement le processus d\u2019\u00e9panouissement du vin.<\/p>\n<p><strong>\u00a0<\/strong><\/p>\n<p><strong>Ross Lovegrove et Didier Mariotti ont dialogu\u00e9, sollicitant chacun des savoir-faire requis dans l\u2019\u00e9laboration d\u2019une cuv\u00e9e, depuis les responsables des vignobles jusqu\u2019aux cuvistes en passant par les \u0153nologues, les cavistes et les remueurs. Ces \u00e9changes fructueux ont donn\u00e9 naissance \u00e0 cette bouteille \u00e0 la forme si particuli\u00e8re.<\/strong><\/p>\n<p><strong>\u00a0<\/strong><\/p>\n<p><strong>Outre un col \u00e9lanc\u00e9, la bouteille de Mumm Grand Cordon se distingue par son \u00e9pure. Ses lignes \u00e0 la fois sobres et harmonieuses sont soulign\u00e9es par le c\u00e9l\u00e8bre ruban rouge qui, autre exploit technique, est incrust\u00e9 dans l\u2019\u00e9paisseur du verre. L\u2019\u00e9tiquette a disparu. Demeurent le nom de la Maison Mumm et son embl\u00e8me, un aigle, en or clair, tout comme la coiffe.<\/strong><\/p>\n<p><strong>\u00a0<\/strong><\/p>\n<p><strong>Plus \u00e9troit et plus allong\u00e9 que celui d\u2019un flacon champenois traditionnel, le col de la bouteille de Mumm Grand Cordon permet d\u2019accompagner l\u2019\u00e9panouissement des ar\u00f4mes. Cette forme offre \u00e9galement la possibilit\u00e9, pour ceux qui souhaiteraient conserver un peu plus longtemps cette cuv\u00e9e, de la laisser gagner en complexit\u00e9 et en pl\u00e9nitude. <\/strong><\/p>\n<p><strong>\u00a0<\/strong><\/p>\n<p><strong>La cuv\u00e9e Mumm Grand Cordon :<\/strong><\/p>\n<p><strong>\u00a0<img loading=\"lazy\" decoding=\"async\" class=\"alignleft size-full wp-image-12493\" src=\"http:\/\/www.tepaseul-magazine.fr\/wp-content\/uploads\/2017\/06\/mumm-grand-cordon-75cl.png\" alt=\"\" width=\"400\" height=\"400\" srcset=\"https:\/\/www.tepaseul-magazine.fr\/wp-content\/uploads\/2017\/06\/mumm-grand-cordon-75cl.png 400w, https:\/\/www.tepaseul-magazine.fr\/wp-content\/uploads\/2017\/06\/mumm-grand-cordon-75cl-150x150.png 150w, https:\/\/www.tepaseul-magazine.fr\/wp-content\/uploads\/2017\/06\/mumm-grand-cordon-75cl-300x300.png 300w\" sizes=\"(max-width: 400px) 100vw, 400px\" \/><\/strong><\/p>\n<p><strong>L\u2019assemblage de la cuv\u00e9e Mumm Grand Cordon fait honneur aux pinots noirs, issus des meilleurs crus, choisis pour leur structure et leur puissance. Ils s\u2019accordent \u00e0 la finesse et \u00e0 l\u2019\u00e9l\u00e9gance des chardonnays et \u00e0 la rondeur fruit\u00e9e des pinots meuniers.<\/strong><\/p>\n<p><strong>\u00a0<\/strong><\/p>\n<p><strong>La robe limpide et brillante de la cuv\u00e9e Mumm Grand Cordon r\u00e9v\u00e8le au nez des ar\u00f4mes de fruits d\u2019\u00e9t\u00e9, ponctu\u00e9s de parfums de litchis et d\u2019ananas qui s\u2019ouvrent sur des notes de vanille, de fruits secs et de miel. Avec une fra\u00eecheur vive et une belle persistance, cette complexit\u00e9 se prolonge en bouche dans un \u00e9quilibre parfait, avant de s\u2019\u00e9clore sur une finale toute en rondeur.<\/strong><\/p>\n<p><strong>\u00a0<\/strong><\/p>\n<p><strong>\u00a0<\/strong><\/p>\n<p><strong>\u00a0<\/strong><\/p>\n<p><strong>\u00a0<\/strong><\/p>\n<p>&nbsp;<\/p>\n","protected":false},"excerpt":{"rendered":"<p>Champagne ! La Champenoise annonce la nouvelle \u00e9dition de la f\u00eate du Champagne les 9 et 10 juin 2017 Le Champagne, le plus festif des vins et fleuron de l\u2019art viticole fran\u00e7ais, m\u00e9rite bien une c\u00e9l\u00e9bration de grande envergure ! La Champenoise, manifestation p\u00e9tillante qui&#8230;<\/p>\n","protected":false},"author":2,"featured_media":0,"comment_status":"open","ping_status":"open","sticky":false,"template":"","format":"standard","meta":{"footnotes":""},"categories":[1],"tags":[649,1900,1903,1899,1902,1901,1904,1371],"yoast_head":"<!-- This site is optimized with the Yoast SEO plugin v21.9.1 - https:\/\/yoast.com\/wordpress\/plugins\/seo\/ -->\n<title>LA FETE CHAMPENOISE - Tepaseul<\/title>\n<meta name=\"robots\" content=\"index, follow, max-snippet:-1, max-image-preview:large, max-video-preview:-1\" \/>\n<link rel=\"canonical\" href=\"https:\/\/www.tepaseul-magazine.fr\/accueil\/la-fete-champenoise\/\" \/>\n<meta property=\"og:locale\" content=\"fr_FR\" \/>\n<meta property=\"og:type\" content=\"article\" \/>\n<meta property=\"og:title\" content=\"LA FETE CHAMPENOISE - Tepaseul\" \/>\n<meta property=\"og:description\" content=\"Champagne ! La Champenoise annonce la nouvelle \u00e9dition de la f\u00eate du Champagne les 9 et 10 juin 2017 Le Champagne, le plus festif des vins et fleuron de l\u2019art viticole fran\u00e7ais, m\u00e9rite bien une c\u00e9l\u00e9bration de grande envergure ! La Champenoise, manifestation p\u00e9tillante qui...\" \/>\n<meta property=\"og:url\" content=\"https:\/\/www.tepaseul-magazine.fr\/accueil\/la-fete-champenoise\/\" \/>\n<meta property=\"og:site_name\" content=\"Tepaseul\" \/>\n<meta property=\"article:published_time\" content=\"2017-06-06T07:40:33+00:00\" \/>\n<meta property=\"article:modified_time\" content=\"2017-06-06T07:53:16+00:00\" \/>\n<meta property=\"og:image\" content=\"http:\/\/www.tepaseul-magazine.fr\/wp-content\/uploads\/2017\/06\/PastedGraphic-1.jpg\" \/>\n<meta name=\"author\" content=\"Chantal Rolland\" \/>\n<script type=\"application\/ld+json\" class=\"yoast-schema-graph\">{\"@context\":\"https:\/\/schema.org\",\"@graph\":[{\"@type\":\"Article\",\"@id\":\"https:\/\/www.tepaseul-magazine.fr\/accueil\/la-fete-champenoise\/#article\",\"isPartOf\":{\"@id\":\"https:\/\/www.tepaseul-magazine.fr\/accueil\/la-fete-champenoise\/\"},\"author\":{\"name\":\"Chantal Rolland\",\"@id\":\"https:\/\/www.tepaseul-magazine.fr\/accueil\/#\/schema\/person\/dd3827dc04f692ff480da4bac4545eeb\"},\"headline\":\"LA FETE CHAMPENOISE\",\"datePublished\":\"2017-06-06T07:40:33+00:00\",\"dateModified\":\"2017-06-06T07:53:16+00:00\",\"mainEntityOfPage\":{\"@id\":\"https:\/\/www.tepaseul-magazine.fr\/accueil\/la-fete-champenoise\/\"},\"wordCount\":1945,\"commentCount\":0,\"publisher\":{\"@id\":\"https:\/\/www.tepaseul-magazine.fr\/accueil\/#organization\"},\"keywords\":[\"champagne\",\"d\u00e9gustations\",\"DELAMOTTE\",\"fete champenoise\",\"HEISIEK\",\"LE GALLAIS\",\"MUMM\",\"reims\"],\"articleSection\":[\"\u00c9v\u00e9nements\"],\"inLanguage\":\"fr-FR\",\"potentialAction\":[{\"@type\":\"CommentAction\",\"name\":\"Comment\",\"target\":[\"https:\/\/www.tepaseul-magazine.fr\/accueil\/la-fete-champenoise\/#respond\"]}]},{\"@type\":\"WebPage\",\"@id\":\"https:\/\/www.tepaseul-magazine.fr\/accueil\/la-fete-champenoise\/\",\"url\":\"https:\/\/www.tepaseul-magazine.fr\/accueil\/la-fete-champenoise\/\",\"name\":\"LA FETE CHAMPENOISE - Tepaseul\",\"isPartOf\":{\"@id\":\"https:\/\/www.tepaseul-magazine.fr\/accueil\/#website\"},\"datePublished\":\"2017-06-06T07:40:33+00:00\",\"dateModified\":\"2017-06-06T07:53:16+00:00\",\"breadcrumb\":{\"@id\":\"https:\/\/www.tepaseul-magazine.fr\/accueil\/la-fete-champenoise\/#breadcrumb\"},\"inLanguage\":\"fr-FR\",\"potentialAction\":[{\"@type\":\"ReadAction\",\"target\":[\"https:\/\/www.tepaseul-magazine.fr\/accueil\/la-fete-champenoise\/\"]}]},{\"@type\":\"BreadcrumbList\",\"@id\":\"https:\/\/www.tepaseul-magazine.fr\/accueil\/la-fete-champenoise\/#breadcrumb\",\"itemListElement\":[{\"@type\":\"ListItem\",\"position\":1,\"name\":\"Home\",\"item\":\"https:\/\/www.tepaseul-magazine.fr\/accueil\/\"},{\"@type\":\"ListItem\",\"position\":2,\"name\":\"LA FETE CHAMPENOISE\"}]},{\"@type\":\"WebSite\",\"@id\":\"https:\/\/www.tepaseul-magazine.fr\/accueil\/#website\",\"url\":\"https:\/\/www.tepaseul-magazine.fr\/accueil\/\",\"name\":\"Tepaseul\",\"description\":\"Le Magazine des solibattants\",\"publisher\":{\"@id\":\"https:\/\/www.tepaseul-magazine.fr\/accueil\/#organization\"},\"potentialAction\":[{\"@type\":\"SearchAction\",\"target\":{\"@type\":\"EntryPoint\",\"urlTemplate\":\"https:\/\/www.tepaseul-magazine.fr\/accueil\/?s={search_term_string}\"},\"query-input\":\"required name=search_term_string\"}],\"inLanguage\":\"fr-FR\"},{\"@type\":\"Organization\",\"@id\":\"https:\/\/www.tepaseul-magazine.fr\/accueil\/#organization\",\"name\":\"Tepaseul\",\"url\":\"https:\/\/www.tepaseul-magazine.fr\/accueil\/\",\"logo\":{\"@type\":\"ImageObject\",\"inLanguage\":\"fr-FR\",\"@id\":\"https:\/\/www.tepaseul-magazine.fr\/accueil\/#\/schema\/logo\/image\/\",\"url\":\"https:\/\/www.tepaseul-magazine.fr\/wp-content\/uploads\/2014\/12\/logo_doublev2-noir.png\",\"contentUrl\":\"https:\/\/www.tepaseul-magazine.fr\/wp-content\/uploads\/2014\/12\/logo_doublev2-noir.png\",\"width\":205,\"height\":51,\"caption\":\"Tepaseul\"},\"image\":{\"@id\":\"https:\/\/www.tepaseul-magazine.fr\/accueil\/#\/schema\/logo\/image\/\"}},{\"@type\":\"Person\",\"@id\":\"https:\/\/www.tepaseul-magazine.fr\/accueil\/#\/schema\/person\/dd3827dc04f692ff480da4bac4545eeb\",\"name\":\"Chantal Rolland\",\"image\":{\"@type\":\"ImageObject\",\"inLanguage\":\"fr-FR\",\"@id\":\"https:\/\/www.tepaseul-magazine.fr\/accueil\/#\/schema\/person\/image\/\",\"url\":\"https:\/\/secure.gravatar.com\/avatar\/a67dbe83e155eb41b8bc6c41ebcc8564?s=96&d=mm&r=g\",\"contentUrl\":\"https:\/\/secure.gravatar.com\/avatar\/a67dbe83e155eb41b8bc6c41ebcc8564?s=96&d=mm&r=g\",\"caption\":\"Chantal Rolland\"},\"url\":\"https:\/\/www.tepaseul-magazine.fr\/accueil\/author\/chantal-rolland\/\"}]}<\/script>\n<!-- \/ Yoast SEO plugin. -->","yoast_head_json":{"title":"LA FETE CHAMPENOISE - Tepaseul","robots":{"index":"index","follow":"follow","max-snippet":"max-snippet:-1","max-image-preview":"max-image-preview:large","max-video-preview":"max-video-preview:-1"},"canonical":"https:\/\/www.tepaseul-magazine.fr\/accueil\/la-fete-champenoise\/","og_locale":"fr_FR","og_type":"article","og_title":"LA FETE CHAMPENOISE - Tepaseul","og_description":"Champagne ! La Champenoise annonce la nouvelle \u00e9dition de la f\u00eate du Champagne les 9 et 10 juin 2017 Le Champagne, le plus festif des vins et fleuron de l\u2019art viticole fran\u00e7ais, m\u00e9rite bien une c\u00e9l\u00e9bration de grande envergure ! La Champenoise, manifestation p\u00e9tillante qui...","og_url":"https:\/\/www.tepaseul-magazine.fr\/accueil\/la-fete-champenoise\/","og_site_name":"Tepaseul","article_published_time":"2017-06-06T07:40:33+00:00","article_modified_time":"2017-06-06T07:53:16+00:00","og_image":[{"url":"http:\/\/www.tepaseul-magazine.fr\/wp-content\/uploads\/2017\/06\/PastedGraphic-1.jpg"}],"author":"Chantal Rolland","schema":{"@context":"https:\/\/schema.org","@graph":[{"@type":"Article","@id":"https:\/\/www.tepaseul-magazine.fr\/accueil\/la-fete-champenoise\/#article","isPartOf":{"@id":"https:\/\/www.tepaseul-magazine.fr\/accueil\/la-fete-champenoise\/"},"author":{"name":"Chantal Rolland","@id":"https:\/\/www.tepaseul-magazine.fr\/accueil\/#\/schema\/person\/dd3827dc04f692ff480da4bac4545eeb"},"headline":"LA FETE CHAMPENOISE","datePublished":"2017-06-06T07:40:33+00:00","dateModified":"2017-06-06T07:53:16+00:00","mainEntityOfPage":{"@id":"https:\/\/www.tepaseul-magazine.fr\/accueil\/la-fete-champenoise\/"},"wordCount":1945,"commentCount":0,"publisher":{"@id":"https:\/\/www.tepaseul-magazine.fr\/accueil\/#organization"},"keywords":["champagne","d\u00e9gustations","DELAMOTTE","fete champenoise","HEISIEK","LE GALLAIS","MUMM","reims"],"articleSection":["\u00c9v\u00e9nements"],"inLanguage":"fr-FR","potentialAction":[{"@type":"CommentAction","name":"Comment","target":["https:\/\/www.tepaseul-magazine.fr\/accueil\/la-fete-champenoise\/#respond"]}]},{"@type":"WebPage","@id":"https:\/\/www.tepaseul-magazine.fr\/accueil\/la-fete-champenoise\/","url":"https:\/\/www.tepaseul-magazine.fr\/accueil\/la-fete-champenoise\/","name":"LA FETE CHAMPENOISE - Tepaseul","isPartOf":{"@id":"https:\/\/www.tepaseul-magazine.fr\/accueil\/#website"},"datePublished":"2017-06-06T07:40:33+00:00","dateModified":"2017-06-06T07:53:16+00:00","breadcrumb":{"@id":"https:\/\/www.tepaseul-magazine.fr\/accueil\/la-fete-champenoise\/#breadcrumb"},"inLanguage":"fr-FR","potentialAction":[{"@type":"ReadAction","target":["https:\/\/www.tepaseul-magazine.fr\/accueil\/la-fete-champenoise\/"]}]},{"@type":"BreadcrumbList","@id":"https:\/\/www.tepaseul-magazine.fr\/accueil\/la-fete-champenoise\/#breadcrumb","itemListElement":[{"@type":"ListItem","position":1,"name":"Home","item":"https:\/\/www.tepaseul-magazine.fr\/accueil\/"},{"@type":"ListItem","position":2,"name":"LA FETE CHAMPENOISE"}]},{"@type":"WebSite","@id":"https:\/\/www.tepaseul-magazine.fr\/accueil\/#website","url":"https:\/\/www.tepaseul-magazine.fr\/accueil\/","name":"Tepaseul","description":"Le Magazine des solibattants","publisher":{"@id":"https:\/\/www.tepaseul-magazine.fr\/accueil\/#organization"},"potentialAction":[{"@type":"SearchAction","target":{"@type":"EntryPoint","urlTemplate":"https:\/\/www.tepaseul-magazine.fr\/accueil\/?s={search_term_string}"},"query-input":"required name=search_term_string"}],"inLanguage":"fr-FR"},{"@type":"Organization","@id":"https:\/\/www.tepaseul-magazine.fr\/accueil\/#organization","name":"Tepaseul","url":"https:\/\/www.tepaseul-magazine.fr\/accueil\/","logo":{"@type":"ImageObject","inLanguage":"fr-FR","@id":"https:\/\/www.tepaseul-magazine.fr\/accueil\/#\/schema\/logo\/image\/","url":"https:\/\/www.tepaseul-magazine.fr\/wp-content\/uploads\/2014\/12\/logo_doublev2-noir.png","contentUrl":"https:\/\/www.tepaseul-magazine.fr\/wp-content\/uploads\/2014\/12\/logo_doublev2-noir.png","width":205,"height":51,"caption":"Tepaseul"},"image":{"@id":"https:\/\/www.tepaseul-magazine.fr\/accueil\/#\/schema\/logo\/image\/"}},{"@type":"Person","@id":"https:\/\/www.tepaseul-magazine.fr\/accueil\/#\/schema\/person\/dd3827dc04f692ff480da4bac4545eeb","name":"Chantal Rolland","image":{"@type":"ImageObject","inLanguage":"fr-FR","@id":"https:\/\/www.tepaseul-magazine.fr\/accueil\/#\/schema\/person\/image\/","url":"https:\/\/secure.gravatar.com\/avatar\/a67dbe83e155eb41b8bc6c41ebcc8564?s=96&d=mm&r=g","contentUrl":"https:\/\/secure.gravatar.com\/avatar\/a67dbe83e155eb41b8bc6c41ebcc8564?s=96&d=mm&r=g","caption":"Chantal Rolland"},"url":"https:\/\/www.tepaseul-magazine.fr\/accueil\/author\/chantal-rolland\/"}]}},"_links":{"self":[{"href":"https:\/\/www.tepaseul-magazine.fr\/accueil\/wp-json\/wp\/v2\/posts\/12483"}],"collection":[{"href":"https:\/\/www.tepaseul-magazine.fr\/accueil\/wp-json\/wp\/v2\/posts"}],"about":[{"href":"https:\/\/www.tepaseul-magazine.fr\/accueil\/wp-json\/wp\/v2\/types\/post"}],"author":[{"embeddable":true,"href":"https:\/\/www.tepaseul-magazine.fr\/accueil\/wp-json\/wp\/v2\/users\/2"}],"replies":[{"embeddable":true,"href":"https:\/\/www.tepaseul-magazine.fr\/accueil\/wp-json\/wp\/v2\/comments?post=12483"}],"version-history":[{"count":3,"href":"https:\/\/www.tepaseul-magazine.fr\/accueil\/wp-json\/wp\/v2\/posts\/12483\/revisions"}],"predecessor-version":[{"id":12494,"href":"https:\/\/www.tepaseul-magazine.fr\/accueil\/wp-json\/wp\/v2\/posts\/12483\/revisions\/12494"}],"wp:attachment":[{"href":"https:\/\/www.tepaseul-magazine.fr\/accueil\/wp-json\/wp\/v2\/media?parent=12483"}],"wp:term":[{"taxonomy":"category","embeddable":true,"href":"https:\/\/www.tepaseul-magazine.fr\/accueil\/wp-json\/wp\/v2\/categories?post=12483"},{"taxonomy":"post_tag","embeddable":true,"href":"https:\/\/www.tepaseul-magazine.fr\/accueil\/wp-json\/wp\/v2\/tags?post=12483"}],"curies":[{"name":"wp","href":"https:\/\/api.w.org\/{rel}","templated":true}]}}