{"id":12977,"date":"2018-10-02T09:57:59","date_gmt":"2018-10-02T08:57:59","guid":{"rendered":"http:\/\/www.tepaseul-magazine.fr\/accueil\/?p=12977"},"modified":"2018-10-02T13:14:05","modified_gmt":"2018-10-02T12:14:05","slug":"evenement-la-conscience","status":"publish","type":"post","link":"https:\/\/www.tepaseul-magazine.fr\/accueil\/evenement-la-conscience\/","title":{"rendered":"EVENEMENT : LA CONSCIENCE"},"content":{"rendered":"<p><strong>\u00a0Qu\u2019est-ce que la conscience ? R\u00e9ponse le samedi 6 octobre 2018, lors de la conf\u00e9rence sur la face cach\u00e9e de la conscience \u00e0 Paris.<\/strong><\/p>\n<p><strong><em>Qu\u2019est-ce que la conscience ? Est-elle notre capacit\u00e9 \u00e0 percevoir ou \u00e0 s\u2019\u00e9mouvoir , \u00e0 penser ou se comporter ? Ou bien plus que \u00e7a ? Est-elle ce que l\u2019on sent ou ce que l\u2019on sait de soi, des autres et du monde qui nous entoure ? Est-elle le reflet de nos perceptions ou de nos projections ? Se loge-t-elle dans le corps ? Si elle se loge hors du corps, o\u00f9 se trouve-t-elle exactement ? Est-elle uniquement li\u00e9e \u00e0 notre cerveau ? Que penser des \u00e9tats modifi\u00e9s de la conscience comme sous hypnose, des r\u00eaves, des exp\u00e9riences de mort imminente ? La conscience peut \u00eatre multidimensionnelle et aussi toutes ces facettes-l\u00e0 \u00e0 la fois !<\/em><\/strong><\/p>\n<p><strong><em>Partons \u00e0 l\u2019exploration de ses faces cach\u00e9es avec des femmes expertes\u2026<\/em><\/strong><\/p>\n<p>&nbsp;<\/p>\n<p>St\u00e9phanie Honor\u00e9, nous explique\u00a0:<\/p>\n<p>\u00ab\u00a0Cette conf\u00e9rence est une mani\u00e8re pour moi de mettre \u00e0 l\u2019honneur les auteures que j\u2019accompagne d\u00e9j\u00e0 <a href=\"http:\/\/stephanie-honore.fr\/\">en tant qu\u2019\u00e9ditrice<\/a>hors piste dans la publication de leurs ouvrages. <strong>\u00ab\u00a0La face cach\u00e9e de la conscience\u00a0\u00bb <\/strong>est une journ\u00e9e d\u00e9di\u00e9e \u00e0 ces livres qui, pour moi, ont \u00e9t\u00e9 comme des cailloux blancs sur le chemin de mon \u00e9volution.<\/p>\n<p>Tous les livres que je vous pr\u00e9sente dans cette journ\u00e9e ont r\u00e9pondu \u00e0 mes questions, en ont soulev\u00e9 d\u2019autres, ont \u00e9clair\u00e9 ma vie, intens\u00e9ment, passionn\u00e9ment. J\u2019aimerais que vous fassiez, vous aussi, leur connaissance\u2026<\/p>\n<p><strong>La conscience aux diff\u00e9rents stades de la vie<\/strong><\/p>\n<p>On explorera ensemble la conscience dans tous ses \u00e9tats, de la naissance (et pr\u00e9-naissance) \u00e0 la mort (et apr\u00e8s-mort) : de l\u2019hypnose aux <a href=\"https:\/\/www.femininbio.com\/sante-bien-etre\/actualites-nouveautes\/controler-reves-etre-plus-performante-quotidien-86827\">r\u00eaves<\/a>, en passant par les sorties de corps et les exp\u00e9riences de mort imminente, les m\u00e9moires pr\u00e9natales, les perceptions intuitives directes du corps, la mystique, la m\u00e9diumnit\u00e9\u2026<\/p>\n<p><strong>13 femmes expertes autour de la conscience<\/strong><\/p>\n<p>Issues du monde des sciences, des soins, des arts, du sport \u2026 et plus passionnantes les unes que les autres ! Val\u00e9rie Seguin, Laurence Baranski, V\u00e9ronique Waisblat, Christine Louveau, Fabienne Raoul, Claire Barr\u00e9, Sylvie Dethiollaz, <a href=\"https:\/\/www.femininbio.com\/agir-green\/conseils-astuces\/qu-est-que-coherence-coeur-corps-esprit-93868\">Thi Bich Doan<\/a>, Chantal Motto, Sabrina Philippe, Audrey Fella, Constance Yver-Elleaume, Anne Tuffigo : elles seront au nombre 13, symbole de la transformation ! Ces auteures prendront le temps de d\u00e9dicacer leurs livres.\u00a0\u00bb<\/p>\n<p><strong>Infos pratiques:\u00a0\u00a0<\/strong><\/p>\n<p>&nbsp;<\/p>\n<p>&nbsp;<\/p>\n<p>La conf\u00e9rence sur \u00ab\u00a0La face cach\u00e9e de la conscience\u00a0\u00bb aura lieu le samedi 6 octobre 2018<\/p>\n<p>Horaires : accueil \u00e0 8h30 pour un d\u00e9but de conf\u00e9rence d\u00e8s 9h00, cl\u00f4ture \u00e0 17h30<\/p>\n<p>Lieu : 164 rue de Javel, 75015 Paris<\/p>\n<p>Tarif : 55 euros la journ\u00e9e<\/p>\n<p>Moments d\u00e9di\u00e9s \u00e0 la rencontre des auteurs et d\u00e9dicaces de leurs livres<\/p>\n<p>&nbsp;<\/p>\n<p><strong>Le programme du samedi 6 octobre<\/strong><\/p>\n<p><strong><em>8h30 pr\u00e9cises<\/em><\/strong><strong><em>\u00a0Accueil de bienvenue autour de caf\u00e9-viennoiseries<br \/>\n<\/em><\/strong><strong>9h00\u00a0<\/strong><strong>Ouverture<\/strong>\u00a0de la journ\u00e9e<br \/>\n<strong>Val\u00e9rie Seguin\u00a0<\/strong>(r\u00e9alisatrice de documentaires et auteure de\u00a0<em>Les trois jours et demi apr\u00e8s la mort de mon p\u00e8re<\/em>) ouvre la journ\u00e9e avec son documentaire \u00ab\u00a0Et si la mort n\u2019existait pas ?\u00a0\u00bb<br \/>\n<strong>Laurence Baranski\u00a0<\/strong>(coach et auteure de\u00a0<em>J\u2019ai fait trois fois le tour de la terre<\/em>,\u00a0<em>Le coming out spirituel<\/em>\u2026) s\u2019interroge sur les nouveaux paradigmes \u00e9mergeants et le \u00ab\u00a0Manifeste pour une science post-mat\u00e9rialiste\u00a0\u00bb<br \/>\n<strong>V\u00e9ronique Waisblat\u00a0<\/strong>(m\u00e9decin anesth\u00e9siste) nous parle des \u00e9tats modifi\u00e9s de conscience car elle pratique l\u2019hypnose en salle de naissance<br \/>\n<strong>Christine Louveau<\/strong>\u00a0(pharmacienne, sophro-analyste et auteure de\u00a0<em>La sophro-analyse des m\u00e9moires pr\u00e9-natales, de la naissance et de l\u2019enfance<\/em>) nous parle des empreintes de la vie intra-ut\u00e9rine et des m\u00e9moires pr\u00e9-natales<br \/>\n<strong>Fabienne Raoul\u00a0<\/strong>(ing\u00e9nieure nucl\u00e9aire, th\u00e9rapeute et auteure de\u00a0<em>Au-del\u00e0 de notre r\u00e9alit\u00e9, une ing\u00e9nieure face \u00e0 l\u2019invisible<\/em>) nous parle de son exp\u00e9rience de mort imminente<br \/>\n<strong>Claire Barr\u00e9\u00a0<\/strong>(sc\u00e9nariste, professeur \u00e0 la facult\u00e9 de cin\u00e9ma et auteure de\u00a0<em>Pourquoi je n\u2019ai pas \u00e9crit de film sur Sitting Bull<\/em>) nous parle de son exp\u00e9rience extra-ordinaire de conscience<br \/>\n<strong>Sylvie D\u00e9thiollaz\u00a0<\/strong>(docteur en biologie mol\u00e9culaire, pr\u00e9sidente de l\u2019institut ISSNOE \u00e0 Gen\u00e8ve et auteure de\u00a0<em>Voyage aux confins de la conscience<\/em>) nous relate ses \u00e9tudes scientifiques sur la conscience<br \/>\n<strong><em>12h30-14h\u00a0<\/em><\/strong><strong><em>Pause d\u00e9jeuner (libre) \u2013 rencontre et d\u00e9dicace des livres des auteures<br \/>\n<\/em><\/strong><strong>Thi Bich Doan<\/strong>\u00a0(philosophe, professeur d\u2019arts martiaux et auteure de\u00a0<em>Un an entre les mains de l\u2019univers<\/em>\u00a0et\u00a0<em>Coh\u00e9rence coeur-corps-esprit<\/em>) nous parle des exp\u00e9riences perceptives directes<br \/>\n<strong>Chantal Motto\u00a0<\/strong>(psychanalyste jungienne, th\u00e9rapeute et auteure de\u00a0<em>D\u00e9chiffrer ses\u00a0\u00a0r\u00eaves pour bien guider sa vie<\/em>,\u00a0<em>Nos h\u00e9ros mythiques, de vrais coachs de vie : 12 le\u00e7ons de sagesse pour se conna\u00eetre,\u00a0<\/em>\u2026) nous parle de notre sub-conscience et de nos r\u00eaves<br \/>\n<strong>Sabrina Philippe<\/strong>\u00a0(psychologue, auteure de\u00a0<em>Tu verras les \u00e2mes se retrouvent toujours quelque part<\/em>\u00a0et\u00a0<em>Petit manuel de navigation \u00e0 l\u2019usage de l\u2019\u00e2me<\/em>) nous parle de l\u2019\u00e9volution psychologique de l\u2019\u00eatre et de sa conscience<br \/>\n<strong>Audrey Fella\u00a0<\/strong>(historienne des religions, journaliste, auteure des\u00a0<em>Femmes mystiques<\/em>) nous parle de conscience \u00e0 travers la mystique et nous rappelle ce que mystique veut dire\u2026<br \/>\n<strong>G\u00e9raldine Radjabadar\u00a0<\/strong>(professeur de yoga) nous parle de la conscience et de ses 7 niveaux vue du continent indo-asiatique<\/p>\n<p><strong>Constance Yver-Elleaume\u00a0<\/strong>(m\u00e9decin en soins palliatifs et auteur de\u00a0<em>Apprivoiser le dernier souffle : regard d\u2019un m\u00e9decin en soins palliatifs<\/em>\u00a0et\u00a0<em>Au-del\u00e0 du dernier souffle<\/em>) nous parle de la conscience dans son passage de la vie \u00e0 la mort<br \/>\n<strong>Anne Tuffigo<\/strong>\u00a0(m\u00e9dium, b\u00e9n\u00e9vole au sein d\u2019associations sur le deuil et auteure de\u00a0<em>Ces \u00e2mes qui guident nos pas<\/em>) nous parle de la conscience dans l\u2019apr\u00e8s-vie<br \/>\n<strong>Cl\u00f4ture en guise d\u2019ouverture\u2026<br \/>\n<\/strong><strong><em>17h30\u00a0<\/em><\/strong><strong><em>Rencontre et d\u00e9dicace des livres des auteures<\/em><\/strong><\/p>\n<p>&nbsp;<\/p>\n<p>&nbsp;<\/p>\n<p>&nbsp;<\/p>\n<p>&nbsp;<\/p>\n<p>St\u00e9phanie Honor\u00e9 a travaill\u00e9 comme \u00e9ditrice, en tant que salari\u00e9e dans une soci\u00e9t\u00e9 d\u2019\u00e9dition internationale pendant plus de 15 ans. Il y a 10 ans maintenant,\u00a0 elle s\u2019est mise \u00e0 son propre compte en faisant de la gestion \u00e9ditoriale de projet pour diff\u00e9rentes maisons d\u2019\u00e9dition. Puis elle a commenc\u00e9 \u00e0 d\u00e9velopper le catalogue de divers domaines d\u2019\u00e9diteurs en recrutant des auteurs.<\/p>\n<p>&nbsp;<\/p>\n<p>Son exp\u00e9rience d\u2019auteure fait aussi d\u2019elle quelqu\u2019un de particuli\u00e8rement concern\u00e9 par votre parcours : gestation de votre \u00ab b\u00e9b\u00e9 \u00bb, envoi et soumission, attente (toujours trop longue !) des r\u00e9sultats, puis d\u00e9livrance et naissance ! Autant de titres, autant d\u2019enfants, tous ayant leur particularit\u00e9 propre, leur caract\u00e8re, leur couleur, leur go\u00fbt, leur voix\u2026<\/p>\n<p>&nbsp;<\/p>\n<p>Un autre pan de son histoire concerne l\u2019accompagnement de personnes (\u00e0 l\u2019h\u00f4pital d\u2019abord). En \u00e9tant form\u00e9e \u00e0 diff\u00e9rentes pratiques et th\u00e9rapies, cela lui a donn\u00e9 en plus les moyens d\u2019aller vous chercher alors que parfois vous n\u2019aviez m\u00eame pas song\u00e9, ou pas m\u00eame os\u00e9 vous lancer dans l\u2019\u00e9criture, alors que votre exp\u00e9rience et votre t\u00e9moignage sont uniques dans votre domaine.<\/p>\n<p>&nbsp;<\/p>\n<p><strong>L\u2019AGENCE LITTERAIRE<\/strong><\/p>\n<p><strong><a href=\"http:\/\/stephanie-honore.fr\/\">stephanie-honore.fr\/<\/a><\/strong><\/p>\n<p><strong>\u00a0<\/strong><\/p>\n<p>&nbsp;<\/p>\n<p>&nbsp;<\/p>\n","protected":false},"excerpt":{"rendered":"<p>\u00a0Qu\u2019est-ce que la conscience ? R\u00e9ponse le samedi 6 octobre 2018, lors de la conf\u00e9rence sur la face cach\u00e9e de la conscience \u00e0 Paris. Qu\u2019est-ce que la conscience ? Est-elle notre capacit\u00e9 \u00e0 percevoir ou \u00e0 s\u2019\u00e9mouvoir , \u00e0 penser ou se comporter ? Ou&#8230;<\/p>\n","protected":false},"author":2,"featured_media":12978,"comment_status":"open","ping_status":"open","sticky":false,"template":"","format":"standard","meta":{"footnotes":""},"categories":[1],"tags":[2153,1095,2152,1027,2151],"yoast_head":"<!-- This site is optimized with the Yoast SEO plugin v21.9.1 - https:\/\/yoast.com\/wordpress\/plugins\/seo\/ -->\n<title>EVENEMENT : LA CONSCIENCE - Tepaseul<\/title>\n<meta name=\"robots\" content=\"index, follow, max-snippet:-1, max-image-preview:large, max-video-preview:-1\" \/>\n<link rel=\"canonical\" href=\"https:\/\/www.tepaseul-magazine.fr\/accueil\/evenement-la-conscience\/\" \/>\n<meta property=\"og:locale\" content=\"fr_FR\" \/>\n<meta property=\"og:type\" content=\"article\" \/>\n<meta property=\"og:title\" content=\"EVENEMENT : LA CONSCIENCE - Tepaseul\" \/>\n<meta property=\"og:description\" content=\"\u00a0Qu\u2019est-ce que la conscience ? R\u00e9ponse le samedi 6 octobre 2018, lors de la conf\u00e9rence sur la face cach\u00e9e de la conscience \u00e0 Paris. Qu\u2019est-ce que la conscience ? Est-elle notre capacit\u00e9 \u00e0 percevoir ou \u00e0 s\u2019\u00e9mouvoir , \u00e0 penser ou se comporter ? Ou...\" \/>\n<meta property=\"og:url\" content=\"https:\/\/www.tepaseul-magazine.fr\/accueil\/evenement-la-conscience\/\" \/>\n<meta property=\"og:site_name\" content=\"Tepaseul\" \/>\n<meta property=\"article:published_time\" content=\"2018-10-02T08:57:59+00:00\" \/>\n<meta property=\"article:modified_time\" content=\"2018-10-02T12:14:05+00:00\" \/>\n<meta property=\"og:image\" content=\"https:\/\/www.tepaseul-magazine.fr\/wp-content\/uploads\/2018\/10\/35686760_600457083658466_6168535174154813440_n.jpg\" \/>\n\t<meta property=\"og:image:width\" content=\"960\" \/>\n\t<meta property=\"og:image:height\" content=\"355\" \/>\n\t<meta property=\"og:image:type\" content=\"image\/jpeg\" \/>\n<meta name=\"author\" content=\"Chantal Rolland\" \/>\n<script type=\"application\/ld+json\" class=\"yoast-schema-graph\">{\"@context\":\"https:\/\/schema.org\",\"@graph\":[{\"@type\":\"Article\",\"@id\":\"https:\/\/www.tepaseul-magazine.fr\/accueil\/evenement-la-conscience\/#article\",\"isPartOf\":{\"@id\":\"https:\/\/www.tepaseul-magazine.fr\/accueil\/evenement-la-conscience\/\"},\"author\":{\"name\":\"Chantal Rolland\",\"@id\":\"https:\/\/www.tepaseul-magazine.fr\/accueil\/#\/schema\/person\/dd3827dc04f692ff480da4bac4545eeb\"},\"headline\":\"EVENEMENT : LA CONSCIENCE\",\"datePublished\":\"2018-10-02T08:57:59+00:00\",\"dateModified\":\"2018-10-02T12:14:05+00:00\",\"mainEntityOfPage\":{\"@id\":\"https:\/\/www.tepaseul-magazine.fr\/accueil\/evenement-la-conscience\/\"},\"wordCount\":1172,\"commentCount\":0,\"publisher\":{\"@id\":\"https:\/\/www.tepaseul-magazine.fr\/accueil\/#organization\"},\"keywords\":[\"auteurs\",\"conf\u00e9rences\",\"\u00e9ditrice\",\"femmes\",\"la conscience\"],\"articleSection\":[\"\u00c9v\u00e9nements\"],\"inLanguage\":\"fr-FR\",\"potentialAction\":[{\"@type\":\"CommentAction\",\"name\":\"Comment\",\"target\":[\"https:\/\/www.tepaseul-magazine.fr\/accueil\/evenement-la-conscience\/#respond\"]}]},{\"@type\":\"WebPage\",\"@id\":\"https:\/\/www.tepaseul-magazine.fr\/accueil\/evenement-la-conscience\/\",\"url\":\"https:\/\/www.tepaseul-magazine.fr\/accueil\/evenement-la-conscience\/\",\"name\":\"EVENEMENT : LA CONSCIENCE - Tepaseul\",\"isPartOf\":{\"@id\":\"https:\/\/www.tepaseul-magazine.fr\/accueil\/#website\"},\"datePublished\":\"2018-10-02T08:57:59+00:00\",\"dateModified\":\"2018-10-02T12:14:05+00:00\",\"breadcrumb\":{\"@id\":\"https:\/\/www.tepaseul-magazine.fr\/accueil\/evenement-la-conscience\/#breadcrumb\"},\"inLanguage\":\"fr-FR\",\"potentialAction\":[{\"@type\":\"ReadAction\",\"target\":[\"https:\/\/www.tepaseul-magazine.fr\/accueil\/evenement-la-conscience\/\"]}]},{\"@type\":\"BreadcrumbList\",\"@id\":\"https:\/\/www.tepaseul-magazine.fr\/accueil\/evenement-la-conscience\/#breadcrumb\",\"itemListElement\":[{\"@type\":\"ListItem\",\"position\":1,\"name\":\"Home\",\"item\":\"https:\/\/www.tepaseul-magazine.fr\/accueil\/\"},{\"@type\":\"ListItem\",\"position\":2,\"name\":\"EVENEMENT : LA CONSCIENCE\"}]},{\"@type\":\"WebSite\",\"@id\":\"https:\/\/www.tepaseul-magazine.fr\/accueil\/#website\",\"url\":\"https:\/\/www.tepaseul-magazine.fr\/accueil\/\",\"name\":\"Tepaseul\",\"description\":\"Le Magazine des solibattants\",\"publisher\":{\"@id\":\"https:\/\/www.tepaseul-magazine.fr\/accueil\/#organization\"},\"potentialAction\":[{\"@type\":\"SearchAction\",\"target\":{\"@type\":\"EntryPoint\",\"urlTemplate\":\"https:\/\/www.tepaseul-magazine.fr\/accueil\/?s={search_term_string}\"},\"query-input\":\"required name=search_term_string\"}],\"inLanguage\":\"fr-FR\"},{\"@type\":\"Organization\",\"@id\":\"https:\/\/www.tepaseul-magazine.fr\/accueil\/#organization\",\"name\":\"Tepaseul\",\"url\":\"https:\/\/www.tepaseul-magazine.fr\/accueil\/\",\"logo\":{\"@type\":\"ImageObject\",\"inLanguage\":\"fr-FR\",\"@id\":\"https:\/\/www.tepaseul-magazine.fr\/accueil\/#\/schema\/logo\/image\/\",\"url\":\"https:\/\/www.tepaseul-magazine.fr\/wp-content\/uploads\/2014\/12\/logo_doublev2-noir.png\",\"contentUrl\":\"https:\/\/www.tepaseul-magazine.fr\/wp-content\/uploads\/2014\/12\/logo_doublev2-noir.png\",\"width\":205,\"height\":51,\"caption\":\"Tepaseul\"},\"image\":{\"@id\":\"https:\/\/www.tepaseul-magazine.fr\/accueil\/#\/schema\/logo\/image\/\"}},{\"@type\":\"Person\",\"@id\":\"https:\/\/www.tepaseul-magazine.fr\/accueil\/#\/schema\/person\/dd3827dc04f692ff480da4bac4545eeb\",\"name\":\"Chantal Rolland\",\"image\":{\"@type\":\"ImageObject\",\"inLanguage\":\"fr-FR\",\"@id\":\"https:\/\/www.tepaseul-magazine.fr\/accueil\/#\/schema\/person\/image\/\",\"url\":\"https:\/\/secure.gravatar.com\/avatar\/a67dbe83e155eb41b8bc6c41ebcc8564?s=96&d=mm&r=g\",\"contentUrl\":\"https:\/\/secure.gravatar.com\/avatar\/a67dbe83e155eb41b8bc6c41ebcc8564?s=96&d=mm&r=g\",\"caption\":\"Chantal Rolland\"},\"url\":\"https:\/\/www.tepaseul-magazine.fr\/accueil\/author\/chantal-rolland\/\"}]}<\/script>\n<!-- \/ Yoast SEO plugin. -->","yoast_head_json":{"title":"EVENEMENT : LA CONSCIENCE - Tepaseul","robots":{"index":"index","follow":"follow","max-snippet":"max-snippet:-1","max-image-preview":"max-image-preview:large","max-video-preview":"max-video-preview:-1"},"canonical":"https:\/\/www.tepaseul-magazine.fr\/accueil\/evenement-la-conscience\/","og_locale":"fr_FR","og_type":"article","og_title":"EVENEMENT : LA CONSCIENCE - Tepaseul","og_description":"\u00a0Qu\u2019est-ce que la conscience ? R\u00e9ponse le samedi 6 octobre 2018, lors de la conf\u00e9rence sur la face cach\u00e9e de la conscience \u00e0 Paris. Qu\u2019est-ce que la conscience ? Est-elle notre capacit\u00e9 \u00e0 percevoir ou \u00e0 s\u2019\u00e9mouvoir , \u00e0 penser ou se comporter ? Ou...","og_url":"https:\/\/www.tepaseul-magazine.fr\/accueil\/evenement-la-conscience\/","og_site_name":"Tepaseul","article_published_time":"2018-10-02T08:57:59+00:00","article_modified_time":"2018-10-02T12:14:05+00:00","og_image":[{"width":960,"height":355,"url":"https:\/\/www.tepaseul-magazine.fr\/wp-content\/uploads\/2018\/10\/35686760_600457083658466_6168535174154813440_n.jpg","type":"image\/jpeg"}],"author":"Chantal Rolland","schema":{"@context":"https:\/\/schema.org","@graph":[{"@type":"Article","@id":"https:\/\/www.tepaseul-magazine.fr\/accueil\/evenement-la-conscience\/#article","isPartOf":{"@id":"https:\/\/www.tepaseul-magazine.fr\/accueil\/evenement-la-conscience\/"},"author":{"name":"Chantal Rolland","@id":"https:\/\/www.tepaseul-magazine.fr\/accueil\/#\/schema\/person\/dd3827dc04f692ff480da4bac4545eeb"},"headline":"EVENEMENT : LA CONSCIENCE","datePublished":"2018-10-02T08:57:59+00:00","dateModified":"2018-10-02T12:14:05+00:00","mainEntityOfPage":{"@id":"https:\/\/www.tepaseul-magazine.fr\/accueil\/evenement-la-conscience\/"},"wordCount":1172,"commentCount":0,"publisher":{"@id":"https:\/\/www.tepaseul-magazine.fr\/accueil\/#organization"},"keywords":["auteurs","conf\u00e9rences","\u00e9ditrice","femmes","la conscience"],"articleSection":["\u00c9v\u00e9nements"],"inLanguage":"fr-FR","potentialAction":[{"@type":"CommentAction","name":"Comment","target":["https:\/\/www.tepaseul-magazine.fr\/accueil\/evenement-la-conscience\/#respond"]}]},{"@type":"WebPage","@id":"https:\/\/www.tepaseul-magazine.fr\/accueil\/evenement-la-conscience\/","url":"https:\/\/www.tepaseul-magazine.fr\/accueil\/evenement-la-conscience\/","name":"EVENEMENT : LA CONSCIENCE - Tepaseul","isPartOf":{"@id":"https:\/\/www.tepaseul-magazine.fr\/accueil\/#website"},"datePublished":"2018-10-02T08:57:59+00:00","dateModified":"2018-10-02T12:14:05+00:00","breadcrumb":{"@id":"https:\/\/www.tepaseul-magazine.fr\/accueil\/evenement-la-conscience\/#breadcrumb"},"inLanguage":"fr-FR","potentialAction":[{"@type":"ReadAction","target":["https:\/\/www.tepaseul-magazine.fr\/accueil\/evenement-la-conscience\/"]}]},{"@type":"BreadcrumbList","@id":"https:\/\/www.tepaseul-magazine.fr\/accueil\/evenement-la-conscience\/#breadcrumb","itemListElement":[{"@type":"ListItem","position":1,"name":"Home","item":"https:\/\/www.tepaseul-magazine.fr\/accueil\/"},{"@type":"ListItem","position":2,"name":"EVENEMENT : LA CONSCIENCE"}]},{"@type":"WebSite","@id":"https:\/\/www.tepaseul-magazine.fr\/accueil\/#website","url":"https:\/\/www.tepaseul-magazine.fr\/accueil\/","name":"Tepaseul","description":"Le Magazine des solibattants","publisher":{"@id":"https:\/\/www.tepaseul-magazine.fr\/accueil\/#organization"},"potentialAction":[{"@type":"SearchAction","target":{"@type":"EntryPoint","urlTemplate":"https:\/\/www.tepaseul-magazine.fr\/accueil\/?s={search_term_string}"},"query-input":"required name=search_term_string"}],"inLanguage":"fr-FR"},{"@type":"Organization","@id":"https:\/\/www.tepaseul-magazine.fr\/accueil\/#organization","name":"Tepaseul","url":"https:\/\/www.tepaseul-magazine.fr\/accueil\/","logo":{"@type":"ImageObject","inLanguage":"fr-FR","@id":"https:\/\/www.tepaseul-magazine.fr\/accueil\/#\/schema\/logo\/image\/","url":"https:\/\/www.tepaseul-magazine.fr\/wp-content\/uploads\/2014\/12\/logo_doublev2-noir.png","contentUrl":"https:\/\/www.tepaseul-magazine.fr\/wp-content\/uploads\/2014\/12\/logo_doublev2-noir.png","width":205,"height":51,"caption":"Tepaseul"},"image":{"@id":"https:\/\/www.tepaseul-magazine.fr\/accueil\/#\/schema\/logo\/image\/"}},{"@type":"Person","@id":"https:\/\/www.tepaseul-magazine.fr\/accueil\/#\/schema\/person\/dd3827dc04f692ff480da4bac4545eeb","name":"Chantal Rolland","image":{"@type":"ImageObject","inLanguage":"fr-FR","@id":"https:\/\/www.tepaseul-magazine.fr\/accueil\/#\/schema\/person\/image\/","url":"https:\/\/secure.gravatar.com\/avatar\/a67dbe83e155eb41b8bc6c41ebcc8564?s=96&d=mm&r=g","contentUrl":"https:\/\/secure.gravatar.com\/avatar\/a67dbe83e155eb41b8bc6c41ebcc8564?s=96&d=mm&r=g","caption":"Chantal Rolland"},"url":"https:\/\/www.tepaseul-magazine.fr\/accueil\/author\/chantal-rolland\/"}]}},"_links":{"self":[{"href":"https:\/\/www.tepaseul-magazine.fr\/accueil\/wp-json\/wp\/v2\/posts\/12977"}],"collection":[{"href":"https:\/\/www.tepaseul-magazine.fr\/accueil\/wp-json\/wp\/v2\/posts"}],"about":[{"href":"https:\/\/www.tepaseul-magazine.fr\/accueil\/wp-json\/wp\/v2\/types\/post"}],"author":[{"embeddable":true,"href":"https:\/\/www.tepaseul-magazine.fr\/accueil\/wp-json\/wp\/v2\/users\/2"}],"replies":[{"embeddable":true,"href":"https:\/\/www.tepaseul-magazine.fr\/accueil\/wp-json\/wp\/v2\/comments?post=12977"}],"version-history":[{"count":3,"href":"https:\/\/www.tepaseul-magazine.fr\/accueil\/wp-json\/wp\/v2\/posts\/12977\/revisions"}],"predecessor-version":[{"id":12981,"href":"https:\/\/www.tepaseul-magazine.fr\/accueil\/wp-json\/wp\/v2\/posts\/12977\/revisions\/12981"}],"wp:featuredmedia":[{"embeddable":true,"href":"https:\/\/www.tepaseul-magazine.fr\/accueil\/wp-json\/wp\/v2\/media\/12978"}],"wp:attachment":[{"href":"https:\/\/www.tepaseul-magazine.fr\/accueil\/wp-json\/wp\/v2\/media?parent=12977"}],"wp:term":[{"taxonomy":"category","embeddable":true,"href":"https:\/\/www.tepaseul-magazine.fr\/accueil\/wp-json\/wp\/v2\/categories?post=12977"},{"taxonomy":"post_tag","embeddable":true,"href":"https:\/\/www.tepaseul-magazine.fr\/accueil\/wp-json\/wp\/v2\/tags?post=12977"}],"curies":[{"name":"wp","href":"https:\/\/api.w.org\/{rel}","templated":true}]}}