{"id":13266,"date":"2019-11-26T11:35:06","date_gmt":"2019-11-26T10:35:06","guid":{"rendered":"http:\/\/www.tepaseul-magazine.fr\/accueil\/?p=13266"},"modified":"2019-11-26T11:35:08","modified_gmt":"2019-11-26T10:35:08","slug":"histoire-de-la-fete-de-noel","status":"publish","type":"post","link":"https:\/\/www.tepaseul-magazine.fr\/accueil\/histoire-de-la-fete-de-noel\/","title":{"rendered":"HISTOIRE DE LA FETE DE NOEL"},"content":{"rendered":"\n<p>Histoire de la f\u00eate de no\u00ebl<\/p>\n\n\n\n<p>On a toujours cru que No\u00ebl f\u00eatait la naissance de J\u00e9sus Christ mais quand on fait des recherches, on s\u2019aper\u00e7oit qu\u2019on f\u00eatait No\u00ebl bien avant sa naissance&nbsp;<\/p>\n\n\n\n<p>Les origines du mot No\u00ebl sont diverses et tr\u00e8s souvent controvers\u00e9es. Certains disent qu\u2019il pourrait venir du latin \u00ab\u00a0natalis dies\u00a0\u00bb, qui signifie \u00ab\u00a0jour de naissance\u00a0\u00bb. Un peu partout en Europe, le terme a pris des couleurs diff\u00e9rentes: No\u00ebl, Nou\u00e9 et Noi\u00e9 en France, Natale en Italie, Natal au Portugal, Navidad en Espagne.<\/p>\n\n\n\n<p>D\u2019autres pr\u00e9tendent que les origines du mot No\u00ebl sont gauloises, le mot No\u00ebl viendrait de deux mots gaulois \u00ab\u00a0noio\u00a0\u00bb (nouveau) et \u00ab\u00a0hel\u00a0\u00bb (soleil). Cette origine fait r\u00e9f\u00e9rence au caract\u00e8re profane de la f\u00eate et notamment \u00e0 la f\u00eate du solstice d&rsquo;hiver f\u00eat\u00e9e par les Gaulois.<\/p>\n\n\n\n<p>Comme toujours les grandes f\u00eates religieuses chr\u00e9tiennes et les f\u00eates pa\u00efennes se superposent , ce qui fait qu\u2019il est&nbsp;&nbsp;difficile de retrouver les origines exactes du mot No\u00ebl.<\/p>\n\n\n\n<p>On d\u00e9couvre aussi qu\u2019au Moyen-\u00c2ge, No\u00ebl ! No\u00ebl ! \u00e9tait le cri de joie pouss\u00e9 par le peuple \u00e0 l&rsquo;arriv\u00e9e d&rsquo;un heureux \u00e9v\u00e9nement.<\/p>\n\n\n\n<p>La f\u00eate de No\u00ebl Depuis l&rsquo;antiquit\u00e9, l&rsquo;homme a toujours f\u00eat\u00e9 le solstice d&rsquo;hiver<\/p>\n\n\n\n<p>Et c\u2019est \u00e0 partir de cette date que les jours commencent \u00e0 rallonger. Depuis que l&rsquo;homme cultive la terre, il attend avec impatience le retour du soleil et le d\u00e9gel, qui apporteront les promesses de f\u00e9condit\u00e9 de la terre, dont d\u00e9pendra la nourriture \u00e0 venir.<\/p>\n\n\n\n<p>&#8211; Cette date \u00e9tait aussi tr\u00e8s importante dans l&#8217;empire romain parce que depuis le r\u00e8gne d&rsquo;Aur\u00e9lien (275 apr\u00e8s JC), l&#8217;empereur romain \u00e9tait consid\u00e9r\u00e9 comme une incarnation divine, et sa date symbolique de naissance \u00e9tait le 25 d\u00e9cembre. Lorsque les Romains se convertirent au christianisme, la date resta, mais l&rsquo;affectation changea !<\/p>\n\n\n\n<p>&#8211; Dans l&rsquo;\u00c9gypte ancienne, le soleil nouvellement n\u00e9 \u00e9tait repr\u00e9sent\u00e9 par l&rsquo;image un jeune enfant<\/p>\n\n\n\n<p>Des le premier si\u00e8cle avant J-C, on c\u00e9l\u00e9brait \u00e0 Rome le culte de Mithra, d&rsquo;origine persane, import\u00e9 \u00e0 Rome par les l\u00e9gionnaires romains. Mithra \u00e9tait la divinit\u00e9 perse de la lumi\u00e8re. On f\u00eatait le 25 d\u00e9cembre, pour le solstice d&rsquo;hivers, la naissance de Mithra le soleil invaincu (Dies natalis solis invicti). On le f\u00eatait par le sacrifice d&rsquo;un jeune taureau.<\/p>\n\n\n\n<p>En 274, l&#8217;empereur Aur\u00e9lien d\u00e9clare le culte de Mithra religion d&rsquo;\u00e9tat et il fixe la c\u00e9l\u00e9bration du solstice au 25 d\u00e9cembre<\/p>\n\n\n\n<p>&#8211; C&rsquo;est \u00e0 partir du IV\u00e8me si\u00e8cle que l&rsquo;\u00c9glise a adapt\u00e9 la f\u00eate pa\u00efenne du Solstice, en lui donnant un sens nouveau. No\u00ebl n&rsquo;est pas la f\u00eate de la naissance de J\u00e9sus, dont on ne conna\u00eet pas la date exacte, mais la c\u00e9l\u00e9bration du Seigneur venant dans le monde.<\/p>\n\n\n\n<p>&#8211; Au d\u00e9but du christianisme, la f\u00eate de No\u00ebl n&rsquo;existait pas. Seule la R\u00e9surrection du Christ donnait lieu \u00e0 une c\u00e9l\u00e9bration.<\/p>\n\n\n\n<p>&#8211; Il faut savoir que la premi\u00e8re messe de minuit fut c\u00e9l\u00e9br\u00e9e le soir No\u00ebl de 440 par le pape Sixte III.<\/p>\n\n\n\n<p>&#8211; Sous son r\u00e8gne Charlemagne instaura les trois messes de No\u00ebl, usage qui s&rsquo;\u00e9tendit \u00e0 tout son Empire !<\/p>\n\n\n\n<p>&#8211; A partir du 12\u00e8me si\u00e8cle, la f\u00eate de No\u00ebl devint la plus importante de l&rsquo;Occident chr\u00e9tien.<\/p>\n\n\n\n<p>Et petit \u00e0 petit, la f\u00eate de No\u00ebl va prendre la forme que nous lui connaissons actuellement.<\/p>\n\n\n\n<p>La f\u00eate de No\u00ebl s&rsquo;est r\u00e9pandue progressivement en Europe. Elle a \u00e9t\u00e9 c\u00e9l\u00e9br\u00e9e \u00e0 la fin du V\u00b0 si\u00e8cle en Irlande, au VII\u00b0 en Angleterre, au VIII\u00b0 en Allemagne, au IX\u00b0 dans les pays scandinaves, au IX\u00b0 et X\u00b0 dans les pays slaves.&nbsp;<\/p>\n\n\n\n<p>A partir du XII\u00b0, la c\u00e9l\u00e9bration religieuse est accompagn\u00e9e de drames liturgiques, les \u00ab\u00a0myst\u00e8res\u00a0\u00bb qui mettent en sc\u00e8ne l&rsquo;adoration des bergers ou la procession des mages. Ces drames liturgiques se jouaient primitivement dans les \u00e9glises, puis sur les parvis.&nbsp;&nbsp;Les cr\u00e8ches d&rsquo;\u00e9glise apparaissent en Italie au XV\u00b0 et l&rsquo;arbre de No\u00ebl en Allemagne au XVI\u00b0. Puis les cr\u00e8ches familiales, napolitaines puis proven\u00e7ales, se d\u00e9veloppent a partir du XVII\u00b0.<\/p>\n\n\n\n<p>Au moment de la R\u00e9forme en1560, les protestants s&rsquo;opposent \u00e0 la cr\u00e8che et pr\u00e9f\u00e8rent la tradition de l&rsquo;arbre de No\u00ebl. Avec la contre r\u00e9forme au XVII\u00b0 , les repr\u00e9sentations des drames liturgiques sont interdites parce qu&rsquo;elles sont devenues trop profanes.&nbsp;<\/p>\n\n\n\n<p>Au XIX\u00b0, le p\u00e8re No\u00ebl appara\u00eet aux \u00c9tats-Unis. Il se r\u00e9pand en Europe apr\u00e8s la deuxi\u00e8me guerre mondiale. A partir du XIX\u00b0, les organismes de charit\u00e9 offrent aux plus d\u00e9munis le traditionnel repas de No\u00ebl. Actuellement,&nbsp;&nbsp;No\u00ebl tend \u00e0 devenir principalement&nbsp;&nbsp;une f\u00eate de l&rsquo;enfant et de la famille.<\/p>\n\n\n\n<p>2.&nbsp;&nbsp;No\u00ebl est aussi message de paix&nbsp;&nbsp;<\/p>\n\n\n\n<p>\u00ab\u00a0Gloire \u00e0 Dieu au plus haut des cieux, et paix sur la terre ! \u00a0\u00bb : voil\u00e0 ce que chantaient les anges \u00e0 la naissance du Christ. L&rsquo;annonce de la naissance du messie est un message de paix.<\/p>\n\n\n\n<p>Le pape adresse chaque ann\u00e9e pour No\u00ebl un message de paix au monde.<\/p>\n\n\n\n<p>3. Jour de No\u00ebl&nbsp;&nbsp;et le partage<\/p>\n\n\n\n<p>Pour tous ceux qui d&rsquo;une certaine mani\u00e8re se trouvent exclus de la f\u00eate, il importe de faire partager la joie de No\u00ebl.<\/p>\n\n\n\n<p>&nbsp;La veille au soir du jour de No\u00ebl, les petits fr\u00e8res des Pauvres r\u00e9veillonnent avec les personnes \u00e2g\u00e9es. Des associations caritatives, comme le Secours catholique, organisent le jour de No\u00ebl des distributions de cadeaux pour les sans domicile fixe, les isol\u00e9s, les malades, les personnes \u00e2g\u00e9es.<\/p>\n\n\n\n<p>C&rsquo;est la troisi\u00e8me messe de No\u00ebl, qu&rsquo;on appelle la \u00ab\u00a0messe du jour\u00a0\u00bb, qui exprime le mieux la signification profonde de No\u00ebl<\/p>\n\n\n\n<p>Les March\u00e9s de No\u00ebl<\/p>\n\n\n\n<p>D\u00e8s 1570, Strasbourg d\u00e9ploie son March\u00e9 de No\u00ebl autour de sa prestigieuse cath\u00e9drale.<\/p>\n\n\n\n<p>Depuis lors, son rayonnement en Europe n&rsquo;a fait que cro\u00eetre, gr\u00e2ce \u00e0 sa tradition de commerce mais aussi \u00e0 son esprit de tol\u00e9rance et d&rsquo;humanisme qui font son histoire et son identit\u00e9.<\/p>\n\n\n\n<p>C&rsquo;est \u00e0 une promenade aventureuse et savoureuse qu&rsquo;invitent les March\u00e9s de No\u00ebl. Les centaines d&rsquo;artisans pr\u00e9sents, riches en talents, sont autant d&rsquo;invitations aux d\u00e9couvertes les plus envo\u00fbtantes, \u00e0 l&rsquo;image du March\u00e9 des Bredle, d\u00e9licieux petits g\u00e2teaux que l&rsquo;on pr\u00e9pare traditionnellement pendant la p\u00e9riode de l&rsquo;Avent.<\/p>\n\n\n\n<p>March\u00e9s de No\u00ebl du 29 novembre au 24 d\u00e9cembre<\/p>\n\n\n\n<p>Les 26 et 27 d\u00e9cembre, de 10 h \u00e0 21 h. Les 28, 29 et 30 d\u00e9cembre, de 10 h \u00e0 19 h. Le 31 d\u00e9cembre, de 10 h \u00e0 18 h<\/p>\n\n\n\n<p>ORIGINES DU PERE NOEL<\/p>\n\n\n\n<p>En 1904, on retrouve le P\u00e8re No\u00ebl dans les noms propres du Nouveau Larousse illustr\u00e9.<\/p>\n\n\n\n<p>P\u00e8re No\u00ebl &#8211; Coca cola Coca-Cola, en 1931, utilise le P\u00e8re No\u00ebl dans une s\u00e9rie de publicit\u00e9s pour son produit vedette. L&rsquo;image du P\u00e8re No\u00ebl portant les couleurs de Coca-Cola, le rouge et le blanc, ayant un ventre rebondi et un air jovial, con\u00e7u par le dessinateur Haddon Sundblom sera rapidement diffus\u00e9e \u00e0 travers le monde.<\/p>\n\n\n\n<p>En France, les catholiques avaient d\u00e9j\u00e0 pour habitude de s&rsquo;\u00e9changer des cadeaux pour c\u00e9l\u00e9brer la naissance du Christ le soir de No\u00ebl, mais ce sont les am\u00e9ricains qui, pendant la Deuxi\u00e8me Guerre mondiale, ont popularis\u00e9 le P\u00e8re No\u00ebl dans le vieux continent.<\/p>\n\n\n\n<p>De nos jours, le P\u00e8re No\u00ebl est utilis\u00e9, le 25 d\u00e9cembre \u00e0 des fins publicitaires dans plusieurs pays non catholiques, dont la Chine.<\/p>\n\n\n\n<p>Il est, cependant, un personnage tr\u00e8s attendu par les enfants qui ne cessent de lui \u00e9crire et de l\u2019inviter \u00e0 leur table le soir de <a href=\"http:\/\/www.laposte.fr\/pere-noel\">w<\/a><br><\/p>\n\n\n\n<p>TRES JOYEUX NOEL A TOUS&nbsp;!<\/p>\n\n\n\n<p>Chantal ROLLAND<\/p>\n","protected":false},"excerpt":{"rendered":"<p>Histoire de la f\u00eate de no\u00ebl On a toujours cru que No\u00ebl f\u00eatait la naissance de J\u00e9sus Christ mais quand on fait des recherches, on s\u2019aper\u00e7oit qu\u2019on f\u00eatait No\u00ebl bien avant sa naissance&nbsp; Les origines du mot No\u00ebl sont diverses et tr\u00e8s souvent controvers\u00e9es. Certains&#8230;<\/p>\n","protected":false},"author":2,"featured_media":13267,"comment_status":"open","ping_status":"open","sticky":false,"template":"","format":"standard","meta":{"footnotes":""},"categories":[1],"tags":[579,2195,588,1166],"yoast_head":"<!-- This site is optimized with the Yoast SEO plugin v21.9.1 - https:\/\/yoast.com\/wordpress\/plugins\/seo\/ -->\n<title>HISTOIRE DE LA FETE DE NOEL - Tepaseul<\/title>\n<meta name=\"robots\" content=\"index, follow, max-snippet:-1, max-image-preview:large, max-video-preview:-1\" \/>\n<link rel=\"canonical\" href=\"https:\/\/www.tepaseul-magazine.fr\/accueil\/histoire-de-la-fete-de-noel\/\" \/>\n<meta property=\"og:locale\" content=\"fr_FR\" \/>\n<meta property=\"og:type\" content=\"article\" \/>\n<meta property=\"og:title\" content=\"HISTOIRE DE LA FETE DE NOEL - Tepaseul\" \/>\n<meta property=\"og:description\" content=\"Histoire de la f\u00eate de no\u00ebl On a toujours cru que No\u00ebl f\u00eatait la naissance de J\u00e9sus Christ mais quand on fait des recherches, on s\u2019aper\u00e7oit qu\u2019on f\u00eatait No\u00ebl bien avant sa naissance&nbsp; Les origines du mot No\u00ebl sont diverses et tr\u00e8s souvent controvers\u00e9es. Certains...\" \/>\n<meta property=\"og:url\" content=\"https:\/\/www.tepaseul-magazine.fr\/accueil\/histoire-de-la-fete-de-noel\/\" \/>\n<meta property=\"og:site_name\" content=\"Tepaseul\" \/>\n<meta property=\"article:published_time\" content=\"2019-11-26T10:35:06+00:00\" \/>\n<meta property=\"article:modified_time\" content=\"2019-11-26T10:35:08+00:00\" \/>\n<meta property=\"og:image\" content=\"https:\/\/www.tepaseul-magazine.fr\/wp-content\/uploads\/2019\/11\/images-7.jpeg\" \/>\n\t<meta property=\"og:image:width\" content=\"299\" \/>\n\t<meta property=\"og:image:height\" content=\"168\" \/>\n\t<meta property=\"og:image:type\" content=\"image\/jpeg\" \/>\n<meta name=\"author\" content=\"Chantal Rolland\" \/>\n<script type=\"application\/ld+json\" class=\"yoast-schema-graph\">{\"@context\":\"https:\/\/schema.org\",\"@graph\":[{\"@type\":\"Article\",\"@id\":\"https:\/\/www.tepaseul-magazine.fr\/accueil\/histoire-de-la-fete-de-noel\/#article\",\"isPartOf\":{\"@id\":\"https:\/\/www.tepaseul-magazine.fr\/accueil\/histoire-de-la-fete-de-noel\/\"},\"author\":{\"name\":\"Chantal Rolland\",\"@id\":\"https:\/\/www.tepaseul-magazine.fr\/accueil\/#\/schema\/person\/dd3827dc04f692ff480da4bac4545eeb\"},\"headline\":\"HISTOIRE DE LA FETE DE NOEL\",\"datePublished\":\"2019-11-26T10:35:06+00:00\",\"dateModified\":\"2019-11-26T10:35:08+00:00\",\"mainEntityOfPage\":{\"@id\":\"https:\/\/www.tepaseul-magazine.fr\/accueil\/histoire-de-la-fete-de-noel\/\"},\"wordCount\":1359,\"commentCount\":0,\"publisher\":{\"@id\":\"https:\/\/www.tepaseul-magazine.fr\/accueil\/#organization\"},\"keywords\":[\"cadeaux\",\"histoiren p\u00e8re noel\",\"noel\",\"sapin\"],\"articleSection\":[\"\u00c9v\u00e9nements\"],\"inLanguage\":\"fr-FR\",\"potentialAction\":[{\"@type\":\"CommentAction\",\"name\":\"Comment\",\"target\":[\"https:\/\/www.tepaseul-magazine.fr\/accueil\/histoire-de-la-fete-de-noel\/#respond\"]}]},{\"@type\":\"WebPage\",\"@id\":\"https:\/\/www.tepaseul-magazine.fr\/accueil\/histoire-de-la-fete-de-noel\/\",\"url\":\"https:\/\/www.tepaseul-magazine.fr\/accueil\/histoire-de-la-fete-de-noel\/\",\"name\":\"HISTOIRE DE LA FETE DE NOEL - Tepaseul\",\"isPartOf\":{\"@id\":\"https:\/\/www.tepaseul-magazine.fr\/accueil\/#website\"},\"datePublished\":\"2019-11-26T10:35:06+00:00\",\"dateModified\":\"2019-11-26T10:35:08+00:00\",\"breadcrumb\":{\"@id\":\"https:\/\/www.tepaseul-magazine.fr\/accueil\/histoire-de-la-fete-de-noel\/#breadcrumb\"},\"inLanguage\":\"fr-FR\",\"potentialAction\":[{\"@type\":\"ReadAction\",\"target\":[\"https:\/\/www.tepaseul-magazine.fr\/accueil\/histoire-de-la-fete-de-noel\/\"]}]},{\"@type\":\"BreadcrumbList\",\"@id\":\"https:\/\/www.tepaseul-magazine.fr\/accueil\/histoire-de-la-fete-de-noel\/#breadcrumb\",\"itemListElement\":[{\"@type\":\"ListItem\",\"position\":1,\"name\":\"Home\",\"item\":\"https:\/\/www.tepaseul-magazine.fr\/accueil\/\"},{\"@type\":\"ListItem\",\"position\":2,\"name\":\"HISTOIRE DE LA FETE DE NOEL\"}]},{\"@type\":\"WebSite\",\"@id\":\"https:\/\/www.tepaseul-magazine.fr\/accueil\/#website\",\"url\":\"https:\/\/www.tepaseul-magazine.fr\/accueil\/\",\"name\":\"Tepaseul\",\"description\":\"Le Magazine des solibattants\",\"publisher\":{\"@id\":\"https:\/\/www.tepaseul-magazine.fr\/accueil\/#organization\"},\"potentialAction\":[{\"@type\":\"SearchAction\",\"target\":{\"@type\":\"EntryPoint\",\"urlTemplate\":\"https:\/\/www.tepaseul-magazine.fr\/accueil\/?s={search_term_string}\"},\"query-input\":\"required name=search_term_string\"}],\"inLanguage\":\"fr-FR\"},{\"@type\":\"Organization\",\"@id\":\"https:\/\/www.tepaseul-magazine.fr\/accueil\/#organization\",\"name\":\"Tepaseul\",\"url\":\"https:\/\/www.tepaseul-magazine.fr\/accueil\/\",\"logo\":{\"@type\":\"ImageObject\",\"inLanguage\":\"fr-FR\",\"@id\":\"https:\/\/www.tepaseul-magazine.fr\/accueil\/#\/schema\/logo\/image\/\",\"url\":\"https:\/\/www.tepaseul-magazine.fr\/wp-content\/uploads\/2014\/12\/logo_doublev2-noir.png\",\"contentUrl\":\"https:\/\/www.tepaseul-magazine.fr\/wp-content\/uploads\/2014\/12\/logo_doublev2-noir.png\",\"width\":205,\"height\":51,\"caption\":\"Tepaseul\"},\"image\":{\"@id\":\"https:\/\/www.tepaseul-magazine.fr\/accueil\/#\/schema\/logo\/image\/\"}},{\"@type\":\"Person\",\"@id\":\"https:\/\/www.tepaseul-magazine.fr\/accueil\/#\/schema\/person\/dd3827dc04f692ff480da4bac4545eeb\",\"name\":\"Chantal Rolland\",\"image\":{\"@type\":\"ImageObject\",\"inLanguage\":\"fr-FR\",\"@id\":\"https:\/\/www.tepaseul-magazine.fr\/accueil\/#\/schema\/person\/image\/\",\"url\":\"https:\/\/secure.gravatar.com\/avatar\/a67dbe83e155eb41b8bc6c41ebcc8564?s=96&d=mm&r=g\",\"contentUrl\":\"https:\/\/secure.gravatar.com\/avatar\/a67dbe83e155eb41b8bc6c41ebcc8564?s=96&d=mm&r=g\",\"caption\":\"Chantal Rolland\"},\"url\":\"https:\/\/www.tepaseul-magazine.fr\/accueil\/author\/chantal-rolland\/\"}]}<\/script>\n<!-- \/ Yoast SEO plugin. -->","yoast_head_json":{"title":"HISTOIRE DE LA FETE DE NOEL - Tepaseul","robots":{"index":"index","follow":"follow","max-snippet":"max-snippet:-1","max-image-preview":"max-image-preview:large","max-video-preview":"max-video-preview:-1"},"canonical":"https:\/\/www.tepaseul-magazine.fr\/accueil\/histoire-de-la-fete-de-noel\/","og_locale":"fr_FR","og_type":"article","og_title":"HISTOIRE DE LA FETE DE NOEL - Tepaseul","og_description":"Histoire de la f\u00eate de no\u00ebl On a toujours cru que No\u00ebl f\u00eatait la naissance de J\u00e9sus Christ mais quand on fait des recherches, on s\u2019aper\u00e7oit qu\u2019on f\u00eatait No\u00ebl bien avant sa naissance&nbsp; Les origines du mot No\u00ebl sont diverses et tr\u00e8s souvent controvers\u00e9es. Certains...","og_url":"https:\/\/www.tepaseul-magazine.fr\/accueil\/histoire-de-la-fete-de-noel\/","og_site_name":"Tepaseul","article_published_time":"2019-11-26T10:35:06+00:00","article_modified_time":"2019-11-26T10:35:08+00:00","og_image":[{"width":299,"height":168,"url":"https:\/\/www.tepaseul-magazine.fr\/wp-content\/uploads\/2019\/11\/images-7.jpeg","type":"image\/jpeg"}],"author":"Chantal Rolland","schema":{"@context":"https:\/\/schema.org","@graph":[{"@type":"Article","@id":"https:\/\/www.tepaseul-magazine.fr\/accueil\/histoire-de-la-fete-de-noel\/#article","isPartOf":{"@id":"https:\/\/www.tepaseul-magazine.fr\/accueil\/histoire-de-la-fete-de-noel\/"},"author":{"name":"Chantal Rolland","@id":"https:\/\/www.tepaseul-magazine.fr\/accueil\/#\/schema\/person\/dd3827dc04f692ff480da4bac4545eeb"},"headline":"HISTOIRE DE LA FETE DE NOEL","datePublished":"2019-11-26T10:35:06+00:00","dateModified":"2019-11-26T10:35:08+00:00","mainEntityOfPage":{"@id":"https:\/\/www.tepaseul-magazine.fr\/accueil\/histoire-de-la-fete-de-noel\/"},"wordCount":1359,"commentCount":0,"publisher":{"@id":"https:\/\/www.tepaseul-magazine.fr\/accueil\/#organization"},"keywords":["cadeaux","histoiren p\u00e8re noel","noel","sapin"],"articleSection":["\u00c9v\u00e9nements"],"inLanguage":"fr-FR","potentialAction":[{"@type":"CommentAction","name":"Comment","target":["https:\/\/www.tepaseul-magazine.fr\/accueil\/histoire-de-la-fete-de-noel\/#respond"]}]},{"@type":"WebPage","@id":"https:\/\/www.tepaseul-magazine.fr\/accueil\/histoire-de-la-fete-de-noel\/","url":"https:\/\/www.tepaseul-magazine.fr\/accueil\/histoire-de-la-fete-de-noel\/","name":"HISTOIRE DE LA FETE DE NOEL - Tepaseul","isPartOf":{"@id":"https:\/\/www.tepaseul-magazine.fr\/accueil\/#website"},"datePublished":"2019-11-26T10:35:06+00:00","dateModified":"2019-11-26T10:35:08+00:00","breadcrumb":{"@id":"https:\/\/www.tepaseul-magazine.fr\/accueil\/histoire-de-la-fete-de-noel\/#breadcrumb"},"inLanguage":"fr-FR","potentialAction":[{"@type":"ReadAction","target":["https:\/\/www.tepaseul-magazine.fr\/accueil\/histoire-de-la-fete-de-noel\/"]}]},{"@type":"BreadcrumbList","@id":"https:\/\/www.tepaseul-magazine.fr\/accueil\/histoire-de-la-fete-de-noel\/#breadcrumb","itemListElement":[{"@type":"ListItem","position":1,"name":"Home","item":"https:\/\/www.tepaseul-magazine.fr\/accueil\/"},{"@type":"ListItem","position":2,"name":"HISTOIRE DE LA FETE DE NOEL"}]},{"@type":"WebSite","@id":"https:\/\/www.tepaseul-magazine.fr\/accueil\/#website","url":"https:\/\/www.tepaseul-magazine.fr\/accueil\/","name":"Tepaseul","description":"Le Magazine des solibattants","publisher":{"@id":"https:\/\/www.tepaseul-magazine.fr\/accueil\/#organization"},"potentialAction":[{"@type":"SearchAction","target":{"@type":"EntryPoint","urlTemplate":"https:\/\/www.tepaseul-magazine.fr\/accueil\/?s={search_term_string}"},"query-input":"required name=search_term_string"}],"inLanguage":"fr-FR"},{"@type":"Organization","@id":"https:\/\/www.tepaseul-magazine.fr\/accueil\/#organization","name":"Tepaseul","url":"https:\/\/www.tepaseul-magazine.fr\/accueil\/","logo":{"@type":"ImageObject","inLanguage":"fr-FR","@id":"https:\/\/www.tepaseul-magazine.fr\/accueil\/#\/schema\/logo\/image\/","url":"https:\/\/www.tepaseul-magazine.fr\/wp-content\/uploads\/2014\/12\/logo_doublev2-noir.png","contentUrl":"https:\/\/www.tepaseul-magazine.fr\/wp-content\/uploads\/2014\/12\/logo_doublev2-noir.png","width":205,"height":51,"caption":"Tepaseul"},"image":{"@id":"https:\/\/www.tepaseul-magazine.fr\/accueil\/#\/schema\/logo\/image\/"}},{"@type":"Person","@id":"https:\/\/www.tepaseul-magazine.fr\/accueil\/#\/schema\/person\/dd3827dc04f692ff480da4bac4545eeb","name":"Chantal Rolland","image":{"@type":"ImageObject","inLanguage":"fr-FR","@id":"https:\/\/www.tepaseul-magazine.fr\/accueil\/#\/schema\/person\/image\/","url":"https:\/\/secure.gravatar.com\/avatar\/a67dbe83e155eb41b8bc6c41ebcc8564?s=96&d=mm&r=g","contentUrl":"https:\/\/secure.gravatar.com\/avatar\/a67dbe83e155eb41b8bc6c41ebcc8564?s=96&d=mm&r=g","caption":"Chantal Rolland"},"url":"https:\/\/www.tepaseul-magazine.fr\/accueil\/author\/chantal-rolland\/"}]}},"_links":{"self":[{"href":"https:\/\/www.tepaseul-magazine.fr\/accueil\/wp-json\/wp\/v2\/posts\/13266"}],"collection":[{"href":"https:\/\/www.tepaseul-magazine.fr\/accueil\/wp-json\/wp\/v2\/posts"}],"about":[{"href":"https:\/\/www.tepaseul-magazine.fr\/accueil\/wp-json\/wp\/v2\/types\/post"}],"author":[{"embeddable":true,"href":"https:\/\/www.tepaseul-magazine.fr\/accueil\/wp-json\/wp\/v2\/users\/2"}],"replies":[{"embeddable":true,"href":"https:\/\/www.tepaseul-magazine.fr\/accueil\/wp-json\/wp\/v2\/comments?post=13266"}],"version-history":[{"count":1,"href":"https:\/\/www.tepaseul-magazine.fr\/accueil\/wp-json\/wp\/v2\/posts\/13266\/revisions"}],"predecessor-version":[{"id":13268,"href":"https:\/\/www.tepaseul-magazine.fr\/accueil\/wp-json\/wp\/v2\/posts\/13266\/revisions\/13268"}],"wp:featuredmedia":[{"embeddable":true,"href":"https:\/\/www.tepaseul-magazine.fr\/accueil\/wp-json\/wp\/v2\/media\/13267"}],"wp:attachment":[{"href":"https:\/\/www.tepaseul-magazine.fr\/accueil\/wp-json\/wp\/v2\/media?parent=13266"}],"wp:term":[{"taxonomy":"category","embeddable":true,"href":"https:\/\/www.tepaseul-magazine.fr\/accueil\/wp-json\/wp\/v2\/categories?post=13266"},{"taxonomy":"post_tag","embeddable":true,"href":"https:\/\/www.tepaseul-magazine.fr\/accueil\/wp-json\/wp\/v2\/tags?post=13266"}],"curies":[{"name":"wp","href":"https:\/\/api.w.org\/{rel}","templated":true}]}}