{"id":13343,"date":"2020-03-05T11:39:46","date_gmt":"2020-03-05T10:39:46","guid":{"rendered":"http:\/\/www.tepaseul-magazine.fr\/accueil\/?p=13343"},"modified":"2020-03-05T11:42:03","modified_gmt":"2020-03-05T10:42:03","slug":"portrait-nadelette-la-fonta","status":"publish","type":"post","link":"https:\/\/www.tepaseul-magazine.fr\/accueil\/portrait-nadelette-la-fonta\/","title":{"rendered":"PORTRAIT : NADELETTE LA FONTA"},"content":{"rendered":"\n<p><strong>La conf\u00e9rence TEDx de Nadalette La Fonta-Six franchit le cap du million de vues sur YouTube !<\/strong><\/p>\n\n\n\n<p>Apr\u00e8s une carri\u00e8re internationale en entreprise et un fort engagement dans les r\u00e9seaux f\u00e9minins,&nbsp;<strong>Nadalette La Fonta est victime d\u2019un accident op\u00e9ratoire<\/strong>\u2026 Ce changement de vie brutal ouvre pourtant une nouvelle voie \u00e0 cette femme courageuse et optimiste, qui d\u00e9cide d\u2019en profiter pour r\u00e9aliser son r\u00eave&nbsp;: devenir \u00e9crivain.<\/p>\n\n\n\n<p>Son premier livre \u00ab\u00a0Le roseau penchant, histoire d&rsquo;une merveilleuse op\u00e9ration\u00a0\u00bb raconte comment elle a d\u00e9couvert, \u00e0 travers l&rsquo;\u00e9preuve, son chemin de vie v\u00e9ritable, malgr\u00e9 son handicap restant. En partageant en public, encore plus intimement, sans fard et avec authenticit\u00e9, son histoire personnelle sur la sc\u00e8ne de TEDx, Nadalette se fait passeuse de maux par les mots.<\/p>\n\n\n\n<p>Alors qu\u2019elle poursuit sa route,&nbsp;<strong><a href=\"http:\/\/nadalettelafonta.com\/\">Nadalette La Fonta-Six<\/a>&nbsp;est&nbsp;heureuse d&rsquo;annoncer&nbsp;que sa conf\u00e9rence TEDx Talk \u00ab\u00a0Rien ne nous arrive&nbsp;par hasard\u00a0\u00bb<\/strong>&nbsp;<strong>a d\u00e9pass\u00e9 le seuil du million de vues<\/strong><\/p>\n\n\n\n<p>Les conf\u00e9rences TED sont une s\u00e9rie de conf\u00e9rences organis\u00e9es au niveau international par la fondation \u00e0 but non lucratif nord-am\u00e9ricaine The Sapling foundation, de Chris Anderson. Elles ont pour objectif de diffuser des id\u00e9es qui en valent la peine, sous la forme de talks de 18 minutes maximum. TEDxChamps\u00c9lys\u00e9esWomen, un \u00e9v\u00e9nement organis\u00e9 sous licence TED,&nbsp;r\u00e9unit chaque ann\u00e9e plus de 1 500 spectateurs et accueille des t\u00e9moignages forts, comme celui de Nadalette La Fonta autour de th\u00e8mes porteurs de transformatio<\/p>\n\n\n\n<p><em>\u00ab&nbsp;Il y a eu l\u2019annonce&nbsp;: \u00ab Vous ne remarcherez jamais plus&nbsp;\u00bb\u2026 mais la rebelle que je suis, a regard\u00e9 ces experts, ces m\u00e9decins qui, 24 heures plus t\u00f4t, se targuaient de transformer ma vie en tellement mieux, et s\u2019est demand\u00e9e au nom de quoi le script avait chang\u00e9. Ne plus marcher&nbsp;? Impossible&nbsp;!&nbsp;\u00bb<\/em><\/p>\n\n\n\n<p><strong>Apr\u00e8s 9 mois d\u2019hospitalisation<\/strong>, progressant de son lit, \u00e0 une table de verticalisation, puis d\u2019un fauteuil roulant \u00e0 un d\u00e9ambulateur,<strong>&nbsp;elle parvient \u00e0 remarcher&nbsp;en partie<\/strong>, mais continue de vivre entre efforts et douleurs. Handicap invisible.<\/p>\n\n\n\n<p>Dans ses ouvrages comme dans toutes&nbsp;ses interventions en public,&nbsp;<strong>Nadalette La Fonta&nbsp;explique comment elle a&nbsp;choisi de vivre et de se battre<\/strong>, mais aussi comment elle a choisi d&rsquo;\u00e9couter ses \u00e9motions et de vivre diff\u00e9remment, en se respectant.<a href=\"https:\/\/www.relations-publiques.pro\/wp-content\/uploads\/2019\/12\/20191218114937-p3-document-qtoi.png\"><\/a><\/p>\n\n\n\n<p>Nadalette partage d\u00e9sormais son histoire sans fard et en toute transparence.<br>\u00ab\u00a0Le roseau penchant, histoire d&rsquo;une merveilleuse op\u00e9ration\u00a0\u00bb,&nbsp;\u00e9tait une premi\u00e8re \u00e9tape sur la fa\u00e7on dont elle a r\u00e9ussi \u00e0 rena\u00eetre \u00e0 une vie plus riche de sens.<\/p>\n\n\n\n<p>Les avis des m\u00e9dias et les retours de ses lecteurs sont unanimes. Ils mentionnent \u00ab&nbsp;un ouvrage initiatique&nbsp;\u00bb, \u00ab&nbsp;un parcours de vie incroyable&nbsp;\u00bb\u2026 Une r\u00e9ussite litt\u00e9raire qui pousse Nadalette La Fonta&nbsp;\u00e0 t\u00e9moigner publiquement et plus largement de son histoire. Elle s&rsquo;exprime ainsi lors de&nbsp;<strong>conf\u00e9rences<\/strong>&nbsp;sur sa vie de femme, ses \u00e9checs, ses victoires, ses croyances et l\u2019ensemble de son parcours. Passeuse de mots, avec authenticit\u00e9 et sans fard.<\/p>\n\n\n\n<p>D\u00e8s mai 2018, elle intervient au Jump \u00e0 Paris devant&nbsp;<a href=\"https:\/\/youtu.be\/K3Nn2__jLFY\">500 femmes sur le th\u00e8me Women are heroes<\/a>, puis au Connecting Women en juin et au Women Forum for the Economy and Society en 2018.<\/p>\n\n\n\n<p><strong>Pour la premi\u00e8re fois en d\u00e9cembre 2018, TEDx lui offre l\u2019opportunit\u00e9 de pr\u00e9senter son histoire et de faire passer son message d\u2019espoir vitamin\u00e9, avec ses notes d\u2019humour et de lucidit\u00e9, sur une sc\u00e8ne nationale, avec de nombreux retentissements.<\/strong><\/p>\n\n\n\n<p><a href=\"https:\/\/www.relations-publiques.pro\/wp-content\/uploads\/2019\/12\/29103246_10156228782745909_1734690050509111296_n.jpg\"><\/a><\/p>\n\n\n\n<p>Depuis sa sortie sur YouTube en f\u00e9vrier 2019, ce&nbsp;<a href=\"https:\/\/www.youtube.com\/watch?v=8S8mie3bwtw&amp;feature=youtu.be\">TEDx \u00ab\u00a0Rien ne nous arrive par hasard\u00a0\u00bb<\/a>&nbsp;est devenu viral et culte, touchant tous ceux qui connaissent une \u00e9preuve quelconque et doivent s\u2019en relever. Le TEDx de Nadalette, publi\u00e9 sur le site officiel TED.com est sous-titr\u00e9 en fran\u00e7ais, en anglais et en espagnol. Atteignant d\u00e9sormais un public malentendant et international, il vient d&rsquo;atteindre le million de vues.<\/p>\n\n\n\n<p><strong>La vie de Nadalette en quelques dates cl\u00e9s<\/strong><\/p>\n\n\n\n<p><strong>15 octobre 2014&nbsp;:<\/strong>&nbsp;Accident op\u00e9ratoire, parapl\u00e9gie, vie bris\u00e9e\u2026<\/p>\n\n\n\n<p><strong>2015&nbsp;<\/strong>: Reconstruire son corps, tenir bon et recommencer \u00e0 r\u00eaver.<\/p>\n\n\n\n<p><strong>2016&nbsp;:<\/strong>&nbsp;Reconstruire sa vie et \u00e9crire, enfin, en devenant align\u00e9e c\u0153ur-corps-esprit&nbsp;!<\/p>\n\n\n\n<p><strong>15 octobre 2017&nbsp;:<\/strong>&nbsp;Parution de l\u2019ouvrage \u00ab Le roseau penchant, histoire d\u2019une merveilleuse op\u00e9ration \u00bb aux \u00e9ditions Fauves.<\/p>\n\n\n\n<p><strong>3 d\u00e9cembre 2018&nbsp;:<\/strong>&nbsp;TEDx Women au Th\u00e9\u00e2tre Mogador devant 2 500 personnes.<\/p>\n\n\n\n<p><strong>1 octobre 2019&nbsp;:<\/strong>&nbsp;Prix \u00ab&nbsp;Accidents de la vie&nbsp;\u00bb&nbsp;<a rel=\"noreferrer noopener\" href=\"https:\/\/www.nadalettelafonta.com\/2019\/12\/02\/restartawards-le-1-octobre-2019-a-lolympia\/\" target=\"_blank\">ReStartAwards 2019<\/a>&nbsp;sur la sc\u00e8ne de l\u2019Olympia. Th\u00e9matique : la diff\u00e9rence et le handicap invisib<\/p>\n\n\n\n<p><a href=\"https:\/\/www.relations-publiques.pro\/wp-content\/uploads\/2019\/12\/indexd.jpg\"><\/a><br><\/p>\n\n\n\n<p>Nadalette La Fonta-Six ambitionne d\u00e9sormais de continuer \u00e0 inspirer par ses mots, avec simplicit\u00e9 et authenticit\u00e9.<\/p>\n\n\n\n<p>Elle donne r\u00e9guli\u00e8rement des conf\u00e9rences avec des prises de parole sur des th\u00e8mes sensibles, touchant ainsi un public nombreux et en lien.<\/p>\n\n\n\n<p>Elle souhaite \u00e9galement&nbsp;<strong>continuer son travail d\u2019\u00e9criture<\/strong>, et annonce d\u00e9j\u00e0 la parution prochaine de nouveaux ouvrages en cours d&rsquo;\u00e9criture.<\/p>\n\n\n\n<p><strong>Pour en savoir plus<\/strong><\/p>\n\n\n\n<p>Site web&nbsp;:&nbsp;<a href=\"http:\/\/nadalettelafonta.com\/\">https:\/\/nadalettelafonta.com<\/a><\/p>\n\n\n\n<p>Vid\u00e9o du TEDx&nbsp;sur Youtube&nbsp;:&nbsp;<a href=\"https:\/\/youtu.be\/8S8mie3bwtw\">https:\/\/youtu.be\/8S8mie3bwtw<\/a><\/p>\n\n\n\n<p>Facebook :&nbsp;<a href=\"https:\/\/www.facebook.com\/nadalette\">https:\/\/www.facebook.com\/nadalette<\/a><\/p>\n\n\n\n<p>Instagram&nbsp;:&nbsp;<a href=\"https:\/\/www.instagram.com\/nadalettelafonta\/?hl=fr\">https:\/\/www.instagram.com\/nadalettelafonta\/<\/a><\/p>\n\n\n\n<p>Linkedin&nbsp;:&nbsp;<a href=\"https:\/\/www.linkedin.com\/in\/nadalettelafontasix\">https:\/\/www.linkedin.com\/in\/nadalettelafontasix<\/a><\/p>\n\n\n\n<p>Twitter&nbsp;:&nbsp;<a href=\"https:\/\/twitter.com\/nadaletteLFS\">https:\/\/twitter.com\/nadaletteLFS<\/a><\/p>\n","protected":false},"excerpt":{"rendered":"<p>La conf\u00e9rence TEDx de Nadalette La Fonta-Six franchit le cap du million de vues sur YouTube ! Apr\u00e8s une carri\u00e8re internationale en entreprise et un fort engagement dans les r\u00e9seaux f\u00e9minins,&nbsp;Nadalette La Fonta est victime d\u2019un accident op\u00e9ratoire\u2026 Ce changement de vie brutal ouvre pourtant&#8230;<\/p>\n","protected":false},"author":2,"featured_media":13344,"comment_status":"open","ping_status":"open","sticky":false,"template":"","format":"standard","meta":{"footnotes":""},"categories":[59,57],"tags":[],"yoast_head":"<!-- This site is optimized with the Yoast SEO plugin v21.9.1 - https:\/\/yoast.com\/wordpress\/plugins\/seo\/ -->\n<title>PORTRAIT : NADELETTE LA FONTA - Tepaseul<\/title>\n<meta name=\"robots\" content=\"index, follow, max-snippet:-1, max-image-preview:large, max-video-preview:-1\" \/>\n<link rel=\"canonical\" href=\"https:\/\/www.tepaseul-magazine.fr\/accueil\/portrait-nadelette-la-fonta\/\" \/>\n<meta property=\"og:locale\" content=\"fr_FR\" \/>\n<meta property=\"og:type\" content=\"article\" \/>\n<meta property=\"og:title\" content=\"PORTRAIT : NADELETTE LA FONTA - Tepaseul\" \/>\n<meta property=\"og:description\" content=\"La conf\u00e9rence TEDx de Nadalette La Fonta-Six franchit le cap du million de vues sur YouTube ! Apr\u00e8s une carri\u00e8re internationale en entreprise et un fort engagement dans les r\u00e9seaux f\u00e9minins,&nbsp;Nadalette La Fonta est victime d\u2019un accident op\u00e9ratoire\u2026 Ce changement de vie brutal ouvre pourtant...\" \/>\n<meta property=\"og:url\" content=\"https:\/\/www.tepaseul-magazine.fr\/accueil\/portrait-nadelette-la-fonta\/\" \/>\n<meta property=\"og:site_name\" content=\"Tepaseul\" \/>\n<meta property=\"article:published_time\" content=\"2020-03-05T10:39:46+00:00\" \/>\n<meta property=\"article:modified_time\" content=\"2020-03-05T10:42:03+00:00\" \/>\n<meta property=\"og:image\" content=\"https:\/\/www.tepaseul-magazine.fr\/wp-content\/uploads\/2020\/03\/29103246_10156228782745909_1734690050509111296_n.jpg\" \/>\n\t<meta property=\"og:image:width\" content=\"654\" \/>\n\t<meta property=\"og:image:height\" content=\"960\" \/>\n\t<meta property=\"og:image:type\" content=\"image\/jpeg\" \/>\n<meta name=\"author\" content=\"Chantal Rolland\" \/>\n<script type=\"application\/ld+json\" class=\"yoast-schema-graph\">{\"@context\":\"https:\/\/schema.org\",\"@graph\":[{\"@type\":\"Article\",\"@id\":\"https:\/\/www.tepaseul-magazine.fr\/accueil\/portrait-nadelette-la-fonta\/#article\",\"isPartOf\":{\"@id\":\"https:\/\/www.tepaseul-magazine.fr\/accueil\/portrait-nadelette-la-fonta\/\"},\"author\":{\"name\":\"Chantal Rolland\",\"@id\":\"https:\/\/www.tepaseul-magazine.fr\/accueil\/#\/schema\/person\/dd3827dc04f692ff480da4bac4545eeb\"},\"headline\":\"PORTRAIT : NADELETTE LA FONTA\",\"datePublished\":\"2020-03-05T10:39:46+00:00\",\"dateModified\":\"2020-03-05T10:42:03+00:00\",\"mainEntityOfPage\":{\"@id\":\"https:\/\/www.tepaseul-magazine.fr\/accueil\/portrait-nadelette-la-fonta\/\"},\"wordCount\":915,\"commentCount\":0,\"publisher\":{\"@id\":\"https:\/\/www.tepaseul-magazine.fr\/accueil\/#organization\"},\"articleSection\":[\"L\u2019\u00e9v\u00e9nement du mois\",\"Portraits du mois\"],\"inLanguage\":\"fr-FR\",\"potentialAction\":[{\"@type\":\"CommentAction\",\"name\":\"Comment\",\"target\":[\"https:\/\/www.tepaseul-magazine.fr\/accueil\/portrait-nadelette-la-fonta\/#respond\"]}]},{\"@type\":\"WebPage\",\"@id\":\"https:\/\/www.tepaseul-magazine.fr\/accueil\/portrait-nadelette-la-fonta\/\",\"url\":\"https:\/\/www.tepaseul-magazine.fr\/accueil\/portrait-nadelette-la-fonta\/\",\"name\":\"PORTRAIT : NADELETTE LA FONTA - Tepaseul\",\"isPartOf\":{\"@id\":\"https:\/\/www.tepaseul-magazine.fr\/accueil\/#website\"},\"datePublished\":\"2020-03-05T10:39:46+00:00\",\"dateModified\":\"2020-03-05T10:42:03+00:00\",\"breadcrumb\":{\"@id\":\"https:\/\/www.tepaseul-magazine.fr\/accueil\/portrait-nadelette-la-fonta\/#breadcrumb\"},\"inLanguage\":\"fr-FR\",\"potentialAction\":[{\"@type\":\"ReadAction\",\"target\":[\"https:\/\/www.tepaseul-magazine.fr\/accueil\/portrait-nadelette-la-fonta\/\"]}]},{\"@type\":\"BreadcrumbList\",\"@id\":\"https:\/\/www.tepaseul-magazine.fr\/accueil\/portrait-nadelette-la-fonta\/#breadcrumb\",\"itemListElement\":[{\"@type\":\"ListItem\",\"position\":1,\"name\":\"Home\",\"item\":\"https:\/\/www.tepaseul-magazine.fr\/accueil\/\"},{\"@type\":\"ListItem\",\"position\":2,\"name\":\"PORTRAIT : NADELETTE LA FONTA\"}]},{\"@type\":\"WebSite\",\"@id\":\"https:\/\/www.tepaseul-magazine.fr\/accueil\/#website\",\"url\":\"https:\/\/www.tepaseul-magazine.fr\/accueil\/\",\"name\":\"Tepaseul\",\"description\":\"Le Magazine des solibattants\",\"publisher\":{\"@id\":\"https:\/\/www.tepaseul-magazine.fr\/accueil\/#organization\"},\"potentialAction\":[{\"@type\":\"SearchAction\",\"target\":{\"@type\":\"EntryPoint\",\"urlTemplate\":\"https:\/\/www.tepaseul-magazine.fr\/accueil\/?s={search_term_string}\"},\"query-input\":\"required name=search_term_string\"}],\"inLanguage\":\"fr-FR\"},{\"@type\":\"Organization\",\"@id\":\"https:\/\/www.tepaseul-magazine.fr\/accueil\/#organization\",\"name\":\"Tepaseul\",\"url\":\"https:\/\/www.tepaseul-magazine.fr\/accueil\/\",\"logo\":{\"@type\":\"ImageObject\",\"inLanguage\":\"fr-FR\",\"@id\":\"https:\/\/www.tepaseul-magazine.fr\/accueil\/#\/schema\/logo\/image\/\",\"url\":\"https:\/\/www.tepaseul-magazine.fr\/wp-content\/uploads\/2014\/12\/logo_doublev2-noir.png\",\"contentUrl\":\"https:\/\/www.tepaseul-magazine.fr\/wp-content\/uploads\/2014\/12\/logo_doublev2-noir.png\",\"width\":205,\"height\":51,\"caption\":\"Tepaseul\"},\"image\":{\"@id\":\"https:\/\/www.tepaseul-magazine.fr\/accueil\/#\/schema\/logo\/image\/\"}},{\"@type\":\"Person\",\"@id\":\"https:\/\/www.tepaseul-magazine.fr\/accueil\/#\/schema\/person\/dd3827dc04f692ff480da4bac4545eeb\",\"name\":\"Chantal Rolland\",\"image\":{\"@type\":\"ImageObject\",\"inLanguage\":\"fr-FR\",\"@id\":\"https:\/\/www.tepaseul-magazine.fr\/accueil\/#\/schema\/person\/image\/\",\"url\":\"https:\/\/secure.gravatar.com\/avatar\/a67dbe83e155eb41b8bc6c41ebcc8564?s=96&d=mm&r=g\",\"contentUrl\":\"https:\/\/secure.gravatar.com\/avatar\/a67dbe83e155eb41b8bc6c41ebcc8564?s=96&d=mm&r=g\",\"caption\":\"Chantal Rolland\"},\"url\":\"https:\/\/www.tepaseul-magazine.fr\/accueil\/author\/chantal-rolland\/\"}]}<\/script>\n<!-- \/ Yoast SEO plugin. -->","yoast_head_json":{"title":"PORTRAIT : NADELETTE LA FONTA - Tepaseul","robots":{"index":"index","follow":"follow","max-snippet":"max-snippet:-1","max-image-preview":"max-image-preview:large","max-video-preview":"max-video-preview:-1"},"canonical":"https:\/\/www.tepaseul-magazine.fr\/accueil\/portrait-nadelette-la-fonta\/","og_locale":"fr_FR","og_type":"article","og_title":"PORTRAIT : NADELETTE LA FONTA - Tepaseul","og_description":"La conf\u00e9rence TEDx de Nadalette La Fonta-Six franchit le cap du million de vues sur YouTube ! Apr\u00e8s une carri\u00e8re internationale en entreprise et un fort engagement dans les r\u00e9seaux f\u00e9minins,&nbsp;Nadalette La Fonta est victime d\u2019un accident op\u00e9ratoire\u2026 Ce changement de vie brutal ouvre pourtant...","og_url":"https:\/\/www.tepaseul-magazine.fr\/accueil\/portrait-nadelette-la-fonta\/","og_site_name":"Tepaseul","article_published_time":"2020-03-05T10:39:46+00:00","article_modified_time":"2020-03-05T10:42:03+00:00","og_image":[{"width":654,"height":960,"url":"https:\/\/www.tepaseul-magazine.fr\/wp-content\/uploads\/2020\/03\/29103246_10156228782745909_1734690050509111296_n.jpg","type":"image\/jpeg"}],"author":"Chantal Rolland","schema":{"@context":"https:\/\/schema.org","@graph":[{"@type":"Article","@id":"https:\/\/www.tepaseul-magazine.fr\/accueil\/portrait-nadelette-la-fonta\/#article","isPartOf":{"@id":"https:\/\/www.tepaseul-magazine.fr\/accueil\/portrait-nadelette-la-fonta\/"},"author":{"name":"Chantal Rolland","@id":"https:\/\/www.tepaseul-magazine.fr\/accueil\/#\/schema\/person\/dd3827dc04f692ff480da4bac4545eeb"},"headline":"PORTRAIT : NADELETTE LA FONTA","datePublished":"2020-03-05T10:39:46+00:00","dateModified":"2020-03-05T10:42:03+00:00","mainEntityOfPage":{"@id":"https:\/\/www.tepaseul-magazine.fr\/accueil\/portrait-nadelette-la-fonta\/"},"wordCount":915,"commentCount":0,"publisher":{"@id":"https:\/\/www.tepaseul-magazine.fr\/accueil\/#organization"},"articleSection":["L\u2019\u00e9v\u00e9nement du mois","Portraits du mois"],"inLanguage":"fr-FR","potentialAction":[{"@type":"CommentAction","name":"Comment","target":["https:\/\/www.tepaseul-magazine.fr\/accueil\/portrait-nadelette-la-fonta\/#respond"]}]},{"@type":"WebPage","@id":"https:\/\/www.tepaseul-magazine.fr\/accueil\/portrait-nadelette-la-fonta\/","url":"https:\/\/www.tepaseul-magazine.fr\/accueil\/portrait-nadelette-la-fonta\/","name":"PORTRAIT : NADELETTE LA FONTA - Tepaseul","isPartOf":{"@id":"https:\/\/www.tepaseul-magazine.fr\/accueil\/#website"},"datePublished":"2020-03-05T10:39:46+00:00","dateModified":"2020-03-05T10:42:03+00:00","breadcrumb":{"@id":"https:\/\/www.tepaseul-magazine.fr\/accueil\/portrait-nadelette-la-fonta\/#breadcrumb"},"inLanguage":"fr-FR","potentialAction":[{"@type":"ReadAction","target":["https:\/\/www.tepaseul-magazine.fr\/accueil\/portrait-nadelette-la-fonta\/"]}]},{"@type":"BreadcrumbList","@id":"https:\/\/www.tepaseul-magazine.fr\/accueil\/portrait-nadelette-la-fonta\/#breadcrumb","itemListElement":[{"@type":"ListItem","position":1,"name":"Home","item":"https:\/\/www.tepaseul-magazine.fr\/accueil\/"},{"@type":"ListItem","position":2,"name":"PORTRAIT : NADELETTE LA FONTA"}]},{"@type":"WebSite","@id":"https:\/\/www.tepaseul-magazine.fr\/accueil\/#website","url":"https:\/\/www.tepaseul-magazine.fr\/accueil\/","name":"Tepaseul","description":"Le Magazine des solibattants","publisher":{"@id":"https:\/\/www.tepaseul-magazine.fr\/accueil\/#organization"},"potentialAction":[{"@type":"SearchAction","target":{"@type":"EntryPoint","urlTemplate":"https:\/\/www.tepaseul-magazine.fr\/accueil\/?s={search_term_string}"},"query-input":"required name=search_term_string"}],"inLanguage":"fr-FR"},{"@type":"Organization","@id":"https:\/\/www.tepaseul-magazine.fr\/accueil\/#organization","name":"Tepaseul","url":"https:\/\/www.tepaseul-magazine.fr\/accueil\/","logo":{"@type":"ImageObject","inLanguage":"fr-FR","@id":"https:\/\/www.tepaseul-magazine.fr\/accueil\/#\/schema\/logo\/image\/","url":"https:\/\/www.tepaseul-magazine.fr\/wp-content\/uploads\/2014\/12\/logo_doublev2-noir.png","contentUrl":"https:\/\/www.tepaseul-magazine.fr\/wp-content\/uploads\/2014\/12\/logo_doublev2-noir.png","width":205,"height":51,"caption":"Tepaseul"},"image":{"@id":"https:\/\/www.tepaseul-magazine.fr\/accueil\/#\/schema\/logo\/image\/"}},{"@type":"Person","@id":"https:\/\/www.tepaseul-magazine.fr\/accueil\/#\/schema\/person\/dd3827dc04f692ff480da4bac4545eeb","name":"Chantal Rolland","image":{"@type":"ImageObject","inLanguage":"fr-FR","@id":"https:\/\/www.tepaseul-magazine.fr\/accueil\/#\/schema\/person\/image\/","url":"https:\/\/secure.gravatar.com\/avatar\/a67dbe83e155eb41b8bc6c41ebcc8564?s=96&d=mm&r=g","contentUrl":"https:\/\/secure.gravatar.com\/avatar\/a67dbe83e155eb41b8bc6c41ebcc8564?s=96&d=mm&r=g","caption":"Chantal Rolland"},"url":"https:\/\/www.tepaseul-magazine.fr\/accueil\/author\/chantal-rolland\/"}]}},"_links":{"self":[{"href":"https:\/\/www.tepaseul-magazine.fr\/accueil\/wp-json\/wp\/v2\/posts\/13343"}],"collection":[{"href":"https:\/\/www.tepaseul-magazine.fr\/accueil\/wp-json\/wp\/v2\/posts"}],"about":[{"href":"https:\/\/www.tepaseul-magazine.fr\/accueil\/wp-json\/wp\/v2\/types\/post"}],"author":[{"embeddable":true,"href":"https:\/\/www.tepaseul-magazine.fr\/accueil\/wp-json\/wp\/v2\/users\/2"}],"replies":[{"embeddable":true,"href":"https:\/\/www.tepaseul-magazine.fr\/accueil\/wp-json\/wp\/v2\/comments?post=13343"}],"version-history":[{"count":2,"href":"https:\/\/www.tepaseul-magazine.fr\/accueil\/wp-json\/wp\/v2\/posts\/13343\/revisions"}],"predecessor-version":[{"id":13346,"href":"https:\/\/www.tepaseul-magazine.fr\/accueil\/wp-json\/wp\/v2\/posts\/13343\/revisions\/13346"}],"wp:featuredmedia":[{"embeddable":true,"href":"https:\/\/www.tepaseul-magazine.fr\/accueil\/wp-json\/wp\/v2\/media\/13344"}],"wp:attachment":[{"href":"https:\/\/www.tepaseul-magazine.fr\/accueil\/wp-json\/wp\/v2\/media?parent=13343"}],"wp:term":[{"taxonomy":"category","embeddable":true,"href":"https:\/\/www.tepaseul-magazine.fr\/accueil\/wp-json\/wp\/v2\/categories?post=13343"},{"taxonomy":"post_tag","embeddable":true,"href":"https:\/\/www.tepaseul-magazine.fr\/accueil\/wp-json\/wp\/v2\/tags?post=13343"}],"curies":[{"name":"wp","href":"https:\/\/api.w.org\/{rel}","templated":true}]}}