{"id":13466,"date":"2021-03-29T15:57:04","date_gmt":"2021-03-29T14:57:04","guid":{"rendered":"http:\/\/www.tepaseul-magazine.fr\/accueil\/?p=13466"},"modified":"2021-04-08T10:35:00","modified_gmt":"2021-04-08T09:35:00","slug":"pierre-herme-lance-le-macaron-rose-des-sables-vegan","status":"publish","type":"post","link":"https:\/\/www.tepaseul-magazine.fr\/accueil\/pierre-herme-lance-le-macaron-rose-des-sables-vegan\/","title":{"rendered":"PIERRE HERME LANCE LE MACARON ROSE DES SABLES VEGAN"},"content":{"rendered":"\n<p>PIERRE&nbsp;HERME LANCE LE&nbsp;MACARON&nbsp;ROSE DES&nbsp;SABLES&nbsp;VEGAN Ma\u00eetre dans l\u2019art de sublimer les ingr\u00e9dients, Pierre Herm\u00e9 met la p\u00e2tisserie v\u00e9g\u00e9tale au go\u00fbt du jour et cr\u00e9e son premier macaron v\u00e9gan.<\/p>\n\n\n\n<p>Pionnier de la haute p\u00e2tisserie, Pierre Herm\u00e9 a donn\u00e9 ses lettres de noblesse au macaron, en imaginant des associations de go\u00fbts in\u00e9dites, signature de son style p\u00e2tissier. Produit phare du r\u00e9pertoire Maison, \u00ab ces quelques grammes de bonheur \u00bb sont pour Pierre Herm\u00e9 une&nbsp;source d\u2019inspiration et de cr\u00e9ativit\u00e9 in\u00e9puisable. Avant-gardiste, il&nbsp;aborde ainsi l\u2019univers v\u00e9gan comme un nouveau domaine&nbsp;d\u2019expression, une v\u00e9ritable opportunit\u00e9 pour imaginer un macaron&nbsp;v\u00e9g\u00e9tal, unique en son genre.<\/p>\n\n\n\n<p>Dans la continuit\u00e9 des p\u00e2tisseries v\u00e9ganes &#8211; la Fleur de cassis et la<br>Rose des Sables &#8211; Pierre Herm\u00e9 se lance le d\u00e9fi de r\u00e9aliser un macaron<br>sans ingr\u00e9dient d\u2019origine animale. Inspir\u00e9 par les saveurs du g\u00e2teau<br>Rose des Sables, subtile alliance d\u2019amandes&nbsp;grill\u00e9es, de chocolat au lait d\u2019amande aux parfums de rose, il cr\u00e9e le macaron \u00e9ponyme. Une approche cr\u00e9ative dont le point de d\u00e9part est toujours le go\u00fbt sans&nbsp;compromis, et l\u2019\u00e9motion.<\/p>\n\n\n\n<p>\u00ab C\u2019est un nouvel axe de travail pour moi, une ouverture vers la p\u00e2tisserie du futur. Il nous a fallu&nbsp;apprivoiser de nouveaux ingr\u00e9dients et de nouvelles techniques pour r\u00e9aliser un macaron \u00e0 la gourmandise en tout point identique aux macarons traditionnels. \u00bb<\/p>\n\n\n\n<p>Pour r\u00e9ussir cette prouesse, chaque ingr\u00e9dient est choisi avec l\u2019exigence que l\u2019on conna\u00eet \u00e0 la Maison Pierre Herm\u00e9 Paris. Des prot\u00e9ines d\u2019origine v\u00e9g\u00e9tale&nbsp;&#8211;&nbsp;extrait d\u2019algues et prot\u00e9ines de pomme de terre&nbsp;-, du lait&nbsp;d\u2019avoine et un chocolat au lait d\u2019amande. Ainsi, d\u00e8s le premier instant, le v\u00e9g\u00e9tal se r\u00e9v\u00e8le, les notes douces et caram\u00e9lis\u00e9es de l\u2019amande torr\u00e9fi\u00e9e se m\u00ealent aux parfums suaves de la ganache au chocolat au lait&nbsp;parfum\u00e9e \u00e0 la rose pour atteindre la quintessence du go\u00fbt.<\/p>\n\n\n\n<p>A l\u2019occasion de la sortie du livre \u00ab Infiniment Macaron \u00bb, dans lequel il r\u00e9v\u00e8le la recette du Macaron v\u00e9gan \u00ab Rose des Sables \u00bb, Pierre Herm\u00e9 propose de d\u00e9couvrir cette cr\u00e9ation, en exclusivit\u00e9, \u00e0 partir du 9 octobre au sein de ses boutiques<\/p>\n\n\n\n<p>Macaron Rose des Sables : v\u00e9gan et sans gluten<\/p>\n\n\n\n<p>Inspir\u00e9 par les parfums de la tarte Rose des sables, la bouch\u00e9e pr\u00e9cieuse r\u00e9v\u00e8le sous le craquant de la coque, les notes suaves de la rose port\u00e9e par une&nbsp;ganache douce au chocolat au lait d\u2019amande, avant de se m\u00ealer \u00e0 la gourmandise d\u2019un pralin\u00e9 aux amandes d\u00e9licatement caram\u00e9lis\u00e9.<br>Une harmonie de saveurs unique.<br>2,50\u20ac \u00e0 l\u2019unit\u00e9<\/p>\n\n\n\n<p>Cr\u00e9ation disponible en boutiques, ou en Click &amp; Collect via le site www.pierreherme.com<\/p>\n\n\n\n<p>SUIVEZ-NOUS SUR LES RESEAUX SOCIAUX<br>Facebook : PierreHermeParis \u2022 Instagram : @pierrehermeofficial \u2022 Twitter : @PierreHerme_FR<\/p>\n","protected":false},"excerpt":{"rendered":"<p>PIERRE&nbsp;HERME LANCE LE&nbsp;MACARON&nbsp;ROSE DES&nbsp;SABLES&nbsp;VEGAN Ma\u00eetre dans l\u2019art de sublimer les ingr\u00e9dients, Pierre Herm\u00e9 met la p\u00e2tisserie v\u00e9g\u00e9tale au go\u00fbt du jour et cr\u00e9e son premier macaron v\u00e9gan. Pionnier de la haute p\u00e2tisserie, Pierre Herm\u00e9 a donn\u00e9 ses lettres de noblesse au macaron, en imaginant des&#8230;<\/p>\n","protected":false},"author":2,"featured_media":12258,"comment_status":"open","ping_status":"open","sticky":false,"template":"","format":"standard","meta":{"footnotes":""},"categories":[2103,2145,66,64],"tags":[],"yoast_head":"<!-- This site is optimized with the Yoast SEO plugin v21.9.1 - https:\/\/yoast.com\/wordpress\/plugins\/seo\/ -->\n<title>PIERRE HERME LANCE LE MACARON ROSE DES SABLES VEGAN - Tepaseul<\/title>\n<meta name=\"robots\" content=\"index, follow, max-snippet:-1, max-image-preview:large, max-video-preview:-1\" \/>\n<link rel=\"canonical\" href=\"https:\/\/www.tepaseul-magazine.fr\/accueil\/pierre-herme-lance-le-macaron-rose-des-sables-vegan\/\" \/>\n<meta property=\"og:locale\" content=\"fr_FR\" \/>\n<meta property=\"og:type\" content=\"article\" \/>\n<meta property=\"og:title\" content=\"PIERRE HERME LANCE LE MACARON ROSE DES SABLES VEGAN - Tepaseul\" \/>\n<meta property=\"og:description\" content=\"PIERRE&nbsp;HERME LANCE LE&nbsp;MACARON&nbsp;ROSE DES&nbsp;SABLES&nbsp;VEGAN Ma\u00eetre dans l\u2019art de sublimer les ingr\u00e9dients, Pierre Herm\u00e9 met la p\u00e2tisserie v\u00e9g\u00e9tale au go\u00fbt du jour et cr\u00e9e son premier macaron v\u00e9gan. Pionnier de la haute p\u00e2tisserie, Pierre Herm\u00e9 a donn\u00e9 ses lettres de noblesse au macaron, en imaginant des...\" \/>\n<meta property=\"og:url\" content=\"https:\/\/www.tepaseul-magazine.fr\/accueil\/pierre-herme-lance-le-macaron-rose-des-sables-vegan\/\" \/>\n<meta property=\"og:site_name\" content=\"Tepaseul\" \/>\n<meta property=\"article:published_time\" content=\"2021-03-29T14:57:04+00:00\" \/>\n<meta property=\"article:modified_time\" content=\"2021-04-08T09:35:00+00:00\" \/>\n<meta property=\"og:image\" content=\"https:\/\/www.tepaseul-magazine.fr\/wp-content\/uploads\/2017\/03\/IMG_0065.png\" \/>\n\t<meta property=\"og:image:width\" content=\"640\" \/>\n\t<meta property=\"og:image:height\" content=\"1136\" \/>\n\t<meta property=\"og:image:type\" content=\"image\/png\" \/>\n<meta name=\"author\" content=\"Chantal Rolland\" \/>\n<script type=\"application\/ld+json\" class=\"yoast-schema-graph\">{\"@context\":\"https:\/\/schema.org\",\"@graph\":[{\"@type\":\"Article\",\"@id\":\"https:\/\/www.tepaseul-magazine.fr\/accueil\/pierre-herme-lance-le-macaron-rose-des-sables-vegan\/#article\",\"isPartOf\":{\"@id\":\"https:\/\/www.tepaseul-magazine.fr\/accueil\/pierre-herme-lance-le-macaron-rose-des-sables-vegan\/\"},\"author\":{\"name\":\"Chantal Rolland\",\"@id\":\"https:\/\/www.tepaseul-magazine.fr\/accueil\/#\/schema\/person\/dd3827dc04f692ff480da4bac4545eeb\"},\"headline\":\"PIERRE HERME LANCE LE MACARON ROSE DES SABLES VEGAN\",\"datePublished\":\"2021-03-29T14:57:04+00:00\",\"dateModified\":\"2021-04-08T09:35:00+00:00\",\"mainEntityOfPage\":{\"@id\":\"https:\/\/www.tepaseul-magazine.fr\/accueil\/pierre-herme-lance-le-macaron-rose-des-sables-vegan\/\"},\"wordCount\":533,\"commentCount\":0,\"publisher\":{\"@id\":\"https:\/\/www.tepaseul-magazine.fr\/accueil\/#organization\"},\"articleSection\":[\"bons plans\",\"gastronmie\",\"Les Bons plans\",\"Pratique\"],\"inLanguage\":\"fr-FR\",\"potentialAction\":[{\"@type\":\"CommentAction\",\"name\":\"Comment\",\"target\":[\"https:\/\/www.tepaseul-magazine.fr\/accueil\/pierre-herme-lance-le-macaron-rose-des-sables-vegan\/#respond\"]}]},{\"@type\":\"WebPage\",\"@id\":\"https:\/\/www.tepaseul-magazine.fr\/accueil\/pierre-herme-lance-le-macaron-rose-des-sables-vegan\/\",\"url\":\"https:\/\/www.tepaseul-magazine.fr\/accueil\/pierre-herme-lance-le-macaron-rose-des-sables-vegan\/\",\"name\":\"PIERRE HERME LANCE LE MACARON ROSE DES SABLES VEGAN - Tepaseul\",\"isPartOf\":{\"@id\":\"https:\/\/www.tepaseul-magazine.fr\/accueil\/#website\"},\"datePublished\":\"2021-03-29T14:57:04+00:00\",\"dateModified\":\"2021-04-08T09:35:00+00:00\",\"breadcrumb\":{\"@id\":\"https:\/\/www.tepaseul-magazine.fr\/accueil\/pierre-herme-lance-le-macaron-rose-des-sables-vegan\/#breadcrumb\"},\"inLanguage\":\"fr-FR\",\"potentialAction\":[{\"@type\":\"ReadAction\",\"target\":[\"https:\/\/www.tepaseul-magazine.fr\/accueil\/pierre-herme-lance-le-macaron-rose-des-sables-vegan\/\"]}]},{\"@type\":\"BreadcrumbList\",\"@id\":\"https:\/\/www.tepaseul-magazine.fr\/accueil\/pierre-herme-lance-le-macaron-rose-des-sables-vegan\/#breadcrumb\",\"itemListElement\":[{\"@type\":\"ListItem\",\"position\":1,\"name\":\"Home\",\"item\":\"https:\/\/www.tepaseul-magazine.fr\/accueil\/\"},{\"@type\":\"ListItem\",\"position\":2,\"name\":\"PIERRE HERME LANCE LE MACARON ROSE DES SABLES VEGAN\"}]},{\"@type\":\"WebSite\",\"@id\":\"https:\/\/www.tepaseul-magazine.fr\/accueil\/#website\",\"url\":\"https:\/\/www.tepaseul-magazine.fr\/accueil\/\",\"name\":\"Tepaseul\",\"description\":\"Le Magazine des solibattants\",\"publisher\":{\"@id\":\"https:\/\/www.tepaseul-magazine.fr\/accueil\/#organization\"},\"potentialAction\":[{\"@type\":\"SearchAction\",\"target\":{\"@type\":\"EntryPoint\",\"urlTemplate\":\"https:\/\/www.tepaseul-magazine.fr\/accueil\/?s={search_term_string}\"},\"query-input\":\"required name=search_term_string\"}],\"inLanguage\":\"fr-FR\"},{\"@type\":\"Organization\",\"@id\":\"https:\/\/www.tepaseul-magazine.fr\/accueil\/#organization\",\"name\":\"Tepaseul\",\"url\":\"https:\/\/www.tepaseul-magazine.fr\/accueil\/\",\"logo\":{\"@type\":\"ImageObject\",\"inLanguage\":\"fr-FR\",\"@id\":\"https:\/\/www.tepaseul-magazine.fr\/accueil\/#\/schema\/logo\/image\/\",\"url\":\"https:\/\/www.tepaseul-magazine.fr\/wp-content\/uploads\/2014\/12\/logo_doublev2-noir.png\",\"contentUrl\":\"https:\/\/www.tepaseul-magazine.fr\/wp-content\/uploads\/2014\/12\/logo_doublev2-noir.png\",\"width\":205,\"height\":51,\"caption\":\"Tepaseul\"},\"image\":{\"@id\":\"https:\/\/www.tepaseul-magazine.fr\/accueil\/#\/schema\/logo\/image\/\"}},{\"@type\":\"Person\",\"@id\":\"https:\/\/www.tepaseul-magazine.fr\/accueil\/#\/schema\/person\/dd3827dc04f692ff480da4bac4545eeb\",\"name\":\"Chantal Rolland\",\"image\":{\"@type\":\"ImageObject\",\"inLanguage\":\"fr-FR\",\"@id\":\"https:\/\/www.tepaseul-magazine.fr\/accueil\/#\/schema\/person\/image\/\",\"url\":\"https:\/\/secure.gravatar.com\/avatar\/a67dbe83e155eb41b8bc6c41ebcc8564?s=96&d=mm&r=g\",\"contentUrl\":\"https:\/\/secure.gravatar.com\/avatar\/a67dbe83e155eb41b8bc6c41ebcc8564?s=96&d=mm&r=g\",\"caption\":\"Chantal Rolland\"},\"url\":\"https:\/\/www.tepaseul-magazine.fr\/accueil\/author\/chantal-rolland\/\"}]}<\/script>\n<!-- \/ Yoast SEO plugin. -->","yoast_head_json":{"title":"PIERRE HERME LANCE LE MACARON ROSE DES SABLES VEGAN - Tepaseul","robots":{"index":"index","follow":"follow","max-snippet":"max-snippet:-1","max-image-preview":"max-image-preview:large","max-video-preview":"max-video-preview:-1"},"canonical":"https:\/\/www.tepaseul-magazine.fr\/accueil\/pierre-herme-lance-le-macaron-rose-des-sables-vegan\/","og_locale":"fr_FR","og_type":"article","og_title":"PIERRE HERME LANCE LE MACARON ROSE DES SABLES VEGAN - Tepaseul","og_description":"PIERRE&nbsp;HERME LANCE LE&nbsp;MACARON&nbsp;ROSE DES&nbsp;SABLES&nbsp;VEGAN Ma\u00eetre dans l\u2019art de sublimer les ingr\u00e9dients, Pierre Herm\u00e9 met la p\u00e2tisserie v\u00e9g\u00e9tale au go\u00fbt du jour et cr\u00e9e son premier macaron v\u00e9gan. Pionnier de la haute p\u00e2tisserie, Pierre Herm\u00e9 a donn\u00e9 ses lettres de noblesse au macaron, en imaginant des...","og_url":"https:\/\/www.tepaseul-magazine.fr\/accueil\/pierre-herme-lance-le-macaron-rose-des-sables-vegan\/","og_site_name":"Tepaseul","article_published_time":"2021-03-29T14:57:04+00:00","article_modified_time":"2021-04-08T09:35:00+00:00","og_image":[{"width":640,"height":1136,"url":"https:\/\/www.tepaseul-magazine.fr\/wp-content\/uploads\/2017\/03\/IMG_0065.png","type":"image\/png"}],"author":"Chantal Rolland","schema":{"@context":"https:\/\/schema.org","@graph":[{"@type":"Article","@id":"https:\/\/www.tepaseul-magazine.fr\/accueil\/pierre-herme-lance-le-macaron-rose-des-sables-vegan\/#article","isPartOf":{"@id":"https:\/\/www.tepaseul-magazine.fr\/accueil\/pierre-herme-lance-le-macaron-rose-des-sables-vegan\/"},"author":{"name":"Chantal Rolland","@id":"https:\/\/www.tepaseul-magazine.fr\/accueil\/#\/schema\/person\/dd3827dc04f692ff480da4bac4545eeb"},"headline":"PIERRE HERME LANCE LE MACARON ROSE DES SABLES VEGAN","datePublished":"2021-03-29T14:57:04+00:00","dateModified":"2021-04-08T09:35:00+00:00","mainEntityOfPage":{"@id":"https:\/\/www.tepaseul-magazine.fr\/accueil\/pierre-herme-lance-le-macaron-rose-des-sables-vegan\/"},"wordCount":533,"commentCount":0,"publisher":{"@id":"https:\/\/www.tepaseul-magazine.fr\/accueil\/#organization"},"articleSection":["bons plans","gastronmie","Les Bons plans","Pratique"],"inLanguage":"fr-FR","potentialAction":[{"@type":"CommentAction","name":"Comment","target":["https:\/\/www.tepaseul-magazine.fr\/accueil\/pierre-herme-lance-le-macaron-rose-des-sables-vegan\/#respond"]}]},{"@type":"WebPage","@id":"https:\/\/www.tepaseul-magazine.fr\/accueil\/pierre-herme-lance-le-macaron-rose-des-sables-vegan\/","url":"https:\/\/www.tepaseul-magazine.fr\/accueil\/pierre-herme-lance-le-macaron-rose-des-sables-vegan\/","name":"PIERRE HERME LANCE LE MACARON ROSE DES SABLES VEGAN - Tepaseul","isPartOf":{"@id":"https:\/\/www.tepaseul-magazine.fr\/accueil\/#website"},"datePublished":"2021-03-29T14:57:04+00:00","dateModified":"2021-04-08T09:35:00+00:00","breadcrumb":{"@id":"https:\/\/www.tepaseul-magazine.fr\/accueil\/pierre-herme-lance-le-macaron-rose-des-sables-vegan\/#breadcrumb"},"inLanguage":"fr-FR","potentialAction":[{"@type":"ReadAction","target":["https:\/\/www.tepaseul-magazine.fr\/accueil\/pierre-herme-lance-le-macaron-rose-des-sables-vegan\/"]}]},{"@type":"BreadcrumbList","@id":"https:\/\/www.tepaseul-magazine.fr\/accueil\/pierre-herme-lance-le-macaron-rose-des-sables-vegan\/#breadcrumb","itemListElement":[{"@type":"ListItem","position":1,"name":"Home","item":"https:\/\/www.tepaseul-magazine.fr\/accueil\/"},{"@type":"ListItem","position":2,"name":"PIERRE HERME LANCE LE MACARON ROSE DES SABLES VEGAN"}]},{"@type":"WebSite","@id":"https:\/\/www.tepaseul-magazine.fr\/accueil\/#website","url":"https:\/\/www.tepaseul-magazine.fr\/accueil\/","name":"Tepaseul","description":"Le Magazine des solibattants","publisher":{"@id":"https:\/\/www.tepaseul-magazine.fr\/accueil\/#organization"},"potentialAction":[{"@type":"SearchAction","target":{"@type":"EntryPoint","urlTemplate":"https:\/\/www.tepaseul-magazine.fr\/accueil\/?s={search_term_string}"},"query-input":"required name=search_term_string"}],"inLanguage":"fr-FR"},{"@type":"Organization","@id":"https:\/\/www.tepaseul-magazine.fr\/accueil\/#organization","name":"Tepaseul","url":"https:\/\/www.tepaseul-magazine.fr\/accueil\/","logo":{"@type":"ImageObject","inLanguage":"fr-FR","@id":"https:\/\/www.tepaseul-magazine.fr\/accueil\/#\/schema\/logo\/image\/","url":"https:\/\/www.tepaseul-magazine.fr\/wp-content\/uploads\/2014\/12\/logo_doublev2-noir.png","contentUrl":"https:\/\/www.tepaseul-magazine.fr\/wp-content\/uploads\/2014\/12\/logo_doublev2-noir.png","width":205,"height":51,"caption":"Tepaseul"},"image":{"@id":"https:\/\/www.tepaseul-magazine.fr\/accueil\/#\/schema\/logo\/image\/"}},{"@type":"Person","@id":"https:\/\/www.tepaseul-magazine.fr\/accueil\/#\/schema\/person\/dd3827dc04f692ff480da4bac4545eeb","name":"Chantal Rolland","image":{"@type":"ImageObject","inLanguage":"fr-FR","@id":"https:\/\/www.tepaseul-magazine.fr\/accueil\/#\/schema\/person\/image\/","url":"https:\/\/secure.gravatar.com\/avatar\/a67dbe83e155eb41b8bc6c41ebcc8564?s=96&d=mm&r=g","contentUrl":"https:\/\/secure.gravatar.com\/avatar\/a67dbe83e155eb41b8bc6c41ebcc8564?s=96&d=mm&r=g","caption":"Chantal Rolland"},"url":"https:\/\/www.tepaseul-magazine.fr\/accueil\/author\/chantal-rolland\/"}]}},"_links":{"self":[{"href":"https:\/\/www.tepaseul-magazine.fr\/accueil\/wp-json\/wp\/v2\/posts\/13466"}],"collection":[{"href":"https:\/\/www.tepaseul-magazine.fr\/accueil\/wp-json\/wp\/v2\/posts"}],"about":[{"href":"https:\/\/www.tepaseul-magazine.fr\/accueil\/wp-json\/wp\/v2\/types\/post"}],"author":[{"embeddable":true,"href":"https:\/\/www.tepaseul-magazine.fr\/accueil\/wp-json\/wp\/v2\/users\/2"}],"replies":[{"embeddable":true,"href":"https:\/\/www.tepaseul-magazine.fr\/accueil\/wp-json\/wp\/v2\/comments?post=13466"}],"version-history":[{"count":2,"href":"https:\/\/www.tepaseul-magazine.fr\/accueil\/wp-json\/wp\/v2\/posts\/13466\/revisions"}],"predecessor-version":[{"id":13468,"href":"https:\/\/www.tepaseul-magazine.fr\/accueil\/wp-json\/wp\/v2\/posts\/13466\/revisions\/13468"}],"wp:featuredmedia":[{"embeddable":true,"href":"https:\/\/www.tepaseul-magazine.fr\/accueil\/wp-json\/wp\/v2\/media\/12258"}],"wp:attachment":[{"href":"https:\/\/www.tepaseul-magazine.fr\/accueil\/wp-json\/wp\/v2\/media?parent=13466"}],"wp:term":[{"taxonomy":"category","embeddable":true,"href":"https:\/\/www.tepaseul-magazine.fr\/accueil\/wp-json\/wp\/v2\/categories?post=13466"},{"taxonomy":"post_tag","embeddable":true,"href":"https:\/\/www.tepaseul-magazine.fr\/accueil\/wp-json\/wp\/v2\/tags?post=13466"}],"curies":[{"name":"wp","href":"https:\/\/api.w.org\/{rel}","templated":true}]}}