{"id":13530,"date":"2021-07-08T15:56:11","date_gmt":"2021-07-08T14:56:11","guid":{"rendered":"http:\/\/www.tepaseul-magazine.fr\/accueil\/?p=13530"},"modified":"2021-07-08T15:56:14","modified_gmt":"2021-07-08T14:56:14","slug":"temoignage-dune-vie-guidee-par-lau-dela","status":"publish","type":"post","link":"https:\/\/www.tepaseul-magazine.fr\/accueil\/temoignage-dune-vie-guidee-par-lau-dela\/","title":{"rendered":"TEMOIGNAGE D&rsquo;UNE VIE GUIDEE PAR L&rsquo;AU DELA"},"content":{"rendered":"\n<p><br><\/p>\n\n\n\n<p>Je suis une personne ordinaire qui vis une vie remplie \u201cde faits extraordinaires\u201d\u2026.<\/p>\n\n\n\n<p>Tout a commence quand j\u2019ai eu huit ans\u2026 Jusqu\u2019alors, j\u2019\u00e9tais une petite fille comme les autres. Je suis l\u2019a\u00een\u00e9e de quatre enfants et j\u2019avais deux ans et demi quand ma petite soeur est n\u00e9e\u2026 Assez mure pour mon \u00e2ge, maman me donna tr\u00e8s vite des responsabilit\u00e9s \u00e0 assumer, surtout vers 7 ans quand mon petit fr\u00e8re est n\u00e9\u2026 Je devins presque une seconde maman pour ma soeur et mon fr\u00e8re\u2026 Je ressentis tr\u00e8s vite le poids de cette confiance que maman avait mise en moi.&nbsp;<\/p>\n\n\n\n<p>Mais, bonne \u00e9l\u00e8ve (mes parents \u00e9taient convoqu\u00e9s tous les ans pour m\u2019autoriser \u00e0 sauter une classe, chose qu\u2019ils refusaient et qui m\u2019aga\u00e7ait!) et bon soldat, j\u2019ob\u00e9issais et tra\u00e7ais la ligne de conduite qui m\u2019\u00e9tait indiqu\u00e9e sans me poser de questions\u2026<\/p>\n\n\n\n<p>Ma famille a toujours eu un esprit tr\u00e8s rationnel. Mes parents nous avaient fait faire le cat\u00e9chisme mais sans avoir trop de croyance. Je les entendais toujours dire que ces gens qui croyaient en des choses invisibles ou qui consultaient des voyants n\u2019\u00e9taient que des esprits simples, \u201cdes petits cerveaux\u201d (comme ils disaient). Je me laissais glisser dans cette id\u00e9e et ne pensais rien de special sur ce sujet qui me paraissait sans aucun int\u00e9r\u00eat puisque je ne comprenais meme pas de quoi mes parents parlaient\u2026 Je grandissais entre mes poup\u00e9es et mon r\u00f4le \u00e0 jouer aupr\u00e8s de mon petit fr\u00e8re et de ma soeur\u2026 Une petite fille sans histoire, un peu capricieuse et volontaire mais tout ce qu\u2019il y a de plus normal, jusqu\u2019au jour o\u00f9\u2026.<\/p>\n\n\n\n<p>L\u2019\u00e9t\u00e9 de mes 8 ans, plus exactement un 14 juillet, jour f\u00e9ri\u00e9, je me r\u00e9veille avec un grand mal d\u2019oreilles et beaucoup de temp\u00e9rature\u2026 Mes parents appel\u00e8rent un g\u00e9n\u00e9raliste qui d\u00e9tecta un probl\u00e8me n\u00e9cessitant une parasynth\u00e8se sur place. ils essaient de joindre l \u2018otorhino qui me suivait , arrivent \u00e0 l\u2019avoir, discutent avec lui et celui ci promet d\u2019arriver tr\u00e8s vite\u2026 Mais les heures passent celui ci n\u2019est toujours pas l\u00e0.. Je vais de plus en plus mal, mes parents sont pr\u00e8s de moi quand tout \u00e0 coup, je perds connaissance\u2026.Et l\u00e0, grosse panique. Mon p\u00e8re me secoue, me demande de lui dire si je l\u2019entends, pleure sur moi\u2026 et retourne rappeler ce sp\u00e9cialiste en lui relatant les faits et en le disputant.<\/p>\n\n\n\n<p>Mais pendant ce temps l\u00e0, j\u2019assistais \u00e0 tout, voyais tout ce qui se passait mais depuis un angle du plafond\u2026J\u2019\u00e9tais bien. Je voyais mon p\u00e8re pleurer. Je savais que c\u2019\u00e9tait lui mais je n\u2019\u00e9tais pas triste.<\/p>\n\n\n\n<p>Puis, je fus attir\u00e9e par une merveilleuse lumi\u00e8re blanche\u2026 Tout \u00e0 coup, je savais tout. Je voyais \u00e0 360\u00b0. Je me sentis remplie de joie et d\u2019Amour. J\u2019\u00e9tais bien.  Je baignais dans un oc\u00e9an d&rsquo;Amour et surtout j&rsquo;avais toute cette connaissance ! Je voyais tout, je savais tout ! et je ne ressentais que de l&rsquo;Amour&#8230;<\/p>\n\n\n\n<p>Je ne me souviens pas de ce qui s\u2019est pass\u00e9 ensuite dans cette lumi\u00e8re mais je me souviens d\u2019\u00eatre revenue au plafond, d\u2019avoir revu mon corps allong\u00e9 sur le lit. Je savais que c\u2019\u00e9tait moi mais je n\u2019avais pas peur\u2026 Puis je vis le m\u00e9decin arriver. Il consulta mon pauvre corps inanim\u00e9, eut un moment de recul, se pr\u00e9cipita dans la salle \u00e0 manger, organisa une table d\u2019op\u00e9ration sur la table , sortit ses instruments, se fit aider pour d\u00e9poser mon corps, courut se laver les mains dans la cuisine de l\u2019autre logement (mes parents avaient deux logements contig\u00fcs ). Mon p\u00e8re le suivait en le disputant, en lui disant combien il avait eu tort de laisser passer un si long moment avant d\u2019arriver etc.. et il revint pr\u00e9cipitamment, me d\u00e9posa le masque sur le visage et fit son intervention\u2026Et moi, j\u2019\u00e9tais toujours l\u00e0 haut, me regardant endormie sur cette table et les suivant \u00e0 chaque pas qu\u2019ils faisaient\u2026Puis mon p\u00e8re et lui se redirig\u00e8rent vers la cuisine pour se laver de nouveau les mains et je les suivais, traversant les murs et entendant mon p\u00e8re et ce sp\u00e9cialiste discuter. Celui ci remercia mon p\u00e8re de l\u2019avoir \u201csecou\u00e9\u201d et de l\u2019avoir oblg\u00e9 \u00e0 quitter sa famille avec laquelle il f\u00eatait le 14 juillet pour vite venir \u00e0 mon secours\u2026\u201dJe vous remercie Mr R. de m\u2019avoir dit ce que vous m\u2019avez dit. Je vous dois une fi\u00e8re chandelle. Si vous n\u2019aviez pas fait cela, j\u2019aurais fait une b\u00eatise. Il s\u2019en est fallu de peu pour votre petite. Une masto\u00ebdite commen\u00e7ait \u00e0 infecter l\u2019os. J\u2019ai pu tout nettoyer \u00e0 temps. Elle va aller mieux maintenant. Merci Mr. R\u2026\u201d.<\/p>\n\n\n\n<p>Puis je me vois me rediriger vers la table et\u2026. Plus rien\u2026Je n\u2019ai aucun souvenir de comment je suis revenue..<\/p>\n\n\n\n<p>On me remit dans mon lit et quelques temps plus tard, je sortais de mon sommeil, grognant un peu car j\u2019avais mal mais sauv\u00e9e.&nbsp;<\/p>\n\n\n\n<p>Je me souvenais de tout ce que j\u2019avais vu et v\u00e9cu mais le sommeil m\u2019emporta et je r\u00e9cup\u00e9rai petit \u00e0 petit\u2026 Je me sentais diff\u00e9rente mais heureuse au fond de moi. Mes parents me chouchoutaient et \u00e7a me plaisait\u2026 Tr\u00e8s vite, j\u2019allais mieux et je voulus parler de mon aventure avec mes parents. Mais d\u00e8s que j\u2019ouvrais la bouche, j\u2019entendais : \u201car\u00eate de raconter des histoires \u00e0 dormir debout ! C\u2019est normal, tu \u00e9tais dans le coma et quand on est dans cet \u00e9tat, il para\u00eet qu\u2019on entend les gens parler autour. Allez, arr\u00eate, ce sont les petits cerveaux qui croient en tout cela ! Repose toi. Pense \u00e0 autre chose.\u00a0<\/p>\n\n\n\n<p>Toutes les tentatives d\u2019explications que j\u2019ai pu avoir avec eux ont \u00e9t\u00e9 vaines. J\u2019ai bien vite compris que je devrais garder ce secret en moi et ne rien dire \u00e0 personne de peur de passer pour une folle ou un petit cerveau..<\/p>\n\n\n\n<p>La vie reprit son courant et je dus continuer \u00e0 vivre mais avec des nouveaut\u00e9s en moi qui me faisaient peur\u2026<\/p>\n\n\n\n<p>Je ressentais toute la connaissance dans laquelle j&rsquo;avais baign\u00e9e pendant mon exp\u00e9rience,  mais avec, comme un couvercle sur ma t\u00eate qui m&#8217;emp\u00eachait de la ressentir comme l\u00e0 haut.. comme une frustration (que je ressens toujours \u00e0 ce jour..)<\/p>\n\n\n\n<p>J\u2019avais  aussi constat\u00e9 que chaque fois que mes parents ou ma soeur \u00e9voquaient\u00a0\u00a0des projets qui n\u2019allaient pas se concr\u00e9tiser, je savais qu\u2019ils allaient \u00e9chouer ! quand on \u00e9tait en famille, je savais si ce qui se disait \u00e9tait vrai ou faux. Si l\u2019avenir allait leur donner ce qu\u2019ils pensaient ou pas.<\/p>\n\n\n\n<p>Si telle tante ou telle cousine qu\u2019on attendait allait pouvoir venir ou pas et tout cela bien avant que ma famille ne l\u2019apprenne ! Je savais et pourtant, je n\u2019osais meme pas en parler de peur d\u2019\u00eatre encore crtiqu\u00e9e\u2026 A l\u2019\u00e9cole, je commen\u00e7ais \u00e0 voir mes copines diff\u00e9remment. Comme si leur physique n\u2019intervenait plus dans mes ressentis. Je les voyais de l\u2019int\u00e9rieur. Je comprenais leur \u00e2me, s\u00fbrement. J\u2019\u00e9tais trop jeune pour mettre des mots sur ce qui m\u2019arrivait.\u00a0<\/p>\n\n\n\n<p>Petit \u00e0 petit, je me repliais sur moi m\u00eame et n\u2019avais qu\u2019une envie : \u00e9crire des po\u00e8mes. Je m\u2019asseyais au pied d\u2019un arbre dans la cour de r\u00e9cr\u00e9ation et \u00e9crivais des pages et des pages de vers. Je prenais plaisir \u00e0 retranscrire les paroles des\u00a0\u00a0chansons que j\u2019aimais (j\u2019ai un souvenir magnifique avec la chanson \u201cl\u2019eau vive\u201d de Guy B\u00e9art. C\u2019est une chanson que je sentais circuler en moi, comme si les paroles m\u2019habitaient. Aujourd\u2019hui encore, elle se trouve dans mon Iphone\u2026<\/p>\n\n\n\n<p>Je me sentais adulte dans un corps d\u2019enfant. Mon p\u00e8re \u00e9tait&nbsp;&nbsp;exigeant avec moi et me critiquait tr\u00e8s souvent, Ca l\u2019aga\u00e7ait de me voir avoir des remarques qui n\u2019\u00e9taient pas de mon \u00e2ge.&nbsp;<\/p>\n\n\n\n<p>Maman, elle, ramassait mes petits bouts de papier remplis de po\u00e9sie, un peu partout dans la maison\u2026<\/p>\n\n\n\n<p>La vie continua ainsi, moi avec mes secrets mais  malheureuse de ne pas les partager avec ma famille\u2026\u00a0\u00a0<\/p>\n\n\n\n<p>Plein de jolis miracles arriv\u00e8rent par la suite dans ma vie&#8230; Et un jour, pour mes quarante ans, quand mon p\u00e8re me demanda ce qui me ferait plaisir, je lui r\u00e9pondis avec une assurance que je ne me connaissais pas, que la seule chose qui me plairait serait qu&rsquo;il s\u00a0\u00bbassoie, qu&rsquo;il m&rsquo;\u00e9coute et qu&rsquo;il me dise ensuite si oui ou non ce que j&rsquo;allais lui raconter \u00e9tait exact ou pas&#8230; Il accepta. Je lui ai racont\u00e9 sa conversation avec l&rsquo; otorhino, ce qui s&rsquo;est pass\u00e9 avant le d\u00e9part de celui ci et ce qui s&rsquo;est pass\u00e9 pendant l&rsquo;op\u00e9ration. Mon p\u00a7re bl\u00eamissait au fur et \u00e0 mesure que je parlais et \u00e0 la fin, me regarda, interloqu\u00e9 et me dis : \u00a0\u00bb mais, qui t&rsquo;a dit tout cela puisque nous n&rsquo;\u00e9tions que tous les deux \u00ab\u00a0?  J&rsquo;\u00e9tais l\u00e0, papa&#8230; Au plafond, juste au dessus de vous. Est ce vrai tout ce que je viens de dire ? \u00ab\u00a0Au mot pr\u00e8s\u00a0\u00bb me dit il&#8230;. <\/p>\n\n\n\n<p>Le plus beau des cadeaux pour moi. A partir de ce jour, j&rsquo;ai eu la conviction de mon v\u00e9cu et j&rsquo;ai su que tout \u00e9tait vrai. Par la suite, la vie m&rsquo;a fait vivre des choses incroyables que j&rsquo;avais v\u00e9cues dans la lumi\u00e8re mais dont je ne me souvenais plus \u00e0 mon retour&#8230; Et tout ce que je vivais \u00e9tais v\u00e9rifi\u00e9&#8230;. Une vie un peu comme un conte de f\u00e9e&#8230; Et jusqu&rsquo;\u00e0 maintenant, j&rsquo;ai v\u00e9cu les pieds sur terre (gr\u00e2ce \u00e0 mon \u00e9ducation) et la t\u00eate dans les \u00e9toiles ! Et toujours avec cette lumi\u00e8re et cet Amour en moi &#8230;. Mais cette exp\u00e9rience est \u00e0 tout jamais grav\u00e9e en moi comme si je l&rsquo;avais v\u00e9cue hier&#8230;et \u00e7a fait 65 ans que je l&rsquo;ai v\u00e9cue !!!!<\/p>\n\n\n\n<p>Aujourd&rsquo;hui, j&rsquo;\u00e9cris un livre sur tout ce que cela m&rsquo;a apport\u00e9 dans ma vie et tous les miracles que j&rsquo;ai v\u00e9cus&#8230; Peut \u00eatre un jour me lirez vous ???? <\/p>\n\n\n\n<p>Chantal Rolland<\/p>\n","protected":false},"excerpt":{"rendered":"<p>Je suis une personne ordinaire qui vis une vie remplie \u201cde faits extraordinaires\u201d\u2026. Tout a commence quand j\u2019ai eu huit ans\u2026 Jusqu\u2019alors, j\u2019\u00e9tais une petite fille comme les autres. Je suis l\u2019a\u00een\u00e9e de quatre enfants et j\u2019avais deux ans et demi quand ma petite soeur&#8230;<\/p>\n","protected":false},"author":2,"featured_media":12010,"comment_status":"open","ping_status":"open","sticky":false,"template":"","format":"standard","meta":{"footnotes":""},"categories":[1],"tags":[],"yoast_head":"<!-- This site is optimized with the Yoast SEO plugin v21.9.1 - https:\/\/yoast.com\/wordpress\/plugins\/seo\/ -->\n<title>TEMOIGNAGE D&#039;UNE VIE GUIDEE PAR L&#039;AU DELA - Tepaseul<\/title>\n<meta name=\"robots\" content=\"index, follow, max-snippet:-1, max-image-preview:large, max-video-preview:-1\" \/>\n<link rel=\"canonical\" href=\"https:\/\/www.tepaseul-magazine.fr\/accueil\/temoignage-dune-vie-guidee-par-lau-dela\/\" \/>\n<meta property=\"og:locale\" content=\"fr_FR\" \/>\n<meta property=\"og:type\" content=\"article\" \/>\n<meta property=\"og:title\" content=\"TEMOIGNAGE D&#039;UNE VIE GUIDEE PAR L&#039;AU DELA - Tepaseul\" \/>\n<meta property=\"og:description\" content=\"Je suis une personne ordinaire qui vis une vie remplie \u201cde faits extraordinaires\u201d\u2026. Tout a commence quand j\u2019ai eu huit ans\u2026 Jusqu\u2019alors, j\u2019\u00e9tais une petite fille comme les autres. Je suis l\u2019a\u00een\u00e9e de quatre enfants et j\u2019avais deux ans et demi quand ma petite soeur...\" \/>\n<meta property=\"og:url\" content=\"https:\/\/www.tepaseul-magazine.fr\/accueil\/temoignage-dune-vie-guidee-par-lau-dela\/\" \/>\n<meta property=\"og:site_name\" content=\"Tepaseul\" \/>\n<meta property=\"article:published_time\" content=\"2021-07-08T14:56:11+00:00\" \/>\n<meta property=\"article:modified_time\" content=\"2021-07-08T14:56:14+00:00\" \/>\n<meta property=\"og:image\" content=\"https:\/\/www.tepaseul-magazine.fr\/wp-content\/uploads\/2016\/12\/IMG_0542.jpg\" \/>\n\t<meta property=\"og:image:width\" content=\"1536\" \/>\n\t<meta property=\"og:image:height\" content=\"2048\" \/>\n\t<meta property=\"og:image:type\" content=\"image\/jpeg\" \/>\n<meta name=\"author\" content=\"Chantal Rolland\" \/>\n<script type=\"application\/ld+json\" class=\"yoast-schema-graph\">{\"@context\":\"https:\/\/schema.org\",\"@graph\":[{\"@type\":\"Article\",\"@id\":\"https:\/\/www.tepaseul-magazine.fr\/accueil\/temoignage-dune-vie-guidee-par-lau-dela\/#article\",\"isPartOf\":{\"@id\":\"https:\/\/www.tepaseul-magazine.fr\/accueil\/temoignage-dune-vie-guidee-par-lau-dela\/\"},\"author\":{\"name\":\"Chantal Rolland\",\"@id\":\"https:\/\/www.tepaseul-magazine.fr\/accueil\/#\/schema\/person\/dd3827dc04f692ff480da4bac4545eeb\"},\"headline\":\"TEMOIGNAGE D&rsquo;UNE VIE GUIDEE PAR L&rsquo;AU DELA\",\"datePublished\":\"2021-07-08T14:56:11+00:00\",\"dateModified\":\"2021-07-08T14:56:14+00:00\",\"mainEntityOfPage\":{\"@id\":\"https:\/\/www.tepaseul-magazine.fr\/accueil\/temoignage-dune-vie-guidee-par-lau-dela\/\"},\"wordCount\":1777,\"commentCount\":0,\"publisher\":{\"@id\":\"https:\/\/www.tepaseul-magazine.fr\/accueil\/#organization\"},\"articleSection\":[\"\u00c9v\u00e9nements\"],\"inLanguage\":\"fr-FR\",\"potentialAction\":[{\"@type\":\"CommentAction\",\"name\":\"Comment\",\"target\":[\"https:\/\/www.tepaseul-magazine.fr\/accueil\/temoignage-dune-vie-guidee-par-lau-dela\/#respond\"]}]},{\"@type\":\"WebPage\",\"@id\":\"https:\/\/www.tepaseul-magazine.fr\/accueil\/temoignage-dune-vie-guidee-par-lau-dela\/\",\"url\":\"https:\/\/www.tepaseul-magazine.fr\/accueil\/temoignage-dune-vie-guidee-par-lau-dela\/\",\"name\":\"TEMOIGNAGE D'UNE VIE GUIDEE PAR L'AU DELA - Tepaseul\",\"isPartOf\":{\"@id\":\"https:\/\/www.tepaseul-magazine.fr\/accueil\/#website\"},\"datePublished\":\"2021-07-08T14:56:11+00:00\",\"dateModified\":\"2021-07-08T14:56:14+00:00\",\"breadcrumb\":{\"@id\":\"https:\/\/www.tepaseul-magazine.fr\/accueil\/temoignage-dune-vie-guidee-par-lau-dela\/#breadcrumb\"},\"inLanguage\":\"fr-FR\",\"potentialAction\":[{\"@type\":\"ReadAction\",\"target\":[\"https:\/\/www.tepaseul-magazine.fr\/accueil\/temoignage-dune-vie-guidee-par-lau-dela\/\"]}]},{\"@type\":\"BreadcrumbList\",\"@id\":\"https:\/\/www.tepaseul-magazine.fr\/accueil\/temoignage-dune-vie-guidee-par-lau-dela\/#breadcrumb\",\"itemListElement\":[{\"@type\":\"ListItem\",\"position\":1,\"name\":\"Home\",\"item\":\"https:\/\/www.tepaseul-magazine.fr\/accueil\/\"},{\"@type\":\"ListItem\",\"position\":2,\"name\":\"TEMOIGNAGE D&rsquo;UNE VIE GUIDEE PAR L&rsquo;AU DELA\"}]},{\"@type\":\"WebSite\",\"@id\":\"https:\/\/www.tepaseul-magazine.fr\/accueil\/#website\",\"url\":\"https:\/\/www.tepaseul-magazine.fr\/accueil\/\",\"name\":\"Tepaseul\",\"description\":\"Le Magazine des solibattants\",\"publisher\":{\"@id\":\"https:\/\/www.tepaseul-magazine.fr\/accueil\/#organization\"},\"potentialAction\":[{\"@type\":\"SearchAction\",\"target\":{\"@type\":\"EntryPoint\",\"urlTemplate\":\"https:\/\/www.tepaseul-magazine.fr\/accueil\/?s={search_term_string}\"},\"query-input\":\"required name=search_term_string\"}],\"inLanguage\":\"fr-FR\"},{\"@type\":\"Organization\",\"@id\":\"https:\/\/www.tepaseul-magazine.fr\/accueil\/#organization\",\"name\":\"Tepaseul\",\"url\":\"https:\/\/www.tepaseul-magazine.fr\/accueil\/\",\"logo\":{\"@type\":\"ImageObject\",\"inLanguage\":\"fr-FR\",\"@id\":\"https:\/\/www.tepaseul-magazine.fr\/accueil\/#\/schema\/logo\/image\/\",\"url\":\"https:\/\/www.tepaseul-magazine.fr\/wp-content\/uploads\/2014\/12\/logo_doublev2-noir.png\",\"contentUrl\":\"https:\/\/www.tepaseul-magazine.fr\/wp-content\/uploads\/2014\/12\/logo_doublev2-noir.png\",\"width\":205,\"height\":51,\"caption\":\"Tepaseul\"},\"image\":{\"@id\":\"https:\/\/www.tepaseul-magazine.fr\/accueil\/#\/schema\/logo\/image\/\"}},{\"@type\":\"Person\",\"@id\":\"https:\/\/www.tepaseul-magazine.fr\/accueil\/#\/schema\/person\/dd3827dc04f692ff480da4bac4545eeb\",\"name\":\"Chantal Rolland\",\"image\":{\"@type\":\"ImageObject\",\"inLanguage\":\"fr-FR\",\"@id\":\"https:\/\/www.tepaseul-magazine.fr\/accueil\/#\/schema\/person\/image\/\",\"url\":\"https:\/\/secure.gravatar.com\/avatar\/a67dbe83e155eb41b8bc6c41ebcc8564?s=96&d=mm&r=g\",\"contentUrl\":\"https:\/\/secure.gravatar.com\/avatar\/a67dbe83e155eb41b8bc6c41ebcc8564?s=96&d=mm&r=g\",\"caption\":\"Chantal Rolland\"},\"url\":\"https:\/\/www.tepaseul-magazine.fr\/accueil\/author\/chantal-rolland\/\"}]}<\/script>\n<!-- \/ Yoast SEO plugin. -->","yoast_head_json":{"title":"TEMOIGNAGE D'UNE VIE GUIDEE PAR L'AU DELA - Tepaseul","robots":{"index":"index","follow":"follow","max-snippet":"max-snippet:-1","max-image-preview":"max-image-preview:large","max-video-preview":"max-video-preview:-1"},"canonical":"https:\/\/www.tepaseul-magazine.fr\/accueil\/temoignage-dune-vie-guidee-par-lau-dela\/","og_locale":"fr_FR","og_type":"article","og_title":"TEMOIGNAGE D'UNE VIE GUIDEE PAR L'AU DELA - Tepaseul","og_description":"Je suis une personne ordinaire qui vis une vie remplie \u201cde faits extraordinaires\u201d\u2026. Tout a commence quand j\u2019ai eu huit ans\u2026 Jusqu\u2019alors, j\u2019\u00e9tais une petite fille comme les autres. Je suis l\u2019a\u00een\u00e9e de quatre enfants et j\u2019avais deux ans et demi quand ma petite soeur...","og_url":"https:\/\/www.tepaseul-magazine.fr\/accueil\/temoignage-dune-vie-guidee-par-lau-dela\/","og_site_name":"Tepaseul","article_published_time":"2021-07-08T14:56:11+00:00","article_modified_time":"2021-07-08T14:56:14+00:00","og_image":[{"width":1536,"height":2048,"url":"https:\/\/www.tepaseul-magazine.fr\/wp-content\/uploads\/2016\/12\/IMG_0542.jpg","type":"image\/jpeg"}],"author":"Chantal Rolland","schema":{"@context":"https:\/\/schema.org","@graph":[{"@type":"Article","@id":"https:\/\/www.tepaseul-magazine.fr\/accueil\/temoignage-dune-vie-guidee-par-lau-dela\/#article","isPartOf":{"@id":"https:\/\/www.tepaseul-magazine.fr\/accueil\/temoignage-dune-vie-guidee-par-lau-dela\/"},"author":{"name":"Chantal Rolland","@id":"https:\/\/www.tepaseul-magazine.fr\/accueil\/#\/schema\/person\/dd3827dc04f692ff480da4bac4545eeb"},"headline":"TEMOIGNAGE D&rsquo;UNE VIE GUIDEE PAR L&rsquo;AU DELA","datePublished":"2021-07-08T14:56:11+00:00","dateModified":"2021-07-08T14:56:14+00:00","mainEntityOfPage":{"@id":"https:\/\/www.tepaseul-magazine.fr\/accueil\/temoignage-dune-vie-guidee-par-lau-dela\/"},"wordCount":1777,"commentCount":0,"publisher":{"@id":"https:\/\/www.tepaseul-magazine.fr\/accueil\/#organization"},"articleSection":["\u00c9v\u00e9nements"],"inLanguage":"fr-FR","potentialAction":[{"@type":"CommentAction","name":"Comment","target":["https:\/\/www.tepaseul-magazine.fr\/accueil\/temoignage-dune-vie-guidee-par-lau-dela\/#respond"]}]},{"@type":"WebPage","@id":"https:\/\/www.tepaseul-magazine.fr\/accueil\/temoignage-dune-vie-guidee-par-lau-dela\/","url":"https:\/\/www.tepaseul-magazine.fr\/accueil\/temoignage-dune-vie-guidee-par-lau-dela\/","name":"TEMOIGNAGE D'UNE VIE GUIDEE PAR L'AU DELA - Tepaseul","isPartOf":{"@id":"https:\/\/www.tepaseul-magazine.fr\/accueil\/#website"},"datePublished":"2021-07-08T14:56:11+00:00","dateModified":"2021-07-08T14:56:14+00:00","breadcrumb":{"@id":"https:\/\/www.tepaseul-magazine.fr\/accueil\/temoignage-dune-vie-guidee-par-lau-dela\/#breadcrumb"},"inLanguage":"fr-FR","potentialAction":[{"@type":"ReadAction","target":["https:\/\/www.tepaseul-magazine.fr\/accueil\/temoignage-dune-vie-guidee-par-lau-dela\/"]}]},{"@type":"BreadcrumbList","@id":"https:\/\/www.tepaseul-magazine.fr\/accueil\/temoignage-dune-vie-guidee-par-lau-dela\/#breadcrumb","itemListElement":[{"@type":"ListItem","position":1,"name":"Home","item":"https:\/\/www.tepaseul-magazine.fr\/accueil\/"},{"@type":"ListItem","position":2,"name":"TEMOIGNAGE D&rsquo;UNE VIE GUIDEE PAR L&rsquo;AU DELA"}]},{"@type":"WebSite","@id":"https:\/\/www.tepaseul-magazine.fr\/accueil\/#website","url":"https:\/\/www.tepaseul-magazine.fr\/accueil\/","name":"Tepaseul","description":"Le Magazine des solibattants","publisher":{"@id":"https:\/\/www.tepaseul-magazine.fr\/accueil\/#organization"},"potentialAction":[{"@type":"SearchAction","target":{"@type":"EntryPoint","urlTemplate":"https:\/\/www.tepaseul-magazine.fr\/accueil\/?s={search_term_string}"},"query-input":"required name=search_term_string"}],"inLanguage":"fr-FR"},{"@type":"Organization","@id":"https:\/\/www.tepaseul-magazine.fr\/accueil\/#organization","name":"Tepaseul","url":"https:\/\/www.tepaseul-magazine.fr\/accueil\/","logo":{"@type":"ImageObject","inLanguage":"fr-FR","@id":"https:\/\/www.tepaseul-magazine.fr\/accueil\/#\/schema\/logo\/image\/","url":"https:\/\/www.tepaseul-magazine.fr\/wp-content\/uploads\/2014\/12\/logo_doublev2-noir.png","contentUrl":"https:\/\/www.tepaseul-magazine.fr\/wp-content\/uploads\/2014\/12\/logo_doublev2-noir.png","width":205,"height":51,"caption":"Tepaseul"},"image":{"@id":"https:\/\/www.tepaseul-magazine.fr\/accueil\/#\/schema\/logo\/image\/"}},{"@type":"Person","@id":"https:\/\/www.tepaseul-magazine.fr\/accueil\/#\/schema\/person\/dd3827dc04f692ff480da4bac4545eeb","name":"Chantal Rolland","image":{"@type":"ImageObject","inLanguage":"fr-FR","@id":"https:\/\/www.tepaseul-magazine.fr\/accueil\/#\/schema\/person\/image\/","url":"https:\/\/secure.gravatar.com\/avatar\/a67dbe83e155eb41b8bc6c41ebcc8564?s=96&d=mm&r=g","contentUrl":"https:\/\/secure.gravatar.com\/avatar\/a67dbe83e155eb41b8bc6c41ebcc8564?s=96&d=mm&r=g","caption":"Chantal Rolland"},"url":"https:\/\/www.tepaseul-magazine.fr\/accueil\/author\/chantal-rolland\/"}]}},"_links":{"self":[{"href":"https:\/\/www.tepaseul-magazine.fr\/accueil\/wp-json\/wp\/v2\/posts\/13530"}],"collection":[{"href":"https:\/\/www.tepaseul-magazine.fr\/accueil\/wp-json\/wp\/v2\/posts"}],"about":[{"href":"https:\/\/www.tepaseul-magazine.fr\/accueil\/wp-json\/wp\/v2\/types\/post"}],"author":[{"embeddable":true,"href":"https:\/\/www.tepaseul-magazine.fr\/accueil\/wp-json\/wp\/v2\/users\/2"}],"replies":[{"embeddable":true,"href":"https:\/\/www.tepaseul-magazine.fr\/accueil\/wp-json\/wp\/v2\/comments?post=13530"}],"version-history":[{"count":1,"href":"https:\/\/www.tepaseul-magazine.fr\/accueil\/wp-json\/wp\/v2\/posts\/13530\/revisions"}],"predecessor-version":[{"id":13531,"href":"https:\/\/www.tepaseul-magazine.fr\/accueil\/wp-json\/wp\/v2\/posts\/13530\/revisions\/13531"}],"wp:featuredmedia":[{"embeddable":true,"href":"https:\/\/www.tepaseul-magazine.fr\/accueil\/wp-json\/wp\/v2\/media\/12010"}],"wp:attachment":[{"href":"https:\/\/www.tepaseul-magazine.fr\/accueil\/wp-json\/wp\/v2\/media?parent=13530"}],"wp:term":[{"taxonomy":"category","embeddable":true,"href":"https:\/\/www.tepaseul-magazine.fr\/accueil\/wp-json\/wp\/v2\/categories?post=13530"},{"taxonomy":"post_tag","embeddable":true,"href":"https:\/\/www.tepaseul-magazine.fr\/accueil\/wp-json\/wp\/v2\/tags?post=13530"}],"curies":[{"name":"wp","href":"https:\/\/api.w.org\/{rel}","templated":true}]}}