{"id":13563,"date":"2021-08-25T12:38:31","date_gmt":"2021-08-25T11:38:31","guid":{"rendered":"http:\/\/www.tepaseul-magazine.fr\/accueil\/?p=13563"},"modified":"2021-09-01T13:07:04","modified_gmt":"2021-09-01T12:07:04","slug":"cest-la-rentree","status":"publish","type":"post","link":"https:\/\/www.tepaseul-magazine.fr\/accueil\/cest-la-rentree\/","title":{"rendered":"QUEL ETE !!!"},"content":{"rendered":"\n<p><\/p>\n\n\n\n<p>Avec le temps maussade, la pand\u00e9mie, le moral des fran\u00e7ais, l&rsquo;\u00e9t\u00e9 est pass\u00e9 et nous ne l&rsquo;avons pas vu passer ! d\u00e9j\u00e0 la rentr\u00e9e et un go\u00fbt de manque de quelque chose qui nous envahit&#8230;.<\/p>\n\n\n\n<p>La pand\u00e9mie&#8230;. Parlons en&#8230;. J&rsquo;ai pass\u00e9 17 jours enferm\u00e9e chez moi en ao\u00fbt car cas contact&#8230; j&rsquo;ai eu pr\u00e8s de moi des cas covid. j&rsquo;ai donc v\u00e9cu r\u00e9ellement cette pand\u00e9mie et aujourd&rsquo;hui, plus qu&rsquo;en juillet je me pose des questions sur ce qu&rsquo;est cette pand\u00e9mie&#8230;. Plus autre chose que sanitaire \u00e0 mon avis&#8230;.<\/p>\n\n\n\n<p>Si elle \u00e9tait vraiment sanitaire, je n&rsquo;aurais pas ressenti et entendu des critiques telles que : \u00a0\u00bb ce n&rsquo;est pas parce que vous avez le covid que vous ne pouvez pas faire vos courses, vous d\u00e9placer dans les Laboratoires, aller dans les h\u00f4pitaux&#8230;. Que font tous ceux qui en sont atteints ? \u00a0\u00bb et cette phrase \u00e0 trois reprises par le supermarch\u00e9, le labo, l&rsquo; h\u00f4pital&#8230;.. Moi qui respectais le protocole, je me faisais critiquer par les repr\u00e9sentants de la sant\u00e9 !!!!  O\u00f9 est le c\u00f4t\u00e9 sanitaire comme ils disent ??? Que devons nous penser apr\u00e8s ce genre d&rsquo;exp\u00e9rience ??? Aucune infirmi\u00e8re ou infirmier ne s&rsquo;est d\u00e9plac\u00e9 malgr\u00e9 la demande du SIDEP, personne n&rsquo;a appel\u00e9, bref, l&rsquo;abandon total des services de sant\u00e9&#8230;.<\/p>\n\n\n\n<p>Heureusement que je suis bien entour\u00e9e par un voisinage adorable, une famille aimante, des amis fantastiques, sinon, il y a de quoi d\u00e9primer&#8230;. Je comprends mieux le d\u00e9sarroi psychologique des malades qui sortent de cette maladie&#8230;.<\/p>\n\n\n\n<p>Je plains profond\u00e9ment ceux qui sont oblig\u00e9s d&rsquo;\u00eatre hospitalis\u00e9s et qui vivent une d\u00e9shumanisation certaine&#8230;.Pour une jeune qui a eu des probl\u00e8mes respiratoires, il aurait fallu que le Samu vienne la chercher et l&#8217;emm\u00e8ne, seule, dans un h\u00f4pital inconnu aux mains de cette m\u00e9decine d&rsquo;aujourd&rsquo;hui qui ne traite ce virus qu&rsquo;avec ce qu&rsquo;ils re\u00e7oivent comme ordre et qui n&rsquo;est pas le meilleur, souvent, pour ces malades&#8230; De plus, faire conna\u00eetre cette solitude \u00e0 des jeunes, malades de surcroit, est tout simplement inhumain&#8230;. Pour moi qui suis psy, je m&rsquo;y oppose compl\u00e8tement ! Ce que j&rsquo;ai fait et la suite en a \u00e9t\u00e9 plut\u00f4t favorable. Heureusement que notre m\u00e9decin \u00e9tait proche de nous et a su bien nous conseiller&#8230; Merci \u00e0 lui au passage&#8230;<\/p>\n\n\n\n<p>Nous avons aussi eu la chance d&rsquo;\u00eatre guid\u00e9s vers une magnifique personne qui soigne par \u00e9nergies quantiques (vous pouvez lire l&rsquo;article que je me devais de faire sur ces personnes qui existent mais qu&rsquo;on ne connait pas forc\u00e9ment) et celle ci a merveilleusement bien aid\u00e9 ce petit monde souffrant et \u00e0 la merci d&rsquo;un monde qui a bien chang\u00e9 ! <\/p>\n\n\n\n<p>Aujourd&rsquo;hui, tous, avons repris notre vie normale mais chez moi, il me reste, au fond de moi, une amertume face \u00e0 tout ce que j&rsquo;entends, aux protocoles, au pass sanitaire (et pourtant nous avons tous le n\u00f4tre, plus par obligation, soit, mais respectueux face \u00e0 notre prochain&#8230;) <\/p>\n\n\n\n<p>J&rsquo;ai perdu confiance en notre gouvernement, envers les dirigeants de la sant\u00e9 (pas des soignants qui, eux, n&rsquo;y sont pour rien et sont compl\u00e8tement pr\u00eats \u00e0 sauver des vies et qui devraient \u00eatre plus reconnus et remerci\u00e9s) mais en tous ces dirigeants qui mettent en place des directives qui ne peuvent \u00eatre suivies et qui font que la pand\u00e9mie ne peut pas s&rsquo;arr\u00eater puisque les contaminants se prom\u00e8nent parmi nous et nous contaminent&#8230;<\/p>\n\n\n\n<p>Autre chose : la petite qui a ramen\u00e9 ce virus, avait \u00e9t\u00e9 test\u00e9e trois fois avant de venir chez nous et \u00e9tait trois fois n\u00e9gative, mais s&rsquo;est fait faire le vaccin le matin avant de venir et a eu les premiers sympt\u00f4mes cinq jours apr\u00e8s&#8230;. Elle aurait attrap\u00e9 le covid dans le centre de vaccination !!!! A savoir&#8230;..changez et mettez \u00e0 la machine tous vos v\u00eatements quand vous revenez de ce genre d&rsquo;endroit !!! Seule pr\u00e9caution qu&rsquo;elle n&rsquo;avait pas prise&#8230;. <\/p>\n\n\n\n<p>Quand cet \u00e9pisode n&rsquo;a \u00e9t\u00e9 plus qu&rsquo; un souvenir, comme nous avions \u00e9t\u00e9 tous plus ou moins \u00ab\u00a0secou\u00e9s\u00a0\u00bb, nous nous sommes concert\u00e9s et avons d\u00e9cid\u00e9 de faire une liste des choses n\u00e9gatives engendr\u00e9es par cette exp\u00e9rience et celles qui nous ont \u00e9t\u00e9 positives. Nous avons conserv\u00e9 au fond de nous toutes ces parties positives et avons d\u00e9cid\u00e9 de bannir la peur au profit de l&rsquo;Amour&#8230;. Certaines situations tr\u00e8s caucasses nous ont m\u00eame bien fait rire ! <\/p>\n\n\n\n<p>Bonne rentr\u00e9e \u00e0 tous et prenez soin de vous. Ne sombrez pas dans la peur du covid mais dans l&rsquo;Amour de l&rsquo;autre qui vous donnera ces vibrations hautes dont nous avons tous besoin.<\/p>\n\n\n\n<p>Chantal ROLLAND<\/p>\n\n\n\n<p><\/p>\n\n\n\n<p><\/p>\n\n\n\n<p><\/p>\n\n\n\n<p><\/p>\n\n\n\n<p><\/p>\n\n\n\n<p><\/p>\n","protected":false},"excerpt":{"rendered":"<p>Avec le temps maussade, la pand\u00e9mie, le moral des fran\u00e7ais, l&rsquo;\u00e9t\u00e9 est pass\u00e9 et nous ne l&rsquo;avons pas vu passer ! d\u00e9j\u00e0 la rentr\u00e9e et un go\u00fbt de manque de quelque chose qui nous envahit&#8230;. La pand\u00e9mie&#8230;. Parlons en&#8230;. J&rsquo;ai pass\u00e9 17 jours enferm\u00e9e chez&#8230;<\/p>\n","protected":false},"author":2,"featured_media":13564,"comment_status":"open","ping_status":"open","sticky":false,"template":"","format":"standard","meta":{"footnotes":""},"categories":[1],"tags":[],"yoast_head":"<!-- This site is optimized with the Yoast SEO plugin v21.9.1 - https:\/\/yoast.com\/wordpress\/plugins\/seo\/ -->\n<title>QUEL ETE !!! - Tepaseul<\/title>\n<meta name=\"robots\" content=\"index, follow, max-snippet:-1, max-image-preview:large, max-video-preview:-1\" \/>\n<link rel=\"canonical\" href=\"https:\/\/www.tepaseul-magazine.fr\/accueil\/cest-la-rentree\/\" \/>\n<meta property=\"og:locale\" content=\"fr_FR\" \/>\n<meta property=\"og:type\" content=\"article\" \/>\n<meta property=\"og:title\" content=\"QUEL ETE !!! - Tepaseul\" \/>\n<meta property=\"og:description\" content=\"Avec le temps maussade, la pand\u00e9mie, le moral des fran\u00e7ais, l&rsquo;\u00e9t\u00e9 est pass\u00e9 et nous ne l&rsquo;avons pas vu passer ! d\u00e9j\u00e0 la rentr\u00e9e et un go\u00fbt de manque de quelque chose qui nous envahit&#8230;. La pand\u00e9mie&#8230;. Parlons en&#8230;. J&rsquo;ai pass\u00e9 17 jours enferm\u00e9e chez...\" \/>\n<meta property=\"og:url\" content=\"https:\/\/www.tepaseul-magazine.fr\/accueil\/cest-la-rentree\/\" \/>\n<meta property=\"og:site_name\" content=\"Tepaseul\" \/>\n<meta property=\"article:published_time\" content=\"2021-08-25T11:38:31+00:00\" \/>\n<meta property=\"article:modified_time\" content=\"2021-09-01T12:07:04+00:00\" \/>\n<meta property=\"og:image\" content=\"https:\/\/www.tepaseul-magazine.fr\/wp-content\/uploads\/2021\/08\/istockphoto-499689946-612x612.jpg\" \/>\n\t<meta property=\"og:image:width\" content=\"612\" \/>\n\t<meta property=\"og:image:height\" content=\"408\" \/>\n\t<meta property=\"og:image:type\" content=\"image\/jpeg\" \/>\n<meta name=\"author\" content=\"Chantal Rolland\" \/>\n<script type=\"application\/ld+json\" class=\"yoast-schema-graph\">{\"@context\":\"https:\/\/schema.org\",\"@graph\":[{\"@type\":\"Article\",\"@id\":\"https:\/\/www.tepaseul-magazine.fr\/accueil\/cest-la-rentree\/#article\",\"isPartOf\":{\"@id\":\"https:\/\/www.tepaseul-magazine.fr\/accueil\/cest-la-rentree\/\"},\"author\":{\"name\":\"Chantal Rolland\",\"@id\":\"https:\/\/www.tepaseul-magazine.fr\/accueil\/#\/schema\/person\/dd3827dc04f692ff480da4bac4545eeb\"},\"headline\":\"QUEL ETE !!!\",\"datePublished\":\"2021-08-25T11:38:31+00:00\",\"dateModified\":\"2021-09-01T12:07:04+00:00\",\"mainEntityOfPage\":{\"@id\":\"https:\/\/www.tepaseul-magazine.fr\/accueil\/cest-la-rentree\/\"},\"wordCount\":785,\"commentCount\":0,\"publisher\":{\"@id\":\"https:\/\/www.tepaseul-magazine.fr\/accueil\/#organization\"},\"articleSection\":[\"\u00c9v\u00e9nements\"],\"inLanguage\":\"fr-FR\",\"potentialAction\":[{\"@type\":\"CommentAction\",\"name\":\"Comment\",\"target\":[\"https:\/\/www.tepaseul-magazine.fr\/accueil\/cest-la-rentree\/#respond\"]}]},{\"@type\":\"WebPage\",\"@id\":\"https:\/\/www.tepaseul-magazine.fr\/accueil\/cest-la-rentree\/\",\"url\":\"https:\/\/www.tepaseul-magazine.fr\/accueil\/cest-la-rentree\/\",\"name\":\"QUEL ETE !!! - Tepaseul\",\"isPartOf\":{\"@id\":\"https:\/\/www.tepaseul-magazine.fr\/accueil\/#website\"},\"datePublished\":\"2021-08-25T11:38:31+00:00\",\"dateModified\":\"2021-09-01T12:07:04+00:00\",\"breadcrumb\":{\"@id\":\"https:\/\/www.tepaseul-magazine.fr\/accueil\/cest-la-rentree\/#breadcrumb\"},\"inLanguage\":\"fr-FR\",\"potentialAction\":[{\"@type\":\"ReadAction\",\"target\":[\"https:\/\/www.tepaseul-magazine.fr\/accueil\/cest-la-rentree\/\"]}]},{\"@type\":\"BreadcrumbList\",\"@id\":\"https:\/\/www.tepaseul-magazine.fr\/accueil\/cest-la-rentree\/#breadcrumb\",\"itemListElement\":[{\"@type\":\"ListItem\",\"position\":1,\"name\":\"Home\",\"item\":\"https:\/\/www.tepaseul-magazine.fr\/accueil\/\"},{\"@type\":\"ListItem\",\"position\":2,\"name\":\"QUEL ETE !!!\"}]},{\"@type\":\"WebSite\",\"@id\":\"https:\/\/www.tepaseul-magazine.fr\/accueil\/#website\",\"url\":\"https:\/\/www.tepaseul-magazine.fr\/accueil\/\",\"name\":\"Tepaseul\",\"description\":\"Le Magazine des solibattants\",\"publisher\":{\"@id\":\"https:\/\/www.tepaseul-magazine.fr\/accueil\/#organization\"},\"potentialAction\":[{\"@type\":\"SearchAction\",\"target\":{\"@type\":\"EntryPoint\",\"urlTemplate\":\"https:\/\/www.tepaseul-magazine.fr\/accueil\/?s={search_term_string}\"},\"query-input\":\"required name=search_term_string\"}],\"inLanguage\":\"fr-FR\"},{\"@type\":\"Organization\",\"@id\":\"https:\/\/www.tepaseul-magazine.fr\/accueil\/#organization\",\"name\":\"Tepaseul\",\"url\":\"https:\/\/www.tepaseul-magazine.fr\/accueil\/\",\"logo\":{\"@type\":\"ImageObject\",\"inLanguage\":\"fr-FR\",\"@id\":\"https:\/\/www.tepaseul-magazine.fr\/accueil\/#\/schema\/logo\/image\/\",\"url\":\"https:\/\/www.tepaseul-magazine.fr\/wp-content\/uploads\/2014\/12\/logo_doublev2-noir.png\",\"contentUrl\":\"https:\/\/www.tepaseul-magazine.fr\/wp-content\/uploads\/2014\/12\/logo_doublev2-noir.png\",\"width\":205,\"height\":51,\"caption\":\"Tepaseul\"},\"image\":{\"@id\":\"https:\/\/www.tepaseul-magazine.fr\/accueil\/#\/schema\/logo\/image\/\"}},{\"@type\":\"Person\",\"@id\":\"https:\/\/www.tepaseul-magazine.fr\/accueil\/#\/schema\/person\/dd3827dc04f692ff480da4bac4545eeb\",\"name\":\"Chantal Rolland\",\"image\":{\"@type\":\"ImageObject\",\"inLanguage\":\"fr-FR\",\"@id\":\"https:\/\/www.tepaseul-magazine.fr\/accueil\/#\/schema\/person\/image\/\",\"url\":\"https:\/\/secure.gravatar.com\/avatar\/a67dbe83e155eb41b8bc6c41ebcc8564?s=96&d=mm&r=g\",\"contentUrl\":\"https:\/\/secure.gravatar.com\/avatar\/a67dbe83e155eb41b8bc6c41ebcc8564?s=96&d=mm&r=g\",\"caption\":\"Chantal Rolland\"},\"url\":\"https:\/\/www.tepaseul-magazine.fr\/accueil\/author\/chantal-rolland\/\"}]}<\/script>\n<!-- \/ Yoast SEO plugin. -->","yoast_head_json":{"title":"QUEL ETE !!! - Tepaseul","robots":{"index":"index","follow":"follow","max-snippet":"max-snippet:-1","max-image-preview":"max-image-preview:large","max-video-preview":"max-video-preview:-1"},"canonical":"https:\/\/www.tepaseul-magazine.fr\/accueil\/cest-la-rentree\/","og_locale":"fr_FR","og_type":"article","og_title":"QUEL ETE !!! - Tepaseul","og_description":"Avec le temps maussade, la pand\u00e9mie, le moral des fran\u00e7ais, l&rsquo;\u00e9t\u00e9 est pass\u00e9 et nous ne l&rsquo;avons pas vu passer ! d\u00e9j\u00e0 la rentr\u00e9e et un go\u00fbt de manque de quelque chose qui nous envahit&#8230;. La pand\u00e9mie&#8230;. Parlons en&#8230;. J&rsquo;ai pass\u00e9 17 jours enferm\u00e9e chez...","og_url":"https:\/\/www.tepaseul-magazine.fr\/accueil\/cest-la-rentree\/","og_site_name":"Tepaseul","article_published_time":"2021-08-25T11:38:31+00:00","article_modified_time":"2021-09-01T12:07:04+00:00","og_image":[{"width":612,"height":408,"url":"https:\/\/www.tepaseul-magazine.fr\/wp-content\/uploads\/2021\/08\/istockphoto-499689946-612x612.jpg","type":"image\/jpeg"}],"author":"Chantal Rolland","schema":{"@context":"https:\/\/schema.org","@graph":[{"@type":"Article","@id":"https:\/\/www.tepaseul-magazine.fr\/accueil\/cest-la-rentree\/#article","isPartOf":{"@id":"https:\/\/www.tepaseul-magazine.fr\/accueil\/cest-la-rentree\/"},"author":{"name":"Chantal Rolland","@id":"https:\/\/www.tepaseul-magazine.fr\/accueil\/#\/schema\/person\/dd3827dc04f692ff480da4bac4545eeb"},"headline":"QUEL ETE !!!","datePublished":"2021-08-25T11:38:31+00:00","dateModified":"2021-09-01T12:07:04+00:00","mainEntityOfPage":{"@id":"https:\/\/www.tepaseul-magazine.fr\/accueil\/cest-la-rentree\/"},"wordCount":785,"commentCount":0,"publisher":{"@id":"https:\/\/www.tepaseul-magazine.fr\/accueil\/#organization"},"articleSection":["\u00c9v\u00e9nements"],"inLanguage":"fr-FR","potentialAction":[{"@type":"CommentAction","name":"Comment","target":["https:\/\/www.tepaseul-magazine.fr\/accueil\/cest-la-rentree\/#respond"]}]},{"@type":"WebPage","@id":"https:\/\/www.tepaseul-magazine.fr\/accueil\/cest-la-rentree\/","url":"https:\/\/www.tepaseul-magazine.fr\/accueil\/cest-la-rentree\/","name":"QUEL ETE !!! - Tepaseul","isPartOf":{"@id":"https:\/\/www.tepaseul-magazine.fr\/accueil\/#website"},"datePublished":"2021-08-25T11:38:31+00:00","dateModified":"2021-09-01T12:07:04+00:00","breadcrumb":{"@id":"https:\/\/www.tepaseul-magazine.fr\/accueil\/cest-la-rentree\/#breadcrumb"},"inLanguage":"fr-FR","potentialAction":[{"@type":"ReadAction","target":["https:\/\/www.tepaseul-magazine.fr\/accueil\/cest-la-rentree\/"]}]},{"@type":"BreadcrumbList","@id":"https:\/\/www.tepaseul-magazine.fr\/accueil\/cest-la-rentree\/#breadcrumb","itemListElement":[{"@type":"ListItem","position":1,"name":"Home","item":"https:\/\/www.tepaseul-magazine.fr\/accueil\/"},{"@type":"ListItem","position":2,"name":"QUEL ETE !!!"}]},{"@type":"WebSite","@id":"https:\/\/www.tepaseul-magazine.fr\/accueil\/#website","url":"https:\/\/www.tepaseul-magazine.fr\/accueil\/","name":"Tepaseul","description":"Le Magazine des solibattants","publisher":{"@id":"https:\/\/www.tepaseul-magazine.fr\/accueil\/#organization"},"potentialAction":[{"@type":"SearchAction","target":{"@type":"EntryPoint","urlTemplate":"https:\/\/www.tepaseul-magazine.fr\/accueil\/?s={search_term_string}"},"query-input":"required name=search_term_string"}],"inLanguage":"fr-FR"},{"@type":"Organization","@id":"https:\/\/www.tepaseul-magazine.fr\/accueil\/#organization","name":"Tepaseul","url":"https:\/\/www.tepaseul-magazine.fr\/accueil\/","logo":{"@type":"ImageObject","inLanguage":"fr-FR","@id":"https:\/\/www.tepaseul-magazine.fr\/accueil\/#\/schema\/logo\/image\/","url":"https:\/\/www.tepaseul-magazine.fr\/wp-content\/uploads\/2014\/12\/logo_doublev2-noir.png","contentUrl":"https:\/\/www.tepaseul-magazine.fr\/wp-content\/uploads\/2014\/12\/logo_doublev2-noir.png","width":205,"height":51,"caption":"Tepaseul"},"image":{"@id":"https:\/\/www.tepaseul-magazine.fr\/accueil\/#\/schema\/logo\/image\/"}},{"@type":"Person","@id":"https:\/\/www.tepaseul-magazine.fr\/accueil\/#\/schema\/person\/dd3827dc04f692ff480da4bac4545eeb","name":"Chantal Rolland","image":{"@type":"ImageObject","inLanguage":"fr-FR","@id":"https:\/\/www.tepaseul-magazine.fr\/accueil\/#\/schema\/person\/image\/","url":"https:\/\/secure.gravatar.com\/avatar\/a67dbe83e155eb41b8bc6c41ebcc8564?s=96&d=mm&r=g","contentUrl":"https:\/\/secure.gravatar.com\/avatar\/a67dbe83e155eb41b8bc6c41ebcc8564?s=96&d=mm&r=g","caption":"Chantal Rolland"},"url":"https:\/\/www.tepaseul-magazine.fr\/accueil\/author\/chantal-rolland\/"}]}},"_links":{"self":[{"href":"https:\/\/www.tepaseul-magazine.fr\/accueil\/wp-json\/wp\/v2\/posts\/13563"}],"collection":[{"href":"https:\/\/www.tepaseul-magazine.fr\/accueil\/wp-json\/wp\/v2\/posts"}],"about":[{"href":"https:\/\/www.tepaseul-magazine.fr\/accueil\/wp-json\/wp\/v2\/types\/post"}],"author":[{"embeddable":true,"href":"https:\/\/www.tepaseul-magazine.fr\/accueil\/wp-json\/wp\/v2\/users\/2"}],"replies":[{"embeddable":true,"href":"https:\/\/www.tepaseul-magazine.fr\/accueil\/wp-json\/wp\/v2\/comments?post=13563"}],"version-history":[{"count":5,"href":"https:\/\/www.tepaseul-magazine.fr\/accueil\/wp-json\/wp\/v2\/posts\/13563\/revisions"}],"predecessor-version":[{"id":13595,"href":"https:\/\/www.tepaseul-magazine.fr\/accueil\/wp-json\/wp\/v2\/posts\/13563\/revisions\/13595"}],"wp:featuredmedia":[{"embeddable":true,"href":"https:\/\/www.tepaseul-magazine.fr\/accueil\/wp-json\/wp\/v2\/media\/13564"}],"wp:attachment":[{"href":"https:\/\/www.tepaseul-magazine.fr\/accueil\/wp-json\/wp\/v2\/media?parent=13563"}],"wp:term":[{"taxonomy":"category","embeddable":true,"href":"https:\/\/www.tepaseul-magazine.fr\/accueil\/wp-json\/wp\/v2\/categories?post=13563"},{"taxonomy":"post_tag","embeddable":true,"href":"https:\/\/www.tepaseul-magazine.fr\/accueil\/wp-json\/wp\/v2\/tags?post=13563"}],"curies":[{"name":"wp","href":"https:\/\/api.w.org\/{rel}","templated":true}]}}