{"id":13576,"date":"2021-08-31T09:26:05","date_gmt":"2021-08-31T08:26:05","guid":{"rendered":"http:\/\/www.tepaseul-magazine.fr\/accueil\/?p=13576"},"modified":"2021-08-31T09:32:06","modified_gmt":"2021-08-31T08:32:06","slug":"les-pierres-de-remi-riflade","status":"publish","type":"post","link":"https:\/\/www.tepaseul-magazine.fr\/accueil\/les-pierres-de-remi-riflade\/","title":{"rendered":"LES PIERRES DE REMI RIFLADE"},"content":{"rendered":"\n<p class=\"wp-block-paragraph\">Remi Riflade a quitt\u00e9 Paris en 2004 pour les Hautes-Pyr\u00e9n\u00e9es lors d&rsquo;une randonn\u00e9e j&rsquo;ai commenc\u00e9 \u00e0 d\u00e9couvrir de nombreuses Pierres (entre 15 et 20)..Il a montr\u00e9 ces derni\u00e8res \u00e0 un copain arch\u00e9ologue qui est rest\u00e9 sans voix, incapable de me donner une explication puis&nbsp; un des plus grands collectionneurs aux USA \u00e0 Washington m&rsquo;a envoy\u00e9 ce message concernant ces derni\u00e8res,<\/p>\n\n\n\n<p class=\"wp-block-paragraph\">voici sa r\u00e9ponse:<br>&nbsp;<\/p>\n\n\n\n<p class=\"wp-block-paragraph\">\u00bb<strong><em>&nbsp;It might be something remarkably rare or just&nbsp;&nbsp;some fantastic artifact<\/em><\/strong><em>&nbsp;\u00bb<\/em><\/p>\n\n\n\n<p class=\"wp-block-paragraph\"><strong><em>&nbsp;Richard Berger Seattle-Washington<\/em><\/strong><\/p>\n\n\n\n<p class=\"wp-block-paragraph\">Ensuite, il a eu un premier article de presse puis un deuxi\u00e8me, en octobre je vais&nbsp; pr\u00e9senter ma collection \u00e0&nbsp; Bordeaux . Il est, d\u2019ailleurs,&nbsp;&nbsp;en train de pr\u00e9parer cette soir\u00e9e (Conf\u00e9rence, th\u00e9\u00e2tre et vid\u00e9o) .&nbsp;<\/p>\n\n\n\n<p class=\"wp-block-paragraph\">Une de ces pierres&nbsp;poss\u00e8de la tr\u00e8s \u00e9trange particularit\u00e9 de ressembler \u00e0 &#8230;un Faune ou pour les initi\u00e9s \u00e0 un personnage \u00ab\u00a0ORC\u00a0\u00bb du film Culte&nbsp; \u00ab\u00a0Le seigneur des anneaux\u00a0\u00bb.&nbsp;&nbsp;<\/p>\n\n\n\n<p class=\"wp-block-paragraph\">Elle mesure pr\u00e8s de 34 cm de hauteur sur 32 cm de largeur, elle semble recouverte d&rsquo;une sorte de \u00ab\u00a0Peau\u00a0\u00bb ,c&rsquo;est du moins l&rsquo;aspect que lui donne l&rsquo;usure et la patine du temps . Elle est tr\u00e8s lisse au toucher, le regard est intense , troublant voir d\u00e9rangeant. Le menton est tr\u00e8s prononc\u00e9, cette t\u00eate est pos\u00e9e sur un tr\u00e9pied formant un cou.<\/p>\n\n\n\n<p class=\"wp-block-paragraph\">La moiti\u00e9 du min\u00e9ral est \u00ab\u00a0Sculpt\u00e9e\u00a0\u00bb.&nbsp;<\/p>\n\n\n\n<p class=\"wp-block-paragraph\">Cette Pierre parait f\u00e2ch\u00e9e et d\u00e9termin\u00e9e et semble vouloir parler&#8230;Il se d\u00e9gage de cette sculpture r\u00e9alis\u00e9e par Dame&nbsp; nature, les millions d&rsquo;ann\u00e9es, le travail de l&rsquo;eau et de l&rsquo;\u00e9rosion&nbsp; une aura tout \u00e0 fait troublante.&nbsp;Cet objet hors du temps&nbsp; fascine et d\u00e9range par son aspect repoussant et attirant \u00e0 la fois. Elle s&rsquo;apparente \u00e0 une sorte de pierre philosophale.<\/p>\n\n\n\n<p class=\"wp-block-paragraph\">Selon son copain arch\u00e9ologue:<\/p>\n\n\n\n<p class=\"wp-block-paragraph\">\u00a0\u00bb Cette pierre ne correspond \u00e0 rien de connu ou de r\u00e9pertori\u00e9, c&rsquo;est un objet sid\u00e9rant qui interroge toute personne qui la contemple. C&rsquo;est une sorte de Sphinx\u00a0\u00bb.<\/p>\n\n\n\n<p class=\"wp-block-paragraph\">Je poss\u00e8de une vingtaine de ces pierres myst\u00e9rieuses, la pierre coeur poss\u00e8de la tr\u00e8s \u00e9trange particularit\u00e9 d&rsquo;avoir les m\u00eames dimensions &#8230;qu&rsquo;un coeur humain!<\/p>\n\n\n\n<p class=\"wp-block-paragraph\">La vall\u00e9e o\u00f9 a \u00e9t\u00e9 trouv\u00e9 l&rsquo;objet est&nbsp; \u00a0\u00bb Le Haut-Adour\u00a0\u00bb en Occitanie. Lourdes n&rsquo;est pas loin.<\/p>\n\n\n\n<p class=\"wp-block-paragraph\">\u00ab\u00a0Je souhaite \u00e0 terme \u00e9crire un film doc sur ces \u00e9tranges pierres.. J&rsquo;ai \u00e9galement r\u00e9alis\u00e9 un trailer que vais vous envoyer dans un deuxi\u00e8me courrier.&nbsp;\u00ab\u00a0<\/p>\n\n\n\n<p class=\"wp-block-paragraph\">R\u00e9my Riflade. Sa filmographie&nbsp;d\u2019apr\u00e8s \u00ab&nbsp;agence artistique.com&nbsp;\u00bb&nbsp;:&nbsp;<\/p>\n\n\n\n<figure class=\"wp-block-image\"><img decoding=\"async\" src=\"blob:http:\/\/www.tepaseul-magazine.fr\/ce6418ba-6db0-4020-abc8-6a25f3114817\" alt=\"\/var\/folders\/pr\/yl9mhd9d4fqb6pst1nnxgc240000gp\/T\/com.microsoft.Word\/WebArchiveCopyPasteTempFiles\/9478_5.jpg\"\/><\/figure>\n\n\n\n<ul class=\"wp-block-list\"><li><a href=\"http:\/\/diffusionph.cccommunication.biz\/jpgok\/RepMR\/947\/9478_5.jpg\"><\/a><a href=\"mailto:agencejpnoel@hotmail.fr\">agencejpnoel@hotmail.fr&nbsp;<\/a><\/li><\/ul>\n\n\n\n<p class=\"wp-block-paragraph\"><strong>COURS SIMON<\/strong><strong>&nbsp;<\/strong>&#8211; Laurence Constant&nbsp;<\/p>\n\n\n\n<p class=\"wp-block-paragraph\"><strong>COURS JEAN DARNEL<\/strong><\/p>\n\n\n\n<p class=\"wp-block-paragraph\"><strong>STAGES ACTING IN ENGLISH<\/strong><strong>&nbsp;<\/strong>&#8211; D. Thompson, M. Sarrault, J. Berry, A. Zulawski&nbsp;<\/p>\n\n\n\n<h2 class=\"wp-block-heading\">T\u00e9l\u00e9vision<\/h2>\n\n\n\n<p class=\"wp-block-paragraph\"><strong>\u00a0\u00bb ON SE RETROUVERA\u00a0\u00bb<\/strong><strong>&nbsp;<\/strong>&#8211; Joyce Bunuel &#8211;&nbsp;<em>TF 1.Merlin Productions<\/em><\/p>\n\n\n\n<p class=\"wp-block-paragraph\"><strong>LA MORT D\u2019ALEXANDRE,<\/strong><strong>&nbsp;<\/strong>&#8211; Jacques Audoir &#8211;&nbsp;<em>Role principal)<\/em><\/p>\n\n\n\n<p class=\"wp-block-paragraph\"><strong>PANIQUE AU VIRUS,<\/strong><strong>&nbsp;<\/strong>&#8211; Olivier Langlois&nbsp;<\/p>\n\n\n\n<p class=\"wp-block-paragraph\"><strong>INTRIGUES<\/strong><strong>&nbsp;<\/strong>&#8211; TF1.r\u00e9al :Christine Spiero &#8211;&nbsp;<em>Role Principal<\/em><\/p>\n\n\n\n<p class=\"wp-block-paragraph\"><strong>CORDIER, JUGE ET FLIC,<\/strong><strong>&nbsp;<\/strong>&#8211; C. Leherissey&nbsp;<\/p>\n\n\n\n<p class=\"wp-block-paragraph\"><strong>ET DEMAIN PAULA,<\/strong><strong>&nbsp;<\/strong>&#8211; M. Perrota&nbsp;<\/p>\n\n\n\n<p class=\"wp-block-paragraph\"><strong>AVOCATS ET ASSOCI\u00c9S<\/strong><strong>&nbsp;<\/strong>&#8211; D. Amar&nbsp;<\/p>\n\n\n\n<p class=\"wp-block-paragraph\"><strong>EMBARQUEMENT IMM\u00c9DIAT,<\/strong><strong>&nbsp;<\/strong>&#8211; A. Issermann&nbsp;<\/p>\n\n\n\n<p class=\"wp-block-paragraph\"><strong>UNE ADORABLE PETITE BOMBE<\/strong><strong>&nbsp;<\/strong>&#8211; P. Muyl&nbsp;<\/p>\n\n\n\n<p class=\"wp-block-paragraph\"><strong>HONORIN ET LA FILLE PRODIGUE<\/strong><strong>&nbsp;<\/strong>&#8211; J. Chapot&nbsp;<\/p>\n\n\n\n<p class=\"wp-block-paragraph\"><strong>S\u00c9RIE \u00ab\u00a0EN CAS DE BONHEUR\u00a0\u00bb (TF1)<\/strong><strong>&nbsp;<\/strong>&#8211; P. V\u00e9cchiali &#8211;&nbsp;<em>un des r\u00f4les principaux<\/em><\/p>\n\n\n\n<p class=\"wp-block-paragraph\"><strong>L\u2019OR DU DIABLE<\/strong><strong>&nbsp;<\/strong>&#8211; J.L. Fournier &#8211;&nbsp;<em>un des r\u00f4les principaux<\/em><\/p>\n\n\n\n<p class=\"wp-block-paragraph\"><strong>TOUR EIFFEL<\/strong><strong>&nbsp;<\/strong>&#8211; J.C. Brialy&nbsp;<\/p>\n\n\n\n<h2 class=\"wp-block-heading\">Cin\u00e9ma<\/h2>\n\n\n\n<p class=\"wp-block-paragraph\">2017&nbsp;<strong>HANDIA<\/strong><strong>&nbsp;<\/strong>&#8211; Jon Gara\u00f1o, Aitor Arregi &#8211;&nbsp;<em>Role:Louis Daguerre<\/em>&nbsp;<br>10 prix Goya festival Madrid 2018 -Prix sp\u00e9cial du jury Festival S\u00e9bastien 2018&nbsp;<\/p>\n\n\n\n<p class=\"wp-block-paragraph\"><strong>LA FILLE DE D\u2019ARTAGNAN<\/strong><strong>&nbsp;<\/strong>&#8211; B. Tavernier&nbsp;<\/p>\n\n\n\n<p class=\"wp-block-paragraph\"><strong>L. 627<\/strong><strong>&nbsp;<\/strong>&#8211; B. Tavernier&nbsp;<\/p>\n\n\n\n<p class=\"wp-block-paragraph\"><strong>UN COUPABLE<\/strong><strong>&nbsp;<\/strong>&#8211; R. Hanin&nbsp;<\/p>\n\n\n\n<h2 class=\"wp-block-heading\">Court M\u00e9trage<\/h2>\n\n\n\n<p class=\"wp-block-paragraph\">2012&nbsp;<strong>OGRE NIAIS<\/strong><strong>&nbsp;<\/strong>&#8211; B.Blancan &#8211;&nbsp;<em>T S.Production-France 2<\/em><\/p>\n\n\n\n<p class=\"wp-block-paragraph\"><strong>PARIS, HUMOUR ET FANTAISIE<\/strong><strong>&nbsp;<\/strong>&#8211; A. Diop&nbsp;<\/p>\n\n\n\n<p class=\"wp-block-paragraph\"><strong>D\u00c9FENSE DE FUMER<\/strong><strong>&nbsp;<\/strong>&#8211; Rajkumar Bahn&nbsp;<\/p>\n\n\n\n<h2 class=\"wp-block-heading\">Publicit\u00e9<\/h2>\n\n\n\n<p class=\"wp-block-paragraph\"><strong>CANON<\/strong><strong>&nbsp;<\/strong>&#8211; Alain Duplantier&nbsp;<\/p>\n\n\n\n<p class=\"wp-block-paragraph\"><strong>CR\u00c9DIT AGRICOLE<\/strong><\/p>\n\n\n\n<p class=\"wp-block-paragraph\"><strong>AP\u00c9RICUB<\/strong><strong>&nbsp;<\/strong>&#8211; S. Clavier&nbsp;<\/p>\n\n\n\n<h2 class=\"wp-block-heading\">Th\u00e9\u00e2tre<\/h2>\n\n\n\n<p class=\"wp-block-paragraph\"><strong>SCAPIN<\/strong><strong>&nbsp;<\/strong>(Moli\u00e8re) &#8211; Mario Gonzales&nbsp;<br>Op\u00e9ra d&rsquo;Hanoi- Vietnam&nbsp;<\/p>\n\n\n\n<p class=\"wp-block-paragraph\">2017-2018&nbsp;<strong>LA L\u00c9GENDE DES SI\u00c8CLES ET AUTRES PO\u00c8MES<\/strong><strong>&nbsp;<\/strong>(D&rsquo;apr\u00e8s Victor Hugo)&nbsp;<br>Tourn\u00e9e:Scott Production&nbsp;<\/p>\n\n\n\n<p class=\"wp-block-paragraph\"><strong>LA CONVOCATION,<\/strong><strong>&nbsp;<\/strong>&#8211; de, et m.e.s R\u00e9my Riflade.&nbsp;<br>Cath\u00e9drale de Lescar&nbsp;<\/p>\n\n\n\n<p class=\"wp-block-paragraph\"><strong>UNE NUIT AU LAVOMATIC<\/strong><strong>&nbsp;<\/strong>&#8211; Belkacem Tatem&nbsp;<br>Festival de Fontainebleau&nbsp;<\/p>\n\n\n\n<p class=\"wp-block-paragraph\"><strong>NE TE PROM\u00c8NE DONC PAS TOUTE NUE<\/strong><strong>&nbsp;<\/strong>(G.Feydeau) &#8211; Yann Bonny&nbsp;<\/p>\n\n\n\n<p class=\"wp-block-paragraph\"><strong>LES FLEURS DU MAL<\/strong><strong>&nbsp;<\/strong>&#8211; R. Riflade&nbsp;<\/p>\n\n\n\n<p class=\"wp-block-paragraph\"><strong>LES JOURS AUGMENTENT D\u20191H31<\/strong><strong>&nbsp;<\/strong>&#8211; E.A. Dumas&nbsp;<\/p>\n\n\n\n<p class=\"wp-block-paragraph\"><strong>LE M\u00c9DECIN MALGR\u00c9 LUI<\/strong><strong>&nbsp;<\/strong>(Moli\u00e8re) &#8211; J.L. Terrangle&nbsp;<\/p>\n\n\n\n<p class=\"wp-block-paragraph\"><strong>VIE ET MORT DE P.P. PASOLINI,<\/strong><strong>&nbsp;<\/strong>&#8211; J. Menaud&nbsp;<\/p>\n\n\n\n<p class=\"wp-block-paragraph\"><strong>LES EMIGR\u00c9S<\/strong><strong>&nbsp;<\/strong>&#8211; J.P. Mondot&nbsp;<\/p>\n\n\n\n<p class=\"wp-block-paragraph\"><strong>LE MISANTHROPE<\/strong><strong>&nbsp;<\/strong>(Moli\u00e8re) &#8211; J.P. Vincent&nbsp;<\/p>\n\n\n\n<p class=\"wp-block-paragraph\"><strong>LA MORT DE S\u00c9N\u00c8QUE<\/strong><strong>&nbsp;<\/strong>&#8211; J.M. Villegier&nbsp;<\/p>\n\n\n\n<h2 class=\"wp-block-heading\">Divers<\/h2>\n\n\n\n<p class=\"wp-block-paragraph\"><strong>PR\u00c9SENTATEUR ,DANS LE CADRE DU CIN\u00c9MA INDIEN \u00c0 PAU,CIN\u00c9MA LE M\u00c9LI\u00c8S,DU LONG METRAGE \u00ab LE PETIT PEINTRE DU RAJASTAN \u00bb R\u00c9ALISATEUR INDIEN : RAJKUMAR BAHN.<\/strong><strong>&nbsp;<\/strong>&nbsp;<\/p>\n\n\n\n<p class=\"wp-block-paragraph\">Remi Riflade a \u00e9crit deux livres qui sont en rupture de stock&nbsp;:&nbsp;<\/p>\n\n\n\n<p class=\"wp-block-paragraph\">\u00ab\u00a0Le Fou du ciel\u00a0\u00bb<\/p>\n\n\n\n<figure class=\"wp-block-image\"><img loading=\"lazy\" decoding=\"async\" width=\"127\" height=\"210\" src=\"http:\/\/www.tepaseul-magazine.fr\/wp-content\/uploads\/2021\/08\/9782905219572_1_75.jpg\" alt=\"\" class=\"wp-image-13581\"\/><\/figure>\n\n\n\n<p class=\"wp-block-paragraph\">L\u2019enfance du Christ&nbsp;.&nbsp;<\/p>\n\n\n\n<p class=\"wp-block-paragraph\">\u00ab\u00a062 jours de l\u2019enfance du Christ\u00a0\u00bb. Adapt\u00e9 en choeur dans une cath\u00e9drale.<\/p>\n\n\n\n<p class=\"wp-block-paragraph\">Parti dans les Pyr\u00e9n\u00e9es Orientales depuis quelques mois, il met en avant sa collection des pierres  Ces pierres l\u2019attirent, il les trouve originales, l&rsquo;attirent, le repoussent, l&rsquo;attirent de nouveau pour qu&rsquo;il les installe chez lui. Puis monte un conf\u00e9rence  th\u00e9\u00e2trale autour de celles ci.<\/p>\n\n\n\n<p class=\"wp-block-paragraph\">Il commencera sa premi\u00e8re conf\u00e9rence en octobre \u00e0 Bordeaux.<\/p>\n\n\n\n<figure class=\"wp-block-image\"><img loading=\"lazy\" decoding=\"async\" width=\"768\" height=\"1024\" src=\"http:\/\/www.tepaseul-magazine.fr\/wp-content\/uploads\/2021\/08\/pierre-5-ambassade-768x1024.jpg\" alt=\"\" class=\"wp-image-13577\" srcset=\"https:\/\/www.tepaseul-magazine.fr\/wp-content\/uploads\/2021\/08\/pierre-5-ambassade-768x1024.jpg 768w, https:\/\/www.tepaseul-magazine.fr\/wp-content\/uploads\/2021\/08\/pierre-5-ambassade-225x300.jpg 225w, https:\/\/www.tepaseul-magazine.fr\/wp-content\/uploads\/2021\/08\/pierre-5-ambassade.jpg 810w\" sizes=\"auto, (max-width: 768px) 100vw, 768px\" \/><\/figure>\n\n\n\n<p class=\"wp-block-paragraph\">Le d\u00e9but d\u2019une nouvelle carri\u00e8re\u2026. Souhaitons lui bonne chance et que ces pieres le conduisent vers le succ\u00e8s\u2026<\/p>\n\n\n\n<p class=\"wp-block-paragraph\">Chantal Rolland<\/p>\n\n\n\n<figure class=\"wp-block-image\"><img loading=\"lazy\" decoding=\"async\" width=\"768\" height=\"1024\" src=\"http:\/\/www.tepaseul-magazine.fr\/wp-content\/uploads\/2021\/08\/pierre-canard-film-1-ok-ardoise-768x1024.jpg\" alt=\"\" class=\"wp-image-13583\" srcset=\"https:\/\/www.tepaseul-magazine.fr\/wp-content\/uploads\/2021\/08\/pierre-canard-film-1-ok-ardoise-768x1024.jpg 768w, https:\/\/www.tepaseul-magazine.fr\/wp-content\/uploads\/2021\/08\/pierre-canard-film-1-ok-ardoise-225x300.jpg 225w\" sizes=\"auto, (max-width: 768px) 100vw, 768px\" \/><\/figure>\n","protected":false},"excerpt":{"rendered":"<p>Remi Riflade a quitt\u00e9 Paris en 2004 pour les Hautes-Pyr\u00e9n\u00e9es lors d&rsquo;une randonn\u00e9e j&rsquo;ai commenc\u00e9 \u00e0 d\u00e9couvrir de nombreuses Pierres (entre 15 et 20)..Il a montr\u00e9 ces derni\u00e8res \u00e0 un copain arch\u00e9ologue qui est rest\u00e9 sans voix, incapable de me donner une explication puis&nbsp; un&#8230;<\/p>\n","protected":false},"author":2,"featured_media":13579,"comment_status":"open","ping_status":"open","sticky":false,"template":"","format":"standard","meta":{"footnotes":""},"categories":[71,72,1979],"tags":[],"class_list":["post-13576","post","type-post","status-publish","format-standard","has-post-thumbnail","hentry","category-spiritualite","category-spiritualite-spiritualite","category-spiritualite-3"],"_links":{"self":[{"href":"https:\/\/www.tepaseul-magazine.fr\/accueil\/wp-json\/wp\/v2\/posts\/13576","targetHints":{"allow":["GET"]}}],"collection":[{"href":"https:\/\/www.tepaseul-magazine.fr\/accueil\/wp-json\/wp\/v2\/posts"}],"about":[{"href":"https:\/\/www.tepaseul-magazine.fr\/accueil\/wp-json\/wp\/v2\/types\/post"}],"author":[{"embeddable":true,"href":"https:\/\/www.tepaseul-magazine.fr\/accueil\/wp-json\/wp\/v2\/users\/2"}],"replies":[{"embeddable":true,"href":"https:\/\/www.tepaseul-magazine.fr\/accueil\/wp-json\/wp\/v2\/comments?post=13576"}],"version-history":[{"count":3,"href":"https:\/\/www.tepaseul-magazine.fr\/accueil\/wp-json\/wp\/v2\/posts\/13576\/revisions"}],"predecessor-version":[{"id":13584,"href":"https:\/\/www.tepaseul-magazine.fr\/accueil\/wp-json\/wp\/v2\/posts\/13576\/revisions\/13584"}],"wp:featuredmedia":[{"embeddable":true,"href":"https:\/\/www.tepaseul-magazine.fr\/accueil\/wp-json\/wp\/v2\/media\/13579"}],"wp:attachment":[{"href":"https:\/\/www.tepaseul-magazine.fr\/accueil\/wp-json\/wp\/v2\/media?parent=13576"}],"wp:term":[{"taxonomy":"category","embeddable":true,"href":"https:\/\/www.tepaseul-magazine.fr\/accueil\/wp-json\/wp\/v2\/categories?post=13576"},{"taxonomy":"post_tag","embeddable":true,"href":"https:\/\/www.tepaseul-magazine.fr\/accueil\/wp-json\/wp\/v2\/tags?post=13576"}],"curies":[{"name":"wp","href":"https:\/\/api.w.org\/{rel}","templated":true}]}}