{"id":13753,"date":"2022-03-07T16:38:17","date_gmt":"2022-03-07T15:38:17","guid":{"rendered":"http:\/\/www.tepaseul-magazine.fr\/accueil\/?p=13753"},"modified":"2022-03-07T16:38:19","modified_gmt":"2022-03-07T15:38:19","slug":"impact-du-covid19-et-de-a-prise-de-poids-avec-le-teletavail","status":"publish","type":"post","link":"https:\/\/www.tepaseul-magazine.fr\/accueil\/impact-du-covid19-et-de-a-prise-de-poids-avec-le-teletavail\/","title":{"rendered":"IMPACT DU COVID19 ET DE A PRISE DE POIDS AVEC LE TELETAVAIL"},"content":{"rendered":"\n<p><strong>Sondage&nbsp;<\/strong><\/p>\n\n\n\n<p><strong>Impact de la Covid19 et du t\u00e9l\u00e9travail sur la prise de poids,&nbsp;<\/strong><\/p>\n\n\n\n<p><strong>la s\u00e9dentarit\u00e9, l\u2019activit\u00e9 physique \u2026<\/strong><br>&nbsp;<\/p>\n\n\n\n<p><strong>Pendant la crise sanitaire, les Fran\u00e7ais ont pris<\/strong><strong>&nbsp;<\/strong><strong>du poids. La s\u00e9dentarit\u00e9 li\u00e9e au t\u00e9l\u00e9travail et aux confinements en est la principale cause.&nbsp;<\/strong><\/p>\n\n\n\n<p>La soci\u00e9t\u00e9 Qilibri a souhait\u00e9 connaitre&nbsp;l\u2019impact de la crise sanitaire sur le poids et le bien-\u00eatre des Fran\u00e7ais, ainsi que sur leurs perceptions sur l\u2019enjeu du surpoids dans leur vie, mais aussi sur la s\u00e9dentarit\u00e9, le t\u00e9l\u00e9travail &#8230;&nbsp; durant la crise de la Covid19.<br>Qilibri est une entreprise qui a d\u00e9velopp\u00e9 une m\u00e9thode minceur sur-mesure bas\u00e9e sur la technologie et l\u2019accompagnement di\u00e9t\u00e9tique et sportif.&nbsp;<\/p>\n\n\n\n<p>Cette enqu\u00eate r\u00e9v\u00e8le plusieurs tendances :&nbsp;<\/p>\n\n\n\n<p>&nbsp;&nbsp;&nbsp;&nbsp;&nbsp;&nbsp;<strong>Impact de la crise sanitaire sur la prise de poids des Fran\u00e7ais<\/strong>&nbsp;:&nbsp;<br>&nbsp;<\/p>\n\n\n\n<ul><li>69% des Fran\u00e7ais interrog\u00e9s ont pris du poids depuis la pand\u00e9mie&nbsp;: ces derniers ont pris en moyenne 3,3 kg.&nbsp;<\/li><li>Plus d\u2019un tiers d\u2019entre&nbsp;eux&nbsp;(35%) redoutent le retour au bureau ou \u00e0 la vie normale suite \u00e0 cette prise de poids.&nbsp;<\/li><li>Pr\u00e8s d\u20191 sond\u00e9 sur 2 consid\u00e8re avoir une vie moins \u00e9quilibr\u00e9e qu\u2019avant la crise sanitaire,&nbsp;que \u00e7a soit par une alimentation et \/ ou un niveau d\u2019activit\u00e9 physique plus d\u00e9s\u00e9quilibr\u00e9. Seulement 18% d\u2019entre eux ont une vie plus \u00e9quilibr\u00e9e qu\u2019avant.&nbsp;<\/li><li>Pour 66% des Fran\u00e7ais, la s\u00e9dentarit\u00e9 li\u00e9e au t\u00e9l\u00e9travail est la principale cause de leur prise de poids.&nbsp;<\/li><\/ul>\n\n\n\n<p>30% font beaucoup moins de sport qu\u2019avant et 29% avouent manger de mani\u00e8re compulsive, stress\u00e9s dans cette p\u00e9riode incertaine.<\/p>\n\n\n\n<p>&nbsp;&nbsp;&nbsp;&nbsp;&nbsp;&nbsp;&nbsp;<strong>Perception du surpoids chez les Fran\u00e7ais<\/strong><br>&nbsp;<\/p>\n\n\n\n<p>Les Fran\u00e7ais semblent avoir une relation ambig\u00fce au surpoids, qui serait consid\u00e9r\u00e9 comme une maladie dont les sujets seraient responsables, et moins dangereuse que le tabac ou l\u2019alcool.&nbsp;<\/p>\n\n\n\n<ul><li>88% des Fran\u00e7ais sont pr\u00eats \u00e0 changer leurs habitudes alimentaires et perdre du poids si cela leur permettait de gagner en esp\u00e9rance de vie.<\/li><li>Un quart des sond\u00e9s avouent avoir d\u00e9j\u00e0 menti sur leur poids<\/li><li>63% des Fran\u00e7ais consid\u00e8rent l\u2019ob\u00e9sit\u00e9 comme une maladie. Pour autant,&nbsp;pour&nbsp;pr\u00e8s de 8 sond\u00e9s sur 10, une personne ob\u00e8se ou en surpoids est partiellement ou totalement responsable de sa condition.&nbsp;<\/li><li>L\u2019ob\u00e9sit\u00e9 est per\u00e7ue par les sond\u00e9s comme moins dangereuse que l\u2019alcool ou cigarette. Or le nombre de d\u00e9c\u00e8s en France li\u00e9 \u00e0 l\u2019ob\u00e9sit\u00e9 approche les 180 000 personnes, contre 66 000 pour le tabac et 40 000 environ pour l\u2019alcool.&nbsp;<\/li><\/ul>\n\n\n\n<p>Ces deux derniers points tendent \u00e0 montrer un manque de sensibilisation \u00e0 la r\u00e9alit\u00e9 de l\u2019ob\u00e9sit\u00e9 et \u00e0 sa dangerosit\u00e9 pour la sant\u00e9, contrairement \u00e0 d\u2019autres sujets bien pris en main par les pouvoirs publics comme le tabac.&nbsp;<\/p>\n\n\n\n<p><strong>R\u00e9sultats du sondage<\/strong><\/p>\n\n\n\n<p>\u25cf&nbsp;&nbsp;&nbsp;&nbsp;&nbsp;&nbsp;&nbsp;<strong>Cigarette, alcool, ob\u00e9sit\u00e9 et stress<\/strong>&nbsp;<strong>; les facteurs les plus dangereux pour la sant\u00e9 selon les fran\u00e7ais<\/strong><strong>&nbsp;<\/strong><\/p>\n\n\n\n<table class=\"wp-block-table\"><tbody><tr><td><strong>Quel est selon vous le facteur le plus dangereux pour la sant\u00e9 :<\/strong><\/td><td><strong>Pourcentage<\/strong><\/td><\/tr><tr><td>La cigarette<\/td><td>23<\/td><\/tr><tr><td>L&rsquo;alcool<\/td><td>22<\/td><\/tr><tr><td>L&rsquo;ob\u00e9sit\u00e9<\/td><td>20<\/td><\/tr><tr><td>Le stress<\/td><td>20<\/td><\/tr><tr><td>La pollution<\/td><td>15<\/td><\/tr><\/tbody><\/table>\n\n\n\n<p>\u25cf&nbsp;&nbsp;&nbsp;&nbsp;&nbsp;&nbsp;&nbsp;<strong>63% des fran\u00e7ais consid\u00e8rent l\u2019ob\u00e9sit\u00e9 comme une maladie. Pour 66% des sond\u00e9s, une personne ob\u00e8se ou en surpoids est partiellement responsable de sa condition.<\/strong><strong>&nbsp;<\/strong><\/p>\n\n\n\n<table class=\"wp-block-table\"><tbody><tr><td><strong>Consid\u00e9rez-vous l\u2019ob\u00e9sit\u00e9 comme une maladie ?<\/strong><\/td><td><strong>Pourcentage<\/strong><\/td><\/tr><tr><td>Oui<\/td><td>63<\/td><\/tr><tr><td>Non<\/td><td>37<\/td><\/tr><\/tbody><\/table>\n\n\n\n<table class=\"wp-block-table\"><tbody><tr><td><strong>Pensez-vous qu\u2019une personne ob\u00e8se ou en surpoids est partiellement ou totalement responsable de sa&nbsp;&nbsp;&nbsp;&nbsp;condition ?<\/strong><\/td><td><strong>Pourcentage<\/strong><\/td><\/tr><tr><td>Oui : partiellement<\/td><td>66<\/td><\/tr><tr><td>Non<\/td><td>23<\/td><\/tr><tr><td>Oui : totalement<\/td><td>11<\/td><\/tr><\/tbody><\/table>\n\n\n\n<p><strong>La moiti\u00e9 des fran\u00e7ais interrog\u00e9s consid\u00e8rent avoir des kilos \u00e0 perdre.<\/strong><strong>&nbsp;<\/strong><\/p>\n\n\n\n<p><strong>24% avouent mentir sur leur poids.<\/strong><strong>&nbsp;<\/strong><\/p>\n\n\n\n<table class=\"wp-block-table\"><tbody><tr><td><strong>Consid\u00e9rez-vous que vous ayez du poids \u00e0 perdre ?<\/strong><\/td><td><strong>Pourcentage<\/strong><\/td><\/tr><tr><td>Non<\/td><td>51<\/td><\/tr><tr><td>Oui<\/td><td>49<\/td><\/tr><\/tbody><\/table>\n\n\n\n<table class=\"wp-block-table\"><tbody><tr><td><strong>Vous arrive-t-il de mentir sur votre poids ?<\/strong><\/td><td><strong>Pourcentage<\/strong><\/td><\/tr><tr><td>Non<\/td><td>76<\/td><\/tr><tr><td>Oui<\/td><td>24<\/td><\/tr><\/tbody><\/table>\n\n\n\n<ul><li><strong>88% des fran\u00e7ais sont pr\u00eats \u00e0 changer leurs habitudes alimentaires et perdre du poids pour gagner quelques ann\u00e9es d\u2019esp\u00e9rance de vie.<\/strong><\/li><\/ul>\n\n\n\n<p><strong>Pour plus de la moiti\u00e9 des sond\u00e9s, le principal frein c\u2019est le manque de pers\u00e9v\u00e9rance et&nbsp;de&nbsp;motivation sur le long terme.&nbsp;<\/strong><\/p>\n\n\n\n<table class=\"wp-block-table\"><tbody><tr><td><strong><em>Une r\u00e9cente \u00e9tude mondiale<\/em><\/strong><strong><em>&nbsp;(Global&nbsp;Burden&nbsp;of&nbsp;Disease)&nbsp;<\/em><\/strong><strong><em>a prouv\u00e9 que manger plus sainement permettrait de gagner 10 ans d\u2019esp\u00e9rance de vie<\/em><\/strong><strong>.&nbsp;<\/strong><br><strong>Si n\u00e9cessaire, seriez-vous pr\u00eat \u00e0 entamer une transformation de vos habitudes alimentaires et une perte de poids de plusieurs kilos pour gagner quelques ann\u00e9es d&rsquo;esp\u00e9rance de vie ?<\/strong><\/td><td><strong>Pourcentage<\/strong><\/td><\/tr><tr><td>Oui<\/td><td>88<\/td><\/tr><tr><td>Non<\/td><td>12<\/td><\/tr><\/tbody><\/table>\n\n\n\n<table class=\"wp-block-table\"><tbody><tr><td><strong>Quel serait le frein principal \u00e0 un changement de vos habitudes ?<\/strong><\/td><td><strong>Pourcentage<\/strong><\/td><\/tr><tr><td>Je n&rsquo;arrive pas \u00e0 rester motiv\u00e9(e) sur le long terme<\/td><td>54<\/td><\/tr><tr><td>Je n&rsquo;ai pas les moyens financiers<\/td><td>20<\/td><\/tr><tr><td>Je n&rsquo;y arriverai pas tout seul<\/td><td>14<\/td><\/tr><tr><td>Je n&rsquo;ai pas le temps<\/td><td>12<\/td><\/tr><\/tbody><\/table>\n\n\n\n<p><strong>Les trois principales motivations pour perdre du poids<\/strong>&nbsp;<strong>: Gagner en esp\u00e9rance de vie (87%), se sentir mieux (71%) et am\u00e9liorer sa forme physique et sexuelle (51%)<\/strong><\/p>\n\n\n\n<table class=\"wp-block-table\"><tbody><tr><td><strong>Qu\u2019est-ce qui pourrait vous convaincre de perdre du poids ? (4 r\u00e9ponses possible)<\/strong><\/td><td><strong>Pourcentage<\/strong><\/td><\/tr><tr><td>Gagner une ou plusieurs ann\u00e9es d&rsquo;esp\u00e9rance de vie<\/td><td>87<\/td><\/tr><tr><td>Me sentir mieux<\/td><td>71<\/td><\/tr><tr><td>D&rsquo;am\u00e9liorer ma forme physique et sexuelle<\/td><td>51<\/td><\/tr><tr><td>Porter des v\u00eatements que je souhaite<\/td><td>33<\/td><\/tr><tr><td>Trouver du travail ou obtenir une promotion<\/td><td>27<\/td><\/tr><tr><td>Trouvez l&rsquo;amour<\/td><td>19<\/td><\/tr><tr><td>Rendre jaloux mes anciens partenaires<\/td><td>7<\/td><\/tr><\/tbody><\/table>\n\n\n\n<table class=\"wp-block-table\"><tbody><tr><td><strong>Crise sanitaire et \u00e9volution du poids : Selon un sondage Ipsos, 61% des Fran\u00e7ais indiquent avoir un mode de vie plus s\u00e9dentaire qu\u2019avant la pand\u00e9mie. Or il est prouv\u00e9 que s\u00e9dentarit\u00e9 et surpoids sont fortement corr\u00e9l\u00e9s.&nbsp;<\/strong><br><strong>Faites-vous du t\u00e9l\u00e9travail ?<\/strong><\/td><td><strong>Pourcentage<\/strong><\/td><\/tr><tr><td>Non<\/td><td>55<\/td><\/tr><tr><td>Oui<\/td><td>45<\/td><\/tr><\/tbody><\/table>\n\n\n\n<table class=\"wp-block-table\"><tbody><tr><td><strong>Si oui, \u00e0 quelle fr\u00e9quence ?<\/strong><\/td><td><strong>Pourcentage<\/strong><\/td><\/tr><tr><td>1 jour par semaine<\/td><td>22<\/td><\/tr><tr><td>2 jours par semaine<\/td><td>34<\/td><\/tr><tr><td>3 jours par semaine<\/td><td>26<\/td><\/tr><tr><td>4 jours par semaine<\/td><td>11<\/td><\/tr><tr><td>5 jours par semaine<\/td><td>5<\/td><\/tr><tr><td>Tous les jours<\/td><td>2<\/td><\/tr><\/tbody><\/table>\n\n\n\n<p><strong>Pour 34% des fran\u00e7ais, la g\u00e9n\u00e9ralisation du t\u00e9l\u00e9travail a eu aucun impact sur leur hygi\u00e8ne de vie. A<\/strong><strong>&nbsp;contrario, 27% des sond\u00e9s avouent avoir une vie globalement moins \u00e9quilibr\u00e9e qu\u2019avant&nbsp;et&nbsp;18% l\u2019imputent \u00e0 une&nbsp;plus faible&nbsp;activit\u00e9 physique.&nbsp;&nbsp;&nbsp;<\/strong>&nbsp;<\/p>\n\n\n\n<table class=\"wp-block-table\"><tbody><tr><td><strong>La mesure de l\u2019\u00c9tat instaurant la g\u00e9n\u00e9ralisation du t\u00e9l\u00e9travail a-t-elle eu un impact sur votre hygi\u00e8ne de&nbsp;&nbsp;&nbsp;&nbsp;&nbsp;vie ?<\/strong><\/td><td><strong>Pourcentage<\/strong><\/td><\/tr><tr><td>Non : je mange et je bouge comme avant<\/td><td>34<\/td><\/tr><tr><td>Oui : j\u2019ai une vie globalement moins \u00e9quilibr\u00e9e qu\u2019avant (alimentation et activit\u00e9 physique)<\/td><td>27<\/td><\/tr><tr><td>Oui : j\u2019ai une vie globalement plus \u00e9quilibr\u00e9e qu\u2019avant (alimentation et activit\u00e9 physique)<\/td><td>18<\/td><\/tr><tr><td>Oui : je mange comme avant mais je bouge moins<\/td><td>18<\/td><\/tr><tr><td>Oui : je mange moins \u00e9quilibr\u00e9 qu\u2019avant mais je bouge plus<\/td><td>3<\/td><\/tr><\/tbody><\/table>\n\n\n\n<table class=\"wp-block-table\"><tbody><tr><td><strong>Est-ce que le confinement et ou le t\u00e9l\u00e9travail ont eu un impact sur la qualit\u00e9 de votre alimentation ?<\/strong><\/td><td><strong>Pourcentage<\/strong><\/td><\/tr><tr><td>Non, je n&rsquo;ai pas chang\u00e9 mes habitudes<\/td><td>45<\/td><\/tr><tr><td>Oui, je mange plus de plats \u201cfaits maison\u00a0\u00bb<\/td><td>30<\/td><\/tr><tr><td>Oui, je mange plus de plats tout pr\u00eats ou de plats livr\u00e9s \u00e0 domicile<\/td><td>25<\/td><\/tr><\/tbody><\/table>\n\n\n\n<p><strong>Avant la crise sanitaire ils \u00e9taient 46% \u00e0 penser \u00eatre en surpoids. Ils sont 69% aujourd\u2019hui.<\/strong><strong>&nbsp;<\/strong>&nbsp;<\/p>\n\n\n\n<table class=\"wp-block-table\"><tbody><tr><td><strong>Vous consid\u00e9riez-vous en surpoids avant la crise sanitaire ?<\/strong><\/td><td><strong>Pourcentage<\/strong><\/td><\/tr><tr><td>Non<\/td><td>54<\/td><\/tr><tr><td>Oui<\/td><td>46<\/td><\/tr><\/tbody><\/table>\n\n\n\n<table class=\"wp-block-table\"><tbody><tr><td><strong>Depuis deux ans, dans le contexte de crise sanitaire, avez-vous pris du poids ?<\/strong><\/td><td><strong>Pourcentage<\/strong><\/td><\/tr><tr><td>Oui<\/td><td>69<\/td><\/tr><tr><td>Non<\/td><td>31<\/td><\/tr><\/tbody><\/table>\n\n\n\n<table class=\"wp-block-table\"><tbody><tr><td><strong>Si oui, combien de kilos avez-vous pris ?<\/strong><\/td><td><strong>Pourcentage<\/strong><\/td><\/tr><tr><td>1 kg<\/td><td>14<\/td><\/tr><tr><td>2 kg<\/td><td>21<\/td><\/tr><tr><td>3 kg<\/td><td>27<\/td><\/tr><tr><td>4 kg<\/td><td>18<\/td><\/tr><tr><td>5 kg<\/td><td>9<\/td><\/tr><tr><td>6 kg<\/td><td>5<\/td><\/tr><tr><td>7 kg<\/td><td>3<\/td><\/tr><tr><td>8 kg<\/td><td>2<\/td><\/tr><tr><td>9 kg<\/td><td>1<\/td><\/tr><tr><td>10 kg<\/td><td>0<\/td><\/tr><tr><td>Plus de 11 kg<\/td><td>0<\/td><\/tr><\/tbody><\/table>\n\n\n\n<p><strong>Pour 66% des fran\u00e7ais, la s\u00e9dentarit\u00e9 li\u00e9e au t\u00e9l\u00e9travail est la principale cause de leur prise de poids. 30% font beaucoup moins de sport qu\u2019avant et 29% avouent manger de mani\u00e8re compulsive, stress\u00e9s dans cette p\u00e9riode incertaine.<\/strong><strong>&nbsp;<\/strong><\/p>\n\n\n\n<table class=\"wp-block-table\"><tbody><tr><td><strong>Si oui, quelle est la principale cause de cette prise de poids ? (2 r\u00e9ponses possible)<\/strong><\/td><td><strong>Pourcentage<\/strong><\/td><\/tr><tr><td>La s\u00e9dentarit\u00e9 \/ le t\u00e9l\u00e9travail : je bouge moins, je ne suis plus en mouvement<\/td><td>66<\/td><\/tr><tr><td>J\u2019ai arr\u00eat\u00e9 ou je fais beaucoup moins de sport<\/td><td>30<\/td><\/tr><tr><td>Le stress : je mange de mani\u00e8re compulsive car je suis stress\u00e9(e) dans cette p\u00e9riode incertaine<\/td><td>29<\/td><\/tr><tr><td>La fermeture de nombreux lieux de vie : je reste plus chez moi, je m\u2019ennuie, je grignote<\/td><td>27<\/td><\/tr><tr><td>Autre<\/td><td>5<\/td><\/tr><\/tbody><\/table>\n\n\n\n<p><strong>Plus d\u2019un<\/strong><strong>&nbsp;tiers des fran\u00e7ais&nbsp;redoutent le retour au bureau ou \u00e0 la vie normale avec cette prise de poids.&nbsp;<\/strong><\/p>\n\n\n\n<table class=\"wp-block-table\"><tbody><tr><td><strong>Si oui, redoutez-vous le retour au bureau ou \u00e0 la vie normale avec cette prise de poids ?<\/strong><\/td><td><strong>Pourcentage<\/strong><\/td><\/tr><tr><td>Non<\/td><td>65<\/td><\/tr><tr><td>Oui<\/td><td>35<\/td><\/tr><\/tbody><\/table>\n\n\n\n<table class=\"wp-block-table\"><tbody><tr><td><strong>Si oui, diriez-vous que la situation de crise sanitaire vous encourage ou vous d\u00e9courage \u00e0 entamer un processus de perte de poids ?<\/strong><\/td><td><strong>Pourcentage<\/strong><\/td><\/tr><tr><td>La situation m&rsquo;encourage<\/td><td>62<\/td><\/tr><tr><td>La situation me d\u00e9courage<\/td><td>38<\/td><\/tr><\/tbody><\/table>\n\n\n\n<p><strong>Plus d\u2019un fran\u00e7ais sur 3 a fait un r\u00e9gime depuis ces deux derni\u00e8res ann\u00e9es.<\/strong><strong>&nbsp;<\/strong><\/p>\n\n\n\n<table class=\"wp-block-table\"><tbody><tr><td><strong>Avez-vous fait un r\u00e9gime depuis ces deux derni\u00e8res ann\u00e9es ?<\/strong><\/td><td><strong>Pourcentage<\/strong><\/td><\/tr><tr><td>Non<\/td><td>65<\/td><\/tr><tr><td>Oui, une fois<\/td><td>20<\/td><\/tr><tr><td>Oui entre 2 et 3 fois<\/td><td>10<\/td><\/tr><tr><td>Oui, j\u2019ai l\u2019impression d\u2019\u00eatre tout le temps en train de faire attention<\/td><td>5<\/td><\/tr><\/tbody><\/table>\n\n\n\n<p><strong>M\u00e9thodologie<\/strong>&nbsp;<strong>du barom\u00e8tre :<\/strong>&nbsp;<\/p>\n\n\n\n<p><em>Sondage effectu\u00e9 en ligne par&nbsp;Diffusis&nbsp;France pour la soci\u00e9t\u00e9&nbsp;Qilibri<\/em>&nbsp;<em>entre&nbsp;le 23 et le 28 f\u00e9vrier 2022 aupr\u00e8s d\u2019un \u00e9chantillon de 1057 personnes repr\u00e9sentatif de la population nationale fran\u00e7aise selon la m\u00e9thode des quotas.&nbsp;<\/em><\/p>\n\n\n\n<p><strong>Qui sont les personnes interrog\u00e9es<\/strong>&nbsp;<strong>?&nbsp;<\/strong><\/p>\n\n\n\n<p>\u25cf&nbsp;&nbsp;&nbsp;&nbsp;&nbsp;&nbsp;&nbsp;53 % des r\u00e9pondants sont des femmes et 47 % des hommes.<\/p>\n\n\n\n<p>\u25cf&nbsp;&nbsp;&nbsp;&nbsp;&nbsp;&nbsp;&nbsp;15% d\u2019entre eux ont entre 18 et 24 ans, 26% entre 25 et 34 ans, 23% entre 35 et 44 ans, 21% entre 45 et 54 ans, 12% entre 55 et 64 ans et 3% ont plus de 65 ans.<\/p>\n\n\n\n<p><strong>A propos de Qilibri<\/strong>&nbsp;<strong>:<\/strong><\/p>\n\n\n\n<p>Qilibri est une jeune start-up fran\u00e7aise qui r\u00e9invente la perte de poids gr\u00e2ce \u00e0 un suivi enti\u00e8rement personnalis\u00e9 par un di\u00e9t\u00e9ticien dipl\u00f4m\u00e9, et la livraison \u00e0 domicile d&rsquo;une alimentation \u00e9quilibr\u00e9e cl\u00e9 en main.<\/p>\n\n\n\n<p>Parce qu&rsquo;un mode de vie \u00e9quilibr\u00e9e rime aussi avec activit\u00e9 sportive, Qilibri propose \u00e9galement des cours de sport en ligne.<\/p>\n\n\n\n<p>Cr\u00e9\u00e9e fin 2019, Qilibri lutte contre le march\u00e9 sulfureux des r\u00e9gimes, et milite contre les r\u00e9gimes restrictifs et hypocaloriques. Gr\u00e2ce \u00e0 sa m\u00e9thode de r\u00e9\u00e9quilibrage alimentaire sans carence et accompagn\u00e9e par des professionnels de sant\u00e9, Qilibri guide ses utilisateurs vers une alimentation plus \u00e9quilibr\u00e9e et un mode de vie plus sain, pour en finir avec les r\u00e9gimes restrictifs.<\/p>\n\n\n\n<p>La jeune pousse a d\u00e9j\u00e0 satisfait 10 000 clients avec sa m\u00e9thode : ses utilisateurs perdent en moyenne 4,1 kilos d\u00e8s le premier mois, sans carence, sans frustration, sans aliment interdit ni effet yoyo.<\/p>\n\n\n\n<p>Maya Meddeb |&nbsp;<a href=\"https:\/\/webmail1h.orange.fr\/webmail\/fr_FR\/read.html?FOLDER=SF_INBOX&amp;IDMSG=540902&amp;check=&amp;SORTBY=1\" target=\"_blank\" rel=\"noreferrer noopener\">maya@diffusis.com<\/a>&nbsp;&nbsp;<\/p>\n\n\n\n<p>Dominique&nbsp;Fresnaye&nbsp;|&nbsp;<a href=\"https:\/\/webmail1h.orange.fr\/webmail\/fr_FR\/read.html?FOLDER=SF_INBOX&amp;IDMSG=540902&amp;check=&amp;SORTBY=1\" target=\"_blank\" rel=\"noreferrer noopener\">dominique@diffusis.com<\/a>&nbsp;<\/p>\n","protected":false},"excerpt":{"rendered":"<p>Sondage&nbsp; Impact de la Covid19 et du t\u00e9l\u00e9travail sur la prise de poids,&nbsp; la s\u00e9dentarit\u00e9, l\u2019activit\u00e9 physique \u2026&nbsp; Pendant la crise sanitaire, les Fran\u00e7ais ont pris&nbsp;du poids. La s\u00e9dentarit\u00e9 li\u00e9e au t\u00e9l\u00e9travail et aux confinements en est la principale cause.&nbsp; La soci\u00e9t\u00e9 Qilibri a souhait\u00e9&#8230;<\/p>\n","protected":false},"author":2,"featured_media":13536,"comment_status":"open","ping_status":"open","sticky":false,"template":"","format":"standard","meta":{"footnotes":""},"categories":[62,61],"tags":[],"yoast_head":"<!-- This site is optimized with the Yoast SEO plugin v21.9.1 - https:\/\/yoast.com\/wordpress\/plugins\/seo\/ -->\n<title>IMPACT DU COVID19 ET DE A PRISE DE POIDS AVEC LE TELETAVAIL - Tepaseul<\/title>\n<meta name=\"robots\" content=\"index, follow, max-snippet:-1, max-image-preview:large, max-video-preview:-1\" \/>\n<link rel=\"canonical\" href=\"https:\/\/www.tepaseul-magazine.fr\/accueil\/impact-du-covid19-et-de-a-prise-de-poids-avec-le-teletavail\/\" \/>\n<meta property=\"og:locale\" content=\"fr_FR\" \/>\n<meta property=\"og:type\" content=\"article\" \/>\n<meta property=\"og:title\" content=\"IMPACT DU COVID19 ET DE A PRISE DE POIDS AVEC LE TELETAVAIL - Tepaseul\" \/>\n<meta property=\"og:description\" content=\"Sondage&nbsp; Impact de la Covid19 et du t\u00e9l\u00e9travail sur la prise de poids,&nbsp; la s\u00e9dentarit\u00e9, l\u2019activit\u00e9 physique \u2026&nbsp; Pendant la crise sanitaire, les Fran\u00e7ais ont pris&nbsp;du poids. La s\u00e9dentarit\u00e9 li\u00e9e au t\u00e9l\u00e9travail et aux confinements en est la principale cause.&nbsp; La soci\u00e9t\u00e9 Qilibri a souhait\u00e9...\" \/>\n<meta property=\"og:url\" content=\"https:\/\/www.tepaseul-magazine.fr\/accueil\/impact-du-covid19-et-de-a-prise-de-poids-avec-le-teletavail\/\" \/>\n<meta property=\"og:site_name\" content=\"Tepaseul\" \/>\n<meta property=\"article:published_time\" content=\"2022-03-07T15:38:17+00:00\" \/>\n<meta property=\"article:modified_time\" content=\"2022-03-07T15:38:19+00:00\" \/>\n<meta property=\"og:image\" content=\"https:\/\/www.tepaseul-magazine.fr\/wp-content\/uploads\/2021\/07\/IMG_1839.jpg\" \/>\n\t<meta property=\"og:image:width\" content=\"2448\" \/>\n\t<meta property=\"og:image:height\" content=\"3264\" \/>\n\t<meta property=\"og:image:type\" content=\"image\/jpeg\" \/>\n<meta name=\"author\" content=\"Chantal Rolland\" \/>\n<script type=\"application\/ld+json\" class=\"yoast-schema-graph\">{\"@context\":\"https:\/\/schema.org\",\"@graph\":[{\"@type\":\"Article\",\"@id\":\"https:\/\/www.tepaseul-magazine.fr\/accueil\/impact-du-covid19-et-de-a-prise-de-poids-avec-le-teletavail\/#article\",\"isPartOf\":{\"@id\":\"https:\/\/www.tepaseul-magazine.fr\/accueil\/impact-du-covid19-et-de-a-prise-de-poids-avec-le-teletavail\/\"},\"author\":{\"name\":\"Chantal Rolland\",\"@id\":\"https:\/\/www.tepaseul-magazine.fr\/accueil\/#\/schema\/person\/dd3827dc04f692ff480da4bac4545eeb\"},\"headline\":\"IMPACT DU COVID19 ET DE A PRISE DE POIDS AVEC LE TELETAVAIL\",\"datePublished\":\"2022-03-07T15:38:17+00:00\",\"dateModified\":\"2022-03-07T15:38:19+00:00\",\"mainEntityOfPage\":{\"@id\":\"https:\/\/www.tepaseul-magazine.fr\/accueil\/impact-du-covid19-et-de-a-prise-de-poids-avec-le-teletavail\/\"},\"wordCount\":1798,\"commentCount\":0,\"publisher\":{\"@id\":\"https:\/\/www.tepaseul-magazine.fr\/accueil\/#organization\"},\"articleSection\":[\"Bien \u00eatre\",\"Bien \u00eatre\/Beaut\u00e9 forme\"],\"inLanguage\":\"fr-FR\",\"potentialAction\":[{\"@type\":\"CommentAction\",\"name\":\"Comment\",\"target\":[\"https:\/\/www.tepaseul-magazine.fr\/accueil\/impact-du-covid19-et-de-a-prise-de-poids-avec-le-teletavail\/#respond\"]}]},{\"@type\":\"WebPage\",\"@id\":\"https:\/\/www.tepaseul-magazine.fr\/accueil\/impact-du-covid19-et-de-a-prise-de-poids-avec-le-teletavail\/\",\"url\":\"https:\/\/www.tepaseul-magazine.fr\/accueil\/impact-du-covid19-et-de-a-prise-de-poids-avec-le-teletavail\/\",\"name\":\"IMPACT DU COVID19 ET DE A PRISE DE POIDS AVEC LE TELETAVAIL - Tepaseul\",\"isPartOf\":{\"@id\":\"https:\/\/www.tepaseul-magazine.fr\/accueil\/#website\"},\"datePublished\":\"2022-03-07T15:38:17+00:00\",\"dateModified\":\"2022-03-07T15:38:19+00:00\",\"breadcrumb\":{\"@id\":\"https:\/\/www.tepaseul-magazine.fr\/accueil\/impact-du-covid19-et-de-a-prise-de-poids-avec-le-teletavail\/#breadcrumb\"},\"inLanguage\":\"fr-FR\",\"potentialAction\":[{\"@type\":\"ReadAction\",\"target\":[\"https:\/\/www.tepaseul-magazine.fr\/accueil\/impact-du-covid19-et-de-a-prise-de-poids-avec-le-teletavail\/\"]}]},{\"@type\":\"BreadcrumbList\",\"@id\":\"https:\/\/www.tepaseul-magazine.fr\/accueil\/impact-du-covid19-et-de-a-prise-de-poids-avec-le-teletavail\/#breadcrumb\",\"itemListElement\":[{\"@type\":\"ListItem\",\"position\":1,\"name\":\"Home\",\"item\":\"https:\/\/www.tepaseul-magazine.fr\/accueil\/\"},{\"@type\":\"ListItem\",\"position\":2,\"name\":\"IMPACT DU COVID19 ET DE A PRISE DE POIDS AVEC LE TELETAVAIL\"}]},{\"@type\":\"WebSite\",\"@id\":\"https:\/\/www.tepaseul-magazine.fr\/accueil\/#website\",\"url\":\"https:\/\/www.tepaseul-magazine.fr\/accueil\/\",\"name\":\"Tepaseul\",\"description\":\"Le Magazine des solibattants\",\"publisher\":{\"@id\":\"https:\/\/www.tepaseul-magazine.fr\/accueil\/#organization\"},\"potentialAction\":[{\"@type\":\"SearchAction\",\"target\":{\"@type\":\"EntryPoint\",\"urlTemplate\":\"https:\/\/www.tepaseul-magazine.fr\/accueil\/?s={search_term_string}\"},\"query-input\":\"required name=search_term_string\"}],\"inLanguage\":\"fr-FR\"},{\"@type\":\"Organization\",\"@id\":\"https:\/\/www.tepaseul-magazine.fr\/accueil\/#organization\",\"name\":\"Tepaseul\",\"url\":\"https:\/\/www.tepaseul-magazine.fr\/accueil\/\",\"logo\":{\"@type\":\"ImageObject\",\"inLanguage\":\"fr-FR\",\"@id\":\"https:\/\/www.tepaseul-magazine.fr\/accueil\/#\/schema\/logo\/image\/\",\"url\":\"https:\/\/www.tepaseul-magazine.fr\/wp-content\/uploads\/2014\/12\/logo_doublev2-noir.png\",\"contentUrl\":\"https:\/\/www.tepaseul-magazine.fr\/wp-content\/uploads\/2014\/12\/logo_doublev2-noir.png\",\"width\":205,\"height\":51,\"caption\":\"Tepaseul\"},\"image\":{\"@id\":\"https:\/\/www.tepaseul-magazine.fr\/accueil\/#\/schema\/logo\/image\/\"}},{\"@type\":\"Person\",\"@id\":\"https:\/\/www.tepaseul-magazine.fr\/accueil\/#\/schema\/person\/dd3827dc04f692ff480da4bac4545eeb\",\"name\":\"Chantal Rolland\",\"image\":{\"@type\":\"ImageObject\",\"inLanguage\":\"fr-FR\",\"@id\":\"https:\/\/www.tepaseul-magazine.fr\/accueil\/#\/schema\/person\/image\/\",\"url\":\"https:\/\/secure.gravatar.com\/avatar\/a67dbe83e155eb41b8bc6c41ebcc8564?s=96&d=mm&r=g\",\"contentUrl\":\"https:\/\/secure.gravatar.com\/avatar\/a67dbe83e155eb41b8bc6c41ebcc8564?s=96&d=mm&r=g\",\"caption\":\"Chantal Rolland\"},\"url\":\"https:\/\/www.tepaseul-magazine.fr\/accueil\/author\/chantal-rolland\/\"}]}<\/script>\n<!-- \/ Yoast SEO plugin. -->","yoast_head_json":{"title":"IMPACT DU COVID19 ET DE A PRISE DE POIDS AVEC LE TELETAVAIL - Tepaseul","robots":{"index":"index","follow":"follow","max-snippet":"max-snippet:-1","max-image-preview":"max-image-preview:large","max-video-preview":"max-video-preview:-1"},"canonical":"https:\/\/www.tepaseul-magazine.fr\/accueil\/impact-du-covid19-et-de-a-prise-de-poids-avec-le-teletavail\/","og_locale":"fr_FR","og_type":"article","og_title":"IMPACT DU COVID19 ET DE A PRISE DE POIDS AVEC LE TELETAVAIL - Tepaseul","og_description":"Sondage&nbsp; Impact de la Covid19 et du t\u00e9l\u00e9travail sur la prise de poids,&nbsp; la s\u00e9dentarit\u00e9, l\u2019activit\u00e9 physique \u2026&nbsp; Pendant la crise sanitaire, les Fran\u00e7ais ont pris&nbsp;du poids. La s\u00e9dentarit\u00e9 li\u00e9e au t\u00e9l\u00e9travail et aux confinements en est la principale cause.&nbsp; La soci\u00e9t\u00e9 Qilibri a souhait\u00e9...","og_url":"https:\/\/www.tepaseul-magazine.fr\/accueil\/impact-du-covid19-et-de-a-prise-de-poids-avec-le-teletavail\/","og_site_name":"Tepaseul","article_published_time":"2022-03-07T15:38:17+00:00","article_modified_time":"2022-03-07T15:38:19+00:00","og_image":[{"width":2448,"height":3264,"url":"https:\/\/www.tepaseul-magazine.fr\/wp-content\/uploads\/2021\/07\/IMG_1839.jpg","type":"image\/jpeg"}],"author":"Chantal Rolland","schema":{"@context":"https:\/\/schema.org","@graph":[{"@type":"Article","@id":"https:\/\/www.tepaseul-magazine.fr\/accueil\/impact-du-covid19-et-de-a-prise-de-poids-avec-le-teletavail\/#article","isPartOf":{"@id":"https:\/\/www.tepaseul-magazine.fr\/accueil\/impact-du-covid19-et-de-a-prise-de-poids-avec-le-teletavail\/"},"author":{"name":"Chantal Rolland","@id":"https:\/\/www.tepaseul-magazine.fr\/accueil\/#\/schema\/person\/dd3827dc04f692ff480da4bac4545eeb"},"headline":"IMPACT DU COVID19 ET DE A PRISE DE POIDS AVEC LE TELETAVAIL","datePublished":"2022-03-07T15:38:17+00:00","dateModified":"2022-03-07T15:38:19+00:00","mainEntityOfPage":{"@id":"https:\/\/www.tepaseul-magazine.fr\/accueil\/impact-du-covid19-et-de-a-prise-de-poids-avec-le-teletavail\/"},"wordCount":1798,"commentCount":0,"publisher":{"@id":"https:\/\/www.tepaseul-magazine.fr\/accueil\/#organization"},"articleSection":["Bien \u00eatre","Bien \u00eatre\/Beaut\u00e9 forme"],"inLanguage":"fr-FR","potentialAction":[{"@type":"CommentAction","name":"Comment","target":["https:\/\/www.tepaseul-magazine.fr\/accueil\/impact-du-covid19-et-de-a-prise-de-poids-avec-le-teletavail\/#respond"]}]},{"@type":"WebPage","@id":"https:\/\/www.tepaseul-magazine.fr\/accueil\/impact-du-covid19-et-de-a-prise-de-poids-avec-le-teletavail\/","url":"https:\/\/www.tepaseul-magazine.fr\/accueil\/impact-du-covid19-et-de-a-prise-de-poids-avec-le-teletavail\/","name":"IMPACT DU COVID19 ET DE A PRISE DE POIDS AVEC LE TELETAVAIL - Tepaseul","isPartOf":{"@id":"https:\/\/www.tepaseul-magazine.fr\/accueil\/#website"},"datePublished":"2022-03-07T15:38:17+00:00","dateModified":"2022-03-07T15:38:19+00:00","breadcrumb":{"@id":"https:\/\/www.tepaseul-magazine.fr\/accueil\/impact-du-covid19-et-de-a-prise-de-poids-avec-le-teletavail\/#breadcrumb"},"inLanguage":"fr-FR","potentialAction":[{"@type":"ReadAction","target":["https:\/\/www.tepaseul-magazine.fr\/accueil\/impact-du-covid19-et-de-a-prise-de-poids-avec-le-teletavail\/"]}]},{"@type":"BreadcrumbList","@id":"https:\/\/www.tepaseul-magazine.fr\/accueil\/impact-du-covid19-et-de-a-prise-de-poids-avec-le-teletavail\/#breadcrumb","itemListElement":[{"@type":"ListItem","position":1,"name":"Home","item":"https:\/\/www.tepaseul-magazine.fr\/accueil\/"},{"@type":"ListItem","position":2,"name":"IMPACT DU COVID19 ET DE A PRISE DE POIDS AVEC LE TELETAVAIL"}]},{"@type":"WebSite","@id":"https:\/\/www.tepaseul-magazine.fr\/accueil\/#website","url":"https:\/\/www.tepaseul-magazine.fr\/accueil\/","name":"Tepaseul","description":"Le Magazine des solibattants","publisher":{"@id":"https:\/\/www.tepaseul-magazine.fr\/accueil\/#organization"},"potentialAction":[{"@type":"SearchAction","target":{"@type":"EntryPoint","urlTemplate":"https:\/\/www.tepaseul-magazine.fr\/accueil\/?s={search_term_string}"},"query-input":"required name=search_term_string"}],"inLanguage":"fr-FR"},{"@type":"Organization","@id":"https:\/\/www.tepaseul-magazine.fr\/accueil\/#organization","name":"Tepaseul","url":"https:\/\/www.tepaseul-magazine.fr\/accueil\/","logo":{"@type":"ImageObject","inLanguage":"fr-FR","@id":"https:\/\/www.tepaseul-magazine.fr\/accueil\/#\/schema\/logo\/image\/","url":"https:\/\/www.tepaseul-magazine.fr\/wp-content\/uploads\/2014\/12\/logo_doublev2-noir.png","contentUrl":"https:\/\/www.tepaseul-magazine.fr\/wp-content\/uploads\/2014\/12\/logo_doublev2-noir.png","width":205,"height":51,"caption":"Tepaseul"},"image":{"@id":"https:\/\/www.tepaseul-magazine.fr\/accueil\/#\/schema\/logo\/image\/"}},{"@type":"Person","@id":"https:\/\/www.tepaseul-magazine.fr\/accueil\/#\/schema\/person\/dd3827dc04f692ff480da4bac4545eeb","name":"Chantal Rolland","image":{"@type":"ImageObject","inLanguage":"fr-FR","@id":"https:\/\/www.tepaseul-magazine.fr\/accueil\/#\/schema\/person\/image\/","url":"https:\/\/secure.gravatar.com\/avatar\/a67dbe83e155eb41b8bc6c41ebcc8564?s=96&d=mm&r=g","contentUrl":"https:\/\/secure.gravatar.com\/avatar\/a67dbe83e155eb41b8bc6c41ebcc8564?s=96&d=mm&r=g","caption":"Chantal Rolland"},"url":"https:\/\/www.tepaseul-magazine.fr\/accueil\/author\/chantal-rolland\/"}]}},"_links":{"self":[{"href":"https:\/\/www.tepaseul-magazine.fr\/accueil\/wp-json\/wp\/v2\/posts\/13753"}],"collection":[{"href":"https:\/\/www.tepaseul-magazine.fr\/accueil\/wp-json\/wp\/v2\/posts"}],"about":[{"href":"https:\/\/www.tepaseul-magazine.fr\/accueil\/wp-json\/wp\/v2\/types\/post"}],"author":[{"embeddable":true,"href":"https:\/\/www.tepaseul-magazine.fr\/accueil\/wp-json\/wp\/v2\/users\/2"}],"replies":[{"embeddable":true,"href":"https:\/\/www.tepaseul-magazine.fr\/accueil\/wp-json\/wp\/v2\/comments?post=13753"}],"version-history":[{"count":1,"href":"https:\/\/www.tepaseul-magazine.fr\/accueil\/wp-json\/wp\/v2\/posts\/13753\/revisions"}],"predecessor-version":[{"id":13754,"href":"https:\/\/www.tepaseul-magazine.fr\/accueil\/wp-json\/wp\/v2\/posts\/13753\/revisions\/13754"}],"wp:featuredmedia":[{"embeddable":true,"href":"https:\/\/www.tepaseul-magazine.fr\/accueil\/wp-json\/wp\/v2\/media\/13536"}],"wp:attachment":[{"href":"https:\/\/www.tepaseul-magazine.fr\/accueil\/wp-json\/wp\/v2\/media?parent=13753"}],"wp:term":[{"taxonomy":"category","embeddable":true,"href":"https:\/\/www.tepaseul-magazine.fr\/accueil\/wp-json\/wp\/v2\/categories?post=13753"},{"taxonomy":"post_tag","embeddable":true,"href":"https:\/\/www.tepaseul-magazine.fr\/accueil\/wp-json\/wp\/v2\/tags?post=13753"}],"curies":[{"name":"wp","href":"https:\/\/api.w.org\/{rel}","templated":true}]}}