{"id":14070,"date":"2023-08-31T10:34:06","date_gmt":"2023-08-31T09:34:06","guid":{"rendered":"https:\/\/www.tepaseul-magazine.fr\/accueil\/?p=14070"},"modified":"2023-08-31T10:34:07","modified_gmt":"2023-08-31T09:34:07","slug":"evenement-pour-la-rentree-un-bilan-de-competence","status":"publish","type":"post","link":"https:\/\/www.tepaseul-magazine.fr\/accueil\/evenement-pour-la-rentree-un-bilan-de-competence\/","title":{"rendered":"EVENEMENT : POUR LA RENTREE, UN BILAN DE COMPETENCE ?"},"content":{"rendered":"\n<p><strong>POUR LA RENTREE\u00a0: BILAN DE COMPETENCE <\/strong><\/p>\n<p><strong>\u00a0<\/strong><\/p>\n<p><strong>\u00ab<em>\u00a0La vie est une mission, pas une carri\u00e8re<\/em>\u00a0\u00bb, Stephen R. Covey.<\/strong><\/p>\n<p>Cette citation repr\u00e9sente l&rsquo;importance de vivre selon ses valeurs, et dans le domaine professionnel notamment, trouver un m\u00e9tier en phase avec celles-ci est la cl\u00e9 de l&rsquo;\u00e9panouissement. C&rsquo;est ce qu&rsquo;affirme Emeric Lebreton, Docteur en psychologie et cofondateur d&rsquo;Orientaction, leader de l&rsquo;accompagnement des \u00e9volutions professionnelles.\u00a0<\/p>\n<p>\u00a0<\/p>\n<p>Depuis les ann\u00e9es 1950, une r\u00e9volution psychologique sans pr\u00e9c\u00e9dent a eu lieu. Celle-ci a mis fin \u00e0 des mill\u00e9naires de d\u00e9terminisme, par exemple au niveau de la profession. Chaque \u00eatre humain a la possibilit\u00e9 de choisir le but de son existence.\u00a0<strong>Cependant, comment faire les bons choix ?\u00a0<\/strong><\/p>\n<p>\u00a0<\/p>\n<p><strong>Le bilan de comp\u00e9tence, outil pour faire les bons choix<\/strong><br \/>\u00a0<\/p>\n<p>Pendant une dizaine d&rsquo;ann\u00e9es, Emeric Lebreton a auscult\u00e9 les choix des individus, et a pris conscience de la n\u00e9cessit\u00e9 de d\u00e9velopper une m\u00e9thode pour aider les \u00eatres humains \u00e0 \u00eatre en ad\u00e9quation avec eux-m\u00eames. Et cela passe par la connaissance de ses valeurs, de ses besoins, de sa personnalit\u00e9 mais aussi de ses talents.\u00a0<strong>Le bilan de comp\u00e9tences a la particularit\u00e9 de fournir des outils concrets pour mesurer ces crit\u00e8res, et engendre des effets tr\u00e8s positifs sur la vie des individus, comme le d\u00e9montre l&rsquo;enqu\u00eate 2023 men\u00e9e par le cabinet Aster\u00e8s aupr\u00e8s de 633 personnes ayant b\u00e9n\u00e9fici\u00e9es de l&rsquo;accompagnement du groupe Orientaction.\u00a0<\/strong><\/p>\n<p>\u00a0<\/p>\n<p><strong>Celle-ci r\u00e9v\u00e8le\u00a0<\/strong><strong>que les personnes qui avaient utilis\u00e9 la m\u00e9thode ORIENTACTION dans un cadre professionnel pour d\u00e9finir un nouveau projet professionnel avait obtenu les r\u00e9sultats suivant<\/strong><strong>s &#8211;\u00a0 et cela sans pour autant changer de m\u00e9tier ou d&rsquo;entreprise :\u00a0<\/strong><\/p>\n<ul>\n<li>Le niveau de satisfaction professionnelle augmentait de 71%,\u00a0<\/li>\n<li>Le niveau de stress diminuait de 37%,<\/li>\n<li>Le niveau d&rsquo;\u00e9puisement professionnel diminuait de 38%,<\/li>\n<li>L&rsquo;ad\u00e9quation emploi-comp\u00e9tences augmentait de 17%,<\/li>\n<li>L&rsquo;accord entre valeurs et emploi augmentait de 56%,<\/li>\n<li>L&rsquo;estime de soi augmentait de 48%.\u00a0<\/li>\n<\/ul>\n<p><strong>\u00a0<\/strong><\/p>\n<p>Par ailleurs pour ces m\u00eames personnes :\u00a0<\/p>\n<ul>\n<li>L&rsquo;exposition \u00e0 des conflits avec leur hi\u00e9rarchie passait de 34% \u00e0 5%,<\/li>\n<li>Leur chance de rencontrer une situation d&rsquo;isolement professionnel passait de 16% \u00e0 4%,<\/li>\n<li>La qualit\u00e9 de leurs rapports avec les coll\u00e8gues passait de 69% \u00e0 91%,<\/li>\n<li>L&rsquo;exposition \u00e0 des comportements hostiles ou \u00e0 des violences dans un cadre professionnel passaient respectivement de 30% \u00e0 8% et de 31% \u00e0 8%.\u00a0<\/li>\n<\/ul>\n<p><strong>Concr\u00e8tement ce gain de \u00ab bonheur professionnel \u00bb se traduisait par une augmentation de la productivit\u00e9 comprise entre 28% et 49% et une baisse du nombre d&rsquo;arr\u00eats maladies de 19 jours en moyenne par an.<\/strong><\/p>\n<p><strong>\u00a0<\/strong><\/p>\n<p>Cl\u00e9mentine Van Grunderbeek<\/p>\n","protected":false},"excerpt":{"rendered":"<p>POUR LA RENTREE\u00a0: BILAN DE COMPETENCE \u00a0 \u00ab\u00a0La vie est une mission, pas une carri\u00e8re\u00a0\u00bb, Stephen R. Covey. Cette citation repr\u00e9sente l&rsquo;importance de vivre selon ses valeurs, et dans le domaine professionnel notamment, trouver un m\u00e9tier en phase avec celles-ci est la cl\u00e9 de l&rsquo;\u00e9panouissement&#8230;.<\/p>\n","protected":false},"author":2,"featured_media":14036,"comment_status":"open","ping_status":"open","sticky":false,"template":"","format":"standard","meta":{"footnotes":""},"categories":[1],"tags":[],"yoast_head":"<!-- This site is optimized with the Yoast SEO plugin v21.9.1 - https:\/\/yoast.com\/wordpress\/plugins\/seo\/ -->\n<title>EVENEMENT : POUR LA RENTREE, UN BILAN DE COMPETENCE ? - Tepaseul<\/title>\n<meta name=\"robots\" content=\"index, follow, max-snippet:-1, max-image-preview:large, max-video-preview:-1\" \/>\n<link rel=\"canonical\" href=\"https:\/\/www.tepaseul-magazine.fr\/accueil\/evenement-pour-la-rentree-un-bilan-de-competence\/\" \/>\n<meta property=\"og:locale\" content=\"fr_FR\" \/>\n<meta property=\"og:type\" content=\"article\" \/>\n<meta property=\"og:title\" content=\"EVENEMENT : POUR LA RENTREE, UN BILAN DE COMPETENCE ? - Tepaseul\" \/>\n<meta property=\"og:description\" content=\"POUR LA RENTREE\u00a0: BILAN DE COMPETENCE \u00a0 \u00ab\u00a0La vie est une mission, pas une carri\u00e8re\u00a0\u00bb, Stephen R. Covey. Cette citation repr\u00e9sente l&rsquo;importance de vivre selon ses valeurs, et dans le domaine professionnel notamment, trouver un m\u00e9tier en phase avec celles-ci est la cl\u00e9 de l&rsquo;\u00e9panouissement....\" \/>\n<meta property=\"og:url\" content=\"https:\/\/www.tepaseul-magazine.fr\/accueil\/evenement-pour-la-rentree-un-bilan-de-competence\/\" \/>\n<meta property=\"og:site_name\" content=\"Tepaseul\" \/>\n<meta property=\"article:published_time\" content=\"2023-08-31T09:34:06+00:00\" \/>\n<meta property=\"article:modified_time\" content=\"2023-08-31T09:34:07+00:00\" \/>\n<meta property=\"og:image\" content=\"https:\/\/www.tepaseul-magazine.fr\/wp-content\/uploads\/2023\/07\/20170415_172650-scaled.jpg\" \/>\n\t<meta property=\"og:image:width\" content=\"2560\" \/>\n\t<meta property=\"og:image:height\" content=\"1440\" \/>\n\t<meta property=\"og:image:type\" content=\"image\/jpeg\" \/>\n<meta name=\"author\" content=\"Chantal Rolland\" \/>\n<script type=\"application\/ld+json\" class=\"yoast-schema-graph\">{\"@context\":\"https:\/\/schema.org\",\"@graph\":[{\"@type\":\"Article\",\"@id\":\"https:\/\/www.tepaseul-magazine.fr\/accueil\/evenement-pour-la-rentree-un-bilan-de-competence\/#article\",\"isPartOf\":{\"@id\":\"https:\/\/www.tepaseul-magazine.fr\/accueil\/evenement-pour-la-rentree-un-bilan-de-competence\/\"},\"author\":{\"name\":\"Chantal Rolland\",\"@id\":\"https:\/\/www.tepaseul-magazine.fr\/accueil\/#\/schema\/person\/dd3827dc04f692ff480da4bac4545eeb\"},\"headline\":\"EVENEMENT : POUR LA RENTREE, UN BILAN DE COMPETENCE ?\",\"datePublished\":\"2023-08-31T09:34:06+00:00\",\"dateModified\":\"2023-08-31T09:34:07+00:00\",\"mainEntityOfPage\":{\"@id\":\"https:\/\/www.tepaseul-magazine.fr\/accueil\/evenement-pour-la-rentree-un-bilan-de-competence\/\"},\"wordCount\":422,\"commentCount\":0,\"publisher\":{\"@id\":\"https:\/\/www.tepaseul-magazine.fr\/accueil\/#organization\"},\"articleSection\":[\"\u00c9v\u00e9nements\"],\"inLanguage\":\"fr-FR\",\"potentialAction\":[{\"@type\":\"CommentAction\",\"name\":\"Comment\",\"target\":[\"https:\/\/www.tepaseul-magazine.fr\/accueil\/evenement-pour-la-rentree-un-bilan-de-competence\/#respond\"]}]},{\"@type\":\"WebPage\",\"@id\":\"https:\/\/www.tepaseul-magazine.fr\/accueil\/evenement-pour-la-rentree-un-bilan-de-competence\/\",\"url\":\"https:\/\/www.tepaseul-magazine.fr\/accueil\/evenement-pour-la-rentree-un-bilan-de-competence\/\",\"name\":\"EVENEMENT : POUR LA RENTREE, UN BILAN DE COMPETENCE ? - Tepaseul\",\"isPartOf\":{\"@id\":\"https:\/\/www.tepaseul-magazine.fr\/accueil\/#website\"},\"datePublished\":\"2023-08-31T09:34:06+00:00\",\"dateModified\":\"2023-08-31T09:34:07+00:00\",\"breadcrumb\":{\"@id\":\"https:\/\/www.tepaseul-magazine.fr\/accueil\/evenement-pour-la-rentree-un-bilan-de-competence\/#breadcrumb\"},\"inLanguage\":\"fr-FR\",\"potentialAction\":[{\"@type\":\"ReadAction\",\"target\":[\"https:\/\/www.tepaseul-magazine.fr\/accueil\/evenement-pour-la-rentree-un-bilan-de-competence\/\"]}]},{\"@type\":\"BreadcrumbList\",\"@id\":\"https:\/\/www.tepaseul-magazine.fr\/accueil\/evenement-pour-la-rentree-un-bilan-de-competence\/#breadcrumb\",\"itemListElement\":[{\"@type\":\"ListItem\",\"position\":1,\"name\":\"Home\",\"item\":\"https:\/\/www.tepaseul-magazine.fr\/accueil\/\"},{\"@type\":\"ListItem\",\"position\":2,\"name\":\"EVENEMENT : POUR LA RENTREE, UN BILAN DE COMPETENCE ?\"}]},{\"@type\":\"WebSite\",\"@id\":\"https:\/\/www.tepaseul-magazine.fr\/accueil\/#website\",\"url\":\"https:\/\/www.tepaseul-magazine.fr\/accueil\/\",\"name\":\"Tepaseul\",\"description\":\"Le Magazine des solibattants\",\"publisher\":{\"@id\":\"https:\/\/www.tepaseul-magazine.fr\/accueil\/#organization\"},\"potentialAction\":[{\"@type\":\"SearchAction\",\"target\":{\"@type\":\"EntryPoint\",\"urlTemplate\":\"https:\/\/www.tepaseul-magazine.fr\/accueil\/?s={search_term_string}\"},\"query-input\":\"required name=search_term_string\"}],\"inLanguage\":\"fr-FR\"},{\"@type\":\"Organization\",\"@id\":\"https:\/\/www.tepaseul-magazine.fr\/accueil\/#organization\",\"name\":\"Tepaseul\",\"url\":\"https:\/\/www.tepaseul-magazine.fr\/accueil\/\",\"logo\":{\"@type\":\"ImageObject\",\"inLanguage\":\"fr-FR\",\"@id\":\"https:\/\/www.tepaseul-magazine.fr\/accueil\/#\/schema\/logo\/image\/\",\"url\":\"https:\/\/www.tepaseul-magazine.fr\/wp-content\/uploads\/2014\/12\/logo_doublev2-noir.png\",\"contentUrl\":\"https:\/\/www.tepaseul-magazine.fr\/wp-content\/uploads\/2014\/12\/logo_doublev2-noir.png\",\"width\":205,\"height\":51,\"caption\":\"Tepaseul\"},\"image\":{\"@id\":\"https:\/\/www.tepaseul-magazine.fr\/accueil\/#\/schema\/logo\/image\/\"}},{\"@type\":\"Person\",\"@id\":\"https:\/\/www.tepaseul-magazine.fr\/accueil\/#\/schema\/person\/dd3827dc04f692ff480da4bac4545eeb\",\"name\":\"Chantal Rolland\",\"image\":{\"@type\":\"ImageObject\",\"inLanguage\":\"fr-FR\",\"@id\":\"https:\/\/www.tepaseul-magazine.fr\/accueil\/#\/schema\/person\/image\/\",\"url\":\"https:\/\/secure.gravatar.com\/avatar\/a67dbe83e155eb41b8bc6c41ebcc8564?s=96&d=mm&r=g\",\"contentUrl\":\"https:\/\/secure.gravatar.com\/avatar\/a67dbe83e155eb41b8bc6c41ebcc8564?s=96&d=mm&r=g\",\"caption\":\"Chantal Rolland\"},\"url\":\"https:\/\/www.tepaseul-magazine.fr\/accueil\/author\/chantal-rolland\/\"}]}<\/script>\n<!-- \/ Yoast SEO plugin. -->","yoast_head_json":{"title":"EVENEMENT : POUR LA RENTREE, UN BILAN DE COMPETENCE ? - Tepaseul","robots":{"index":"index","follow":"follow","max-snippet":"max-snippet:-1","max-image-preview":"max-image-preview:large","max-video-preview":"max-video-preview:-1"},"canonical":"https:\/\/www.tepaseul-magazine.fr\/accueil\/evenement-pour-la-rentree-un-bilan-de-competence\/","og_locale":"fr_FR","og_type":"article","og_title":"EVENEMENT : POUR LA RENTREE, UN BILAN DE COMPETENCE ? - Tepaseul","og_description":"POUR LA RENTREE\u00a0: BILAN DE COMPETENCE \u00a0 \u00ab\u00a0La vie est une mission, pas une carri\u00e8re\u00a0\u00bb, Stephen R. Covey. Cette citation repr\u00e9sente l&rsquo;importance de vivre selon ses valeurs, et dans le domaine professionnel notamment, trouver un m\u00e9tier en phase avec celles-ci est la cl\u00e9 de l&rsquo;\u00e9panouissement....","og_url":"https:\/\/www.tepaseul-magazine.fr\/accueil\/evenement-pour-la-rentree-un-bilan-de-competence\/","og_site_name":"Tepaseul","article_published_time":"2023-08-31T09:34:06+00:00","article_modified_time":"2023-08-31T09:34:07+00:00","og_image":[{"width":2560,"height":1440,"url":"https:\/\/www.tepaseul-magazine.fr\/wp-content\/uploads\/2023\/07\/20170415_172650-scaled.jpg","type":"image\/jpeg"}],"author":"Chantal Rolland","schema":{"@context":"https:\/\/schema.org","@graph":[{"@type":"Article","@id":"https:\/\/www.tepaseul-magazine.fr\/accueil\/evenement-pour-la-rentree-un-bilan-de-competence\/#article","isPartOf":{"@id":"https:\/\/www.tepaseul-magazine.fr\/accueil\/evenement-pour-la-rentree-un-bilan-de-competence\/"},"author":{"name":"Chantal Rolland","@id":"https:\/\/www.tepaseul-magazine.fr\/accueil\/#\/schema\/person\/dd3827dc04f692ff480da4bac4545eeb"},"headline":"EVENEMENT : POUR LA RENTREE, UN BILAN DE COMPETENCE ?","datePublished":"2023-08-31T09:34:06+00:00","dateModified":"2023-08-31T09:34:07+00:00","mainEntityOfPage":{"@id":"https:\/\/www.tepaseul-magazine.fr\/accueil\/evenement-pour-la-rentree-un-bilan-de-competence\/"},"wordCount":422,"commentCount":0,"publisher":{"@id":"https:\/\/www.tepaseul-magazine.fr\/accueil\/#organization"},"articleSection":["\u00c9v\u00e9nements"],"inLanguage":"fr-FR","potentialAction":[{"@type":"CommentAction","name":"Comment","target":["https:\/\/www.tepaseul-magazine.fr\/accueil\/evenement-pour-la-rentree-un-bilan-de-competence\/#respond"]}]},{"@type":"WebPage","@id":"https:\/\/www.tepaseul-magazine.fr\/accueil\/evenement-pour-la-rentree-un-bilan-de-competence\/","url":"https:\/\/www.tepaseul-magazine.fr\/accueil\/evenement-pour-la-rentree-un-bilan-de-competence\/","name":"EVENEMENT : POUR LA RENTREE, UN BILAN DE COMPETENCE ? - Tepaseul","isPartOf":{"@id":"https:\/\/www.tepaseul-magazine.fr\/accueil\/#website"},"datePublished":"2023-08-31T09:34:06+00:00","dateModified":"2023-08-31T09:34:07+00:00","breadcrumb":{"@id":"https:\/\/www.tepaseul-magazine.fr\/accueil\/evenement-pour-la-rentree-un-bilan-de-competence\/#breadcrumb"},"inLanguage":"fr-FR","potentialAction":[{"@type":"ReadAction","target":["https:\/\/www.tepaseul-magazine.fr\/accueil\/evenement-pour-la-rentree-un-bilan-de-competence\/"]}]},{"@type":"BreadcrumbList","@id":"https:\/\/www.tepaseul-magazine.fr\/accueil\/evenement-pour-la-rentree-un-bilan-de-competence\/#breadcrumb","itemListElement":[{"@type":"ListItem","position":1,"name":"Home","item":"https:\/\/www.tepaseul-magazine.fr\/accueil\/"},{"@type":"ListItem","position":2,"name":"EVENEMENT : POUR LA RENTREE, UN BILAN DE COMPETENCE ?"}]},{"@type":"WebSite","@id":"https:\/\/www.tepaseul-magazine.fr\/accueil\/#website","url":"https:\/\/www.tepaseul-magazine.fr\/accueil\/","name":"Tepaseul","description":"Le Magazine des solibattants","publisher":{"@id":"https:\/\/www.tepaseul-magazine.fr\/accueil\/#organization"},"potentialAction":[{"@type":"SearchAction","target":{"@type":"EntryPoint","urlTemplate":"https:\/\/www.tepaseul-magazine.fr\/accueil\/?s={search_term_string}"},"query-input":"required name=search_term_string"}],"inLanguage":"fr-FR"},{"@type":"Organization","@id":"https:\/\/www.tepaseul-magazine.fr\/accueil\/#organization","name":"Tepaseul","url":"https:\/\/www.tepaseul-magazine.fr\/accueil\/","logo":{"@type":"ImageObject","inLanguage":"fr-FR","@id":"https:\/\/www.tepaseul-magazine.fr\/accueil\/#\/schema\/logo\/image\/","url":"https:\/\/www.tepaseul-magazine.fr\/wp-content\/uploads\/2014\/12\/logo_doublev2-noir.png","contentUrl":"https:\/\/www.tepaseul-magazine.fr\/wp-content\/uploads\/2014\/12\/logo_doublev2-noir.png","width":205,"height":51,"caption":"Tepaseul"},"image":{"@id":"https:\/\/www.tepaseul-magazine.fr\/accueil\/#\/schema\/logo\/image\/"}},{"@type":"Person","@id":"https:\/\/www.tepaseul-magazine.fr\/accueil\/#\/schema\/person\/dd3827dc04f692ff480da4bac4545eeb","name":"Chantal Rolland","image":{"@type":"ImageObject","inLanguage":"fr-FR","@id":"https:\/\/www.tepaseul-magazine.fr\/accueil\/#\/schema\/person\/image\/","url":"https:\/\/secure.gravatar.com\/avatar\/a67dbe83e155eb41b8bc6c41ebcc8564?s=96&d=mm&r=g","contentUrl":"https:\/\/secure.gravatar.com\/avatar\/a67dbe83e155eb41b8bc6c41ebcc8564?s=96&d=mm&r=g","caption":"Chantal Rolland"},"url":"https:\/\/www.tepaseul-magazine.fr\/accueil\/author\/chantal-rolland\/"}]}},"_links":{"self":[{"href":"https:\/\/www.tepaseul-magazine.fr\/accueil\/wp-json\/wp\/v2\/posts\/14070"}],"collection":[{"href":"https:\/\/www.tepaseul-magazine.fr\/accueil\/wp-json\/wp\/v2\/posts"}],"about":[{"href":"https:\/\/www.tepaseul-magazine.fr\/accueil\/wp-json\/wp\/v2\/types\/post"}],"author":[{"embeddable":true,"href":"https:\/\/www.tepaseul-magazine.fr\/accueil\/wp-json\/wp\/v2\/users\/2"}],"replies":[{"embeddable":true,"href":"https:\/\/www.tepaseul-magazine.fr\/accueil\/wp-json\/wp\/v2\/comments?post=14070"}],"version-history":[{"count":1,"href":"https:\/\/www.tepaseul-magazine.fr\/accueil\/wp-json\/wp\/v2\/posts\/14070\/revisions"}],"predecessor-version":[{"id":14071,"href":"https:\/\/www.tepaseul-magazine.fr\/accueil\/wp-json\/wp\/v2\/posts\/14070\/revisions\/14071"}],"wp:featuredmedia":[{"embeddable":true,"href":"https:\/\/www.tepaseul-magazine.fr\/accueil\/wp-json\/wp\/v2\/media\/14036"}],"wp:attachment":[{"href":"https:\/\/www.tepaseul-magazine.fr\/accueil\/wp-json\/wp\/v2\/media?parent=14070"}],"wp:term":[{"taxonomy":"category","embeddable":true,"href":"https:\/\/www.tepaseul-magazine.fr\/accueil\/wp-json\/wp\/v2\/categories?post=14070"},{"taxonomy":"post_tag","embeddable":true,"href":"https:\/\/www.tepaseul-magazine.fr\/accueil\/wp-json\/wp\/v2\/tags?post=14070"}],"curies":[{"name":"wp","href":"https:\/\/api.w.org\/{rel}","templated":true}]}}