{"id":14207,"date":"2024-06-14T15:02:47","date_gmt":"2024-06-14T14:02:47","guid":{"rendered":"https:\/\/www.tepaseul-magazine.fr\/accueil\/?p=14207"},"modified":"2024-06-14T15:07:10","modified_gmt":"2024-06-14T14:07:10","slug":"familles-confrontees-a-la-maladie-dalzheimer","status":"publish","type":"post","link":"https:\/\/www.tepaseul-magazine.fr\/accueil\/familles-confrontees-a-la-maladie-dalzheimer\/","title":{"rendered":"Familles confront\u00e9es a la maladie d&rsquo;Alzheimer"},"content":{"rendered":"\n<p>\u00a0<\/p>\n<table width=\"819\">\n<tbody>\n<tr>\n<td width=\"819\">\n<p>Familles\u00a0confront\u00e9es \u00e0 la maladie d&rsquo;Alzheimer,\u00a0 fl\u00e9au redout\u00e9 par neuf fran\u00e7ais sur dix\u00a0: <strong>Le Guide.<\/strong><\/p>\n<\/td>\n<\/tr>\n<tr>\n<td width=\"819\">\n<p>\u00a0<\/p>\n<\/td>\n<\/tr>\n<tr>\n<td width=\"819\">\n<p><em>La maladie d&rsquo;Alzheimer gagne du terrain. Chaque ann\u00e9e, 225<\/em>\u00a0<em>000 nouveaux cas<\/em> <em>sont diagnostiqu\u00e9s en France. Lorsqu&rsquo;elle\u00a0 survient, g\u00e9n\u00e9ralement avec l&rsquo;\u00e2ge, cette maladie an\u00e9antit et bouleverse la vie familiale dans son ensemble. A l&rsquo;approche de la <strong>Journ\u00e9e Mondiale Alzheimer le 21 septembre 2013<\/strong>,\u00a0<strong>Retraite Plus<\/strong>, organisme Gratuit sp\u00e9cialis\u00e9 dans l&rsquo;orientation en EHPAD, publie son nouveau guide complet \u00ab<\/em>\u00a0<strong><em>Vivre avec\u00a0 la maladie d&rsquo;Alzheimer<\/em><\/strong>\u00a0<em>\u00bb.<\/em><\/p>\n<\/td>\n<\/tr>\n<tr>\n<td width=\"819\">\n<p>\u00a0<\/p>\n<\/td>\n<\/tr>\n<tr>\n<td width=\"819\">\n<p>Ce livret de 56 pages, permet aux familles de mieux appr\u00e9hender cette maladie qui touche tout l&rsquo;entourage de la personne atteinte :<\/p>\n<\/td>\n<\/tr>\n<tr>\n<td width=\"819\">\n<p>\u00a0<\/p>\n<\/td>\n<\/tr>\n<tr>\n<td width=\"819\">\n<p>&#8211;\u00a0\u00a0\u00a0\u00a0\u00a0\u00a0\u00a0 <strong>Quand et comment diagnostiquer<\/strong>\u00a0<strong>la maladie?<\/strong><\/p>\n<\/td>\n<\/tr>\n<tr>\n<td width=\"819\">\n<p>\u00a0<\/p>\n<\/td>\n<\/tr>\n<tr>\n<td width=\"819\">\n<p>La Haute Autorit\u00e9 de Sant\u00e9 recommande un diagnostic imm\u00e9diat d\u00e8s l&rsquo;apparition des premiers troubles s&rsquo;apparentant \u00e0 la maladie d&rsquo;Alzheimer. Ce diagnostic doit \u00eatre \u00e9tabli par le neurologue, g\u00e9riatre ou psychiatre en bin\u00f4me avec le m\u00e9decin traitant, et son annonce, apr\u00e8s plusieurs examens,\u00a0 est souvent v\u00e9cue de mani\u00e8re traumatisante.<\/p>\n<\/td>\n<\/tr>\n<tr>\n<td width=\"819\">\n<p>\u00a0<\/p>\n<\/td>\n<\/tr>\n<tr>\n<td width=\"819\">\n<p>&#8211;\u00a0\u00a0\u00a0\u00a0\u00a0\u00a0\u00a0 <strong>Connaitre la maladie et la comprendre<\/strong><\/p>\n<\/td>\n<\/tr>\n<tr>\n<td width=\"819\">\n<p>\u00a0<\/p>\n<\/td>\n<\/tr>\n<tr>\n<td width=\"819\">\n<p>Autrefois appel\u00e9e \u00ab La maladie de la m\u00e9moire\u00a0\u00bb, Alzheimer est une affection neuro-d\u00e9g\u00e9n\u00e9rative qui se caract\u00e9rise effectivement par des pertes de m\u00e9moire dans un premier temps, et qui entraine lentement et progressivement des troubles du raisonnement, du langage, du comportement et de l&rsquo;orientation.<\/p>\n<\/td>\n<\/tr>\n<tr>\n<td width=\"819\">\n<p>\u00a0<\/p>\n<\/td>\n<\/tr>\n<tr>\n<td width=\"819\">\n<p>&#8211;\u00a0\u00a0\u00a0\u00a0\u00a0\u00a0\u00a0 <strong>Prise en charge du malade<\/strong>\u00a0<strong>: les diff\u00e9rentes structures d&rsquo;accueil<\/strong><\/p>\n<\/td>\n<\/tr>\n<tr>\n<td width=\"819\">\n<p>\u00a0<\/p>\n<\/td>\n<\/tr>\n<tr>\n<td width=\"819\">\n<p>Parce que la maladie d&rsquo;Alzheimer est \u00e9volutive, il convient d&rsquo;apporter \u00e0 chaque stade, une prise en charge sp\u00e9cifique et adapt\u00e9e. Le guide Alzheimer fait un tour d&rsquo;horizon des structures existantes pour ces malades, et d&rsquo;autres dispositifs tels les groupes de parole ou encore unsoutien psychologique appropri\u00e9.<\/p>\n<\/td>\n<\/tr>\n<tr>\n<td width=\"819\">\n<p>\u00a0<\/p>\n<\/td>\n<\/tr>\n<tr>\n<td width=\"819\">\n<p>&#8211;\u00a0\u00a0\u00a0\u00a0\u00a0\u00a0\u00a0 <strong>Le r\u00f4le primordial de l&rsquo;aidant<\/strong>\u00a0<\/p>\n<\/td>\n<\/tr>\n<tr>\n<td width=\"819\">\n<p>\u00a0<\/p>\n<\/td>\n<\/tr>\n<tr>\n<td width=\"819\">\n<p>Vivre aux c\u00f4t\u00e9s d&rsquo;une personne malade est toujours une \u00e9preuve. Des conseils utiles recens\u00e9s dans cette brochure, permettent de mieux g\u00e9rer le quotidien et d&rsquo;aborder la situation de mani\u00e8re plus confiante et souvent avec davantage d&rsquo;indulgence.<\/p>\n<\/td>\n<\/tr>\n<tr>\n<td width=\"819\">\n<p>\u00a0<\/p>\n<\/td>\n<\/tr>\n<tr>\n<td width=\"819\">\n<p>&#8211;\u00a0\u00a0\u00a0\u00a0\u00a0\u00a0\u00a0 <strong>Les aides sociales<\/strong><\/p>\n<\/td>\n<\/tr>\n<tr>\n<td width=\"819\">\n<p>\u00a0<\/p>\n<\/td>\n<\/tr>\n<tr>\n<td width=\"819\">\n<p>Un panel d&rsquo;aides sociales, fiscales et juridiques \u00e0 destination des malades Alzheimer et de leur famille est r\u00e9f\u00e9renc\u00e9\u00a0: Allocation personnalis\u00e9e d&rsquo;autonomie, carte d&rsquo;invalidit\u00e9, aides m\u00e9nag\u00e8res ou encore livraison des repas&#8230;Pour en b\u00e9n\u00e9ficier, les familles peuvent se faire accompagner gratuitement dans leurs d\u00e9marches par les conseillers en g\u00e9rontologie de Retraite Plus.<\/p>\n<\/td>\n<\/tr>\n<tr>\n<td width=\"819\">\n<p>\u00a0<\/p>\n<\/td>\n<\/tr>\n<tr>\n<td width=\"819\">\n<p>\u00ab\u00a0<strong>Vivre avec la maladie d&rsquo;Alzheimer<\/strong>\u00a0\u00bb traite \u00e9galement du degr\u00e9 d&rsquo;efficacit\u00e9 des traitements actuels, des facteurs de risque de d\u00e9veloppement de la maladie et des pistes de pr\u00e9vention, de la formation sp\u00e9ciale \u00ab Aidant-Alzheimer\u00a0\u00bb, de la tendance des malades \u00e0 fuguer, etc.<\/p>\n<\/td>\n<\/tr>\n<tr>\n<td width=\"819\">\n<p>\u00a0<\/p>\n<\/td>\n<\/tr>\n<tr>\n<td width=\"819\">\n<p>\u00a0<\/p>\n<\/td>\n<\/tr>\n<tr>\n<td width=\"819\">\n<p>\u00a0<\/p>\n<\/td>\n<\/tr>\n<tr>\n<td width=\"819\">\n<p>Contact Presse\u00a0: Alexandra SAGHROUN\u00a0: 01 80 40 00 26 &#8211;\u00a0 <u>alexandra.s@retraiteplus.fr<\/u>\u2028\u00a0\u00a0\u00a0\u00a0\u00a0\u00a0\u00a0\u00a0\u00a0\u00a0\u00a0\u00a0\u00a0\u00a0\u00a0\u00a0\u00a0\u00a0\u00a0\u00a0\u00a0\u00a0\u00a0\u00a0\u00a0\u00a0Jacques ALBERT\u00a0 \u00a0 \u00a0 \u00a0 \u00a0 \u00a0\u00a0: 01 80 40 00 21 &#8211;\u00a0<u><a href=\"mailto:jacques.a@retraiteplus.fr\">jacques.a@retraiteplus.fr<\/a><\/u><\/p>\n<\/td>\n<\/tr>\n<tr>\n<td width=\"819\">\n<p><a href=\"http:\/\/www.retraiteplus.fr\/\"><strong><u>www.retraiteplus.fr<\/u><\/strong><\/a><\/p>\n<\/td>\n<\/tr>\n<tr>\n<td width=\"819\">\n<p>\u00a0<\/p>\n<\/td>\n<\/tr>\n<\/tbody>\n<\/table>\n<p>\u00a0<\/p>\n","protected":false},"excerpt":{"rendered":"<p>\u00a0 Familles\u00a0confront\u00e9es \u00e0 la maladie d&rsquo;Alzheimer,\u00a0 fl\u00e9au redout\u00e9 par neuf fran\u00e7ais sur dix\u00a0: Le Guide. \u00a0 La maladie d&rsquo;Alzheimer gagne du terrain. Chaque ann\u00e9e, 225\u00a0000 nouveaux cas sont diagnostiqu\u00e9s en France. Lorsqu&rsquo;elle\u00a0 survient, g\u00e9n\u00e9ralement avec l&rsquo;\u00e2ge, cette maladie an\u00e9antit et bouleverse la vie familiale dans&#8230;<\/p>\n","protected":false},"author":2,"featured_media":13830,"comment_status":"open","ping_status":"open","sticky":false,"template":"","format":"standard","meta":{"footnotes":""},"categories":[50,51],"tags":[],"yoast_head":"<!-- This site is optimized with the Yoast SEO plugin v21.9.1 - https:\/\/yoast.com\/wordpress\/plugins\/seo\/ -->\n<title>Familles confront\u00e9es a la maladie d&#039;Alzheimer - Tepaseul<\/title>\n<meta name=\"robots\" content=\"index, follow, max-snippet:-1, max-image-preview:large, max-video-preview:-1\" \/>\n<link rel=\"canonical\" href=\"https:\/\/www.tepaseul-magazine.fr\/accueil\/familles-confrontees-a-la-maladie-dalzheimer\/\" \/>\n<meta property=\"og:locale\" content=\"fr_FR\" \/>\n<meta property=\"og:type\" content=\"article\" \/>\n<meta property=\"og:title\" content=\"Familles confront\u00e9es a la maladie d&#039;Alzheimer - Tepaseul\" \/>\n<meta property=\"og:description\" content=\"\u00a0 Familles\u00a0confront\u00e9es \u00e0 la maladie d&rsquo;Alzheimer,\u00a0 fl\u00e9au redout\u00e9 par neuf fran\u00e7ais sur dix\u00a0: Le Guide. \u00a0 La maladie d&rsquo;Alzheimer gagne du terrain. Chaque ann\u00e9e, 225\u00a0000 nouveaux cas sont diagnostiqu\u00e9s en France. Lorsqu&rsquo;elle\u00a0 survient, g\u00e9n\u00e9ralement avec l&rsquo;\u00e2ge, cette maladie an\u00e9antit et bouleverse la vie familiale dans...\" \/>\n<meta property=\"og:url\" content=\"https:\/\/www.tepaseul-magazine.fr\/accueil\/familles-confrontees-a-la-maladie-dalzheimer\/\" \/>\n<meta property=\"og:site_name\" content=\"Tepaseul\" \/>\n<meta property=\"article:published_time\" content=\"2024-06-14T14:02:47+00:00\" \/>\n<meta property=\"article:modified_time\" content=\"2024-06-14T14:07:10+00:00\" \/>\n<meta property=\"og:image\" content=\"https:\/\/www.tepaseul-magazine.fr\/wp-content\/uploads\/2022\/06\/coq-IMG_0011-hres-1024x768.jpg\" \/>\n\t<meta property=\"og:image:width\" content=\"1024\" \/>\n\t<meta property=\"og:image:height\" content=\"768\" \/>\n\t<meta property=\"og:image:type\" content=\"image\/jpeg\" \/>\n<meta name=\"author\" content=\"Chantal Rolland\" \/>\n<script type=\"application\/ld+json\" class=\"yoast-schema-graph\">{\"@context\":\"https:\/\/schema.org\",\"@graph\":[{\"@type\":\"Article\",\"@id\":\"https:\/\/www.tepaseul-magazine.fr\/accueil\/familles-confrontees-a-la-maladie-dalzheimer\/#article\",\"isPartOf\":{\"@id\":\"https:\/\/www.tepaseul-magazine.fr\/accueil\/familles-confrontees-a-la-maladie-dalzheimer\/\"},\"author\":{\"name\":\"Chantal Rolland\",\"@id\":\"https:\/\/www.tepaseul-magazine.fr\/accueil\/#\/schema\/person\/dd3827dc04f692ff480da4bac4545eeb\"},\"headline\":\"Familles confront\u00e9es a la maladie d&rsquo;Alzheimer\",\"datePublished\":\"2024-06-14T14:02:47+00:00\",\"dateModified\":\"2024-06-14T14:07:10+00:00\",\"mainEntityOfPage\":{\"@id\":\"https:\/\/www.tepaseul-magazine.fr\/accueil\/familles-confrontees-a-la-maladie-dalzheimer\/\"},\"wordCount\":459,\"commentCount\":0,\"publisher\":{\"@id\":\"https:\/\/www.tepaseul-magazine.fr\/accueil\/#organization\"},\"articleSection\":[\"Connaissance de soi\",\"Techniques\"],\"inLanguage\":\"fr-FR\",\"potentialAction\":[{\"@type\":\"CommentAction\",\"name\":\"Comment\",\"target\":[\"https:\/\/www.tepaseul-magazine.fr\/accueil\/familles-confrontees-a-la-maladie-dalzheimer\/#respond\"]}]},{\"@type\":\"WebPage\",\"@id\":\"https:\/\/www.tepaseul-magazine.fr\/accueil\/familles-confrontees-a-la-maladie-dalzheimer\/\",\"url\":\"https:\/\/www.tepaseul-magazine.fr\/accueil\/familles-confrontees-a-la-maladie-dalzheimer\/\",\"name\":\"Familles confront\u00e9es a la maladie d'Alzheimer - Tepaseul\",\"isPartOf\":{\"@id\":\"https:\/\/www.tepaseul-magazine.fr\/accueil\/#website\"},\"datePublished\":\"2024-06-14T14:02:47+00:00\",\"dateModified\":\"2024-06-14T14:07:10+00:00\",\"breadcrumb\":{\"@id\":\"https:\/\/www.tepaseul-magazine.fr\/accueil\/familles-confrontees-a-la-maladie-dalzheimer\/#breadcrumb\"},\"inLanguage\":\"fr-FR\",\"potentialAction\":[{\"@type\":\"ReadAction\",\"target\":[\"https:\/\/www.tepaseul-magazine.fr\/accueil\/familles-confrontees-a-la-maladie-dalzheimer\/\"]}]},{\"@type\":\"BreadcrumbList\",\"@id\":\"https:\/\/www.tepaseul-magazine.fr\/accueil\/familles-confrontees-a-la-maladie-dalzheimer\/#breadcrumb\",\"itemListElement\":[{\"@type\":\"ListItem\",\"position\":1,\"name\":\"Home\",\"item\":\"https:\/\/www.tepaseul-magazine.fr\/accueil\/\"},{\"@type\":\"ListItem\",\"position\":2,\"name\":\"Familles confront\u00e9es a la maladie d&rsquo;Alzheimer\"}]},{\"@type\":\"WebSite\",\"@id\":\"https:\/\/www.tepaseul-magazine.fr\/accueil\/#website\",\"url\":\"https:\/\/www.tepaseul-magazine.fr\/accueil\/\",\"name\":\"Tepaseul\",\"description\":\"Le Magazine des solibattants\",\"publisher\":{\"@id\":\"https:\/\/www.tepaseul-magazine.fr\/accueil\/#organization\"},\"potentialAction\":[{\"@type\":\"SearchAction\",\"target\":{\"@type\":\"EntryPoint\",\"urlTemplate\":\"https:\/\/www.tepaseul-magazine.fr\/accueil\/?s={search_term_string}\"},\"query-input\":\"required name=search_term_string\"}],\"inLanguage\":\"fr-FR\"},{\"@type\":\"Organization\",\"@id\":\"https:\/\/www.tepaseul-magazine.fr\/accueil\/#organization\",\"name\":\"Tepaseul\",\"url\":\"https:\/\/www.tepaseul-magazine.fr\/accueil\/\",\"logo\":{\"@type\":\"ImageObject\",\"inLanguage\":\"fr-FR\",\"@id\":\"https:\/\/www.tepaseul-magazine.fr\/accueil\/#\/schema\/logo\/image\/\",\"url\":\"https:\/\/www.tepaseul-magazine.fr\/wp-content\/uploads\/2014\/12\/logo_doublev2-noir.png\",\"contentUrl\":\"https:\/\/www.tepaseul-magazine.fr\/wp-content\/uploads\/2014\/12\/logo_doublev2-noir.png\",\"width\":205,\"height\":51,\"caption\":\"Tepaseul\"},\"image\":{\"@id\":\"https:\/\/www.tepaseul-magazine.fr\/accueil\/#\/schema\/logo\/image\/\"}},{\"@type\":\"Person\",\"@id\":\"https:\/\/www.tepaseul-magazine.fr\/accueil\/#\/schema\/person\/dd3827dc04f692ff480da4bac4545eeb\",\"name\":\"Chantal Rolland\",\"image\":{\"@type\":\"ImageObject\",\"inLanguage\":\"fr-FR\",\"@id\":\"https:\/\/www.tepaseul-magazine.fr\/accueil\/#\/schema\/person\/image\/\",\"url\":\"https:\/\/secure.gravatar.com\/avatar\/a67dbe83e155eb41b8bc6c41ebcc8564?s=96&d=mm&r=g\",\"contentUrl\":\"https:\/\/secure.gravatar.com\/avatar\/a67dbe83e155eb41b8bc6c41ebcc8564?s=96&d=mm&r=g\",\"caption\":\"Chantal Rolland\"},\"url\":\"https:\/\/www.tepaseul-magazine.fr\/accueil\/author\/chantal-rolland\/\"}]}<\/script>\n<!-- \/ Yoast SEO plugin. -->","yoast_head_json":{"title":"Familles confront\u00e9es a la maladie d'Alzheimer - Tepaseul","robots":{"index":"index","follow":"follow","max-snippet":"max-snippet:-1","max-image-preview":"max-image-preview:large","max-video-preview":"max-video-preview:-1"},"canonical":"https:\/\/www.tepaseul-magazine.fr\/accueil\/familles-confrontees-a-la-maladie-dalzheimer\/","og_locale":"fr_FR","og_type":"article","og_title":"Familles confront\u00e9es a la maladie d'Alzheimer - Tepaseul","og_description":"\u00a0 Familles\u00a0confront\u00e9es \u00e0 la maladie d&rsquo;Alzheimer,\u00a0 fl\u00e9au redout\u00e9 par neuf fran\u00e7ais sur dix\u00a0: Le Guide. \u00a0 La maladie d&rsquo;Alzheimer gagne du terrain. Chaque ann\u00e9e, 225\u00a0000 nouveaux cas sont diagnostiqu\u00e9s en France. Lorsqu&rsquo;elle\u00a0 survient, g\u00e9n\u00e9ralement avec l&rsquo;\u00e2ge, cette maladie an\u00e9antit et bouleverse la vie familiale dans...","og_url":"https:\/\/www.tepaseul-magazine.fr\/accueil\/familles-confrontees-a-la-maladie-dalzheimer\/","og_site_name":"Tepaseul","article_published_time":"2024-06-14T14:02:47+00:00","article_modified_time":"2024-06-14T14:07:10+00:00","og_image":[{"width":1024,"height":768,"url":"https:\/\/www.tepaseul-magazine.fr\/wp-content\/uploads\/2022\/06\/coq-IMG_0011-hres-1024x768.jpg","type":"image\/jpeg"}],"author":"Chantal Rolland","schema":{"@context":"https:\/\/schema.org","@graph":[{"@type":"Article","@id":"https:\/\/www.tepaseul-magazine.fr\/accueil\/familles-confrontees-a-la-maladie-dalzheimer\/#article","isPartOf":{"@id":"https:\/\/www.tepaseul-magazine.fr\/accueil\/familles-confrontees-a-la-maladie-dalzheimer\/"},"author":{"name":"Chantal Rolland","@id":"https:\/\/www.tepaseul-magazine.fr\/accueil\/#\/schema\/person\/dd3827dc04f692ff480da4bac4545eeb"},"headline":"Familles confront\u00e9es a la maladie d&rsquo;Alzheimer","datePublished":"2024-06-14T14:02:47+00:00","dateModified":"2024-06-14T14:07:10+00:00","mainEntityOfPage":{"@id":"https:\/\/www.tepaseul-magazine.fr\/accueil\/familles-confrontees-a-la-maladie-dalzheimer\/"},"wordCount":459,"commentCount":0,"publisher":{"@id":"https:\/\/www.tepaseul-magazine.fr\/accueil\/#organization"},"articleSection":["Connaissance de soi","Techniques"],"inLanguage":"fr-FR","potentialAction":[{"@type":"CommentAction","name":"Comment","target":["https:\/\/www.tepaseul-magazine.fr\/accueil\/familles-confrontees-a-la-maladie-dalzheimer\/#respond"]}]},{"@type":"WebPage","@id":"https:\/\/www.tepaseul-magazine.fr\/accueil\/familles-confrontees-a-la-maladie-dalzheimer\/","url":"https:\/\/www.tepaseul-magazine.fr\/accueil\/familles-confrontees-a-la-maladie-dalzheimer\/","name":"Familles confront\u00e9es a la maladie d'Alzheimer - Tepaseul","isPartOf":{"@id":"https:\/\/www.tepaseul-magazine.fr\/accueil\/#website"},"datePublished":"2024-06-14T14:02:47+00:00","dateModified":"2024-06-14T14:07:10+00:00","breadcrumb":{"@id":"https:\/\/www.tepaseul-magazine.fr\/accueil\/familles-confrontees-a-la-maladie-dalzheimer\/#breadcrumb"},"inLanguage":"fr-FR","potentialAction":[{"@type":"ReadAction","target":["https:\/\/www.tepaseul-magazine.fr\/accueil\/familles-confrontees-a-la-maladie-dalzheimer\/"]}]},{"@type":"BreadcrumbList","@id":"https:\/\/www.tepaseul-magazine.fr\/accueil\/familles-confrontees-a-la-maladie-dalzheimer\/#breadcrumb","itemListElement":[{"@type":"ListItem","position":1,"name":"Home","item":"https:\/\/www.tepaseul-magazine.fr\/accueil\/"},{"@type":"ListItem","position":2,"name":"Familles confront\u00e9es a la maladie d&rsquo;Alzheimer"}]},{"@type":"WebSite","@id":"https:\/\/www.tepaseul-magazine.fr\/accueil\/#website","url":"https:\/\/www.tepaseul-magazine.fr\/accueil\/","name":"Tepaseul","description":"Le Magazine des solibattants","publisher":{"@id":"https:\/\/www.tepaseul-magazine.fr\/accueil\/#organization"},"potentialAction":[{"@type":"SearchAction","target":{"@type":"EntryPoint","urlTemplate":"https:\/\/www.tepaseul-magazine.fr\/accueil\/?s={search_term_string}"},"query-input":"required name=search_term_string"}],"inLanguage":"fr-FR"},{"@type":"Organization","@id":"https:\/\/www.tepaseul-magazine.fr\/accueil\/#organization","name":"Tepaseul","url":"https:\/\/www.tepaseul-magazine.fr\/accueil\/","logo":{"@type":"ImageObject","inLanguage":"fr-FR","@id":"https:\/\/www.tepaseul-magazine.fr\/accueil\/#\/schema\/logo\/image\/","url":"https:\/\/www.tepaseul-magazine.fr\/wp-content\/uploads\/2014\/12\/logo_doublev2-noir.png","contentUrl":"https:\/\/www.tepaseul-magazine.fr\/wp-content\/uploads\/2014\/12\/logo_doublev2-noir.png","width":205,"height":51,"caption":"Tepaseul"},"image":{"@id":"https:\/\/www.tepaseul-magazine.fr\/accueil\/#\/schema\/logo\/image\/"}},{"@type":"Person","@id":"https:\/\/www.tepaseul-magazine.fr\/accueil\/#\/schema\/person\/dd3827dc04f692ff480da4bac4545eeb","name":"Chantal Rolland","image":{"@type":"ImageObject","inLanguage":"fr-FR","@id":"https:\/\/www.tepaseul-magazine.fr\/accueil\/#\/schema\/person\/image\/","url":"https:\/\/secure.gravatar.com\/avatar\/a67dbe83e155eb41b8bc6c41ebcc8564?s=96&d=mm&r=g","contentUrl":"https:\/\/secure.gravatar.com\/avatar\/a67dbe83e155eb41b8bc6c41ebcc8564?s=96&d=mm&r=g","caption":"Chantal Rolland"},"url":"https:\/\/www.tepaseul-magazine.fr\/accueil\/author\/chantal-rolland\/"}]}},"_links":{"self":[{"href":"https:\/\/www.tepaseul-magazine.fr\/accueil\/wp-json\/wp\/v2\/posts\/14207"}],"collection":[{"href":"https:\/\/www.tepaseul-magazine.fr\/accueil\/wp-json\/wp\/v2\/posts"}],"about":[{"href":"https:\/\/www.tepaseul-magazine.fr\/accueil\/wp-json\/wp\/v2\/types\/post"}],"author":[{"embeddable":true,"href":"https:\/\/www.tepaseul-magazine.fr\/accueil\/wp-json\/wp\/v2\/users\/2"}],"replies":[{"embeddable":true,"href":"https:\/\/www.tepaseul-magazine.fr\/accueil\/wp-json\/wp\/v2\/comments?post=14207"}],"version-history":[{"count":1,"href":"https:\/\/www.tepaseul-magazine.fr\/accueil\/wp-json\/wp\/v2\/posts\/14207\/revisions"}],"predecessor-version":[{"id":14208,"href":"https:\/\/www.tepaseul-magazine.fr\/accueil\/wp-json\/wp\/v2\/posts\/14207\/revisions\/14208"}],"wp:featuredmedia":[{"embeddable":true,"href":"https:\/\/www.tepaseul-magazine.fr\/accueil\/wp-json\/wp\/v2\/media\/13830"}],"wp:attachment":[{"href":"https:\/\/www.tepaseul-magazine.fr\/accueil\/wp-json\/wp\/v2\/media?parent=14207"}],"wp:term":[{"taxonomy":"category","embeddable":true,"href":"https:\/\/www.tepaseul-magazine.fr\/accueil\/wp-json\/wp\/v2\/categories?post=14207"},{"taxonomy":"post_tag","embeddable":true,"href":"https:\/\/www.tepaseul-magazine.fr\/accueil\/wp-json\/wp\/v2\/tags?post=14207"}],"curies":[{"name":"wp","href":"https:\/\/api.w.org\/{rel}","templated":true}]}}