{"id":14447,"date":"2025-12-08T10:42:18","date_gmt":"2025-12-08T09:42:18","guid":{"rendered":"https:\/\/www.tepaseul-magazine.fr\/accueil\/?p=14447"},"modified":"2025-12-08T10:42:18","modified_gmt":"2025-12-08T09:42:18","slug":"sante-maladie-dalzeimer","status":"publish","type":"post","link":"https:\/\/www.tepaseul-magazine.fr\/accueil\/sante-maladie-dalzeimer\/","title":{"rendered":"SANTE : MALADIE D&rsquo;ALZEIMER"},"content":{"rendered":"\n<table style=\"font-weight: 400;\" width=\"819\">\n<tbody>\n<tr>\n<td width=\"819\">\n<p>Familles\u00a0confront\u00e9es \u00e0 la maladie d&rsquo;Alzheimer,\u00a0 fl\u00e9au redout\u00e9 par neuf fran\u00e7ais sur dix\u00a0:<\/p>\n<\/td>\n<\/tr>\n<tr>\n<td width=\"819\">\n<p>\u00a0<\/p>\n<\/td>\n<\/tr>\n<tr>\n<td width=\"819\">\n<p>&#8211;\u00a0\u00a0\u00a0\u00a0\u00a0\u00a0\u00a0 <strong>Quand et comment diagnostiquer<\/strong>\u00a0<strong>la maladie?<\/strong><\/p>\n<\/td>\n<\/tr>\n<tr>\n<td width=\"819\">\n<p>\u00a0<\/p>\n<\/td>\n<\/tr>\n<tr>\n<td width=\"819\">\n<p>La Haute Autorit\u00e9 de Sant\u00e9 recommande un diagnostic imm\u00e9diat d\u00e8s l&rsquo;apparition des premiers troubles s&rsquo;apparentant \u00e0 la maladie d&rsquo;Alzheimer. Ce diagnostic doit \u00eatre \u00e9tabli par le neurologue, g\u00e9riatre ou psychiatre en bin\u00f4me avec le m\u00e9decin traitant, et son annonce, apr\u00e8s plusieurs examens,\u00a0 est souvent v\u00e9cue de mani\u00e8re traumatisante.<\/p>\n<\/td>\n<\/tr>\n<tr>\n<td width=\"819\">\n<p>\u00a0<\/p>\n<\/td>\n<\/tr>\n<tr>\n<td width=\"819\">\n<p>&#8211;\u00a0\u00a0\u00a0\u00a0\u00a0\u00a0\u00a0 <strong>Connaitre la maladie et la comprendre<\/strong><\/p>\n<\/td>\n<\/tr>\n<tr>\n<td width=\"819\">\n<p>\u00a0<\/p>\n<\/td>\n<\/tr>\n<tr>\n<td width=\"819\">\n<p>Autrefois appel\u00e9e \u00ab La maladie de la m\u00e9moire\u00a0\u00bb, Alzheimer est une affection neuro-d\u00e9g\u00e9n\u00e9rative qui se caract\u00e9rise effectivement par des pertes de m\u00e9moire dans un premier temps, et qui entraine lentement et progressivement des troubles du raisonnement, du langage, du comportement et de l&rsquo;orientation.<\/p>\n<\/td>\n<\/tr>\n<tr>\n<td width=\"819\">\n<p>\u00a0<\/p>\n<\/td>\n<\/tr>\n<tr>\n<td width=\"819\">\n<p>&#8211;\u00a0\u00a0\u00a0\u00a0\u00a0\u00a0\u00a0 <strong>Prise en charge du malade<\/strong>\u00a0<strong>: les diff\u00e9rentes structures d&rsquo;accueil<\/strong><\/p>\n<\/td>\n<\/tr>\n<tr>\n<td width=\"819\">\n<p>\u00a0<\/p>\n<\/td>\n<\/tr>\n<tr>\n<td width=\"819\">\n<p>Parce que la maladie d&rsquo;Alzheimer est \u00e9volutive, il convient d&rsquo;apporter \u00e0 chaque stade, une prise en charge sp\u00e9cifique et adapt\u00e9e. Le guide Alzheimer fait un tour d&rsquo;horizon des structures existantes pour ces malades, et d&rsquo;autres dispositifs tels les groupes de parole ou encore unsoutien psychologique appropri\u00e9.<\/p>\n<\/td>\n<\/tr>\n<tr>\n<td width=\"819\">\n<p>\u00a0<\/p>\n<\/td>\n<\/tr>\n<tr>\n<td width=\"819\">\n<p>&#8211;\u00a0\u00a0\u00a0\u00a0\u00a0\u00a0\u00a0 <strong>Le r\u00f4le primordial de l&rsquo;aidant<\/strong>\u00a0<\/p>\n<\/td>\n<\/tr>\n<tr>\n<td width=\"819\">\n<p>\u00a0<\/p>\n<\/td>\n<\/tr>\n<tr>\n<td width=\"819\">\n<p>Vivre aux c\u00f4t\u00e9s d&rsquo;une personne malade est toujours une \u00e9preuve. Des conseils utiles recens\u00e9s dans cette brochure, permettent de mieux g\u00e9rer le quotidien et d&rsquo;aborder la situation de mani\u00e8re plus confiante et souvent avec davantage d&rsquo;indulgence.<\/p>\n<\/td>\n<\/tr>\n<tr>\n<td width=\"819\">\n<p>\u00a0<\/p>\n<\/td>\n<\/tr>\n<tr>\n<td width=\"819\">\n<p>&#8211;\u00a0\u00a0\u00a0\u00a0\u00a0\u00a0\u00a0 <strong>Les aides sociales<\/strong><\/p>\n<\/td>\n<\/tr>\n<tr>\n<td width=\"819\">\n<p>\u00a0<\/p>\n<\/td>\n<\/tr>\n<tr>\n<td width=\"819\">\n<p>Un panel d&rsquo;aides sociales, fiscales et juridiques \u00e0 destination des malades Alzheimer et de leur famille est r\u00e9f\u00e9renc\u00e9\u00a0: Allocation personnalis\u00e9e d&rsquo;autonomie, carte d&rsquo;invalidit\u00e9, aides m\u00e9nag\u00e8res ou encore livraison des repas&#8230;Pour en b\u00e9n\u00e9ficier, les familles peuvent se faire accompagner gratuitement dans leurs d\u00e9marches par les conseillers en g\u00e9rontologie de Retraite Plus.<\/p>\n<\/td>\n<\/tr>\n<tr>\n<td width=\"819\">\n<p>\u00a0<\/p>\n<\/td>\n<\/tr>\n<\/tbody>\n<\/table>\n<p style=\"font-weight: 400;\">\u00a0<\/p>\n","protected":false},"excerpt":{"rendered":"<p>Familles\u00a0confront\u00e9es \u00e0 la maladie d&rsquo;Alzheimer,\u00a0 fl\u00e9au redout\u00e9 par neuf fran\u00e7ais sur dix\u00a0: \u00a0 &#8211;\u00a0\u00a0\u00a0\u00a0\u00a0\u00a0\u00a0 Quand et comment diagnostiquer\u00a0la maladie? \u00a0 La Haute Autorit\u00e9 de Sant\u00e9 recommande un diagnostic imm\u00e9diat d\u00e8s l&rsquo;apparition des premiers troubles s&rsquo;apparentant \u00e0 la maladie d&rsquo;Alzheimer. Ce diagnostic doit \u00eatre \u00e9tabli par&#8230;<\/p>\n","protected":false},"author":2,"featured_media":13662,"comment_status":"open","ping_status":"open","sticky":false,"template":"","format":"standard","meta":{"footnotes":""},"categories":[55,54],"tags":[],"yoast_head":"<!-- This site is optimized with the Yoast SEO plugin v21.9.1 - https:\/\/yoast.com\/wordpress\/plugins\/seo\/ -->\n<title>SANTE : MALADIE D&#039;ALZEIMER - Tepaseul<\/title>\n<meta name=\"robots\" content=\"index, follow, max-snippet:-1, max-image-preview:large, max-video-preview:-1\" \/>\n<link rel=\"canonical\" href=\"https:\/\/www.tepaseul-magazine.fr\/accueil\/sante-maladie-dalzeimer\/\" \/>\n<meta property=\"og:locale\" content=\"fr_FR\" \/>\n<meta property=\"og:type\" content=\"article\" \/>\n<meta property=\"og:title\" content=\"SANTE : MALADIE D&#039;ALZEIMER - Tepaseul\" \/>\n<meta property=\"og:description\" content=\"Familles\u00a0confront\u00e9es \u00e0 la maladie d&rsquo;Alzheimer,\u00a0 fl\u00e9au redout\u00e9 par neuf fran\u00e7ais sur dix\u00a0: \u00a0 &#8211;\u00a0\u00a0\u00a0\u00a0\u00a0\u00a0\u00a0 Quand et comment diagnostiquer\u00a0la maladie? \u00a0 La Haute Autorit\u00e9 de Sant\u00e9 recommande un diagnostic imm\u00e9diat d\u00e8s l&rsquo;apparition des premiers troubles s&rsquo;apparentant \u00e0 la maladie d&rsquo;Alzheimer. Ce diagnostic doit \u00eatre \u00e9tabli par...\" \/>\n<meta property=\"og:url\" content=\"https:\/\/www.tepaseul-magazine.fr\/accueil\/sante-maladie-dalzeimer\/\" \/>\n<meta property=\"og:site_name\" content=\"Tepaseul\" \/>\n<meta property=\"article:published_time\" content=\"2025-12-08T09:42:18+00:00\" \/>\n<meta property=\"og:image\" content=\"https:\/\/www.tepaseul-magazine.fr\/wp-content\/uploads\/2021\/11\/images-2.jpeg\" \/>\n\t<meta property=\"og:image:width\" content=\"260\" \/>\n\t<meta property=\"og:image:height\" content=\"194\" \/>\n\t<meta property=\"og:image:type\" content=\"image\/jpeg\" \/>\n<meta name=\"author\" content=\"Chantal Rolland\" \/>\n<script type=\"application\/ld+json\" class=\"yoast-schema-graph\">{\"@context\":\"https:\/\/schema.org\",\"@graph\":[{\"@type\":\"Article\",\"@id\":\"https:\/\/www.tepaseul-magazine.fr\/accueil\/sante-maladie-dalzeimer\/#article\",\"isPartOf\":{\"@id\":\"https:\/\/www.tepaseul-magazine.fr\/accueil\/sante-maladie-dalzeimer\/\"},\"author\":{\"name\":\"Chantal Rolland\",\"@id\":\"https:\/\/www.tepaseul-magazine.fr\/accueil\/#\/schema\/person\/dd3827dc04f692ff480da4bac4545eeb\"},\"headline\":\"SANTE : MALADIE D&rsquo;ALZEIMER\",\"datePublished\":\"2025-12-08T09:42:18+00:00\",\"dateModified\":\"2025-12-08T09:42:18+00:00\",\"mainEntityOfPage\":{\"@id\":\"https:\/\/www.tepaseul-magazine.fr\/accueil\/sante-maladie-dalzeimer\/\"},\"wordCount\":305,\"commentCount\":0,\"publisher\":{\"@id\":\"https:\/\/www.tepaseul-magazine.fr\/accueil\/#organization\"},\"articleSection\":[\"M\u00e9decines et m\u00e9decines douces\",\"Sant\u00e9\"],\"inLanguage\":\"fr-FR\",\"potentialAction\":[{\"@type\":\"CommentAction\",\"name\":\"Comment\",\"target\":[\"https:\/\/www.tepaseul-magazine.fr\/accueil\/sante-maladie-dalzeimer\/#respond\"]}]},{\"@type\":\"WebPage\",\"@id\":\"https:\/\/www.tepaseul-magazine.fr\/accueil\/sante-maladie-dalzeimer\/\",\"url\":\"https:\/\/www.tepaseul-magazine.fr\/accueil\/sante-maladie-dalzeimer\/\",\"name\":\"SANTE : MALADIE D'ALZEIMER - Tepaseul\",\"isPartOf\":{\"@id\":\"https:\/\/www.tepaseul-magazine.fr\/accueil\/#website\"},\"datePublished\":\"2025-12-08T09:42:18+00:00\",\"dateModified\":\"2025-12-08T09:42:18+00:00\",\"breadcrumb\":{\"@id\":\"https:\/\/www.tepaseul-magazine.fr\/accueil\/sante-maladie-dalzeimer\/#breadcrumb\"},\"inLanguage\":\"fr-FR\",\"potentialAction\":[{\"@type\":\"ReadAction\",\"target\":[\"https:\/\/www.tepaseul-magazine.fr\/accueil\/sante-maladie-dalzeimer\/\"]}]},{\"@type\":\"BreadcrumbList\",\"@id\":\"https:\/\/www.tepaseul-magazine.fr\/accueil\/sante-maladie-dalzeimer\/#breadcrumb\",\"itemListElement\":[{\"@type\":\"ListItem\",\"position\":1,\"name\":\"Home\",\"item\":\"https:\/\/www.tepaseul-magazine.fr\/accueil\/\"},{\"@type\":\"ListItem\",\"position\":2,\"name\":\"SANTE : MALADIE D&rsquo;ALZEIMER\"}]},{\"@type\":\"WebSite\",\"@id\":\"https:\/\/www.tepaseul-magazine.fr\/accueil\/#website\",\"url\":\"https:\/\/www.tepaseul-magazine.fr\/accueil\/\",\"name\":\"Tepaseul\",\"description\":\"Le Magazine des solibattants\",\"publisher\":{\"@id\":\"https:\/\/www.tepaseul-magazine.fr\/accueil\/#organization\"},\"potentialAction\":[{\"@type\":\"SearchAction\",\"target\":{\"@type\":\"EntryPoint\",\"urlTemplate\":\"https:\/\/www.tepaseul-magazine.fr\/accueil\/?s={search_term_string}\"},\"query-input\":\"required name=search_term_string\"}],\"inLanguage\":\"fr-FR\"},{\"@type\":\"Organization\",\"@id\":\"https:\/\/www.tepaseul-magazine.fr\/accueil\/#organization\",\"name\":\"Tepaseul\",\"url\":\"https:\/\/www.tepaseul-magazine.fr\/accueil\/\",\"logo\":{\"@type\":\"ImageObject\",\"inLanguage\":\"fr-FR\",\"@id\":\"https:\/\/www.tepaseul-magazine.fr\/accueil\/#\/schema\/logo\/image\/\",\"url\":\"https:\/\/www.tepaseul-magazine.fr\/wp-content\/uploads\/2014\/12\/logo_doublev2-noir.png\",\"contentUrl\":\"https:\/\/www.tepaseul-magazine.fr\/wp-content\/uploads\/2014\/12\/logo_doublev2-noir.png\",\"width\":205,\"height\":51,\"caption\":\"Tepaseul\"},\"image\":{\"@id\":\"https:\/\/www.tepaseul-magazine.fr\/accueil\/#\/schema\/logo\/image\/\"}},{\"@type\":\"Person\",\"@id\":\"https:\/\/www.tepaseul-magazine.fr\/accueil\/#\/schema\/person\/dd3827dc04f692ff480da4bac4545eeb\",\"name\":\"Chantal Rolland\",\"image\":{\"@type\":\"ImageObject\",\"inLanguage\":\"fr-FR\",\"@id\":\"https:\/\/www.tepaseul-magazine.fr\/accueil\/#\/schema\/person\/image\/\",\"url\":\"https:\/\/secure.gravatar.com\/avatar\/a67dbe83e155eb41b8bc6c41ebcc8564?s=96&d=mm&r=g\",\"contentUrl\":\"https:\/\/secure.gravatar.com\/avatar\/a67dbe83e155eb41b8bc6c41ebcc8564?s=96&d=mm&r=g\",\"caption\":\"Chantal Rolland\"},\"url\":\"https:\/\/www.tepaseul-magazine.fr\/accueil\/author\/chantal-rolland\/\"}]}<\/script>\n<!-- \/ Yoast SEO plugin. -->","yoast_head_json":{"title":"SANTE : MALADIE D'ALZEIMER - Tepaseul","robots":{"index":"index","follow":"follow","max-snippet":"max-snippet:-1","max-image-preview":"max-image-preview:large","max-video-preview":"max-video-preview:-1"},"canonical":"https:\/\/www.tepaseul-magazine.fr\/accueil\/sante-maladie-dalzeimer\/","og_locale":"fr_FR","og_type":"article","og_title":"SANTE : MALADIE D'ALZEIMER - Tepaseul","og_description":"Familles\u00a0confront\u00e9es \u00e0 la maladie d&rsquo;Alzheimer,\u00a0 fl\u00e9au redout\u00e9 par neuf fran\u00e7ais sur dix\u00a0: \u00a0 &#8211;\u00a0\u00a0\u00a0\u00a0\u00a0\u00a0\u00a0 Quand et comment diagnostiquer\u00a0la maladie? \u00a0 La Haute Autorit\u00e9 de Sant\u00e9 recommande un diagnostic imm\u00e9diat d\u00e8s l&rsquo;apparition des premiers troubles s&rsquo;apparentant \u00e0 la maladie d&rsquo;Alzheimer. Ce diagnostic doit \u00eatre \u00e9tabli par...","og_url":"https:\/\/www.tepaseul-magazine.fr\/accueil\/sante-maladie-dalzeimer\/","og_site_name":"Tepaseul","article_published_time":"2025-12-08T09:42:18+00:00","og_image":[{"width":260,"height":194,"url":"https:\/\/www.tepaseul-magazine.fr\/wp-content\/uploads\/2021\/11\/images-2.jpeg","type":"image\/jpeg"}],"author":"Chantal Rolland","schema":{"@context":"https:\/\/schema.org","@graph":[{"@type":"Article","@id":"https:\/\/www.tepaseul-magazine.fr\/accueil\/sante-maladie-dalzeimer\/#article","isPartOf":{"@id":"https:\/\/www.tepaseul-magazine.fr\/accueil\/sante-maladie-dalzeimer\/"},"author":{"name":"Chantal Rolland","@id":"https:\/\/www.tepaseul-magazine.fr\/accueil\/#\/schema\/person\/dd3827dc04f692ff480da4bac4545eeb"},"headline":"SANTE : MALADIE D&rsquo;ALZEIMER","datePublished":"2025-12-08T09:42:18+00:00","dateModified":"2025-12-08T09:42:18+00:00","mainEntityOfPage":{"@id":"https:\/\/www.tepaseul-magazine.fr\/accueil\/sante-maladie-dalzeimer\/"},"wordCount":305,"commentCount":0,"publisher":{"@id":"https:\/\/www.tepaseul-magazine.fr\/accueil\/#organization"},"articleSection":["M\u00e9decines et m\u00e9decines douces","Sant\u00e9"],"inLanguage":"fr-FR","potentialAction":[{"@type":"CommentAction","name":"Comment","target":["https:\/\/www.tepaseul-magazine.fr\/accueil\/sante-maladie-dalzeimer\/#respond"]}]},{"@type":"WebPage","@id":"https:\/\/www.tepaseul-magazine.fr\/accueil\/sante-maladie-dalzeimer\/","url":"https:\/\/www.tepaseul-magazine.fr\/accueil\/sante-maladie-dalzeimer\/","name":"SANTE : MALADIE D'ALZEIMER - Tepaseul","isPartOf":{"@id":"https:\/\/www.tepaseul-magazine.fr\/accueil\/#website"},"datePublished":"2025-12-08T09:42:18+00:00","dateModified":"2025-12-08T09:42:18+00:00","breadcrumb":{"@id":"https:\/\/www.tepaseul-magazine.fr\/accueil\/sante-maladie-dalzeimer\/#breadcrumb"},"inLanguage":"fr-FR","potentialAction":[{"@type":"ReadAction","target":["https:\/\/www.tepaseul-magazine.fr\/accueil\/sante-maladie-dalzeimer\/"]}]},{"@type":"BreadcrumbList","@id":"https:\/\/www.tepaseul-magazine.fr\/accueil\/sante-maladie-dalzeimer\/#breadcrumb","itemListElement":[{"@type":"ListItem","position":1,"name":"Home","item":"https:\/\/www.tepaseul-magazine.fr\/accueil\/"},{"@type":"ListItem","position":2,"name":"SANTE : MALADIE D&rsquo;ALZEIMER"}]},{"@type":"WebSite","@id":"https:\/\/www.tepaseul-magazine.fr\/accueil\/#website","url":"https:\/\/www.tepaseul-magazine.fr\/accueil\/","name":"Tepaseul","description":"Le Magazine des solibattants","publisher":{"@id":"https:\/\/www.tepaseul-magazine.fr\/accueil\/#organization"},"potentialAction":[{"@type":"SearchAction","target":{"@type":"EntryPoint","urlTemplate":"https:\/\/www.tepaseul-magazine.fr\/accueil\/?s={search_term_string}"},"query-input":"required name=search_term_string"}],"inLanguage":"fr-FR"},{"@type":"Organization","@id":"https:\/\/www.tepaseul-magazine.fr\/accueil\/#organization","name":"Tepaseul","url":"https:\/\/www.tepaseul-magazine.fr\/accueil\/","logo":{"@type":"ImageObject","inLanguage":"fr-FR","@id":"https:\/\/www.tepaseul-magazine.fr\/accueil\/#\/schema\/logo\/image\/","url":"https:\/\/www.tepaseul-magazine.fr\/wp-content\/uploads\/2014\/12\/logo_doublev2-noir.png","contentUrl":"https:\/\/www.tepaseul-magazine.fr\/wp-content\/uploads\/2014\/12\/logo_doublev2-noir.png","width":205,"height":51,"caption":"Tepaseul"},"image":{"@id":"https:\/\/www.tepaseul-magazine.fr\/accueil\/#\/schema\/logo\/image\/"}},{"@type":"Person","@id":"https:\/\/www.tepaseul-magazine.fr\/accueil\/#\/schema\/person\/dd3827dc04f692ff480da4bac4545eeb","name":"Chantal Rolland","image":{"@type":"ImageObject","inLanguage":"fr-FR","@id":"https:\/\/www.tepaseul-magazine.fr\/accueil\/#\/schema\/person\/image\/","url":"https:\/\/secure.gravatar.com\/avatar\/a67dbe83e155eb41b8bc6c41ebcc8564?s=96&d=mm&r=g","contentUrl":"https:\/\/secure.gravatar.com\/avatar\/a67dbe83e155eb41b8bc6c41ebcc8564?s=96&d=mm&r=g","caption":"Chantal Rolland"},"url":"https:\/\/www.tepaseul-magazine.fr\/accueil\/author\/chantal-rolland\/"}]}},"_links":{"self":[{"href":"https:\/\/www.tepaseul-magazine.fr\/accueil\/wp-json\/wp\/v2\/posts\/14447"}],"collection":[{"href":"https:\/\/www.tepaseul-magazine.fr\/accueil\/wp-json\/wp\/v2\/posts"}],"about":[{"href":"https:\/\/www.tepaseul-magazine.fr\/accueil\/wp-json\/wp\/v2\/types\/post"}],"author":[{"embeddable":true,"href":"https:\/\/www.tepaseul-magazine.fr\/accueil\/wp-json\/wp\/v2\/users\/2"}],"replies":[{"embeddable":true,"href":"https:\/\/www.tepaseul-magazine.fr\/accueil\/wp-json\/wp\/v2\/comments?post=14447"}],"version-history":[{"count":1,"href":"https:\/\/www.tepaseul-magazine.fr\/accueil\/wp-json\/wp\/v2\/posts\/14447\/revisions"}],"predecessor-version":[{"id":14448,"href":"https:\/\/www.tepaseul-magazine.fr\/accueil\/wp-json\/wp\/v2\/posts\/14447\/revisions\/14448"}],"wp:featuredmedia":[{"embeddable":true,"href":"https:\/\/www.tepaseul-magazine.fr\/accueil\/wp-json\/wp\/v2\/media\/13662"}],"wp:attachment":[{"href":"https:\/\/www.tepaseul-magazine.fr\/accueil\/wp-json\/wp\/v2\/media?parent=14447"}],"wp:term":[{"taxonomy":"category","embeddable":true,"href":"https:\/\/www.tepaseul-magazine.fr\/accueil\/wp-json\/wp\/v2\/categories?post=14447"},{"taxonomy":"post_tag","embeddable":true,"href":"https:\/\/www.tepaseul-magazine.fr\/accueil\/wp-json\/wp\/v2\/tags?post=14447"}],"curies":[{"name":"wp","href":"https:\/\/api.w.org\/{rel}","templated":true}]}}