{"id":7688,"date":"2014-03-28T17:31:01","date_gmt":"2014-03-28T16:31:01","guid":{"rendered":"http:\/\/www.tepaseul-magazine.fr\/?p=7688"},"modified":"2014-04-07T15:00:18","modified_gmt":"2014-04-07T14:00:18","slug":"stress-professionnel-et-echanges-inter-professionnels-bilan-positif-pour-les-premieres-rencontres-de-divonne","status":"publish","type":"post","link":"https:\/\/www.tepaseul-magazine.fr\/accueil\/stress-professionnel-et-echanges-inter-professionnels-bilan-positif-pour-les-premieres-rencontres-de-divonne\/","title":{"rendered":"Stress professionnel et \u00e9changes inter-professionnels : bilan positif pour les premi\u00e8res recontres de Divonne"},"content":{"rendered":"<p style=\"text-align: justify;\">Le 19 avril dernier, le ministre du Travail, Xavier Bertrand, pr\u00e9sentera un bilan mitig\u00e9 des accords sur la pr\u00e9vention du stress dans les entreprises de plus de 1 000 salari\u00e9s. Un tiers seulement des entreprises concern\u00e9es a sign\u00e9 un accord ou engag\u00e9 un plan d&rsquo;action.<\/p>\n<p style=\"text-align: justify;\">En parall\u00e8le,<b> les premi\u00e8res Rencontres de Divonne, \u00e9v\u00e9nement visant \u00e0 faire se rencontrer les m\u00e9decins du travail et DRH fran\u00e7ais et suisses pour mener des r\u00e9flexions concr\u00e8tes sur le sujet ont mobilis\u00e9 pr\u00e8s de 50 m\u00e9decins du travail, RRH, managers, et autres acteurs, mais on attendait un public plus nombreux sur un sujet aussi essentiel.<\/b><\/p>\n<p style=\"text-align: justify;\">Un <b>bilan positif toutefois sur la qualit\u00e9 des \u00e9changes et des interventions soulign\u00e9e par les participants <\/b>(*). Une provenance \u00e9quilibr\u00e9e : Fran\u00e7ais et Suisses \u00e9taient repr\u00e9sent\u00e9s \u00e0 part \u00e9gale, mais avec un profil plus marqu\u00e9 de m\u00e9decins du travail v\/s autres intervenants en RH.<\/p>\n<p style=\"text-align: justify;\">Les int\u00e9ress\u00e9s ne prennent-ils pas encore suffisamment en compte la n\u00e9cessit\u00e9 de se rencontrer, de prendre du recul, d\u2019\u00e9changer ? On parle sans cesse de manque de temps, de manque de moyens&#8230;, on demande \u00e0 plus \u00ab r\u00e9fl\u00e9chir \u00bb, pour prendre en consid\u00e9ration l\u2019 \u00ab Homme \u00bb. Les participants \u00e0 ces premi\u00e8res rencontres seraient-ils des pionniers des \u00e9changes inter-professionnels sur le stress au travail?<\/p>\n<p style=\"text-align: justify;\">Ces congressistes en tout cas ont fait le choix de prendre le temps, de prendre du recul, r\u00e9fl\u00e9chir, \u00e9changer avec leurs pairs et avec les autres acteurs de l\u2019entreprise. Tous ont le m\u00eame but : am\u00e9liorer le travail du salari\u00e9 pour am\u00e9liorer \u00ab sa \u00bb richesse, et donc in extenso, sa productivit\u00e9. L\u2019entreprise ne peut plus consid\u00e9rer ses salari\u00e9s comme de simples outils, c\u2019est une \u00e9vidence, pourtant pas si \u00e9vidente. Avant de d\u00e9velopper ses profits elle doit faire \u00e9merger ses richesses (les richesses des salari\u00e9s). Le contrat \u00ab gagnant-gagnant \u00bb salari\u00e9 \u2013entreprise n\u2019est pas encore bien dessin\u00e9. L\u2019entreprise ayant par ailleurs des imp\u00e9ratifs et des objectifs qu\u2019elle ne doit bien \u00e9videmment pas abandonner mais peut-\u00eatre pr\u00e9senter plus intelligemment \u00e0 ses acteurs ?<\/p>\n<p style=\"text-align: justify;\">Par ailleurs, les entreprises r\u00e9agissent aux demandes de l\u2019\u00e9tat (entre autres) en mettant en place des mesures de stress au moyen de questionnaires ou d&rsquo;observatoires, dans le but d&rsquo;\u00e9tablir un diagnostic. Mais ces diagnostics ne sont qu\u2019une premi\u00e8re \u00e9tape et, s\u2019ils permettent de souligner les causes du mal \u00eatre, ils n\u2019ont pas d\u2019actions sur le traitement du mal en question. Cela reporte la gestion de la Sant\u00e9 au Travail sur les M\u00e9decins du Travail, les<\/p>\n<p style=\"text-align: justify;\">DRH ou encore les institutions repr\u00e9sentatives des salari\u00e9s&#8230; qui sont toujours aussi d\u00e9pourvus.<\/p>\n<p style=\"text-align: justify;\">Pour agir sur le travail et modifier les attitudes, rien ne vaut l\u2019\u00e9change, au sein de l\u2019entreprise mais aussi avec les autres entreprises. C\u2019est ce que proposent Les Rencontres de Divonne qui ont bien saisi le besoin de celles-ci mais qui doivent encore les inciter \u00e0 \u00ab prendre le temps \u00bb.<\/p>\n<p style=\"text-align: justify;\">Un temps qui ne sera pas perdu et qui permettra m\u00eame d\u2019en gagner !<\/p>\n<p style=\"text-align: justify;\">Nul doute que la prochaine \u00e9dition de ces rencontres enregistrera un nombre plus important de participants, le sujet \u00e9tant au coeur de l\u2019actualit\u00e9 de l\u2019entreprise.<\/p>\n<p style=\"text-align: justify;\">\u00ab L\u2019originalit\u00e9 de l\u2019 \u00e9v\u00e9nement \u00e9tant de faire se rencontrer ces deux mondes que sont la m\u00e9decine du travail et les Ressources Humaines, nous en avons besoin pour avancer !\u00bb clamait l\u2019un des participants.<\/p>\n<p style=\"text-align: justify;\"><em>(*)Les RENCONTRES DE DIVONNE 2011 :<\/em><br \/>\n<em>TROIS EXPERTS de renom ont \u00e9voqu\u00e9 le sujet sous 3 \u00e9clairages diff\u00e9rents (cf. d\u00e9tail de leurs interventon dans le Dossier de presse) :Docteur KOMPLITA, psychiatre r\u00e9put\u00e9 sur le sujet \u00e0 Gen\u00e8ve\/ Mr Jean Philippe SOURIOUX, Directeur. G\u00e9n\u00e9ral de l\u2019Union d\u2019Associations (Comit\u00e9 commun Sant\u00e9 et Bien-\u00eatre) : \u00ab L\u2019\u00e9cologie du travail dans le domaine de la sant\u00e9 \u00bb. \/ Docteur Nicolas BROSSET, M\u00e9decin Coordinateur Mondial de PSA : \u00ab De l\u2019objectivation de stresseurs professionnels \u00e0 la mise en place d\u2019actions concr\u00e8tes \u00bb. La qualit\u00e9 de leurs interventions ont \u00e9t\u00e9 soulign\u00e9es par les participants qui ont appr\u00e9ci\u00e9 les \u00e9changes entre participants ainsi que les ateliers de r\u00e9flexion propos\u00e9s l\u2019apr\u00e8s-midi.<\/em><\/p>\n","protected":false},"excerpt":{"rendered":"<p>Le 19 avril dernier, le ministre du Travail, Xavier Bertrand, pr\u00e9sentera un bilan mitig\u00e9 des accords sur la pr\u00e9vention du stress dans les entreprises de plus de 1 000 salari\u00e9s. Un tiers seulement des entreprises concern\u00e9es a sign\u00e9 un accord ou engag\u00e9 un plan d&rsquo;action&#8230;.<\/p>\n","protected":false},"author":2,"featured_media":7689,"comment_status":"open","ping_status":"open","sticky":false,"template":"","format":"standard","meta":{"footnotes":""},"categories":[44],"tags":[],"yoast_head":"<!-- This site is optimized with the Yoast SEO plugin v21.9.1 - https:\/\/yoast.com\/wordpress\/plugins\/seo\/ -->\n<title>Stress professionnel et \u00e9changes inter-professionnels : bilan positif pour les premi\u00e8res recontres de Divonne - Tepaseul<\/title>\n<meta name=\"robots\" content=\"index, follow, max-snippet:-1, max-image-preview:large, max-video-preview:-1\" \/>\n<link rel=\"canonical\" href=\"https:\/\/www.tepaseul-magazine.fr\/accueil\/stress-professionnel-et-echanges-inter-professionnels-bilan-positif-pour-les-premieres-rencontres-de-divonne\/\" \/>\n<meta property=\"og:locale\" content=\"fr_FR\" \/>\n<meta property=\"og:type\" content=\"article\" \/>\n<meta property=\"og:title\" content=\"Stress professionnel et \u00e9changes inter-professionnels : bilan positif pour les premi\u00e8res recontres de Divonne - Tepaseul\" \/>\n<meta property=\"og:description\" content=\"Le 19 avril dernier, le ministre du Travail, Xavier Bertrand, pr\u00e9sentera un bilan mitig\u00e9 des accords sur la pr\u00e9vention du stress dans les entreprises de plus de 1 000 salari\u00e9s. Un tiers seulement des entreprises concern\u00e9es a sign\u00e9 un accord ou engag\u00e9 un plan d&rsquo;action....\" \/>\n<meta property=\"og:url\" content=\"https:\/\/www.tepaseul-magazine.fr\/accueil\/stress-professionnel-et-echanges-inter-professionnels-bilan-positif-pour-les-premieres-rencontres-de-divonne\/\" \/>\n<meta property=\"og:site_name\" content=\"Tepaseul\" \/>\n<meta property=\"article:published_time\" content=\"2014-03-28T16:31:01+00:00\" \/>\n<meta property=\"article:modified_time\" content=\"2014-04-07T14:00:18+00:00\" \/>\n<meta property=\"og:image\" content=\"https:\/\/www.tepaseul-magazine.fr\/wp-content\/uploads\/2014\/03\/Stress-professionnel.jpg\" \/>\n\t<meta property=\"og:image:width\" content=\"1200\" \/>\n\t<meta property=\"og:image:height\" content=\"675\" \/>\n\t<meta property=\"og:image:type\" content=\"image\/jpeg\" \/>\n<meta name=\"author\" content=\"Chantal Rolland\" \/>\n<script type=\"application\/ld+json\" class=\"yoast-schema-graph\">{\"@context\":\"https:\/\/schema.org\",\"@graph\":[{\"@type\":\"Article\",\"@id\":\"https:\/\/www.tepaseul-magazine.fr\/accueil\/stress-professionnel-et-echanges-inter-professionnels-bilan-positif-pour-les-premieres-rencontres-de-divonne\/#article\",\"isPartOf\":{\"@id\":\"https:\/\/www.tepaseul-magazine.fr\/accueil\/stress-professionnel-et-echanges-inter-professionnels-bilan-positif-pour-les-premieres-rencontres-de-divonne\/\"},\"author\":{\"name\":\"Chantal Rolland\",\"@id\":\"https:\/\/www.tepaseul-magazine.fr\/accueil\/#\/schema\/person\/dd3827dc04f692ff480da4bac4545eeb\"},\"headline\":\"Stress professionnel et \u00e9changes inter-professionnels : bilan positif pour les premi\u00e8res recontres de Divonne\",\"datePublished\":\"2014-03-28T16:31:01+00:00\",\"dateModified\":\"2014-04-07T14:00:18+00:00\",\"mainEntityOfPage\":{\"@id\":\"https:\/\/www.tepaseul-magazine.fr\/accueil\/stress-professionnel-et-echanges-inter-professionnels-bilan-positif-pour-les-premieres-rencontres-de-divonne\/\"},\"wordCount\":718,\"commentCount\":0,\"publisher\":{\"@id\":\"https:\/\/www.tepaseul-magazine.fr\/accueil\/#organization\"},\"articleSection\":[\"psychologie\"],\"inLanguage\":\"fr-FR\",\"potentialAction\":[{\"@type\":\"CommentAction\",\"name\":\"Comment\",\"target\":[\"https:\/\/www.tepaseul-magazine.fr\/accueil\/stress-professionnel-et-echanges-inter-professionnels-bilan-positif-pour-les-premieres-rencontres-de-divonne\/#respond\"]}]},{\"@type\":\"WebPage\",\"@id\":\"https:\/\/www.tepaseul-magazine.fr\/accueil\/stress-professionnel-et-echanges-inter-professionnels-bilan-positif-pour-les-premieres-rencontres-de-divonne\/\",\"url\":\"https:\/\/www.tepaseul-magazine.fr\/accueil\/stress-professionnel-et-echanges-inter-professionnels-bilan-positif-pour-les-premieres-rencontres-de-divonne\/\",\"name\":\"Stress professionnel et \u00e9changes inter-professionnels : bilan positif pour les premi\u00e8res recontres de Divonne - Tepaseul\",\"isPartOf\":{\"@id\":\"https:\/\/www.tepaseul-magazine.fr\/accueil\/#website\"},\"datePublished\":\"2014-03-28T16:31:01+00:00\",\"dateModified\":\"2014-04-07T14:00:18+00:00\",\"breadcrumb\":{\"@id\":\"https:\/\/www.tepaseul-magazine.fr\/accueil\/stress-professionnel-et-echanges-inter-professionnels-bilan-positif-pour-les-premieres-rencontres-de-divonne\/#breadcrumb\"},\"inLanguage\":\"fr-FR\",\"potentialAction\":[{\"@type\":\"ReadAction\",\"target\":[\"https:\/\/www.tepaseul-magazine.fr\/accueil\/stress-professionnel-et-echanges-inter-professionnels-bilan-positif-pour-les-premieres-rencontres-de-divonne\/\"]}]},{\"@type\":\"BreadcrumbList\",\"@id\":\"https:\/\/www.tepaseul-magazine.fr\/accueil\/stress-professionnel-et-echanges-inter-professionnels-bilan-positif-pour-les-premieres-rencontres-de-divonne\/#breadcrumb\",\"itemListElement\":[{\"@type\":\"ListItem\",\"position\":1,\"name\":\"Home\",\"item\":\"https:\/\/www.tepaseul-magazine.fr\/accueil\/\"},{\"@type\":\"ListItem\",\"position\":2,\"name\":\"Stress professionnel et \u00e9changes inter-professionnels : bilan positif pour les premi\u00e8res recontres de Divonne\"}]},{\"@type\":\"WebSite\",\"@id\":\"https:\/\/www.tepaseul-magazine.fr\/accueil\/#website\",\"url\":\"https:\/\/www.tepaseul-magazine.fr\/accueil\/\",\"name\":\"Tepaseul\",\"description\":\"Le Magazine des solibattants\",\"publisher\":{\"@id\":\"https:\/\/www.tepaseul-magazine.fr\/accueil\/#organization\"},\"potentialAction\":[{\"@type\":\"SearchAction\",\"target\":{\"@type\":\"EntryPoint\",\"urlTemplate\":\"https:\/\/www.tepaseul-magazine.fr\/accueil\/?s={search_term_string}\"},\"query-input\":\"required name=search_term_string\"}],\"inLanguage\":\"fr-FR\"},{\"@type\":\"Organization\",\"@id\":\"https:\/\/www.tepaseul-magazine.fr\/accueil\/#organization\",\"name\":\"Tepaseul\",\"url\":\"https:\/\/www.tepaseul-magazine.fr\/accueil\/\",\"logo\":{\"@type\":\"ImageObject\",\"inLanguage\":\"fr-FR\",\"@id\":\"https:\/\/www.tepaseul-magazine.fr\/accueil\/#\/schema\/logo\/image\/\",\"url\":\"https:\/\/www.tepaseul-magazine.fr\/wp-content\/uploads\/2014\/12\/logo_doublev2-noir.png\",\"contentUrl\":\"https:\/\/www.tepaseul-magazine.fr\/wp-content\/uploads\/2014\/12\/logo_doublev2-noir.png\",\"width\":205,\"height\":51,\"caption\":\"Tepaseul\"},\"image\":{\"@id\":\"https:\/\/www.tepaseul-magazine.fr\/accueil\/#\/schema\/logo\/image\/\"}},{\"@type\":\"Person\",\"@id\":\"https:\/\/www.tepaseul-magazine.fr\/accueil\/#\/schema\/person\/dd3827dc04f692ff480da4bac4545eeb\",\"name\":\"Chantal Rolland\",\"image\":{\"@type\":\"ImageObject\",\"inLanguage\":\"fr-FR\",\"@id\":\"https:\/\/www.tepaseul-magazine.fr\/accueil\/#\/schema\/person\/image\/\",\"url\":\"https:\/\/secure.gravatar.com\/avatar\/a67dbe83e155eb41b8bc6c41ebcc8564?s=96&d=mm&r=g\",\"contentUrl\":\"https:\/\/secure.gravatar.com\/avatar\/a67dbe83e155eb41b8bc6c41ebcc8564?s=96&d=mm&r=g\",\"caption\":\"Chantal Rolland\"},\"url\":\"https:\/\/www.tepaseul-magazine.fr\/accueil\/author\/chantal-rolland\/\"}]}<\/script>\n<!-- \/ Yoast SEO plugin. -->","yoast_head_json":{"title":"Stress professionnel et \u00e9changes inter-professionnels : bilan positif pour les premi\u00e8res recontres de Divonne - Tepaseul","robots":{"index":"index","follow":"follow","max-snippet":"max-snippet:-1","max-image-preview":"max-image-preview:large","max-video-preview":"max-video-preview:-1"},"canonical":"https:\/\/www.tepaseul-magazine.fr\/accueil\/stress-professionnel-et-echanges-inter-professionnels-bilan-positif-pour-les-premieres-rencontres-de-divonne\/","og_locale":"fr_FR","og_type":"article","og_title":"Stress professionnel et \u00e9changes inter-professionnels : bilan positif pour les premi\u00e8res recontres de Divonne - Tepaseul","og_description":"Le 19 avril dernier, le ministre du Travail, Xavier Bertrand, pr\u00e9sentera un bilan mitig\u00e9 des accords sur la pr\u00e9vention du stress dans les entreprises de plus de 1 000 salari\u00e9s. Un tiers seulement des entreprises concern\u00e9es a sign\u00e9 un accord ou engag\u00e9 un plan d&rsquo;action....","og_url":"https:\/\/www.tepaseul-magazine.fr\/accueil\/stress-professionnel-et-echanges-inter-professionnels-bilan-positif-pour-les-premieres-rencontres-de-divonne\/","og_site_name":"Tepaseul","article_published_time":"2014-03-28T16:31:01+00:00","article_modified_time":"2014-04-07T14:00:18+00:00","og_image":[{"width":1200,"height":675,"url":"https:\/\/www.tepaseul-magazine.fr\/wp-content\/uploads\/2014\/03\/Stress-professionnel.jpg","type":"image\/jpeg"}],"author":"Chantal Rolland","schema":{"@context":"https:\/\/schema.org","@graph":[{"@type":"Article","@id":"https:\/\/www.tepaseul-magazine.fr\/accueil\/stress-professionnel-et-echanges-inter-professionnels-bilan-positif-pour-les-premieres-rencontres-de-divonne\/#article","isPartOf":{"@id":"https:\/\/www.tepaseul-magazine.fr\/accueil\/stress-professionnel-et-echanges-inter-professionnels-bilan-positif-pour-les-premieres-rencontres-de-divonne\/"},"author":{"name":"Chantal Rolland","@id":"https:\/\/www.tepaseul-magazine.fr\/accueil\/#\/schema\/person\/dd3827dc04f692ff480da4bac4545eeb"},"headline":"Stress professionnel et \u00e9changes inter-professionnels : bilan positif pour les premi\u00e8res recontres de Divonne","datePublished":"2014-03-28T16:31:01+00:00","dateModified":"2014-04-07T14:00:18+00:00","mainEntityOfPage":{"@id":"https:\/\/www.tepaseul-magazine.fr\/accueil\/stress-professionnel-et-echanges-inter-professionnels-bilan-positif-pour-les-premieres-rencontres-de-divonne\/"},"wordCount":718,"commentCount":0,"publisher":{"@id":"https:\/\/www.tepaseul-magazine.fr\/accueil\/#organization"},"articleSection":["psychologie"],"inLanguage":"fr-FR","potentialAction":[{"@type":"CommentAction","name":"Comment","target":["https:\/\/www.tepaseul-magazine.fr\/accueil\/stress-professionnel-et-echanges-inter-professionnels-bilan-positif-pour-les-premieres-rencontres-de-divonne\/#respond"]}]},{"@type":"WebPage","@id":"https:\/\/www.tepaseul-magazine.fr\/accueil\/stress-professionnel-et-echanges-inter-professionnels-bilan-positif-pour-les-premieres-rencontres-de-divonne\/","url":"https:\/\/www.tepaseul-magazine.fr\/accueil\/stress-professionnel-et-echanges-inter-professionnels-bilan-positif-pour-les-premieres-rencontres-de-divonne\/","name":"Stress professionnel et \u00e9changes inter-professionnels : bilan positif pour les premi\u00e8res recontres de Divonne - Tepaseul","isPartOf":{"@id":"https:\/\/www.tepaseul-magazine.fr\/accueil\/#website"},"datePublished":"2014-03-28T16:31:01+00:00","dateModified":"2014-04-07T14:00:18+00:00","breadcrumb":{"@id":"https:\/\/www.tepaseul-magazine.fr\/accueil\/stress-professionnel-et-echanges-inter-professionnels-bilan-positif-pour-les-premieres-rencontres-de-divonne\/#breadcrumb"},"inLanguage":"fr-FR","potentialAction":[{"@type":"ReadAction","target":["https:\/\/www.tepaseul-magazine.fr\/accueil\/stress-professionnel-et-echanges-inter-professionnels-bilan-positif-pour-les-premieres-rencontres-de-divonne\/"]}]},{"@type":"BreadcrumbList","@id":"https:\/\/www.tepaseul-magazine.fr\/accueil\/stress-professionnel-et-echanges-inter-professionnels-bilan-positif-pour-les-premieres-rencontres-de-divonne\/#breadcrumb","itemListElement":[{"@type":"ListItem","position":1,"name":"Home","item":"https:\/\/www.tepaseul-magazine.fr\/accueil\/"},{"@type":"ListItem","position":2,"name":"Stress professionnel et \u00e9changes inter-professionnels : bilan positif pour les premi\u00e8res recontres de Divonne"}]},{"@type":"WebSite","@id":"https:\/\/www.tepaseul-magazine.fr\/accueil\/#website","url":"https:\/\/www.tepaseul-magazine.fr\/accueil\/","name":"Tepaseul","description":"Le Magazine des solibattants","publisher":{"@id":"https:\/\/www.tepaseul-magazine.fr\/accueil\/#organization"},"potentialAction":[{"@type":"SearchAction","target":{"@type":"EntryPoint","urlTemplate":"https:\/\/www.tepaseul-magazine.fr\/accueil\/?s={search_term_string}"},"query-input":"required name=search_term_string"}],"inLanguage":"fr-FR"},{"@type":"Organization","@id":"https:\/\/www.tepaseul-magazine.fr\/accueil\/#organization","name":"Tepaseul","url":"https:\/\/www.tepaseul-magazine.fr\/accueil\/","logo":{"@type":"ImageObject","inLanguage":"fr-FR","@id":"https:\/\/www.tepaseul-magazine.fr\/accueil\/#\/schema\/logo\/image\/","url":"https:\/\/www.tepaseul-magazine.fr\/wp-content\/uploads\/2014\/12\/logo_doublev2-noir.png","contentUrl":"https:\/\/www.tepaseul-magazine.fr\/wp-content\/uploads\/2014\/12\/logo_doublev2-noir.png","width":205,"height":51,"caption":"Tepaseul"},"image":{"@id":"https:\/\/www.tepaseul-magazine.fr\/accueil\/#\/schema\/logo\/image\/"}},{"@type":"Person","@id":"https:\/\/www.tepaseul-magazine.fr\/accueil\/#\/schema\/person\/dd3827dc04f692ff480da4bac4545eeb","name":"Chantal Rolland","image":{"@type":"ImageObject","inLanguage":"fr-FR","@id":"https:\/\/www.tepaseul-magazine.fr\/accueil\/#\/schema\/person\/image\/","url":"https:\/\/secure.gravatar.com\/avatar\/a67dbe83e155eb41b8bc6c41ebcc8564?s=96&d=mm&r=g","contentUrl":"https:\/\/secure.gravatar.com\/avatar\/a67dbe83e155eb41b8bc6c41ebcc8564?s=96&d=mm&r=g","caption":"Chantal Rolland"},"url":"https:\/\/www.tepaseul-magazine.fr\/accueil\/author\/chantal-rolland\/"}]}},"_links":{"self":[{"href":"https:\/\/www.tepaseul-magazine.fr\/accueil\/wp-json\/wp\/v2\/posts\/7688"}],"collection":[{"href":"https:\/\/www.tepaseul-magazine.fr\/accueil\/wp-json\/wp\/v2\/posts"}],"about":[{"href":"https:\/\/www.tepaseul-magazine.fr\/accueil\/wp-json\/wp\/v2\/types\/post"}],"author":[{"embeddable":true,"href":"https:\/\/www.tepaseul-magazine.fr\/accueil\/wp-json\/wp\/v2\/users\/2"}],"replies":[{"embeddable":true,"href":"https:\/\/www.tepaseul-magazine.fr\/accueil\/wp-json\/wp\/v2\/comments?post=7688"}],"version-history":[{"count":0,"href":"https:\/\/www.tepaseul-magazine.fr\/accueil\/wp-json\/wp\/v2\/posts\/7688\/revisions"}],"wp:featuredmedia":[{"embeddable":true,"href":"https:\/\/www.tepaseul-magazine.fr\/accueil\/wp-json\/wp\/v2\/media\/7689"}],"wp:attachment":[{"href":"https:\/\/www.tepaseul-magazine.fr\/accueil\/wp-json\/wp\/v2\/media?parent=7688"}],"wp:term":[{"taxonomy":"category","embeddable":true,"href":"https:\/\/www.tepaseul-magazine.fr\/accueil\/wp-json\/wp\/v2\/categories?post=7688"},{"taxonomy":"post_tag","embeddable":true,"href":"https:\/\/www.tepaseul-magazine.fr\/accueil\/wp-json\/wp\/v2\/tags?post=7688"}],"curies":[{"name":"wp","href":"https:\/\/api.w.org\/{rel}","templated":true}]}}