{"id":7719,"date":"2014-03-28T18:41:17","date_gmt":"2014-03-28T17:41:17","guid":{"rendered":"http:\/\/www.tepaseul-magazine.fr\/?p=7719"},"modified":"2014-04-07T14:59:20","modified_gmt":"2014-04-07T13:59:20","slug":"et-si-la-solitude-touchait-plus-de-monde-que-ce-qui-nousest-dit","status":"publish","type":"post","link":"https:\/\/www.tepaseul-magazine.fr\/accueil\/et-si-la-solitude-touchait-plus-de-monde-que-ce-qui-nousest-dit\/","title":{"rendered":"Et si la solitude touchait plus de monde que ce qui nousest dit ?"},"content":{"rendered":"<p>Le 26 juin 2013, le journal Lib\u00e9ration titrait :<\/p>\n<p>\u00ab La solitude s\u2019\u00e9tend en France \u00bb. Il reprenait un texte de l\u2019AFP disant :<\/p>\n<p>&nbsp;<\/p>\n<p>\u00ab De plus en plus de Fran\u00e7ais sont touch\u00e9s par l&rsquo;isolement, un ph\u00e9nom\u00e8ne qui \u00e9pargne moins les jeunes, et s&rsquo;aggrave avec la pr\u00e9carit\u00e9 de l&#8217;emploi et la faiblesse des revenus.<br \/>\nLa solitude concerne en 2013 12% des Fran\u00e7ais de plus de 18 ans, un ph\u00e9nom\u00e8ne en constante aggravation, surtout chez les plus jeunes et les plus \u00e2g\u00e9s, r\u00e9v\u00e8le mercredi une enqu\u00eate de la Fondation de France.<\/p>\n<p>&nbsp;<\/p>\n<p>Selon cette enqu\u00eate, depuis 2010 la solitude a touch\u00e9 en France un million de personnes suppl\u00e9mentaires, portant \u00e0 5 millions le nombre de ceux qui n\u2019ont pas ou peu de relations sociales au sein des cinq r\u00e9seaux de sociabilit\u00e9 (familial, professionnel, amical, affinitaire ou de voisinage). En 2013, 27% des Fran\u00e7ais ne disposent que d\u2019un seul r\u00e9seau (contre 23% en 2010), 39% n\u2019ont pas de lien soutenu avec leur famille (contre 33% en 2010), 37% n\u2019ont pas ou peu de contacts avec leurs voisins (contre 31%) et 25% ne disposent pas d\u2019un r\u00e9seau amical actif (contre 21%).<br \/>\nAutre enseignement de l\u2019enqu\u00eate : la solitude s\u2019aggrave chez les plus jeunes et les plus \u00e2g\u00e9s. Chez les moins de 40 ans, la solitude a ainsi doubl\u00e9 en 3 ans et pour la premi\u00e8re fois, le ph\u00e9nom\u00e8ne touche les 18-29 ans (6% d\u2019entre eux), jusque l\u00e0 pr\u00e9serv\u00e9s. Selon l\u2019\u00e9tude, les difficult\u00e9s d\u2019entr\u00e9e et de maintien dans l\u2019emploi constituent l\u2019une des principales explications \u00e0 cette extension g\u00e9n\u00e9rationnelle du ph\u00e9nom\u00e8ne.<\/p>\n<p>&nbsp;<\/p>\n<p>A l\u2019autre extr\u00e9mit\u00e9, 24% des 75 ans et plus sont touch\u00e9s par l\u2019isolement, contre seulement 16% en 2010. Une hausse li\u00e9e \u00e0 plusieurs ph\u00e9nom\u00e8nes, selon l\u2019\u00e9tude : une augmentation de la part des personnes \u00e2g\u00e9es en situation de handicap, une baisse relative des pratiques associatives et un rel\u00e2chement sensible des relations familiales. La pauvret\u00e9 accentue le ph\u00e9nom\u00e8ne : 17% de personnes sont isol\u00e9es parmi les foyers ayant moins de 1 000 euros de revenus nets mensuels.<\/p>\n<p>&nbsp;<\/p>\n<p>Le ch\u00f4mage est un autre terreau pour la solitude : entre 30 et 60 ans, le fait d\u2019\u00eatre ou non en emploi constitue la variable la plus explicative. Ainsi, 15% des personnes en recherche d\u2019emploi sont seules. Facteur nouveau : depuis 2010, la solitude a progress\u00e9 fortement au sein des classes moyennes (d\u00e9finies comme les foyers disposant de 1 000 \u00e0 3 499 euros de revenus nets mensuels).<br \/>\nEn trois ans, la solitude a aussi progress\u00e9 dans les grandes villes, r\u00e9v\u00e8le l\u2019enqu\u00eate, puisque 13% des habitants des grandes m\u00e9tropoles se disent seuls contre 8% en 2010. L\u2019enqu\u00eate a \u00e9t\u00e9 r\u00e9alis\u00e9e par l\u2019institut d\u2019\u00e9tudes TMO r\u00e9gions par t\u00e9l\u00e9phone entre le 7 janvier et le 26 f\u00e9vrier, aupr\u00e8s de 5 000 personnes \u00e2g\u00e9es de 18 ans et plus, selon la m\u00e9thode des quotas. \u00bb<\/p>\n<p>AFP<\/p>\n<p>&nbsp;<\/p>\n<p>Ces chiffres sont impressionnants mais ne concernent que \u00ab l\u2019isolement \u00bb. Et nous avons toujours expliqu\u00e9 qu\u2019il y a une diff\u00e9rence entre \u00ab isolement \u00bb et \u00ab solitude \u00bb\u2026.<\/p>\n<p>&nbsp;<\/p>\n<p>La solitude touche encore plus de monde car vous pouvez \u00eatre mari\u00e9(e), avoir dix enfants, une vie bien remplie, toucher \u00e0 tous les r\u00e9seaux sociaux et pourtant traverser un grand moment de solitude face aux al\u00e9as de la vie\u2026face \u00e0 votre vie tout simplement\u2026<\/p>\n<p>&nbsp;<\/p>\n<p>Et cela est de plus en plus courant, autant chez les jeunes que chez les moins jeunes. La vie d\u2019aujourd\u2019hui nous pousse \u00e0 passer un temps infini devant nos \u00e9crans (ordinateurs la journ\u00e9e, \u00e9crans tv le soir, t\u00e9l\u00e9phone \u00e0 tout bout de champ, les jeux sur \u00e9crans, les tablettes, les liseuses pour la lecture, etc.. \u2013<br \/>\nAvez vous observ\u00e9 une heure de pointe dans une grande ville \u00e0 l\u2019heure de la sortie du travail ? Vous \u00eates arr\u00eat\u00e9s au feu rouge et traversent devant vous des dizaines de personnes avec l\u2019oreille accroch\u00e9e \u00e0 leur t\u00e9l\u00e9phone ou les yeux fix\u00e9s sur leurs mails, qui traversent la rue sans m\u00eame regarder ! C\u2019est impressionnant !<br \/>\nPourtant, ces m\u00eames personnes, ext\u00e9nu\u00e9es par leurs t\u00e2ches du quotidien, leur travail, les enfants, les courses etc.., se branchent d\u00e8s qu\u2019elles le peuvent sur les r\u00e9seaux sociaux, collectionnent leurs \u00ab relations \u00bb ou \u00ab amis \u00bb comme les enfants collectionnent les vignettes dans leurs album et vont se coucher bien seules dans leurs c\u0153urs. A peine le temps de discuter en famille, pas le temps d\u2019\u00e9changer avec les conjoints et trop fatigu\u00e9s pour les c\u00e2lins avant de dormir\u2026.et pour les c\u00e9libataires, plus trop de temps pour les vrais amis et les v\u00e9ritables relations\u2026Ah si ! des sms \u00e0 foisons pour leurs vrais amis (c\u2019est plus rapide !) car trop fatigu\u00e9s et plus assez de temps pour les appeler et passer du bon temps \u00e0 l\u2019ext\u00e9rieur avec eux\u2026. Et tout doucement, tr\u00e8s sournoisement, la \u00ab solitude \u00bb s\u2019installe et les ronge de l\u2019int\u00e9rieur\u2026.<\/p>\n<p>&nbsp;<\/p>\n<p>Cette solitude l\u00e0, personne n\u2019en parle, et une majorit\u00e9 y est confront\u00e9e\u2026<\/p>\n<p>&nbsp;<\/p>\n<p>Aussi, si on additionne les \u00ab isol\u00e9s \u00bb, plus celle des \u00ab solitaires victimes de la solitude \u00bb plus celle des personnes qui vivent des moments difficiles dans leur vie, plus ceux qui sont dans les diff\u00e9rentes cat\u00e9gories de solitude que nous avons eu l\u2019occasion d\u2019\u00e9voquer, alors l\u00e0, le compte est lourd et m\u00eame inqui\u00e9tant\u2026<\/p>\n<p>&nbsp;<\/p>\n<p>Et c\u2019est pour toutes ces personnes et celles habit\u00e9es par cette solitude sournoise, que nous sommes l\u00e0 avec notre \u00e9quipe de coachs et que nous essayons, ensemble, de trouver des solutions pour comprendre, agir, g\u00e9rer, d\u00e9passer et surtout pour apprendre comment se servir de certains de ces moments de solitude pour les transformer en moteur afin de nous faire \u00e9voluer dans la vie et non pas sombrer dans la d\u00e9pression\u2026<\/p>\n<p>&nbsp;<\/p>\n<p>Il serait dommage qu\u2019\u00e0 une \u00e9poque o\u00f9 nous connaissons une ouverture formidable sur l\u2019ext\u00e9rieur, nous ne prenions pas conscience de cet enfermement sournois nous menant vers cette solitude invisible mais bien d\u00e9sastreuse\u2026qui, se rajoutant aux autres solitudes, amplifiera d\u2019une fa\u00e7on certaine le mal \u00eatre de notre soci\u00e9t\u00e9 dans un temps futur, s\u00fbrement tr\u00e8s proche.<\/p>\n<p>&nbsp;<\/p>\n<p><em>Chantal ROLLAND.<\/em><\/p>\n<p>&nbsp;<\/p>\n","protected":false},"excerpt":{"rendered":"<p>Le 26 juin 2013, le journal Lib\u00e9ration titrait : \u00ab La solitude s\u2019\u00e9tend en France \u00bb. Il reprenait un texte de l\u2019AFP disant : &nbsp; \u00ab De plus en plus de Fran\u00e7ais sont touch\u00e9s par l&rsquo;isolement, un ph\u00e9nom\u00e8ne qui \u00e9pargne moins les jeunes, et s&rsquo;aggrave&#8230;<\/p>\n","protected":false},"author":2,"featured_media":7720,"comment_status":"open","ping_status":"open","sticky":false,"template":"","format":"standard","meta":{"footnotes":""},"categories":[44],"tags":[],"yoast_head":"<!-- This site is optimized with the Yoast SEO plugin v21.9.1 - https:\/\/yoast.com\/wordpress\/plugins\/seo\/ -->\n<title>Et si la solitude touchait plus de monde que ce qui nousest dit ? - Tepaseul<\/title>\n<meta name=\"robots\" content=\"index, follow, max-snippet:-1, max-image-preview:large, max-video-preview:-1\" \/>\n<link rel=\"canonical\" href=\"https:\/\/www.tepaseul-magazine.fr\/accueil\/et-si-la-solitude-touchait-plus-de-monde-que-ce-qui-nousest-dit\/\" \/>\n<meta property=\"og:locale\" content=\"fr_FR\" \/>\n<meta property=\"og:type\" content=\"article\" \/>\n<meta property=\"og:title\" content=\"Et si la solitude touchait plus de monde que ce qui nousest dit ? - Tepaseul\" \/>\n<meta property=\"og:description\" content=\"Le 26 juin 2013, le journal Lib\u00e9ration titrait : \u00ab La solitude s\u2019\u00e9tend en France \u00bb. Il reprenait un texte de l\u2019AFP disant : &nbsp; \u00ab De plus en plus de Fran\u00e7ais sont touch\u00e9s par l&rsquo;isolement, un ph\u00e9nom\u00e8ne qui \u00e9pargne moins les jeunes, et s&rsquo;aggrave...\" \/>\n<meta property=\"og:url\" content=\"https:\/\/www.tepaseul-magazine.fr\/accueil\/et-si-la-solitude-touchait-plus-de-monde-que-ce-qui-nousest-dit\/\" \/>\n<meta property=\"og:site_name\" content=\"Tepaseul\" \/>\n<meta property=\"article:published_time\" content=\"2014-03-28T17:41:17+00:00\" \/>\n<meta property=\"article:modified_time\" content=\"2014-04-07T13:59:20+00:00\" \/>\n<meta property=\"og:image\" content=\"https:\/\/www.tepaseul-magazine.fr\/wp-content\/uploads\/2014\/03\/La-solitude-s\u2019\u00e9tend-en-France.jpg\" \/>\n\t<meta property=\"og:image:width\" content=\"1200\" \/>\n\t<meta property=\"og:image:height\" content=\"675\" \/>\n\t<meta property=\"og:image:type\" content=\"image\/jpeg\" \/>\n<meta name=\"author\" content=\"Chantal Rolland\" \/>\n<script type=\"application\/ld+json\" class=\"yoast-schema-graph\">{\"@context\":\"https:\/\/schema.org\",\"@graph\":[{\"@type\":\"Article\",\"@id\":\"https:\/\/www.tepaseul-magazine.fr\/accueil\/et-si-la-solitude-touchait-plus-de-monde-que-ce-qui-nousest-dit\/#article\",\"isPartOf\":{\"@id\":\"https:\/\/www.tepaseul-magazine.fr\/accueil\/et-si-la-solitude-touchait-plus-de-monde-que-ce-qui-nousest-dit\/\"},\"author\":{\"name\":\"Chantal Rolland\",\"@id\":\"https:\/\/www.tepaseul-magazine.fr\/accueil\/#\/schema\/person\/dd3827dc04f692ff480da4bac4545eeb\"},\"headline\":\"Et si la solitude touchait plus de monde que ce qui nousest dit ?\",\"datePublished\":\"2014-03-28T17:41:17+00:00\",\"dateModified\":\"2014-04-07T13:59:20+00:00\",\"mainEntityOfPage\":{\"@id\":\"https:\/\/www.tepaseul-magazine.fr\/accueil\/et-si-la-solitude-touchait-plus-de-monde-que-ce-qui-nousest-dit\/\"},\"wordCount\":1071,\"commentCount\":0,\"publisher\":{\"@id\":\"https:\/\/www.tepaseul-magazine.fr\/accueil\/#organization\"},\"articleSection\":[\"psychologie\"],\"inLanguage\":\"fr-FR\",\"potentialAction\":[{\"@type\":\"CommentAction\",\"name\":\"Comment\",\"target\":[\"https:\/\/www.tepaseul-magazine.fr\/accueil\/et-si-la-solitude-touchait-plus-de-monde-que-ce-qui-nousest-dit\/#respond\"]}]},{\"@type\":\"WebPage\",\"@id\":\"https:\/\/www.tepaseul-magazine.fr\/accueil\/et-si-la-solitude-touchait-plus-de-monde-que-ce-qui-nousest-dit\/\",\"url\":\"https:\/\/www.tepaseul-magazine.fr\/accueil\/et-si-la-solitude-touchait-plus-de-monde-que-ce-qui-nousest-dit\/\",\"name\":\"Et si la solitude touchait plus de monde que ce qui nousest dit ? - Tepaseul\",\"isPartOf\":{\"@id\":\"https:\/\/www.tepaseul-magazine.fr\/accueil\/#website\"},\"datePublished\":\"2014-03-28T17:41:17+00:00\",\"dateModified\":\"2014-04-07T13:59:20+00:00\",\"breadcrumb\":{\"@id\":\"https:\/\/www.tepaseul-magazine.fr\/accueil\/et-si-la-solitude-touchait-plus-de-monde-que-ce-qui-nousest-dit\/#breadcrumb\"},\"inLanguage\":\"fr-FR\",\"potentialAction\":[{\"@type\":\"ReadAction\",\"target\":[\"https:\/\/www.tepaseul-magazine.fr\/accueil\/et-si-la-solitude-touchait-plus-de-monde-que-ce-qui-nousest-dit\/\"]}]},{\"@type\":\"BreadcrumbList\",\"@id\":\"https:\/\/www.tepaseul-magazine.fr\/accueil\/et-si-la-solitude-touchait-plus-de-monde-que-ce-qui-nousest-dit\/#breadcrumb\",\"itemListElement\":[{\"@type\":\"ListItem\",\"position\":1,\"name\":\"Home\",\"item\":\"https:\/\/www.tepaseul-magazine.fr\/accueil\/\"},{\"@type\":\"ListItem\",\"position\":2,\"name\":\"Et si la solitude touchait plus de monde que ce qui nousest dit ?\"}]},{\"@type\":\"WebSite\",\"@id\":\"https:\/\/www.tepaseul-magazine.fr\/accueil\/#website\",\"url\":\"https:\/\/www.tepaseul-magazine.fr\/accueil\/\",\"name\":\"Tepaseul\",\"description\":\"Le Magazine des solibattants\",\"publisher\":{\"@id\":\"https:\/\/www.tepaseul-magazine.fr\/accueil\/#organization\"},\"potentialAction\":[{\"@type\":\"SearchAction\",\"target\":{\"@type\":\"EntryPoint\",\"urlTemplate\":\"https:\/\/www.tepaseul-magazine.fr\/accueil\/?s={search_term_string}\"},\"query-input\":\"required name=search_term_string\"}],\"inLanguage\":\"fr-FR\"},{\"@type\":\"Organization\",\"@id\":\"https:\/\/www.tepaseul-magazine.fr\/accueil\/#organization\",\"name\":\"Tepaseul\",\"url\":\"https:\/\/www.tepaseul-magazine.fr\/accueil\/\",\"logo\":{\"@type\":\"ImageObject\",\"inLanguage\":\"fr-FR\",\"@id\":\"https:\/\/www.tepaseul-magazine.fr\/accueil\/#\/schema\/logo\/image\/\",\"url\":\"https:\/\/www.tepaseul-magazine.fr\/wp-content\/uploads\/2014\/12\/logo_doublev2-noir.png\",\"contentUrl\":\"https:\/\/www.tepaseul-magazine.fr\/wp-content\/uploads\/2014\/12\/logo_doublev2-noir.png\",\"width\":205,\"height\":51,\"caption\":\"Tepaseul\"},\"image\":{\"@id\":\"https:\/\/www.tepaseul-magazine.fr\/accueil\/#\/schema\/logo\/image\/\"}},{\"@type\":\"Person\",\"@id\":\"https:\/\/www.tepaseul-magazine.fr\/accueil\/#\/schema\/person\/dd3827dc04f692ff480da4bac4545eeb\",\"name\":\"Chantal Rolland\",\"image\":{\"@type\":\"ImageObject\",\"inLanguage\":\"fr-FR\",\"@id\":\"https:\/\/www.tepaseul-magazine.fr\/accueil\/#\/schema\/person\/image\/\",\"url\":\"https:\/\/secure.gravatar.com\/avatar\/a67dbe83e155eb41b8bc6c41ebcc8564?s=96&d=mm&r=g\",\"contentUrl\":\"https:\/\/secure.gravatar.com\/avatar\/a67dbe83e155eb41b8bc6c41ebcc8564?s=96&d=mm&r=g\",\"caption\":\"Chantal Rolland\"},\"url\":\"https:\/\/www.tepaseul-magazine.fr\/accueil\/author\/chantal-rolland\/\"}]}<\/script>\n<!-- \/ Yoast SEO plugin. -->","yoast_head_json":{"title":"Et si la solitude touchait plus de monde que ce qui nousest dit ? - Tepaseul","robots":{"index":"index","follow":"follow","max-snippet":"max-snippet:-1","max-image-preview":"max-image-preview:large","max-video-preview":"max-video-preview:-1"},"canonical":"https:\/\/www.tepaseul-magazine.fr\/accueil\/et-si-la-solitude-touchait-plus-de-monde-que-ce-qui-nousest-dit\/","og_locale":"fr_FR","og_type":"article","og_title":"Et si la solitude touchait plus de monde que ce qui nousest dit ? - Tepaseul","og_description":"Le 26 juin 2013, le journal Lib\u00e9ration titrait : \u00ab La solitude s\u2019\u00e9tend en France \u00bb. Il reprenait un texte de l\u2019AFP disant : &nbsp; \u00ab De plus en plus de Fran\u00e7ais sont touch\u00e9s par l&rsquo;isolement, un ph\u00e9nom\u00e8ne qui \u00e9pargne moins les jeunes, et s&rsquo;aggrave...","og_url":"https:\/\/www.tepaseul-magazine.fr\/accueil\/et-si-la-solitude-touchait-plus-de-monde-que-ce-qui-nousest-dit\/","og_site_name":"Tepaseul","article_published_time":"2014-03-28T17:41:17+00:00","article_modified_time":"2014-04-07T13:59:20+00:00","og_image":[{"width":1200,"height":675,"url":"https:\/\/www.tepaseul-magazine.fr\/wp-content\/uploads\/2014\/03\/La-solitude-s\u2019\u00e9tend-en-France.jpg","type":"image\/jpeg"}],"author":"Chantal Rolland","schema":{"@context":"https:\/\/schema.org","@graph":[{"@type":"Article","@id":"https:\/\/www.tepaseul-magazine.fr\/accueil\/et-si-la-solitude-touchait-plus-de-monde-que-ce-qui-nousest-dit\/#article","isPartOf":{"@id":"https:\/\/www.tepaseul-magazine.fr\/accueil\/et-si-la-solitude-touchait-plus-de-monde-que-ce-qui-nousest-dit\/"},"author":{"name":"Chantal Rolland","@id":"https:\/\/www.tepaseul-magazine.fr\/accueil\/#\/schema\/person\/dd3827dc04f692ff480da4bac4545eeb"},"headline":"Et si la solitude touchait plus de monde que ce qui nousest dit ?","datePublished":"2014-03-28T17:41:17+00:00","dateModified":"2014-04-07T13:59:20+00:00","mainEntityOfPage":{"@id":"https:\/\/www.tepaseul-magazine.fr\/accueil\/et-si-la-solitude-touchait-plus-de-monde-que-ce-qui-nousest-dit\/"},"wordCount":1071,"commentCount":0,"publisher":{"@id":"https:\/\/www.tepaseul-magazine.fr\/accueil\/#organization"},"articleSection":["psychologie"],"inLanguage":"fr-FR","potentialAction":[{"@type":"CommentAction","name":"Comment","target":["https:\/\/www.tepaseul-magazine.fr\/accueil\/et-si-la-solitude-touchait-plus-de-monde-que-ce-qui-nousest-dit\/#respond"]}]},{"@type":"WebPage","@id":"https:\/\/www.tepaseul-magazine.fr\/accueil\/et-si-la-solitude-touchait-plus-de-monde-que-ce-qui-nousest-dit\/","url":"https:\/\/www.tepaseul-magazine.fr\/accueil\/et-si-la-solitude-touchait-plus-de-monde-que-ce-qui-nousest-dit\/","name":"Et si la solitude touchait plus de monde que ce qui nousest dit ? - Tepaseul","isPartOf":{"@id":"https:\/\/www.tepaseul-magazine.fr\/accueil\/#website"},"datePublished":"2014-03-28T17:41:17+00:00","dateModified":"2014-04-07T13:59:20+00:00","breadcrumb":{"@id":"https:\/\/www.tepaseul-magazine.fr\/accueil\/et-si-la-solitude-touchait-plus-de-monde-que-ce-qui-nousest-dit\/#breadcrumb"},"inLanguage":"fr-FR","potentialAction":[{"@type":"ReadAction","target":["https:\/\/www.tepaseul-magazine.fr\/accueil\/et-si-la-solitude-touchait-plus-de-monde-que-ce-qui-nousest-dit\/"]}]},{"@type":"BreadcrumbList","@id":"https:\/\/www.tepaseul-magazine.fr\/accueil\/et-si-la-solitude-touchait-plus-de-monde-que-ce-qui-nousest-dit\/#breadcrumb","itemListElement":[{"@type":"ListItem","position":1,"name":"Home","item":"https:\/\/www.tepaseul-magazine.fr\/accueil\/"},{"@type":"ListItem","position":2,"name":"Et si la solitude touchait plus de monde que ce qui nousest dit ?"}]},{"@type":"WebSite","@id":"https:\/\/www.tepaseul-magazine.fr\/accueil\/#website","url":"https:\/\/www.tepaseul-magazine.fr\/accueil\/","name":"Tepaseul","description":"Le Magazine des solibattants","publisher":{"@id":"https:\/\/www.tepaseul-magazine.fr\/accueil\/#organization"},"potentialAction":[{"@type":"SearchAction","target":{"@type":"EntryPoint","urlTemplate":"https:\/\/www.tepaseul-magazine.fr\/accueil\/?s={search_term_string}"},"query-input":"required name=search_term_string"}],"inLanguage":"fr-FR"},{"@type":"Organization","@id":"https:\/\/www.tepaseul-magazine.fr\/accueil\/#organization","name":"Tepaseul","url":"https:\/\/www.tepaseul-magazine.fr\/accueil\/","logo":{"@type":"ImageObject","inLanguage":"fr-FR","@id":"https:\/\/www.tepaseul-magazine.fr\/accueil\/#\/schema\/logo\/image\/","url":"https:\/\/www.tepaseul-magazine.fr\/wp-content\/uploads\/2014\/12\/logo_doublev2-noir.png","contentUrl":"https:\/\/www.tepaseul-magazine.fr\/wp-content\/uploads\/2014\/12\/logo_doublev2-noir.png","width":205,"height":51,"caption":"Tepaseul"},"image":{"@id":"https:\/\/www.tepaseul-magazine.fr\/accueil\/#\/schema\/logo\/image\/"}},{"@type":"Person","@id":"https:\/\/www.tepaseul-magazine.fr\/accueil\/#\/schema\/person\/dd3827dc04f692ff480da4bac4545eeb","name":"Chantal Rolland","image":{"@type":"ImageObject","inLanguage":"fr-FR","@id":"https:\/\/www.tepaseul-magazine.fr\/accueil\/#\/schema\/person\/image\/","url":"https:\/\/secure.gravatar.com\/avatar\/a67dbe83e155eb41b8bc6c41ebcc8564?s=96&d=mm&r=g","contentUrl":"https:\/\/secure.gravatar.com\/avatar\/a67dbe83e155eb41b8bc6c41ebcc8564?s=96&d=mm&r=g","caption":"Chantal Rolland"},"url":"https:\/\/www.tepaseul-magazine.fr\/accueil\/author\/chantal-rolland\/"}]}},"_links":{"self":[{"href":"https:\/\/www.tepaseul-magazine.fr\/accueil\/wp-json\/wp\/v2\/posts\/7719"}],"collection":[{"href":"https:\/\/www.tepaseul-magazine.fr\/accueil\/wp-json\/wp\/v2\/posts"}],"about":[{"href":"https:\/\/www.tepaseul-magazine.fr\/accueil\/wp-json\/wp\/v2\/types\/post"}],"author":[{"embeddable":true,"href":"https:\/\/www.tepaseul-magazine.fr\/accueil\/wp-json\/wp\/v2\/users\/2"}],"replies":[{"embeddable":true,"href":"https:\/\/www.tepaseul-magazine.fr\/accueil\/wp-json\/wp\/v2\/comments?post=7719"}],"version-history":[{"count":0,"href":"https:\/\/www.tepaseul-magazine.fr\/accueil\/wp-json\/wp\/v2\/posts\/7719\/revisions"}],"wp:featuredmedia":[{"embeddable":true,"href":"https:\/\/www.tepaseul-magazine.fr\/accueil\/wp-json\/wp\/v2\/media\/7720"}],"wp:attachment":[{"href":"https:\/\/www.tepaseul-magazine.fr\/accueil\/wp-json\/wp\/v2\/media?parent=7719"}],"wp:term":[{"taxonomy":"category","embeddable":true,"href":"https:\/\/www.tepaseul-magazine.fr\/accueil\/wp-json\/wp\/v2\/categories?post=7719"},{"taxonomy":"post_tag","embeddable":true,"href":"https:\/\/www.tepaseul-magazine.fr\/accueil\/wp-json\/wp\/v2\/tags?post=7719"}],"curies":[{"name":"wp","href":"https:\/\/api.w.org\/{rel}","templated":true}]}}