{"id":7737,"date":"2013-06-17T21:30:35","date_gmt":"2013-06-17T20:30:35","guid":{"rendered":"http:\/\/www.tepaseul-magazine.fr\/?p=7737"},"modified":"2014-04-07T15:01:55","modified_gmt":"2014-04-07T14:01:55","slug":"decouvrir-son-psycho-portrait-symbolique-et-se-reveler","status":"publish","type":"post","link":"https:\/\/www.tepaseul-magazine.fr\/accueil\/decouvrir-son-psycho-portrait-symbolique-et-se-reveler\/","title":{"rendered":"D\u00e9couvrir son psycho-portrait symbolique et se r\u00e9v\u00e9ler !"},"content":{"rendered":"<p align=\"center\">D\u00e9couvrir son psycho-portrait symbolique et se r\u00e9v\u00e9ler\u00a0!<\/p>\n<p align=\"center\"><i>Mieux se conna\u00eetre pour r\u00e9aliser ses projets<\/i><\/p>\n<p><b>\u00a0<img loading=\"lazy\" decoding=\"async\" class=\"size-full wp-image-7738 alignleft\" alt=\"Marie-Pierre Medouga\" src=\"http:\/\/www.tepaseul-magazine.fr\/wp-content\/uploads\/2014\/03\/Marie-Pierre-Medouga.jpg\" width=\"222\" height=\"333\" srcset=\"https:\/\/www.tepaseul-magazine.fr\/wp-content\/uploads\/2014\/03\/Marie-Pierre-Medouga.jpg 222w, https:\/\/www.tepaseul-magazine.fr\/wp-content\/uploads\/2014\/03\/Marie-Pierre-Medouga-200x300.jpg 200w\" sizes=\"(max-width: 222px) 100vw, 222px\" \/><\/b><\/p>\n<p align=\"center\">\u00a0<b><br \/>\n<\/b><\/p>\n<h3 align=\"center\"><b>5 questions \u00e0 Marie-Pierre Medouga, conceptrice du psycho-portrait symbolique<\/b><\/h3>\n<h4 align=\"center\">D\u00e9couvrir son psycho-portrait symbolique et se r\u00e9v\u00e9ler\u00a0!<\/h4>\n<p><i>\u00a0<\/i><\/p>\n<p><b>Pourquoi avez-vous-con\u00e7u cet outil\u00a0? <\/b><\/p>\n<p>&nbsp;<\/p>\n<p>En r\u00e9alit\u00e9, cet outil, je m\u2019en sers dans ma pratique professionnelle et ma vie personnelle depuis presque 30 ans.<\/p>\n<p>Associ\u00e9e et directrice de client\u00e8le d\u2019une agence de communication dans les ann\u00e9es 80, fond\u00e9e avec mon conjoint, j\u2019avais besoin d\u2019un outil pour mieux comprendre les entreprises, leur fonctionnement, ce qui les motivait.<\/p>\n<p>J\u2019avais certes d\u00e9j\u00e0 \u00e9tudi\u00e9 la sociologie des organisations mais il me manquait un outil ludique d\u2019enqu\u00eate aupr\u00e8s des d\u00e9cideurs et des \u00e9quipes. Conseil en relations publics et communication ind\u00e9pendante aujourd\u2019hui, je continue de l\u2019utiliser, soit pour aider les dirigeants\u00a0 \u00e0 d\u00e9velopper leurs strat\u00e9gies, soit pour interroger leurs \u00e9quipes et mieux comprendre leurs attentes.<\/p>\n<p>Parall\u00e8lement, j\u2019\u00e9tais souvent interpell\u00e9e par mes proches en raison d\u2019une grande intuition et des capacit\u00e9s d\u2019\u00e9coute. J\u2019adorais inventer des histoires et je cr\u00e9ais d\u00e9j\u00e0 des contes \u00e0 la demande pour mes proches pour leur permettre aux parents de surmonter une petite difficult\u00e9 avec les enfants\u00a0: un tel ne voulait pas dormir, un tel ne voulait pas manger\u2026 Il m\u2019est apparu que le portrait chinois pouvait \u00eatre une bonne base pour ces deux approches.<\/p>\n<p>&nbsp;<\/p>\n<p><b>Quelles sont vos origines, d\u2019o\u00f9 venez-vous\u00a0?<\/b><\/p>\n<p>&nbsp;<\/p>\n<p>N\u00e9e en France, de culture m\u00e9tiss\u00e9e, franco-camerounaise,\u00a0 seconde d\u2019une grande fratrie, j\u2019ai toujours eu besoin d\u2019images et de symboles pour comprendre et d\u00e9crypter ce qui m\u2019entourait. Ma famille maternelle est de la lign\u00e9e des \u00ab\u00a0princes de la For\u00eat\u00a0\u00bb. Je ne l\u2019ai su qu\u2019aux alentours de mes 15 ans.\u00a0 Un univers qui m\u2019a toujours fascin\u00e9e. C\u2019\u00e9tait un choc culturel d\u2019une certaine mani\u00e8re. Une histoire, des princes, des royaumes en Afrique.<\/p>\n<p>B\u00e8gue, je buttais sur les mots et je m\u2019enfuyais par les r\u00eaves et les contes. La lecture et la d\u00e9couverte des contes du monde entier ont \u00e9t\u00e9 une joie fantastique. Je structurais mon univers \u00e0 travers ces histoires. Bien plus tard, apr\u00e8s que j\u2019eus lu Jung et bien d\u2019autres, j\u2019ai compris \u00e0 quel point, j\u2019avais pu me construire et accepter ma double culture \u00e0 travers ces contes.\u00a0 Je me d\u00e9finis aujourd\u2019hui comme un \u00e9lectron libre, \u00e0 double, voire triple casquette.<\/p>\n<p>Lorsqu\u2019on fait appel \u00e0 moi, j\u2019ai remarqu\u00e9 que c\u2019est souvent pour lib\u00e9rer une parole ou une action entrav\u00e9e. Dans la vie personnelle comme dans ma pratique professionnelle.<\/p>\n<p>&nbsp;<\/p>\n<p><b>Comment utilisez ce psycho-portrait aupr\u00e8s du grand public et \u00e0 quoi cela peut-il servir\u00a0? <\/b><\/p>\n<p>Tout d\u2019abord, le psycho-portrait symbolique est une interrogation.\u00a0 Il donne une photographie des attentes non formul\u00e9es de la personne que l\u2019on interroge mais livre aussi son \u00e9tat d\u2019esprit, ses appr\u00e9hensions, ses doutes ou ses espoirs. Il est ensuite plus int\u00e9ressant de commencer un travail de coaching ou m\u00eame ensuite de comprendre les motivations d\u2019une personne pour tel ou tel type de poste ou d\u2019orientation professionnelle.<\/p>\n<p>La personne doit arriver avec une question pr\u00e9cise que je vais tenter de reformuler. Par exemple pour le cas d\u2019un questionnement sur un divorce\u00a0:\u00a0\u00ab\u00a0 et si mon divorce \u00e9tait\u00a0?\u00a0\u00bb\u00a0 Ou et si ma future activit\u00e9 \u00e9tait,\u2026<\/p>\n<p>&nbsp;<\/p>\n<p>Je propose ensuite les diff\u00e9rents items\u00a0:<\/p>\n<ol start=\"1\">\n<li>un animal<\/li>\n<li>une couleur<\/li>\n<li>une saveur (sucr\u00e9e, sal\u00e9e, acidul\u00e9e ou piment\u00e9e)<\/li>\n<li>un min\u00e9ral<\/li>\n<li>une fleur<\/li>\n<li>un v\u00e9g\u00e9tal<\/li>\n<li>un paysage (une ile, une plaine ou une montagne).<\/li>\n<\/ol>\n<p>&nbsp;<\/p>\n<p>J\u2019ai beaucoup travaill\u00e9 sur ces items pour en d\u00e9gager des interpr\u00e9tations qui soient \u00e0 la fois probantes et relativement simples \u00e0 analyser.<\/p>\n<p>&nbsp;<\/p>\n<p>Je propose ensuite un choix de contes \u00e0 l\u2019interview\u00e9(e). Il m\u2019a fallu pr\u00e8s de 5 ans pour introduire diff\u00e9rents contes apr\u00e8s bien s\u00fbr avoir \u00e9tudi\u00e9 leurs significations. Je tiens compte de l\u2019origine culturelle de la personne.<\/p>\n<p>Je dessine ou plut\u00f4t je d\u00e9crypte verbalement \u00e0 chaud, le portrait psycho-symbolique et demande si la personne accepte cette vision.<\/p>\n<p>C\u2019est l\u2019occasion d\u2019un\u00a0 dialogue sur ses attentes alors et les esquisses de solutions qui sont sugg\u00e9r\u00e9es par le conte que la personne a choisi. Qu\u2019elle devienne l\u2019auteur\u00a0 et l\u2019acteur de sa vie. Qu\u2019elle prenne conscience de ses potentialit\u00e9s et de ses possibilit\u00e9s et qu\u2019elle puisse faire des choix en acceptant les contradictions inh\u00e9rentes \u00e0 chaque choix.<\/p>\n<p><b>C\u2019est principalement un outil d\u2019accompagnement aux changements<\/b>. Un travail sur l\u2019\u00e9coute de soi et la congruence.<\/p>\n<p>Qu\u2019est ce qui fait sens dans la d\u00e9marche de la personne\u00a0? Qu\u2019est ce qui d\u00e9tonne\u00a0? Cela permet une prise de conscience et une meilleure perception de soi.<\/p>\n<p>&nbsp;<\/p>\n<p><b>Combien avez-vous r\u00e9alis\u00e9 de psycho-portraits et combien \u00e7a coute\u00a0?<\/b><\/p>\n<p>&nbsp;<\/p>\n<p>J\u2019ai r\u00e9alis\u00e9 plus de 1200 portraits jusqu\u2019\u00e0 ce jour, et je ne compte pas ceux qui m\u2019ont servi (environ 500) pour \u00e9laborer mes grilles d\u2019interpr\u00e9tation.<\/p>\n<p>&nbsp;<\/p>\n<p>Pour un particulier, le prix est de <b>70 \u20ac<\/b>. La s\u00e9ance qui peut se faire au t\u00e9l\u00e9phone ou en face \u00e0 face dure entre une demi-heure et une heure. Elle est souvent accompagn\u00e9e d\u2019une p\u00e9riode d\u2019accompagnement pour aider \u00e0 r\u00e9soudre une difficult\u00e9 passag\u00e8re\u00a0: orientation professionnelle, divorce, situation de changement ou de rupture.<\/p>\n<p>&nbsp;<\/p>\n<p>Pour une entreprise, le co\u00fbt est variable, en fonction du nombre de salari\u00e9s, de la m\u00e9thode utilis\u00e9e pour les interroger et de la restitution \u00e0 chaud (en individuel) et \u00e0 froid \u00e0 l\u2019aide d\u2019un PowerPoint. Les honoraires varient entre <b>1000 \u20ac\/journ\u00e9e et 3500 \u20ac<\/b> en fonction de la complexit\u00e9 de la probl\u00e9matique.<\/p>\n<p>&nbsp;<\/p>\n<p><b>Peut-on \u00eatre form\u00e9e \u00e0 l\u2019analyse des portraits, votre technique d\u2019\u00e9coute et d\u2019accompagnement peut-elle \u00eatre dupliqu\u00e9e\u00a0? <\/b><\/p>\n<p><b>\u00a0<\/b><\/p>\n<p>J\u2019ai lu et continue \u00e0 lire des dizaines de livres par an, sur les civilisations, les mythologies, l\u2019histoire, des ouvrages d\u2019anthropologie, de psychologie bien s\u00fbr, de la s\u00e9miologie et de la s\u00e9mantique mais je m\u2019int\u00e9resse \u00e9galement aux tests de personnalit\u00e9 et aux techniques de PNL et autres Process de communication. Tout ceci nourrit ma r\u00e9flexion centr\u00e9e sur l\u2019intelligence \u00e9motionnelle et la congruence.<\/p>\n<p>Alors oui je peux transmettre une partie de ce que je sais\u00a0 et je le fais d\u2019ailleurs aupr\u00e8s de mes \u00e9l\u00e8ves en communication ou dans mes formations.<\/p>\n<p>En ce qui concerne la duplication, je n\u2019en suis pas encore \u00e0 former des disciples, sans doute parce que je n\u2019ai pas encore termin\u00e9 ce travail de r\u00e9flexion et de recherches.<\/p>\n<p>&nbsp;<\/p>\n<p>&nbsp;<\/p>\n<p><b>En savoir plus sur la conceptrice\u00a0: <\/b><\/p>\n<p>&nbsp;<\/p>\n<p>Marie-Pierre MEDOUGA \u2013NDJIKESSI est titulaire d\u2019une ma\u00eetrise de droit des affaires internationales, elle \u00e9volue depuis plus de 20 ans dans le secteur du social (humanitaire, handicap, syndicats, emploi).<\/p>\n<p>Elle est aujourd\u2019hui Consultante en RELATIONS PUBLICS, sp\u00e9cialis\u00e9e dans la communication des organisations ou des entreprises \u00e0 dimension sociale affirm\u00e9e.<\/p>\n<p>Expert RP associ\u00e9e aupr\u00e8s d\u2019agences de communication\u00a0 (Econovia, Agence Apocope, Martine Cartier,\u2026) <b>en particulier sur les RP 2.0<\/b><\/p>\n<p>Vice Pr\u00e9sidente du SYNAP (Syndicat National des Attach\u00e9s de presse Professionnels et des Conseillers en Relations Publiques) et Pr\u00e9sidente de la commission formation.<\/p>\n<p>Formatrice dans diff\u00e9rentes \u00e9coles de communication : ECS, EFAP, ISCPA, ESP , accompagnatrice\/coach dans les entreprises et aupr\u00e8s des particuliers.<\/p>\n<p>MP &amp; C &#8211; 22 quai Eug\u00e8ne le Corre 78700 Conflans Sainte Honorine. 01 71 52 10 30 \u2013 06 22 78 71 38 \u2013 MPC@mp-c.eu\u00a0 &#8211; <a href=\"http:\/\/www.mp-c.eu\/\">www.mp-c.eu<\/a><\/p>\n","protected":false},"excerpt":{"rendered":"<p>D\u00e9couvrir son psycho-portrait symbolique et se r\u00e9v\u00e9ler\u00a0! Mieux se conna\u00eetre pour r\u00e9aliser ses projets \u00a0 \u00a0 5 questions \u00e0 Marie-Pierre Medouga, conceptrice du psycho-portrait symbolique D\u00e9couvrir son psycho-portrait symbolique et se r\u00e9v\u00e9ler\u00a0! \u00a0 Pourquoi avez-vous-con\u00e7u cet outil\u00a0? &nbsp; En r\u00e9alit\u00e9, cet outil, je m\u2019en sers&#8230;<\/p>\n","protected":false},"author":2,"featured_media":7739,"comment_status":"open","ping_status":"open","sticky":false,"template":"","format":"standard","meta":{"footnotes":""},"categories":[47],"tags":[],"yoast_head":"<!-- This site is optimized with the Yoast SEO plugin v21.9.1 - https:\/\/yoast.com\/wordpress\/plugins\/seo\/ -->\n<title>D\u00e9couvrir son psycho-portrait symbolique et se r\u00e9v\u00e9ler ! - Tepaseul<\/title>\n<meta name=\"robots\" content=\"index, follow, max-snippet:-1, max-image-preview:large, max-video-preview:-1\" \/>\n<link rel=\"canonical\" href=\"https:\/\/www.tepaseul-magazine.fr\/accueil\/decouvrir-son-psycho-portrait-symbolique-et-se-reveler\/\" \/>\n<meta property=\"og:locale\" content=\"fr_FR\" \/>\n<meta property=\"og:type\" content=\"article\" \/>\n<meta property=\"og:title\" content=\"D\u00e9couvrir son psycho-portrait symbolique et se r\u00e9v\u00e9ler ! - Tepaseul\" \/>\n<meta property=\"og:description\" content=\"D\u00e9couvrir son psycho-portrait symbolique et se r\u00e9v\u00e9ler\u00a0! Mieux se conna\u00eetre pour r\u00e9aliser ses projets \u00a0 \u00a0 5 questions \u00e0 Marie-Pierre Medouga, conceptrice du psycho-portrait symbolique D\u00e9couvrir son psycho-portrait symbolique et se r\u00e9v\u00e9ler\u00a0! \u00a0 Pourquoi avez-vous-con\u00e7u cet outil\u00a0? &nbsp; En r\u00e9alit\u00e9, cet outil, je m\u2019en sers...\" \/>\n<meta property=\"og:url\" content=\"https:\/\/www.tepaseul-magazine.fr\/accueil\/decouvrir-son-psycho-portrait-symbolique-et-se-reveler\/\" \/>\n<meta property=\"og:site_name\" content=\"Tepaseul\" \/>\n<meta property=\"article:published_time\" content=\"2013-06-17T20:30:35+00:00\" \/>\n<meta property=\"article:modified_time\" content=\"2014-04-07T14:01:55+00:00\" \/>\n<meta property=\"og:image\" content=\"https:\/\/www.tepaseul-magazine.fr\/wp-content\/uploads\/2014\/03\/D\u00e9veloppement-personnel.jpg\" \/>\n\t<meta property=\"og:image:width\" content=\"1200\" \/>\n\t<meta property=\"og:image:height\" content=\"675\" \/>\n\t<meta property=\"og:image:type\" content=\"image\/jpeg\" \/>\n<meta name=\"author\" content=\"Chantal Rolland\" \/>\n<script type=\"application\/ld+json\" class=\"yoast-schema-graph\">{\"@context\":\"https:\/\/schema.org\",\"@graph\":[{\"@type\":\"Article\",\"@id\":\"https:\/\/www.tepaseul-magazine.fr\/accueil\/decouvrir-son-psycho-portrait-symbolique-et-se-reveler\/#article\",\"isPartOf\":{\"@id\":\"https:\/\/www.tepaseul-magazine.fr\/accueil\/decouvrir-son-psycho-portrait-symbolique-et-se-reveler\/\"},\"author\":{\"name\":\"Chantal Rolland\",\"@id\":\"https:\/\/www.tepaseul-magazine.fr\/accueil\/#\/schema\/person\/dd3827dc04f692ff480da4bac4545eeb\"},\"headline\":\"D\u00e9couvrir son psycho-portrait symbolique et se r\u00e9v\u00e9ler !\",\"datePublished\":\"2013-06-17T20:30:35+00:00\",\"dateModified\":\"2014-04-07T14:01:55+00:00\",\"mainEntityOfPage\":{\"@id\":\"https:\/\/www.tepaseul-magazine.fr\/accueil\/decouvrir-son-psycho-portrait-symbolique-et-se-reveler\/\"},\"wordCount\":1296,\"commentCount\":0,\"publisher\":{\"@id\":\"https:\/\/www.tepaseul-magazine.fr\/accueil\/#organization\"},\"articleSection\":[\"Savoir communiquer\"],\"inLanguage\":\"fr-FR\",\"potentialAction\":[{\"@type\":\"CommentAction\",\"name\":\"Comment\",\"target\":[\"https:\/\/www.tepaseul-magazine.fr\/accueil\/decouvrir-son-psycho-portrait-symbolique-et-se-reveler\/#respond\"]}]},{\"@type\":\"WebPage\",\"@id\":\"https:\/\/www.tepaseul-magazine.fr\/accueil\/decouvrir-son-psycho-portrait-symbolique-et-se-reveler\/\",\"url\":\"https:\/\/www.tepaseul-magazine.fr\/accueil\/decouvrir-son-psycho-portrait-symbolique-et-se-reveler\/\",\"name\":\"D\u00e9couvrir son psycho-portrait symbolique et se r\u00e9v\u00e9ler ! - Tepaseul\",\"isPartOf\":{\"@id\":\"https:\/\/www.tepaseul-magazine.fr\/accueil\/#website\"},\"datePublished\":\"2013-06-17T20:30:35+00:00\",\"dateModified\":\"2014-04-07T14:01:55+00:00\",\"breadcrumb\":{\"@id\":\"https:\/\/www.tepaseul-magazine.fr\/accueil\/decouvrir-son-psycho-portrait-symbolique-et-se-reveler\/#breadcrumb\"},\"inLanguage\":\"fr-FR\",\"potentialAction\":[{\"@type\":\"ReadAction\",\"target\":[\"https:\/\/www.tepaseul-magazine.fr\/accueil\/decouvrir-son-psycho-portrait-symbolique-et-se-reveler\/\"]}]},{\"@type\":\"BreadcrumbList\",\"@id\":\"https:\/\/www.tepaseul-magazine.fr\/accueil\/decouvrir-son-psycho-portrait-symbolique-et-se-reveler\/#breadcrumb\",\"itemListElement\":[{\"@type\":\"ListItem\",\"position\":1,\"name\":\"Home\",\"item\":\"https:\/\/www.tepaseul-magazine.fr\/accueil\/\"},{\"@type\":\"ListItem\",\"position\":2,\"name\":\"D\u00e9couvrir son psycho-portrait symbolique et se r\u00e9v\u00e9ler !\"}]},{\"@type\":\"WebSite\",\"@id\":\"https:\/\/www.tepaseul-magazine.fr\/accueil\/#website\",\"url\":\"https:\/\/www.tepaseul-magazine.fr\/accueil\/\",\"name\":\"Tepaseul\",\"description\":\"Le Magazine des solibattants\",\"publisher\":{\"@id\":\"https:\/\/www.tepaseul-magazine.fr\/accueil\/#organization\"},\"potentialAction\":[{\"@type\":\"SearchAction\",\"target\":{\"@type\":\"EntryPoint\",\"urlTemplate\":\"https:\/\/www.tepaseul-magazine.fr\/accueil\/?s={search_term_string}\"},\"query-input\":\"required name=search_term_string\"}],\"inLanguage\":\"fr-FR\"},{\"@type\":\"Organization\",\"@id\":\"https:\/\/www.tepaseul-magazine.fr\/accueil\/#organization\",\"name\":\"Tepaseul\",\"url\":\"https:\/\/www.tepaseul-magazine.fr\/accueil\/\",\"logo\":{\"@type\":\"ImageObject\",\"inLanguage\":\"fr-FR\",\"@id\":\"https:\/\/www.tepaseul-magazine.fr\/accueil\/#\/schema\/logo\/image\/\",\"url\":\"https:\/\/www.tepaseul-magazine.fr\/wp-content\/uploads\/2014\/12\/logo_doublev2-noir.png\",\"contentUrl\":\"https:\/\/www.tepaseul-magazine.fr\/wp-content\/uploads\/2014\/12\/logo_doublev2-noir.png\",\"width\":205,\"height\":51,\"caption\":\"Tepaseul\"},\"image\":{\"@id\":\"https:\/\/www.tepaseul-magazine.fr\/accueil\/#\/schema\/logo\/image\/\"}},{\"@type\":\"Person\",\"@id\":\"https:\/\/www.tepaseul-magazine.fr\/accueil\/#\/schema\/person\/dd3827dc04f692ff480da4bac4545eeb\",\"name\":\"Chantal Rolland\",\"image\":{\"@type\":\"ImageObject\",\"inLanguage\":\"fr-FR\",\"@id\":\"https:\/\/www.tepaseul-magazine.fr\/accueil\/#\/schema\/person\/image\/\",\"url\":\"https:\/\/secure.gravatar.com\/avatar\/a67dbe83e155eb41b8bc6c41ebcc8564?s=96&d=mm&r=g\",\"contentUrl\":\"https:\/\/secure.gravatar.com\/avatar\/a67dbe83e155eb41b8bc6c41ebcc8564?s=96&d=mm&r=g\",\"caption\":\"Chantal Rolland\"},\"url\":\"https:\/\/www.tepaseul-magazine.fr\/accueil\/author\/chantal-rolland\/\"}]}<\/script>\n<!-- \/ Yoast SEO plugin. -->","yoast_head_json":{"title":"D\u00e9couvrir son psycho-portrait symbolique et se r\u00e9v\u00e9ler ! - Tepaseul","robots":{"index":"index","follow":"follow","max-snippet":"max-snippet:-1","max-image-preview":"max-image-preview:large","max-video-preview":"max-video-preview:-1"},"canonical":"https:\/\/www.tepaseul-magazine.fr\/accueil\/decouvrir-son-psycho-portrait-symbolique-et-se-reveler\/","og_locale":"fr_FR","og_type":"article","og_title":"D\u00e9couvrir son psycho-portrait symbolique et se r\u00e9v\u00e9ler ! - Tepaseul","og_description":"D\u00e9couvrir son psycho-portrait symbolique et se r\u00e9v\u00e9ler\u00a0! Mieux se conna\u00eetre pour r\u00e9aliser ses projets \u00a0 \u00a0 5 questions \u00e0 Marie-Pierre Medouga, conceptrice du psycho-portrait symbolique D\u00e9couvrir son psycho-portrait symbolique et se r\u00e9v\u00e9ler\u00a0! \u00a0 Pourquoi avez-vous-con\u00e7u cet outil\u00a0? &nbsp; En r\u00e9alit\u00e9, cet outil, je m\u2019en sers...","og_url":"https:\/\/www.tepaseul-magazine.fr\/accueil\/decouvrir-son-psycho-portrait-symbolique-et-se-reveler\/","og_site_name":"Tepaseul","article_published_time":"2013-06-17T20:30:35+00:00","article_modified_time":"2014-04-07T14:01:55+00:00","og_image":[{"width":1200,"height":675,"url":"https:\/\/www.tepaseul-magazine.fr\/wp-content\/uploads\/2014\/03\/D\u00e9veloppement-personnel.jpg","type":"image\/jpeg"}],"author":"Chantal Rolland","schema":{"@context":"https:\/\/schema.org","@graph":[{"@type":"Article","@id":"https:\/\/www.tepaseul-magazine.fr\/accueil\/decouvrir-son-psycho-portrait-symbolique-et-se-reveler\/#article","isPartOf":{"@id":"https:\/\/www.tepaseul-magazine.fr\/accueil\/decouvrir-son-psycho-portrait-symbolique-et-se-reveler\/"},"author":{"name":"Chantal Rolland","@id":"https:\/\/www.tepaseul-magazine.fr\/accueil\/#\/schema\/person\/dd3827dc04f692ff480da4bac4545eeb"},"headline":"D\u00e9couvrir son psycho-portrait symbolique et se r\u00e9v\u00e9ler !","datePublished":"2013-06-17T20:30:35+00:00","dateModified":"2014-04-07T14:01:55+00:00","mainEntityOfPage":{"@id":"https:\/\/www.tepaseul-magazine.fr\/accueil\/decouvrir-son-psycho-portrait-symbolique-et-se-reveler\/"},"wordCount":1296,"commentCount":0,"publisher":{"@id":"https:\/\/www.tepaseul-magazine.fr\/accueil\/#organization"},"articleSection":["Savoir communiquer"],"inLanguage":"fr-FR","potentialAction":[{"@type":"CommentAction","name":"Comment","target":["https:\/\/www.tepaseul-magazine.fr\/accueil\/decouvrir-son-psycho-portrait-symbolique-et-se-reveler\/#respond"]}]},{"@type":"WebPage","@id":"https:\/\/www.tepaseul-magazine.fr\/accueil\/decouvrir-son-psycho-portrait-symbolique-et-se-reveler\/","url":"https:\/\/www.tepaseul-magazine.fr\/accueil\/decouvrir-son-psycho-portrait-symbolique-et-se-reveler\/","name":"D\u00e9couvrir son psycho-portrait symbolique et se r\u00e9v\u00e9ler ! - Tepaseul","isPartOf":{"@id":"https:\/\/www.tepaseul-magazine.fr\/accueil\/#website"},"datePublished":"2013-06-17T20:30:35+00:00","dateModified":"2014-04-07T14:01:55+00:00","breadcrumb":{"@id":"https:\/\/www.tepaseul-magazine.fr\/accueil\/decouvrir-son-psycho-portrait-symbolique-et-se-reveler\/#breadcrumb"},"inLanguage":"fr-FR","potentialAction":[{"@type":"ReadAction","target":["https:\/\/www.tepaseul-magazine.fr\/accueil\/decouvrir-son-psycho-portrait-symbolique-et-se-reveler\/"]}]},{"@type":"BreadcrumbList","@id":"https:\/\/www.tepaseul-magazine.fr\/accueil\/decouvrir-son-psycho-portrait-symbolique-et-se-reveler\/#breadcrumb","itemListElement":[{"@type":"ListItem","position":1,"name":"Home","item":"https:\/\/www.tepaseul-magazine.fr\/accueil\/"},{"@type":"ListItem","position":2,"name":"D\u00e9couvrir son psycho-portrait symbolique et se r\u00e9v\u00e9ler !"}]},{"@type":"WebSite","@id":"https:\/\/www.tepaseul-magazine.fr\/accueil\/#website","url":"https:\/\/www.tepaseul-magazine.fr\/accueil\/","name":"Tepaseul","description":"Le Magazine des solibattants","publisher":{"@id":"https:\/\/www.tepaseul-magazine.fr\/accueil\/#organization"},"potentialAction":[{"@type":"SearchAction","target":{"@type":"EntryPoint","urlTemplate":"https:\/\/www.tepaseul-magazine.fr\/accueil\/?s={search_term_string}"},"query-input":"required name=search_term_string"}],"inLanguage":"fr-FR"},{"@type":"Organization","@id":"https:\/\/www.tepaseul-magazine.fr\/accueil\/#organization","name":"Tepaseul","url":"https:\/\/www.tepaseul-magazine.fr\/accueil\/","logo":{"@type":"ImageObject","inLanguage":"fr-FR","@id":"https:\/\/www.tepaseul-magazine.fr\/accueil\/#\/schema\/logo\/image\/","url":"https:\/\/www.tepaseul-magazine.fr\/wp-content\/uploads\/2014\/12\/logo_doublev2-noir.png","contentUrl":"https:\/\/www.tepaseul-magazine.fr\/wp-content\/uploads\/2014\/12\/logo_doublev2-noir.png","width":205,"height":51,"caption":"Tepaseul"},"image":{"@id":"https:\/\/www.tepaseul-magazine.fr\/accueil\/#\/schema\/logo\/image\/"}},{"@type":"Person","@id":"https:\/\/www.tepaseul-magazine.fr\/accueil\/#\/schema\/person\/dd3827dc04f692ff480da4bac4545eeb","name":"Chantal Rolland","image":{"@type":"ImageObject","inLanguage":"fr-FR","@id":"https:\/\/www.tepaseul-magazine.fr\/accueil\/#\/schema\/person\/image\/","url":"https:\/\/secure.gravatar.com\/avatar\/a67dbe83e155eb41b8bc6c41ebcc8564?s=96&d=mm&r=g","contentUrl":"https:\/\/secure.gravatar.com\/avatar\/a67dbe83e155eb41b8bc6c41ebcc8564?s=96&d=mm&r=g","caption":"Chantal Rolland"},"url":"https:\/\/www.tepaseul-magazine.fr\/accueil\/author\/chantal-rolland\/"}]}},"_links":{"self":[{"href":"https:\/\/www.tepaseul-magazine.fr\/accueil\/wp-json\/wp\/v2\/posts\/7737"}],"collection":[{"href":"https:\/\/www.tepaseul-magazine.fr\/accueil\/wp-json\/wp\/v2\/posts"}],"about":[{"href":"https:\/\/www.tepaseul-magazine.fr\/accueil\/wp-json\/wp\/v2\/types\/post"}],"author":[{"embeddable":true,"href":"https:\/\/www.tepaseul-magazine.fr\/accueil\/wp-json\/wp\/v2\/users\/2"}],"replies":[{"embeddable":true,"href":"https:\/\/www.tepaseul-magazine.fr\/accueil\/wp-json\/wp\/v2\/comments?post=7737"}],"version-history":[{"count":0,"href":"https:\/\/www.tepaseul-magazine.fr\/accueil\/wp-json\/wp\/v2\/posts\/7737\/revisions"}],"wp:featuredmedia":[{"embeddable":true,"href":"https:\/\/www.tepaseul-magazine.fr\/accueil\/wp-json\/wp\/v2\/media\/7739"}],"wp:attachment":[{"href":"https:\/\/www.tepaseul-magazine.fr\/accueil\/wp-json\/wp\/v2\/media?parent=7737"}],"wp:term":[{"taxonomy":"category","embeddable":true,"href":"https:\/\/www.tepaseul-magazine.fr\/accueil\/wp-json\/wp\/v2\/categories?post=7737"},{"taxonomy":"post_tag","embeddable":true,"href":"https:\/\/www.tepaseul-magazine.fr\/accueil\/wp-json\/wp\/v2\/tags?post=7737"}],"curies":[{"name":"wp","href":"https:\/\/api.w.org\/{rel}","templated":true}]}}