{"id":7775,"date":"2014-03-28T22:34:28","date_gmt":"2014-03-28T21:34:28","guid":{"rendered":"http:\/\/www.tepaseul-magazine.fr\/?p=7775"},"modified":"2014-04-07T14:56:55","modified_gmt":"2014-04-07T13:56:55","slug":"2010-annee-europeenne-de-la-lutte-contre-la-pauvrete-et-lexclusion-sociale","status":"publish","type":"post","link":"https:\/\/www.tepaseul-magazine.fr\/accueil\/2010-annee-europeenne-de-la-lutte-contre-la-pauvrete-et-lexclusion-sociale\/","title":{"rendered":"2010, ann\u00e9e europ\u00e9enne de la lutte contre la pauvret\u00e9 et l\u2019exclusion sociale"},"content":{"rendered":"<p style=\"text-align: justify;\">Voici quelques extraits du site de la F\u00e9d\u00e9ration Fran\u00e7aise des Banques alimentaires qui vous donneront peut \u00eatre envie d\u2019aller lire la suite et peut \u00eatre m\u00eame l\u2019envie de vous engager aupr\u00e8s d\u2019eux afin d\u2019apporter votre aide et de soutenir ceux qui n\u2019ont pas la chance de pouvoir manger \u00e0 leur faim tous les jours\u2026.<\/p>\n<p style=\"text-align: justify;\">\u00ab\u00a0Faire reculer la pauvret\u00e9, c\u2019est faire avancer la soci\u00e9t\u00e9\u00a0\u00bb tel \u00e9tait le th\u00e8me d\u00e9velopp\u00e9 le 18 f\u00e9vrier 2010 \u00e0 la Maison Internationale \u00e0 l\u2019occasion de la journ\u00e9e d\u2019ouverture de l\u2019Ann\u00e9e europ\u00e9enne de lutte contre la pauvret\u00e9 et l\u2019exclusion sociale en France.<\/p>\n<p>&nbsp;<br \/>\nL\u2019Union europ\u00e9enne est l\u2019une des r\u00e9gions les plus riches de la plan\u00e8te. Pourtant, pr\u00e8s de 80 millions d\u2019Europ\u00e9ens vivent en de\u00e7\u00e0 du seuil de pauvret\u00e9 et ne peuvent couvrir leurs besoins \u00e9l\u00e9mentaires. On associe souvent la pauvret\u00e9 aux pays en d\u00e9veloppement, o\u00f9 la malnutrition, la faim et le manque d\u2019eau potable sont souvent des d\u00e9fis quotidiens. Mais l\u2019Europe aussi est touch\u00e9e par la pauvret\u00e9 et l\u2019exclusion sociale m\u00eame si elle est peut-\u00eatre moins visible. Elle reste tout aussi intol\u00e9rable. \u2028Anim\u00e9e par son principe fondamental de solidarit\u00e9, l\u2019Union europ\u00e9enne s\u2019est associ\u00e9e aux \u00c9tats membres pour faire de 2010 l\u2019Ann\u00e9e europ\u00e9enne de lutte contre la pauvret\u00e9 et l\u2019exclusion sociale. Ses objectifs cl\u00e9s sont de renforcer la prise de conscience du public sur ces questions et de renouveler l\u2019engagement politique de l\u2019UE et de ses \u00c9tats membres dans la lutte contre la pauvret\u00e9 et l\u2019exclusion sociale. \u2028Le fil conducteur de l\u2019Ann\u00e9e europ\u00e9enne 2010 est de donner voix aux inqui\u00e9tudes des victimes de la pauvret\u00e9 et de l\u2019exclusion sociale tout en encourageant les citoyens europ\u00e9ens et les autres acteurs \u00e0 s\u2019engager sur ces questions importantes. \u2028Cette Ann\u00e9e europ\u00e9enne cherche \u00e9galement \u00e0 remettre en question les st\u00e9r\u00e9otypes et les perceptions collectives li\u00e9s \u00e0 la pauvret\u00e9. En embrassant les principes europ\u00e9ens de solidarit\u00e9 et de partenariat, l\u2019Ann\u00e9e 2010 lance un signal fort\u00a0: il faut s\u2019attaquer de front aux causes de la pauvret\u00e9 afin de garantir pour chacun un r\u00f4le actif dans la soci\u00e9t\u00e9. \u2028Les organisations de la soci\u00e9t\u00e9 civile et les partenaires sociaux s\u2019associeront aux pays participants et \u00e0 la Commission europ\u00e9enne pour organiser de nombreuses activit\u00e9s tout au long de l\u2019ann\u00e9e 2010. \u2028C\u2019est ainsi que deux conf\u00e9rences europ\u00e9ennes auront lieu, en janvier et en d\u00e9cembre. Par ailleurs, une initiative artistique sera l\u2019occasion de rapprocher le monde de la cr\u00e9ation de celui des victimes de la pauvret\u00e9 et de l\u2019exclusion sociale. De plus, des journ\u00e9es sp\u00e9ciales de formation offriront aux m\u00e9dias et aux d\u00e9cideurs un panorama nouveau de ces th\u00e9matiques complexes.<br \/>\n&nbsp;<br \/>\nSource\u00a0: <a href=\"http:\/\/www.2010againstpoverty.eu\/opencms \u2028http:\/\/aepauvrete.com\/\" target=\"_blank\">http:\/\/www.2010againstpoverty.eu\/opencms \u2028http:\/\/aepauvrete.com\/<\/a><br \/>\n&nbsp;<br \/>\nLes Banques Alimentaires ont distribu\u00e9 l\u2019\u00e9quivalent de 176 millions de repas en 2009<br \/>\n&nbsp;<br \/>\n88 400 tonnes de produits, \u00e9quivalent \u00e0 plus de 176 millions de repas, ont \u00e9t\u00e9 distribu\u00e9es par les 79 Banques Alimentaires en 2009, une augmentation de 13,6% par rapport \u00e0 2008 (77800 tonnes distribu\u00e9es). \u2028La grande distribution, les industries agroalimentaires et les producteurs agricoles ont augment\u00e9 leurs dons de denr\u00e9es d\u2019environ 12% tandis que ceux de l\u2019Etat et de l\u2019Union Europ\u00e9enne ont augment\u00e9 d\u2019environ 16% pour repr\u00e9senter cette ann\u00e9e 37,4% du total des approvisionnements. \u2028En revanche, les dons du grand public sont pratiquement demeur\u00e9s au niveau de l\u2019ann\u00e9e pr\u00e9c\u00e9dente. Cela s\u2019explique par les r\u00e9sultats de la collecte nationale du dernier week-end de novembre, en retrait par rapport \u00e0 ceux de l\u2019ann\u00e9e pr\u00e9c\u00e9dente. En 2008, le d\u00e9but de la crise financi\u00e8re avait sensibilis\u00e9 le grand public aux risques de la pr\u00e9carit\u00e9\u00a0: le tonnage collect\u00e9 avait fait un bond de 21% par rapport \u00e0 2007. En 2009, la crise \u00e9conomique a commenc\u00e9 \u00e0 toucher le plus grand nombre et la quantit\u00e9 de denr\u00e9es offertes a diminu\u00e9 d\u2019environ 7%, baisse en grande partie compens\u00e9e par l\u2019augmentation des collectes au cours du premier semestre. \u2028N\u00e9anmoins, la collecte nationale aupr\u00e8s du grand public demeure l\u2019une des sources essentielles d\u2019approvisionnement pour certains produits, comme les conserves de poisson par exemple. \u2028Depuis 2006, le r\u00e9seau des Banques Alimentaires s\u2019est engag\u00e9 dans une d\u00e9marche qualitative de l\u2019aide alimentaire distribu\u00e9e. C\u2019est pourquoi tous les ans, le r\u00e9seau compare la r\u00e9partition de ses approvisionnements aux crit\u00e8res \u00e9tablis par le PNNS (Plan national nutrition sant\u00e9) pour une aide alimentaire nutritionnelle \u00e9quilibr\u00e9e. \u2028Ainsi, les Banques Alimentaires distribuent en moyenne suffisamment de produits laitiers (36% contre 26% conseill\u00e9s) mais pas assez de fruits et l\u00e9gumes (19% contre 33% conseill\u00e9s) ni de \u00ab\u00a0viandes\/poissons\/\u0153ufs\u00a0\u00bb (6% contre 12% conseill\u00e9s). N\u00e9anmoins, pour cette derni\u00e8re cat\u00e9gorie, la part du poisson doit \u00eatre d\u2019au moins 25% et les Banques Alimentaires en distribue 27%.<br \/>\n&nbsp;<\/p>\n<p style=\"text-align: justify;\">La quantit\u00e9 de denr\u00e9es collect\u00e9es par le r\u00e9seau des Banques Alimentaires a augment\u00e9 afin de faire face \u00e0 l\u2019accroissement pr\u00e9visible de l\u2019aide alimentaire. Toutefois, la quantit\u00e9 seule ne suffit pas et la r\u00e9partition nutritionnelle des produits distribu\u00e9s doit inciter les Banques Alimentaires et leurs partenaires \u00e0 trouver de nouvelles sources d\u2019approvisionnement pour les produits manquants comme les fruits et les l\u00e9gumes et les \u00ab\u00a0viandes\/poissons\/\u0153ufs\u00a0\u00bb.<\/p>\n<p style=\"text-align: justify;\">Association Astr\u00e9e<\/p>\n<p>&nbsp;<br \/>\nDepuis 1987, Astr\u00e9e, association loi 1901, lutte contre l\u2019isolement et agit pour la restauration du lien social en mettant en relation des personnes isol\u00e9es et des b\u00e9n\u00e9voles. \u2028C\u2019est ainsi que des milliers d\u2019accompagnements individualis\u00e9s ont \u00e9t\u00e9 men\u00e9s sous la supervision des professionnels de l\u2019association pour des personnes confront\u00e9es \u00e0 une situation de fragilit\u00e9 sociale ou personnelle. \u2028Pour d\u00e9velopper son projet, Astr\u00e9e s\u2019est engag\u00e9e aussi dans une nouvelle politique de partenariat avec les associations. Un des \u00e9l\u00e9ments de cette politique est de construire avec certains acteurs associatifs un mode de collaboration plus actif et significatif. \u2028C\u2019est dans ce contexte que Astr\u00e9e reconduit depuis 2007 son partenariat avec la F\u00e9d\u00e9ration fran\u00e7aise des Banques Alimentaires. Astr\u00e9e s\u2019engage \u00e0 aider \u00e0 aider en formant gratuitement les b\u00e9n\u00e9voles qui interviennent dans le cadre de l\u2019action des Banques Alimentaires. Il s\u2019agit particuli\u00e8rement de l\u2019animation du module de deux jours intitul\u00e9 \u00ab\u00a0Ecoute et accompagnement dans l\u2019aide alimentaire\u00a0\u00bb. \u2028L\u2019objectif de la formation \u00ab\u00a0Ecoute et accompagnement dans l\u2019aide alimentaire\u00a0\u00bb est de pr\u00e9parer les b\u00e9n\u00e9voles \u00e0 la relation d\u2019aide et \u00e0 l\u2019\u00e9coute des personnes d\u00e9munies et de mieux comprendre les attentes et les comportements des b\u00e9n\u00e9ficiaires. Cette formation est \u00e0 la fois th\u00e9orique et pratique\u00a0: techniques d\u2019\u00e9coute et de reformulation diff\u00e9rentes, attitudes d\u2019aide, jeux de r\u00f4les sur des cas concrets&#8230; Ces formations se d\u00e9roulent sur deux jours (modules fondamentaux) suivis d\u2019une troisi\u00e8me journ\u00e9e \u00ab\u00a0Atelier pratique\u00a0\u00bb. En 2008 et 2009, quarante banques, 285 associations partenaires et plus de 500 personnes ont suivi cette formation.<br \/>\n&nbsp;<br \/>\nPour en savoir plus, consulter <a href=\"www.astree.asso.fr\/\" target=\"_blank\">www.astree.asso.fr\/<\/a><\/p>\n","protected":false},"excerpt":{"rendered":"<p>Voici quelques extraits du site de la F\u00e9d\u00e9ration Fran\u00e7aise des Banques alimentaires qui vous donneront peut \u00eatre envie d\u2019aller lire la suite et peut \u00eatre m\u00eame l\u2019envie de vous engager aupr\u00e8s d\u2019eux afin d\u2019apporter votre aide et de soutenir ceux qui n\u2019ont pas la chance&#8230;<\/p>\n","protected":false},"author":2,"featured_media":7776,"comment_status":"open","ping_status":"open","sticky":false,"template":"","format":"standard","meta":{"footnotes":""},"categories":[48],"tags":[],"yoast_head":"<!-- This site is optimized with the Yoast SEO plugin v21.9.1 - https:\/\/yoast.com\/wordpress\/plugins\/seo\/ -->\n<title>2010, ann\u00e9e europ\u00e9enne de la lutte contre la pauvret\u00e9 et l\u2019exclusion sociale - Tepaseul<\/title>\n<meta name=\"robots\" content=\"index, follow, max-snippet:-1, max-image-preview:large, max-video-preview:-1\" \/>\n<link rel=\"canonical\" href=\"https:\/\/www.tepaseul-magazine.fr\/accueil\/2010-annee-europeenne-de-la-lutte-contre-la-pauvrete-et-lexclusion-sociale\/\" \/>\n<meta property=\"og:locale\" content=\"fr_FR\" \/>\n<meta property=\"og:type\" content=\"article\" \/>\n<meta property=\"og:title\" content=\"2010, ann\u00e9e europ\u00e9enne de la lutte contre la pauvret\u00e9 et l\u2019exclusion sociale - Tepaseul\" \/>\n<meta property=\"og:description\" content=\"Voici quelques extraits du site de la F\u00e9d\u00e9ration Fran\u00e7aise des Banques alimentaires qui vous donneront peut \u00eatre envie d\u2019aller lire la suite et peut \u00eatre m\u00eame l\u2019envie de vous engager aupr\u00e8s d\u2019eux afin d\u2019apporter votre aide et de soutenir ceux qui n\u2019ont pas la chance...\" \/>\n<meta property=\"og:url\" content=\"https:\/\/www.tepaseul-magazine.fr\/accueil\/2010-annee-europeenne-de-la-lutte-contre-la-pauvrete-et-lexclusion-sociale\/\" \/>\n<meta property=\"og:site_name\" content=\"Tepaseul\" \/>\n<meta property=\"article:published_time\" content=\"2014-03-28T21:34:28+00:00\" \/>\n<meta property=\"article:modified_time\" content=\"2014-04-07T13:56:55+00:00\" \/>\n<meta property=\"og:image\" content=\"https:\/\/www.tepaseul-magazine.fr\/wp-content\/uploads\/2014\/03\/F\u00e9d\u00e9ration-Fran\u00e7aise-des-Banques-alimentaires-.jpg\" \/>\n\t<meta property=\"og:image:width\" content=\"1200\" \/>\n\t<meta property=\"og:image:height\" content=\"675\" \/>\n\t<meta property=\"og:image:type\" content=\"image\/jpeg\" \/>\n<meta name=\"author\" content=\"Chantal Rolland\" \/>\n<script type=\"application\/ld+json\" class=\"yoast-schema-graph\">{\"@context\":\"https:\/\/schema.org\",\"@graph\":[{\"@type\":\"Article\",\"@id\":\"https:\/\/www.tepaseul-magazine.fr\/accueil\/2010-annee-europeenne-de-la-lutte-contre-la-pauvrete-et-lexclusion-sociale\/#article\",\"isPartOf\":{\"@id\":\"https:\/\/www.tepaseul-magazine.fr\/accueil\/2010-annee-europeenne-de-la-lutte-contre-la-pauvrete-et-lexclusion-sociale\/\"},\"author\":{\"name\":\"Chantal Rolland\",\"@id\":\"https:\/\/www.tepaseul-magazine.fr\/accueil\/#\/schema\/person\/dd3827dc04f692ff480da4bac4545eeb\"},\"headline\":\"2010, ann\u00e9e europ\u00e9enne de la lutte contre la pauvret\u00e9 et l\u2019exclusion sociale\",\"datePublished\":\"2014-03-28T21:34:28+00:00\",\"dateModified\":\"2014-04-07T13:56:55+00:00\",\"mainEntityOfPage\":{\"@id\":\"https:\/\/www.tepaseul-magazine.fr\/accueil\/2010-annee-europeenne-de-la-lutte-contre-la-pauvrete-et-lexclusion-sociale\/\"},\"wordCount\":1228,\"commentCount\":0,\"publisher\":{\"@id\":\"https:\/\/www.tepaseul-magazine.fr\/accueil\/#organization\"},\"articleSection\":[\"Entraidons-nous\"],\"inLanguage\":\"fr-FR\",\"potentialAction\":[{\"@type\":\"CommentAction\",\"name\":\"Comment\",\"target\":[\"https:\/\/www.tepaseul-magazine.fr\/accueil\/2010-annee-europeenne-de-la-lutte-contre-la-pauvrete-et-lexclusion-sociale\/#respond\"]}]},{\"@type\":\"WebPage\",\"@id\":\"https:\/\/www.tepaseul-magazine.fr\/accueil\/2010-annee-europeenne-de-la-lutte-contre-la-pauvrete-et-lexclusion-sociale\/\",\"url\":\"https:\/\/www.tepaseul-magazine.fr\/accueil\/2010-annee-europeenne-de-la-lutte-contre-la-pauvrete-et-lexclusion-sociale\/\",\"name\":\"2010, ann\u00e9e europ\u00e9enne de la lutte contre la pauvret\u00e9 et l\u2019exclusion sociale - Tepaseul\",\"isPartOf\":{\"@id\":\"https:\/\/www.tepaseul-magazine.fr\/accueil\/#website\"},\"datePublished\":\"2014-03-28T21:34:28+00:00\",\"dateModified\":\"2014-04-07T13:56:55+00:00\",\"breadcrumb\":{\"@id\":\"https:\/\/www.tepaseul-magazine.fr\/accueil\/2010-annee-europeenne-de-la-lutte-contre-la-pauvrete-et-lexclusion-sociale\/#breadcrumb\"},\"inLanguage\":\"fr-FR\",\"potentialAction\":[{\"@type\":\"ReadAction\",\"target\":[\"https:\/\/www.tepaseul-magazine.fr\/accueil\/2010-annee-europeenne-de-la-lutte-contre-la-pauvrete-et-lexclusion-sociale\/\"]}]},{\"@type\":\"BreadcrumbList\",\"@id\":\"https:\/\/www.tepaseul-magazine.fr\/accueil\/2010-annee-europeenne-de-la-lutte-contre-la-pauvrete-et-lexclusion-sociale\/#breadcrumb\",\"itemListElement\":[{\"@type\":\"ListItem\",\"position\":1,\"name\":\"Home\",\"item\":\"https:\/\/www.tepaseul-magazine.fr\/accueil\/\"},{\"@type\":\"ListItem\",\"position\":2,\"name\":\"2010, ann\u00e9e europ\u00e9enne de la lutte contre la pauvret\u00e9 et l\u2019exclusion sociale\"}]},{\"@type\":\"WebSite\",\"@id\":\"https:\/\/www.tepaseul-magazine.fr\/accueil\/#website\",\"url\":\"https:\/\/www.tepaseul-magazine.fr\/accueil\/\",\"name\":\"Tepaseul\",\"description\":\"Le Magazine des solibattants\",\"publisher\":{\"@id\":\"https:\/\/www.tepaseul-magazine.fr\/accueil\/#organization\"},\"potentialAction\":[{\"@type\":\"SearchAction\",\"target\":{\"@type\":\"EntryPoint\",\"urlTemplate\":\"https:\/\/www.tepaseul-magazine.fr\/accueil\/?s={search_term_string}\"},\"query-input\":\"required name=search_term_string\"}],\"inLanguage\":\"fr-FR\"},{\"@type\":\"Organization\",\"@id\":\"https:\/\/www.tepaseul-magazine.fr\/accueil\/#organization\",\"name\":\"Tepaseul\",\"url\":\"https:\/\/www.tepaseul-magazine.fr\/accueil\/\",\"logo\":{\"@type\":\"ImageObject\",\"inLanguage\":\"fr-FR\",\"@id\":\"https:\/\/www.tepaseul-magazine.fr\/accueil\/#\/schema\/logo\/image\/\",\"url\":\"https:\/\/www.tepaseul-magazine.fr\/wp-content\/uploads\/2014\/12\/logo_doublev2-noir.png\",\"contentUrl\":\"https:\/\/www.tepaseul-magazine.fr\/wp-content\/uploads\/2014\/12\/logo_doublev2-noir.png\",\"width\":205,\"height\":51,\"caption\":\"Tepaseul\"},\"image\":{\"@id\":\"https:\/\/www.tepaseul-magazine.fr\/accueil\/#\/schema\/logo\/image\/\"}},{\"@type\":\"Person\",\"@id\":\"https:\/\/www.tepaseul-magazine.fr\/accueil\/#\/schema\/person\/dd3827dc04f692ff480da4bac4545eeb\",\"name\":\"Chantal Rolland\",\"image\":{\"@type\":\"ImageObject\",\"inLanguage\":\"fr-FR\",\"@id\":\"https:\/\/www.tepaseul-magazine.fr\/accueil\/#\/schema\/person\/image\/\",\"url\":\"https:\/\/secure.gravatar.com\/avatar\/a67dbe83e155eb41b8bc6c41ebcc8564?s=96&d=mm&r=g\",\"contentUrl\":\"https:\/\/secure.gravatar.com\/avatar\/a67dbe83e155eb41b8bc6c41ebcc8564?s=96&d=mm&r=g\",\"caption\":\"Chantal Rolland\"},\"url\":\"https:\/\/www.tepaseul-magazine.fr\/accueil\/author\/chantal-rolland\/\"}]}<\/script>\n<!-- \/ Yoast SEO plugin. -->","yoast_head_json":{"title":"2010, ann\u00e9e europ\u00e9enne de la lutte contre la pauvret\u00e9 et l\u2019exclusion sociale - Tepaseul","robots":{"index":"index","follow":"follow","max-snippet":"max-snippet:-1","max-image-preview":"max-image-preview:large","max-video-preview":"max-video-preview:-1"},"canonical":"https:\/\/www.tepaseul-magazine.fr\/accueil\/2010-annee-europeenne-de-la-lutte-contre-la-pauvrete-et-lexclusion-sociale\/","og_locale":"fr_FR","og_type":"article","og_title":"2010, ann\u00e9e europ\u00e9enne de la lutte contre la pauvret\u00e9 et l\u2019exclusion sociale - Tepaseul","og_description":"Voici quelques extraits du site de la F\u00e9d\u00e9ration Fran\u00e7aise des Banques alimentaires qui vous donneront peut \u00eatre envie d\u2019aller lire la suite et peut \u00eatre m\u00eame l\u2019envie de vous engager aupr\u00e8s d\u2019eux afin d\u2019apporter votre aide et de soutenir ceux qui n\u2019ont pas la chance...","og_url":"https:\/\/www.tepaseul-magazine.fr\/accueil\/2010-annee-europeenne-de-la-lutte-contre-la-pauvrete-et-lexclusion-sociale\/","og_site_name":"Tepaseul","article_published_time":"2014-03-28T21:34:28+00:00","article_modified_time":"2014-04-07T13:56:55+00:00","og_image":[{"width":1200,"height":675,"url":"https:\/\/www.tepaseul-magazine.fr\/wp-content\/uploads\/2014\/03\/F\u00e9d\u00e9ration-Fran\u00e7aise-des-Banques-alimentaires-.jpg","type":"image\/jpeg"}],"author":"Chantal Rolland","schema":{"@context":"https:\/\/schema.org","@graph":[{"@type":"Article","@id":"https:\/\/www.tepaseul-magazine.fr\/accueil\/2010-annee-europeenne-de-la-lutte-contre-la-pauvrete-et-lexclusion-sociale\/#article","isPartOf":{"@id":"https:\/\/www.tepaseul-magazine.fr\/accueil\/2010-annee-europeenne-de-la-lutte-contre-la-pauvrete-et-lexclusion-sociale\/"},"author":{"name":"Chantal Rolland","@id":"https:\/\/www.tepaseul-magazine.fr\/accueil\/#\/schema\/person\/dd3827dc04f692ff480da4bac4545eeb"},"headline":"2010, ann\u00e9e europ\u00e9enne de la lutte contre la pauvret\u00e9 et l\u2019exclusion sociale","datePublished":"2014-03-28T21:34:28+00:00","dateModified":"2014-04-07T13:56:55+00:00","mainEntityOfPage":{"@id":"https:\/\/www.tepaseul-magazine.fr\/accueil\/2010-annee-europeenne-de-la-lutte-contre-la-pauvrete-et-lexclusion-sociale\/"},"wordCount":1228,"commentCount":0,"publisher":{"@id":"https:\/\/www.tepaseul-magazine.fr\/accueil\/#organization"},"articleSection":["Entraidons-nous"],"inLanguage":"fr-FR","potentialAction":[{"@type":"CommentAction","name":"Comment","target":["https:\/\/www.tepaseul-magazine.fr\/accueil\/2010-annee-europeenne-de-la-lutte-contre-la-pauvrete-et-lexclusion-sociale\/#respond"]}]},{"@type":"WebPage","@id":"https:\/\/www.tepaseul-magazine.fr\/accueil\/2010-annee-europeenne-de-la-lutte-contre-la-pauvrete-et-lexclusion-sociale\/","url":"https:\/\/www.tepaseul-magazine.fr\/accueil\/2010-annee-europeenne-de-la-lutte-contre-la-pauvrete-et-lexclusion-sociale\/","name":"2010, ann\u00e9e europ\u00e9enne de la lutte contre la pauvret\u00e9 et l\u2019exclusion sociale - Tepaseul","isPartOf":{"@id":"https:\/\/www.tepaseul-magazine.fr\/accueil\/#website"},"datePublished":"2014-03-28T21:34:28+00:00","dateModified":"2014-04-07T13:56:55+00:00","breadcrumb":{"@id":"https:\/\/www.tepaseul-magazine.fr\/accueil\/2010-annee-europeenne-de-la-lutte-contre-la-pauvrete-et-lexclusion-sociale\/#breadcrumb"},"inLanguage":"fr-FR","potentialAction":[{"@type":"ReadAction","target":["https:\/\/www.tepaseul-magazine.fr\/accueil\/2010-annee-europeenne-de-la-lutte-contre-la-pauvrete-et-lexclusion-sociale\/"]}]},{"@type":"BreadcrumbList","@id":"https:\/\/www.tepaseul-magazine.fr\/accueil\/2010-annee-europeenne-de-la-lutte-contre-la-pauvrete-et-lexclusion-sociale\/#breadcrumb","itemListElement":[{"@type":"ListItem","position":1,"name":"Home","item":"https:\/\/www.tepaseul-magazine.fr\/accueil\/"},{"@type":"ListItem","position":2,"name":"2010, ann\u00e9e europ\u00e9enne de la lutte contre la pauvret\u00e9 et l\u2019exclusion sociale"}]},{"@type":"WebSite","@id":"https:\/\/www.tepaseul-magazine.fr\/accueil\/#website","url":"https:\/\/www.tepaseul-magazine.fr\/accueil\/","name":"Tepaseul","description":"Le Magazine des solibattants","publisher":{"@id":"https:\/\/www.tepaseul-magazine.fr\/accueil\/#organization"},"potentialAction":[{"@type":"SearchAction","target":{"@type":"EntryPoint","urlTemplate":"https:\/\/www.tepaseul-magazine.fr\/accueil\/?s={search_term_string}"},"query-input":"required name=search_term_string"}],"inLanguage":"fr-FR"},{"@type":"Organization","@id":"https:\/\/www.tepaseul-magazine.fr\/accueil\/#organization","name":"Tepaseul","url":"https:\/\/www.tepaseul-magazine.fr\/accueil\/","logo":{"@type":"ImageObject","inLanguage":"fr-FR","@id":"https:\/\/www.tepaseul-magazine.fr\/accueil\/#\/schema\/logo\/image\/","url":"https:\/\/www.tepaseul-magazine.fr\/wp-content\/uploads\/2014\/12\/logo_doublev2-noir.png","contentUrl":"https:\/\/www.tepaseul-magazine.fr\/wp-content\/uploads\/2014\/12\/logo_doublev2-noir.png","width":205,"height":51,"caption":"Tepaseul"},"image":{"@id":"https:\/\/www.tepaseul-magazine.fr\/accueil\/#\/schema\/logo\/image\/"}},{"@type":"Person","@id":"https:\/\/www.tepaseul-magazine.fr\/accueil\/#\/schema\/person\/dd3827dc04f692ff480da4bac4545eeb","name":"Chantal Rolland","image":{"@type":"ImageObject","inLanguage":"fr-FR","@id":"https:\/\/www.tepaseul-magazine.fr\/accueil\/#\/schema\/person\/image\/","url":"https:\/\/secure.gravatar.com\/avatar\/a67dbe83e155eb41b8bc6c41ebcc8564?s=96&d=mm&r=g","contentUrl":"https:\/\/secure.gravatar.com\/avatar\/a67dbe83e155eb41b8bc6c41ebcc8564?s=96&d=mm&r=g","caption":"Chantal Rolland"},"url":"https:\/\/www.tepaseul-magazine.fr\/accueil\/author\/chantal-rolland\/"}]}},"_links":{"self":[{"href":"https:\/\/www.tepaseul-magazine.fr\/accueil\/wp-json\/wp\/v2\/posts\/7775"}],"collection":[{"href":"https:\/\/www.tepaseul-magazine.fr\/accueil\/wp-json\/wp\/v2\/posts"}],"about":[{"href":"https:\/\/www.tepaseul-magazine.fr\/accueil\/wp-json\/wp\/v2\/types\/post"}],"author":[{"embeddable":true,"href":"https:\/\/www.tepaseul-magazine.fr\/accueil\/wp-json\/wp\/v2\/users\/2"}],"replies":[{"embeddable":true,"href":"https:\/\/www.tepaseul-magazine.fr\/accueil\/wp-json\/wp\/v2\/comments?post=7775"}],"version-history":[{"count":0,"href":"https:\/\/www.tepaseul-magazine.fr\/accueil\/wp-json\/wp\/v2\/posts\/7775\/revisions"}],"wp:featuredmedia":[{"embeddable":true,"href":"https:\/\/www.tepaseul-magazine.fr\/accueil\/wp-json\/wp\/v2\/media\/7776"}],"wp:attachment":[{"href":"https:\/\/www.tepaseul-magazine.fr\/accueil\/wp-json\/wp\/v2\/media?parent=7775"}],"wp:term":[{"taxonomy":"category","embeddable":true,"href":"https:\/\/www.tepaseul-magazine.fr\/accueil\/wp-json\/wp\/v2\/categories?post=7775"},{"taxonomy":"post_tag","embeddable":true,"href":"https:\/\/www.tepaseul-magazine.fr\/accueil\/wp-json\/wp\/v2\/tags?post=7775"}],"curies":[{"name":"wp","href":"https:\/\/api.w.org\/{rel}","templated":true}]}}