{"id":7810,"date":"2014-03-28T23:46:42","date_gmt":"2014-03-28T22:46:42","guid":{"rendered":"http:\/\/www.tepaseul-magazine.fr\/?p=7810"},"modified":"2014-04-07T14:55:04","modified_gmt":"2014-04-07T13:55:04","slug":"la-peur-du-temps-qui-passe","status":"publish","type":"post","link":"https:\/\/www.tepaseul-magazine.fr\/accueil\/la-peur-du-temps-qui-passe\/","title":{"rendered":"La peur du temps qui passe"},"content":{"rendered":"<p>L\u2019homme est passif et impuissant face au temps qui passe\u2026Il se sent faible face \u00e0 la fuite des heures. Il a peur de voir dispara\u00eetre les bons souvenirs. Il se voit vieillir et surtout, il a redoute la mort\u2026.La mort qui repr\u00e9sente, pour la plupart des hommes sur terre, une fin d\u00e9finitive et implacable.<\/p>\n<p>&nbsp;<\/p>\n<p>Le temps est une notion subjective.<\/p>\n<p>Le mot \u00ab\u00a0temps\u00a0\u00bb vient du latin \u00ab\u00a0tempus\u00a0\u00bb, lui m\u00eame d\u00e9riv\u00e9 du grec \u00ab\u00a0temnein\u00a0\u00bb, couper, qui fait r\u00e9f\u00e9rence \u00e0 une division du flot du temps en \u00e9l\u00e9ments finis. \u00ab\u00a0Temple\u00a0\u00bb d\u00e9rive \u00e9galement de cette racine et en est la correspondance spatiale (le \u00ab\u00a0templum\u00a0\u00bb initial est la division de l\u2019espace du ciel ou du sol en secteurs pour les augures). Enfin, \u00ab\u00a0Atome\u00a0\u00bb (ins\u00e9cable\u00a0) d\u00e9rive \u00e9galement de \u00ab\u00a0temnein\u00a0\u00bb (Etymologie du mot temps dans \u00ab\u00a0Wikip\u00e9dia\u00a0\u00bb).<\/p>\n<p>&nbsp;<\/p>\n<p>Les moments d\u2019attente semblent interminables et ceux qui sont pleins de bonheur passent trop vite. On voudrait que le temps s\u2019acc\u00e9l\u00e8re face au danger et on aimerait le voir ralentir sa course pour p\u00e9renniser des moments de d\u00e9lices. Il nous est, en g\u00e9n\u00e9ral, difficile de vivre le \u00ab\u00a0Carpe Diem\u00a0\u00bb d\u2019Horace. Vivre pleinement le moment pr\u00e9sent serait l\u2019id\u00e9al mais cet id\u00e9al n\u2019est pas \u00e0 la port\u00e9e de tout le monde. Depuis les Grecs, un concept nomm\u00e9 CRONOS qui, adjoint \u00e0 l\u2019Aion et au Kairos, permet de d\u00e9finir le temps.<\/p>\n<p>Le Cronos est le \u00ab\u00a0tout\u00a0\u00bb du temps\u00a0:<\/p>\n<p>\u00ab\u00a0Hier \u00e9tait le jour pr\u00e9c\u00e9dent et demain sera le jour suivant parce que je suis aujourd\u2019hui\u00a0\u00bb.<\/p>\n<p>Pour l\u2019Homme, le temps \u00ab\u00a0coule\u00a0\u00bb du pass\u00e9 au futur. Gr\u00e2ce \u00e0 ce sentiment de dur\u00e9e, il peut agir, se souvenir, imaginer, etc..si bien que le temps lui est devenu essentiel et m\u00eame banal car crit\u00e8re de rep\u00e8re majeur de son quotidien.<\/p>\n<p>Vous connaissez cette question qui a laiss\u00e9 muettes des g\u00e9n\u00e9rations enti\u00e8res de penseurs\u00a0: \u00ab\u00a0laisser le temps au temps\u00a0\u00bb (d\u2019ailleurs remise en m\u00e9moire par Fran\u00e7ois Mitterrand\u00a0)\u00a0? Le temps de la bonne r\u00e9ponse n\u2019est pas encore venu.<\/p>\n<p>&nbsp;<\/p>\n<p>Et si on conna\u00eet le d\u00e9coupage du temps historique\u00a0:<\/p>\n<p>&#8211;\u00a0\u00a0\u00a0\u00a0\u00a0\u00a0\u00a0\u00a0\u00a0 <b>le pass\u00e9<\/b> qui d\u00e9signe l\u2019espace du r\u00e9el qui n\u2019est plus, est avant le pr\u00e9sent<\/p>\n<p>&#8211;\u00a0\u00a0\u00a0\u00a0\u00a0\u00a0\u00a0\u00a0\u00a0 <b>le pr\u00e9sent<\/b> qui d\u00e9signe l\u2019espace du r\u00e9el, entre le pass\u00e9 qui n\u2019est plus, et le futur qui n\u2019est pas encore,<\/p>\n<p>&#8211;\u00a0\u00a0\u00a0\u00a0\u00a0\u00a0\u00a0\u00a0\u00a0 <b>le futur<\/b> qui d\u00e9signe l\u2019espace du r\u00e9el qui n\u2019est pas encore, apr\u00e8s le pr\u00e9sent\u2026<\/p>\n<p>\u2026l\u2019homme a de quoi \u00aben\u00a0perdre son latin\u00a0\u00bb\u00a0!<\/p>\n<p>&nbsp;<\/p>\n<p>Ce qui fait que lorsque nous nous posons ce genre de questions et que nous n\u2019arrivons pas \u00e0 y r\u00e9pondre, nous entrons dans une r\u00e9action qui g\u00e9n\u00e8re de l\u2019angoisse\u2026La peur du temps qui passe et dont nous ne sommes pas ma\u00eetres.<\/p>\n<p>&nbsp;<\/p>\n<p>Devant toutes ces non r\u00e9ponses, nous voyons le temps qui passe, souvent bien trop vite, et nous avons terriblement peur de ne pas arriver \u00e0 faire tout ce que nous avons envie de faire au plus profond de nous m\u00eames. Nous craignons que le temps s\u2019arr\u00eate pour nous, laissant sur cette terre, une sensation de \u00ab\u00a0non fini\u00a0\u00bb, que ce soit d\u2019ordre familial, mat\u00e9riel, financier ou surtout sentimental\u2026Car il est \u00e9vident que l\u2019un des int\u00e9r\u00eats majeurs de notre passage sur terre est bien l\u2019Amour des \u00eatres qui nous sont chers et \u00e0 qui nous ne disons pas assez qu\u2019on les aime.<\/p>\n<p>&nbsp;<\/p>\n<p>La prise de conscience du temps qui passe est une notion subjective inh\u00e9rente \u00e0 la nature humaine.<\/p>\n<p>Combien d\u2019\u00eatres amoureux vivent sur cette terre sans pouvoir concr\u00e9tiser cet Amour\u00a0? Combien de personnes n\u2019auront jamais le temps de vivre pleinement leur Amour\u00a0?\u00a0 Combien d\u2019autres n\u2019auront jamais eu le courage d\u2019aller jusqu\u2019au bout de leur Amour\u00a0?<\/p>\n<p>Pour toutes ces personnes l\u00e0, le temps est pr\u00e9cieux, il passe trop vite et l\u2019angoisse va grandissant face \u00e0 leur prise de conscience int\u00e9rieure de la non possibilit\u00e9 de ma\u00eetriser l\u2019\u00e9coulement du temps. Cette m\u00eame angoisse l\u00e0 entra\u00eene une grande solitude. La solitude de ceux qui, bien que tr\u00e8s entour\u00e9s, se sentent souvent bien trop seuls\u2026<\/p>\n<p>&nbsp;<\/p>\n<p>Mais, apr\u00e8s lecture de cet article, peut \u00eatre que si vous reconnaissez les caract\u00e9ristiques d\u2019une de vos angoisses, vous prendrez votre courage \u00e0 deux mains\u00a0? (et non \u00e0 demain\u2026Ne jamais remettre au lendemain ce qu\u2019on peut faire le jour m\u00eame..)..Vous aurez compris que si on ne peut rien faire contre le temps, seuls les actes de la vie laissent des traces\u2026<\/p>\n<p>A bon entendeur\u00a0!<\/p>\n<p>&nbsp;<\/p>\n<p>Vous pouvez lire dans les pages \u00ab\u00a0dossiers psy\u00a0\u00bb de ce magazine, les trois possibilit\u00e9s de gestion du temps que nous rencontrons dans la vie\u00a0: &#8211; je suis toujours en avance, je suis toujours en retard et je suis toujours \u00e0 l\u2019heure-<\/p>\n<p>&nbsp;<\/p>\n<p>Chantal ROLLAND<\/p>\n","protected":false},"excerpt":{"rendered":"<p>L\u2019homme est passif et impuissant face au temps qui passe\u2026Il se sent faible face \u00e0 la fuite des heures. Il a peur de voir dispara\u00eetre les bons souvenirs. Il se voit vieillir et surtout, il a redoute la mort\u2026.La mort qui repr\u00e9sente, pour la plupart&#8230;<\/p>\n","protected":false},"author":2,"featured_media":7811,"comment_status":"open","ping_status":"open","sticky":false,"template":"","format":"standard","meta":{"footnotes":""},"categories":[49],"tags":[],"yoast_head":"<!-- This site is optimized with the Yoast SEO plugin v21.9.1 - https:\/\/yoast.com\/wordpress\/plugins\/seo\/ -->\n<title>La peur du temps qui passe  - Tepaseul<\/title>\n<meta name=\"robots\" content=\"index, follow, max-snippet:-1, max-image-preview:large, max-video-preview:-1\" \/>\n<link rel=\"canonical\" href=\"https:\/\/www.tepaseul-magazine.fr\/accueil\/la-peur-du-temps-qui-passe\/\" \/>\n<meta property=\"og:locale\" content=\"fr_FR\" \/>\n<meta property=\"og:type\" content=\"article\" \/>\n<meta property=\"og:title\" content=\"La peur du temps qui passe  - Tepaseul\" \/>\n<meta property=\"og:description\" content=\"L\u2019homme est passif et impuissant face au temps qui passe\u2026Il se sent faible face \u00e0 la fuite des heures. Il a peur de voir dispara\u00eetre les bons souvenirs. Il se voit vieillir et surtout, il a redoute la mort\u2026.La mort qui repr\u00e9sente, pour la plupart...\" \/>\n<meta property=\"og:url\" content=\"https:\/\/www.tepaseul-magazine.fr\/accueil\/la-peur-du-temps-qui-passe\/\" \/>\n<meta property=\"og:site_name\" content=\"Tepaseul\" \/>\n<meta property=\"article:published_time\" content=\"2014-03-28T22:46:42+00:00\" \/>\n<meta property=\"article:modified_time\" content=\"2014-04-07T13:55:04+00:00\" \/>\n<meta property=\"og:image\" content=\"https:\/\/www.tepaseul-magazine.fr\/wp-content\/uploads\/2014\/03\/le-temps-qui-passe.jpg\" \/>\n\t<meta property=\"og:image:width\" content=\"1200\" \/>\n\t<meta property=\"og:image:height\" content=\"675\" \/>\n\t<meta property=\"og:image:type\" content=\"image\/jpeg\" \/>\n<meta name=\"author\" content=\"Chantal Rolland\" \/>\n<script type=\"application\/ld+json\" class=\"yoast-schema-graph\">{\"@context\":\"https:\/\/schema.org\",\"@graph\":[{\"@type\":\"Article\",\"@id\":\"https:\/\/www.tepaseul-magazine.fr\/accueil\/la-peur-du-temps-qui-passe\/#article\",\"isPartOf\":{\"@id\":\"https:\/\/www.tepaseul-magazine.fr\/accueil\/la-peur-du-temps-qui-passe\/\"},\"author\":{\"name\":\"Chantal Rolland\",\"@id\":\"https:\/\/www.tepaseul-magazine.fr\/accueil\/#\/schema\/person\/dd3827dc04f692ff480da4bac4545eeb\"},\"headline\":\"La peur du temps qui passe\",\"datePublished\":\"2014-03-28T22:46:42+00:00\",\"dateModified\":\"2014-04-07T13:55:04+00:00\",\"mainEntityOfPage\":{\"@id\":\"https:\/\/www.tepaseul-magazine.fr\/accueil\/la-peur-du-temps-qui-passe\/\"},\"wordCount\":862,\"commentCount\":0,\"publisher\":{\"@id\":\"https:\/\/www.tepaseul-magazine.fr\/accueil\/#organization\"},\"articleSection\":[\"Un grand moment de solitude\"],\"inLanguage\":\"fr-FR\",\"potentialAction\":[{\"@type\":\"CommentAction\",\"name\":\"Comment\",\"target\":[\"https:\/\/www.tepaseul-magazine.fr\/accueil\/la-peur-du-temps-qui-passe\/#respond\"]}]},{\"@type\":\"WebPage\",\"@id\":\"https:\/\/www.tepaseul-magazine.fr\/accueil\/la-peur-du-temps-qui-passe\/\",\"url\":\"https:\/\/www.tepaseul-magazine.fr\/accueil\/la-peur-du-temps-qui-passe\/\",\"name\":\"La peur du temps qui passe - Tepaseul\",\"isPartOf\":{\"@id\":\"https:\/\/www.tepaseul-magazine.fr\/accueil\/#website\"},\"datePublished\":\"2014-03-28T22:46:42+00:00\",\"dateModified\":\"2014-04-07T13:55:04+00:00\",\"breadcrumb\":{\"@id\":\"https:\/\/www.tepaseul-magazine.fr\/accueil\/la-peur-du-temps-qui-passe\/#breadcrumb\"},\"inLanguage\":\"fr-FR\",\"potentialAction\":[{\"@type\":\"ReadAction\",\"target\":[\"https:\/\/www.tepaseul-magazine.fr\/accueil\/la-peur-du-temps-qui-passe\/\"]}]},{\"@type\":\"BreadcrumbList\",\"@id\":\"https:\/\/www.tepaseul-magazine.fr\/accueil\/la-peur-du-temps-qui-passe\/#breadcrumb\",\"itemListElement\":[{\"@type\":\"ListItem\",\"position\":1,\"name\":\"Home\",\"item\":\"https:\/\/www.tepaseul-magazine.fr\/accueil\/\"},{\"@type\":\"ListItem\",\"position\":2,\"name\":\"La peur du temps qui passe\"}]},{\"@type\":\"WebSite\",\"@id\":\"https:\/\/www.tepaseul-magazine.fr\/accueil\/#website\",\"url\":\"https:\/\/www.tepaseul-magazine.fr\/accueil\/\",\"name\":\"Tepaseul\",\"description\":\"Le Magazine des solibattants\",\"publisher\":{\"@id\":\"https:\/\/www.tepaseul-magazine.fr\/accueil\/#organization\"},\"potentialAction\":[{\"@type\":\"SearchAction\",\"target\":{\"@type\":\"EntryPoint\",\"urlTemplate\":\"https:\/\/www.tepaseul-magazine.fr\/accueil\/?s={search_term_string}\"},\"query-input\":\"required name=search_term_string\"}],\"inLanguage\":\"fr-FR\"},{\"@type\":\"Organization\",\"@id\":\"https:\/\/www.tepaseul-magazine.fr\/accueil\/#organization\",\"name\":\"Tepaseul\",\"url\":\"https:\/\/www.tepaseul-magazine.fr\/accueil\/\",\"logo\":{\"@type\":\"ImageObject\",\"inLanguage\":\"fr-FR\",\"@id\":\"https:\/\/www.tepaseul-magazine.fr\/accueil\/#\/schema\/logo\/image\/\",\"url\":\"https:\/\/www.tepaseul-magazine.fr\/wp-content\/uploads\/2014\/12\/logo_doublev2-noir.png\",\"contentUrl\":\"https:\/\/www.tepaseul-magazine.fr\/wp-content\/uploads\/2014\/12\/logo_doublev2-noir.png\",\"width\":205,\"height\":51,\"caption\":\"Tepaseul\"},\"image\":{\"@id\":\"https:\/\/www.tepaseul-magazine.fr\/accueil\/#\/schema\/logo\/image\/\"}},{\"@type\":\"Person\",\"@id\":\"https:\/\/www.tepaseul-magazine.fr\/accueil\/#\/schema\/person\/dd3827dc04f692ff480da4bac4545eeb\",\"name\":\"Chantal Rolland\",\"image\":{\"@type\":\"ImageObject\",\"inLanguage\":\"fr-FR\",\"@id\":\"https:\/\/www.tepaseul-magazine.fr\/accueil\/#\/schema\/person\/image\/\",\"url\":\"https:\/\/secure.gravatar.com\/avatar\/a67dbe83e155eb41b8bc6c41ebcc8564?s=96&d=mm&r=g\",\"contentUrl\":\"https:\/\/secure.gravatar.com\/avatar\/a67dbe83e155eb41b8bc6c41ebcc8564?s=96&d=mm&r=g\",\"caption\":\"Chantal Rolland\"},\"url\":\"https:\/\/www.tepaseul-magazine.fr\/accueil\/author\/chantal-rolland\/\"}]}<\/script>\n<!-- \/ Yoast SEO plugin. -->","yoast_head_json":{"title":"La peur du temps qui passe  - Tepaseul","robots":{"index":"index","follow":"follow","max-snippet":"max-snippet:-1","max-image-preview":"max-image-preview:large","max-video-preview":"max-video-preview:-1"},"canonical":"https:\/\/www.tepaseul-magazine.fr\/accueil\/la-peur-du-temps-qui-passe\/","og_locale":"fr_FR","og_type":"article","og_title":"La peur du temps qui passe  - Tepaseul","og_description":"L\u2019homme est passif et impuissant face au temps qui passe\u2026Il se sent faible face \u00e0 la fuite des heures. Il a peur de voir dispara\u00eetre les bons souvenirs. Il se voit vieillir et surtout, il a redoute la mort\u2026.La mort qui repr\u00e9sente, pour la plupart...","og_url":"https:\/\/www.tepaseul-magazine.fr\/accueil\/la-peur-du-temps-qui-passe\/","og_site_name":"Tepaseul","article_published_time":"2014-03-28T22:46:42+00:00","article_modified_time":"2014-04-07T13:55:04+00:00","og_image":[{"width":1200,"height":675,"url":"https:\/\/www.tepaseul-magazine.fr\/wp-content\/uploads\/2014\/03\/le-temps-qui-passe.jpg","type":"image\/jpeg"}],"author":"Chantal Rolland","schema":{"@context":"https:\/\/schema.org","@graph":[{"@type":"Article","@id":"https:\/\/www.tepaseul-magazine.fr\/accueil\/la-peur-du-temps-qui-passe\/#article","isPartOf":{"@id":"https:\/\/www.tepaseul-magazine.fr\/accueil\/la-peur-du-temps-qui-passe\/"},"author":{"name":"Chantal Rolland","@id":"https:\/\/www.tepaseul-magazine.fr\/accueil\/#\/schema\/person\/dd3827dc04f692ff480da4bac4545eeb"},"headline":"La peur du temps qui passe","datePublished":"2014-03-28T22:46:42+00:00","dateModified":"2014-04-07T13:55:04+00:00","mainEntityOfPage":{"@id":"https:\/\/www.tepaseul-magazine.fr\/accueil\/la-peur-du-temps-qui-passe\/"},"wordCount":862,"commentCount":0,"publisher":{"@id":"https:\/\/www.tepaseul-magazine.fr\/accueil\/#organization"},"articleSection":["Un grand moment de solitude"],"inLanguage":"fr-FR","potentialAction":[{"@type":"CommentAction","name":"Comment","target":["https:\/\/www.tepaseul-magazine.fr\/accueil\/la-peur-du-temps-qui-passe\/#respond"]}]},{"@type":"WebPage","@id":"https:\/\/www.tepaseul-magazine.fr\/accueil\/la-peur-du-temps-qui-passe\/","url":"https:\/\/www.tepaseul-magazine.fr\/accueil\/la-peur-du-temps-qui-passe\/","name":"La peur du temps qui passe - Tepaseul","isPartOf":{"@id":"https:\/\/www.tepaseul-magazine.fr\/accueil\/#website"},"datePublished":"2014-03-28T22:46:42+00:00","dateModified":"2014-04-07T13:55:04+00:00","breadcrumb":{"@id":"https:\/\/www.tepaseul-magazine.fr\/accueil\/la-peur-du-temps-qui-passe\/#breadcrumb"},"inLanguage":"fr-FR","potentialAction":[{"@type":"ReadAction","target":["https:\/\/www.tepaseul-magazine.fr\/accueil\/la-peur-du-temps-qui-passe\/"]}]},{"@type":"BreadcrumbList","@id":"https:\/\/www.tepaseul-magazine.fr\/accueil\/la-peur-du-temps-qui-passe\/#breadcrumb","itemListElement":[{"@type":"ListItem","position":1,"name":"Home","item":"https:\/\/www.tepaseul-magazine.fr\/accueil\/"},{"@type":"ListItem","position":2,"name":"La peur du temps qui passe"}]},{"@type":"WebSite","@id":"https:\/\/www.tepaseul-magazine.fr\/accueil\/#website","url":"https:\/\/www.tepaseul-magazine.fr\/accueil\/","name":"Tepaseul","description":"Le Magazine des solibattants","publisher":{"@id":"https:\/\/www.tepaseul-magazine.fr\/accueil\/#organization"},"potentialAction":[{"@type":"SearchAction","target":{"@type":"EntryPoint","urlTemplate":"https:\/\/www.tepaseul-magazine.fr\/accueil\/?s={search_term_string}"},"query-input":"required name=search_term_string"}],"inLanguage":"fr-FR"},{"@type":"Organization","@id":"https:\/\/www.tepaseul-magazine.fr\/accueil\/#organization","name":"Tepaseul","url":"https:\/\/www.tepaseul-magazine.fr\/accueil\/","logo":{"@type":"ImageObject","inLanguage":"fr-FR","@id":"https:\/\/www.tepaseul-magazine.fr\/accueil\/#\/schema\/logo\/image\/","url":"https:\/\/www.tepaseul-magazine.fr\/wp-content\/uploads\/2014\/12\/logo_doublev2-noir.png","contentUrl":"https:\/\/www.tepaseul-magazine.fr\/wp-content\/uploads\/2014\/12\/logo_doublev2-noir.png","width":205,"height":51,"caption":"Tepaseul"},"image":{"@id":"https:\/\/www.tepaseul-magazine.fr\/accueil\/#\/schema\/logo\/image\/"}},{"@type":"Person","@id":"https:\/\/www.tepaseul-magazine.fr\/accueil\/#\/schema\/person\/dd3827dc04f692ff480da4bac4545eeb","name":"Chantal Rolland","image":{"@type":"ImageObject","inLanguage":"fr-FR","@id":"https:\/\/www.tepaseul-magazine.fr\/accueil\/#\/schema\/person\/image\/","url":"https:\/\/secure.gravatar.com\/avatar\/a67dbe83e155eb41b8bc6c41ebcc8564?s=96&d=mm&r=g","contentUrl":"https:\/\/secure.gravatar.com\/avatar\/a67dbe83e155eb41b8bc6c41ebcc8564?s=96&d=mm&r=g","caption":"Chantal Rolland"},"url":"https:\/\/www.tepaseul-magazine.fr\/accueil\/author\/chantal-rolland\/"}]}},"_links":{"self":[{"href":"https:\/\/www.tepaseul-magazine.fr\/accueil\/wp-json\/wp\/v2\/posts\/7810"}],"collection":[{"href":"https:\/\/www.tepaseul-magazine.fr\/accueil\/wp-json\/wp\/v2\/posts"}],"about":[{"href":"https:\/\/www.tepaseul-magazine.fr\/accueil\/wp-json\/wp\/v2\/types\/post"}],"author":[{"embeddable":true,"href":"https:\/\/www.tepaseul-magazine.fr\/accueil\/wp-json\/wp\/v2\/users\/2"}],"replies":[{"embeddable":true,"href":"https:\/\/www.tepaseul-magazine.fr\/accueil\/wp-json\/wp\/v2\/comments?post=7810"}],"version-history":[{"count":0,"href":"https:\/\/www.tepaseul-magazine.fr\/accueil\/wp-json\/wp\/v2\/posts\/7810\/revisions"}],"wp:featuredmedia":[{"embeddable":true,"href":"https:\/\/www.tepaseul-magazine.fr\/accueil\/wp-json\/wp\/v2\/media\/7811"}],"wp:attachment":[{"href":"https:\/\/www.tepaseul-magazine.fr\/accueil\/wp-json\/wp\/v2\/media?parent=7810"}],"wp:term":[{"taxonomy":"category","embeddable":true,"href":"https:\/\/www.tepaseul-magazine.fr\/accueil\/wp-json\/wp\/v2\/categories?post=7810"},{"taxonomy":"post_tag","embeddable":true,"href":"https:\/\/www.tepaseul-magazine.fr\/accueil\/wp-json\/wp\/v2\/tags?post=7810"}],"curies":[{"name":"wp","href":"https:\/\/api.w.org\/{rel}","templated":true}]}}