{"id":7822,"date":"2014-03-29T00:01:36","date_gmt":"2014-03-28T23:01:36","guid":{"rendered":"http:\/\/www.tepaseul-magazine.fr\/?p=7822"},"modified":"2014-04-07T14:54:07","modified_gmt":"2014-04-07T13:54:07","slug":"la-solitude-pendant-les-vacances-d-ete","status":"publish","type":"post","link":"https:\/\/www.tepaseul-magazine.fr\/accueil\/la-solitude-pendant-les-vacances-d-ete\/","title":{"rendered":"La solitude pendant les vacances d \u00e9t\u00e9"},"content":{"rendered":"<p><b>Selon une \u00e9tude de la Fondation de France, la famille ne joue plus son r\u00f4le de soupape de s\u00e9curit\u00e9 et le travail ne favorise pas forc\u00e9ment des relations humaines de qualit\u00e9. Cons\u00e9quence : l&rsquo;isolement est le lot quotidien de 4 millions de Fran\u00e7ais.<\/b><br \/>\n&nbsp;<br \/>\nParmi les 4 millions de Fran\u00e7ais d\u00e9clarant se sentir seuls, 56% imputent leur mal-\u00eatre \u00e0 une rupture familiale, selon <a href=\"http:\/\/www.fondationdefrance.org\/content\/download\/10340\/148598\/version\/3\/file\/Synth%C3%A8se+Les+Solitudes+en+2010.pdf\"><b>une \u00e9tude de la Fondation de France <\/b><\/a>d\u00e9voil\u00e9e jeudi par <i>Le Parisien<\/i>.<br \/>\n&nbsp;<br \/>\nLe facteur Famille a la particularit\u00e9 de toucher toutes les g\u00e9n\u00e9rations. On peut se sentir seul dans une famille \u00e0 cause de la perte d\u2019un conjoint ou une rupture sentimentale, un divorce, ou tout simplement une rupture familiale puisqu\u2019un tiers des Fran\u00e7ais estiment ne voir leur famille que peu de fois dans l\u2019ann\u00e9e.<br \/>\n&nbsp;<br \/>\nSi les femmes sont plus nombreuses \u00e0 demander le divorce, elles constituent aussi le plus gros bataillon de solitaires. 40% des femmes de 35-49 ans souffriraient d&rsquo;isolement, contre 28% des hommes du m\u00eame \u00e2ge, selon un sondage <a href=\"http:\/\/www.la-croix.com\/illustrations\/Multimedia\/Actu\/2010\/5\/20\/rapportsolitude.pdf\"><b>TNS Sofres r\u00e9alis\u00e9 pour le journal <i>La Croix.<\/i> <\/b><\/a>\u00abLes femmes sont de plus en plus exigeantes, confirme Marie-France Hirigoyen. Elles veulent un compagnon, mais ne veulent pas forc\u00e9ment vivre le quotidien du couple.\u00bb Bref, la citadine active qu&rsquo;Alain Souchon avait d\u00e9j\u00e0 croqu\u00e9e dans sa chanson \u00abUltramoderne solitude\u00bb qui est de plus en plus d\u2019actualit\u00e9.<br \/>\n&nbsp;<br \/>\nLa solitude est encore taboue dans notre pays et pourtant elle existe de plus en plus\u00a0; Nous en savons quelque chose au travers de notre magazine TEPASEUL.<br \/>\n&nbsp;<br \/>\nComplexes \u00e0 cerner, les \u00abnouvelles solitudes\u00bb &#8211; selon la formule de la psychiatre Marie-France Hirigoyen, prennent une forme pour le moins paradoxale. Paradoxe tout d&rsquo;abord d&rsquo;une \u00absoci\u00e9t\u00e9 de l&rsquo;hypercommunication, qui nous abreuve de messages d&rsquo;informations mais o\u00f9 le mode de communication virtuel prend le pas sur les \u00e9changes intimes\u00bb, explique-t-elle.<br \/>\n&nbsp;<br \/>\nParadoxe aussi au travers du monde du travail\u00a0: : la perte de l&#8217;emploi ou la mise en retraite anticip\u00e9e subie sont v\u00e9cues comme \u00abune mise de c\u00f4t\u00e9 pour les quinquag\u00e9naires\u00bb, nous dit la psychiatre. Selon elle, les hommes dans cette situation ne sont pas rares \u00e0 opter pour une strat\u00e9gie d&rsquo;\u00e9vitement : \u00abIls ne voient plus leurs voisins ni leurs amis afin de ne pas leur r\u00e9v\u00e9ler leur inactivit\u00e9.\u00bb<br \/>\n&nbsp;<br \/>\nPeut-\u00eatre une cons\u00e9quence de la crise, le sentiment de solitude progresse selon 78% des Fran\u00e7ais. Mais leur vision des personnes concern\u00e9es est erron\u00e9e : pour 9 personnes sur 10, l&rsquo;isolement serait d&rsquo;abord le lot des personnes \u00e2g\u00e9es. Mais les statistiques laissent entrevoir des r\u00e9sultats contraires. Un tiers des moins de 25 ans se disent touch\u00e9s par la solitude, contre 28% des seniors.<br \/>\n&nbsp;<br \/>\nL\u2019\u00e9t\u00e9, pendant les vacances, c\u2019est La\u00a0 p\u00e9riode la plus propice \u00e0 la solitude puisque c\u2019est en g\u00e9n\u00e9ral \u00e0 ce moment de l\u2019ann\u00e9e que les jeunes fuient leur famille (souvent face aux reproches pour une scolarit\u00e9 n\u00e9glig\u00e9e). C\u2019est aussi juste avant, bien souvent, que les soci\u00e9t\u00e9s annoncent les licenciements. Les jeunes se disent qu\u2019avec leur prime , ils vont un peu partir puis voir apr\u00e8s mais les plus \u00e2g\u00e9s tombent dans une d\u00e9tresse totale puisqu\u2019ils savent que plus rien ne sera comme avant. Ils se retrouvent envahis par la honte et pr\u00e9f\u00e8rent fuir la soci\u00e9t\u00e9 en se renfermant chez eux.<br \/>\n&nbsp;<br \/>\nEt enfin,\u00a0 c\u2019est surtout \u00e0 cette p\u00e9riode que les personnes seules physiquement et celles qui n\u2019ont que peu de ressources, se retrouvent face aux difficult\u00e9s pour faire garder leurs enfants puisqu\u2019elles ne peuvent partir en vacances faute de moyens financiers.<br \/>\n&nbsp;<br \/>\nSans vouloir faire de mis\u00e9rabilisme puisque l\u2019\u00e9t\u00e9, les vacances, le soleil sont plut\u00f4t une p\u00e9riode de joie et de bonheur, on ne pouvait pas laisser passer cette p\u00e9riode sans penser \u00e0 tous ceux qui sont, cette ann\u00e9e encore plus, touch\u00e9s par ce mal du si\u00e8cle.<br \/>\n&nbsp;<br \/>\nDevant cette solitude de plus en plus importante et inqui\u00e9tante, nous sommes l\u00e0 avec notre \u00e9quipe d\u2019experts pour r\u00e9pondre gratuitement \u00e0 tous les internautes et pour vous apporter des solutions afin de d\u00e9passer ces moments difficiles de la vie.<br \/>\n&nbsp;<br \/>\nEt pour finir sur une note plus l\u00e9g\u00e8re et plus joyeuse, nous vous souhaitons \u00e0 tous un excellent mois d\u2019Ao\u00fbt et vous disons \u00e0 la rentr\u00e9e avec une surprise pour vous, fid\u00e8les lecteurs internautes\u2026.<br \/>\n&nbsp;<br \/>\nBonne lecture et \u00e0 bient\u00f4t\u00a0!<\/p>\n<p>&nbsp;<\/p>\n<p>L\u2019\u00e9quipe de tepaseul<\/p>\n","protected":false},"excerpt":{"rendered":"<p>Selon une \u00e9tude de la Fondation de France, la famille ne joue plus son r\u00f4le de soupape de s\u00e9curit\u00e9 et le travail ne favorise pas forc\u00e9ment des relations humaines de qualit\u00e9. Cons\u00e9quence : l&rsquo;isolement est le lot quotidien de 4 millions de Fran\u00e7ais. &nbsp; Parmi&#8230;<\/p>\n","protected":false},"author":2,"featured_media":7823,"comment_status":"open","ping_status":"open","sticky":false,"template":"","format":"standard","meta":{"footnotes":""},"categories":[49],"tags":[],"yoast_head":"<!-- This site is optimized with the Yoast SEO plugin v21.9.1 - https:\/\/yoast.com\/wordpress\/plugins\/seo\/ -->\n<title>La solitude pendant les vacances d \u00e9t\u00e9 - Tepaseul<\/title>\n<meta name=\"robots\" content=\"index, follow, max-snippet:-1, max-image-preview:large, max-video-preview:-1\" \/>\n<link rel=\"canonical\" href=\"https:\/\/www.tepaseul-magazine.fr\/accueil\/la-solitude-pendant-les-vacances-d-ete\/\" \/>\n<meta property=\"og:locale\" content=\"fr_FR\" \/>\n<meta property=\"og:type\" content=\"article\" \/>\n<meta property=\"og:title\" content=\"La solitude pendant les vacances d \u00e9t\u00e9 - Tepaseul\" \/>\n<meta property=\"og:description\" content=\"Selon une \u00e9tude de la Fondation de France, la famille ne joue plus son r\u00f4le de soupape de s\u00e9curit\u00e9 et le travail ne favorise pas forc\u00e9ment des relations humaines de qualit\u00e9. Cons\u00e9quence : l&rsquo;isolement est le lot quotidien de 4 millions de Fran\u00e7ais. &nbsp; Parmi...\" \/>\n<meta property=\"og:url\" content=\"https:\/\/www.tepaseul-magazine.fr\/accueil\/la-solitude-pendant-les-vacances-d-ete\/\" \/>\n<meta property=\"og:site_name\" content=\"Tepaseul\" \/>\n<meta property=\"article:published_time\" content=\"2014-03-28T23:01:36+00:00\" \/>\n<meta property=\"article:modified_time\" content=\"2014-04-07T13:54:07+00:00\" \/>\n<meta property=\"og:image\" content=\"https:\/\/www.tepaseul-magazine.fr\/wp-content\/uploads\/2014\/03\/La-solitude-pendant-les-vacances-d-ete.jpg\" \/>\n\t<meta property=\"og:image:width\" content=\"1200\" \/>\n\t<meta property=\"og:image:height\" content=\"675\" \/>\n\t<meta property=\"og:image:type\" content=\"image\/jpeg\" \/>\n<meta name=\"author\" content=\"Chantal Rolland\" \/>\n<script type=\"application\/ld+json\" class=\"yoast-schema-graph\">{\"@context\":\"https:\/\/schema.org\",\"@graph\":[{\"@type\":\"Article\",\"@id\":\"https:\/\/www.tepaseul-magazine.fr\/accueil\/la-solitude-pendant-les-vacances-d-ete\/#article\",\"isPartOf\":{\"@id\":\"https:\/\/www.tepaseul-magazine.fr\/accueil\/la-solitude-pendant-les-vacances-d-ete\/\"},\"author\":{\"name\":\"Chantal Rolland\",\"@id\":\"https:\/\/www.tepaseul-magazine.fr\/accueil\/#\/schema\/person\/dd3827dc04f692ff480da4bac4545eeb\"},\"headline\":\"La solitude pendant les vacances d \u00e9t\u00e9\",\"datePublished\":\"2014-03-28T23:01:36+00:00\",\"dateModified\":\"2014-04-07T13:54:07+00:00\",\"mainEntityOfPage\":{\"@id\":\"https:\/\/www.tepaseul-magazine.fr\/accueil\/la-solitude-pendant-les-vacances-d-ete\/\"},\"wordCount\":770,\"commentCount\":0,\"publisher\":{\"@id\":\"https:\/\/www.tepaseul-magazine.fr\/accueil\/#organization\"},\"articleSection\":[\"Un grand moment de solitude\"],\"inLanguage\":\"fr-FR\",\"potentialAction\":[{\"@type\":\"CommentAction\",\"name\":\"Comment\",\"target\":[\"https:\/\/www.tepaseul-magazine.fr\/accueil\/la-solitude-pendant-les-vacances-d-ete\/#respond\"]}]},{\"@type\":\"WebPage\",\"@id\":\"https:\/\/www.tepaseul-magazine.fr\/accueil\/la-solitude-pendant-les-vacances-d-ete\/\",\"url\":\"https:\/\/www.tepaseul-magazine.fr\/accueil\/la-solitude-pendant-les-vacances-d-ete\/\",\"name\":\"La solitude pendant les vacances d \u00e9t\u00e9 - Tepaseul\",\"isPartOf\":{\"@id\":\"https:\/\/www.tepaseul-magazine.fr\/accueil\/#website\"},\"datePublished\":\"2014-03-28T23:01:36+00:00\",\"dateModified\":\"2014-04-07T13:54:07+00:00\",\"breadcrumb\":{\"@id\":\"https:\/\/www.tepaseul-magazine.fr\/accueil\/la-solitude-pendant-les-vacances-d-ete\/#breadcrumb\"},\"inLanguage\":\"fr-FR\",\"potentialAction\":[{\"@type\":\"ReadAction\",\"target\":[\"https:\/\/www.tepaseul-magazine.fr\/accueil\/la-solitude-pendant-les-vacances-d-ete\/\"]}]},{\"@type\":\"BreadcrumbList\",\"@id\":\"https:\/\/www.tepaseul-magazine.fr\/accueil\/la-solitude-pendant-les-vacances-d-ete\/#breadcrumb\",\"itemListElement\":[{\"@type\":\"ListItem\",\"position\":1,\"name\":\"Home\",\"item\":\"https:\/\/www.tepaseul-magazine.fr\/accueil\/\"},{\"@type\":\"ListItem\",\"position\":2,\"name\":\"La solitude pendant les vacances d \u00e9t\u00e9\"}]},{\"@type\":\"WebSite\",\"@id\":\"https:\/\/www.tepaseul-magazine.fr\/accueil\/#website\",\"url\":\"https:\/\/www.tepaseul-magazine.fr\/accueil\/\",\"name\":\"Tepaseul\",\"description\":\"Le Magazine des solibattants\",\"publisher\":{\"@id\":\"https:\/\/www.tepaseul-magazine.fr\/accueil\/#organization\"},\"potentialAction\":[{\"@type\":\"SearchAction\",\"target\":{\"@type\":\"EntryPoint\",\"urlTemplate\":\"https:\/\/www.tepaseul-magazine.fr\/accueil\/?s={search_term_string}\"},\"query-input\":\"required name=search_term_string\"}],\"inLanguage\":\"fr-FR\"},{\"@type\":\"Organization\",\"@id\":\"https:\/\/www.tepaseul-magazine.fr\/accueil\/#organization\",\"name\":\"Tepaseul\",\"url\":\"https:\/\/www.tepaseul-magazine.fr\/accueil\/\",\"logo\":{\"@type\":\"ImageObject\",\"inLanguage\":\"fr-FR\",\"@id\":\"https:\/\/www.tepaseul-magazine.fr\/accueil\/#\/schema\/logo\/image\/\",\"url\":\"https:\/\/www.tepaseul-magazine.fr\/wp-content\/uploads\/2014\/12\/logo_doublev2-noir.png\",\"contentUrl\":\"https:\/\/www.tepaseul-magazine.fr\/wp-content\/uploads\/2014\/12\/logo_doublev2-noir.png\",\"width\":205,\"height\":51,\"caption\":\"Tepaseul\"},\"image\":{\"@id\":\"https:\/\/www.tepaseul-magazine.fr\/accueil\/#\/schema\/logo\/image\/\"}},{\"@type\":\"Person\",\"@id\":\"https:\/\/www.tepaseul-magazine.fr\/accueil\/#\/schema\/person\/dd3827dc04f692ff480da4bac4545eeb\",\"name\":\"Chantal Rolland\",\"image\":{\"@type\":\"ImageObject\",\"inLanguage\":\"fr-FR\",\"@id\":\"https:\/\/www.tepaseul-magazine.fr\/accueil\/#\/schema\/person\/image\/\",\"url\":\"https:\/\/secure.gravatar.com\/avatar\/a67dbe83e155eb41b8bc6c41ebcc8564?s=96&d=mm&r=g\",\"contentUrl\":\"https:\/\/secure.gravatar.com\/avatar\/a67dbe83e155eb41b8bc6c41ebcc8564?s=96&d=mm&r=g\",\"caption\":\"Chantal Rolland\"},\"url\":\"https:\/\/www.tepaseul-magazine.fr\/accueil\/author\/chantal-rolland\/\"}]}<\/script>\n<!-- \/ Yoast SEO plugin. -->","yoast_head_json":{"title":"La solitude pendant les vacances d \u00e9t\u00e9 - Tepaseul","robots":{"index":"index","follow":"follow","max-snippet":"max-snippet:-1","max-image-preview":"max-image-preview:large","max-video-preview":"max-video-preview:-1"},"canonical":"https:\/\/www.tepaseul-magazine.fr\/accueil\/la-solitude-pendant-les-vacances-d-ete\/","og_locale":"fr_FR","og_type":"article","og_title":"La solitude pendant les vacances d \u00e9t\u00e9 - Tepaseul","og_description":"Selon une \u00e9tude de la Fondation de France, la famille ne joue plus son r\u00f4le de soupape de s\u00e9curit\u00e9 et le travail ne favorise pas forc\u00e9ment des relations humaines de qualit\u00e9. Cons\u00e9quence : l&rsquo;isolement est le lot quotidien de 4 millions de Fran\u00e7ais. &nbsp; Parmi...","og_url":"https:\/\/www.tepaseul-magazine.fr\/accueil\/la-solitude-pendant-les-vacances-d-ete\/","og_site_name":"Tepaseul","article_published_time":"2014-03-28T23:01:36+00:00","article_modified_time":"2014-04-07T13:54:07+00:00","og_image":[{"width":1200,"height":675,"url":"https:\/\/www.tepaseul-magazine.fr\/wp-content\/uploads\/2014\/03\/La-solitude-pendant-les-vacances-d-ete.jpg","type":"image\/jpeg"}],"author":"Chantal Rolland","schema":{"@context":"https:\/\/schema.org","@graph":[{"@type":"Article","@id":"https:\/\/www.tepaseul-magazine.fr\/accueil\/la-solitude-pendant-les-vacances-d-ete\/#article","isPartOf":{"@id":"https:\/\/www.tepaseul-magazine.fr\/accueil\/la-solitude-pendant-les-vacances-d-ete\/"},"author":{"name":"Chantal Rolland","@id":"https:\/\/www.tepaseul-magazine.fr\/accueil\/#\/schema\/person\/dd3827dc04f692ff480da4bac4545eeb"},"headline":"La solitude pendant les vacances d \u00e9t\u00e9","datePublished":"2014-03-28T23:01:36+00:00","dateModified":"2014-04-07T13:54:07+00:00","mainEntityOfPage":{"@id":"https:\/\/www.tepaseul-magazine.fr\/accueil\/la-solitude-pendant-les-vacances-d-ete\/"},"wordCount":770,"commentCount":0,"publisher":{"@id":"https:\/\/www.tepaseul-magazine.fr\/accueil\/#organization"},"articleSection":["Un grand moment de solitude"],"inLanguage":"fr-FR","potentialAction":[{"@type":"CommentAction","name":"Comment","target":["https:\/\/www.tepaseul-magazine.fr\/accueil\/la-solitude-pendant-les-vacances-d-ete\/#respond"]}]},{"@type":"WebPage","@id":"https:\/\/www.tepaseul-magazine.fr\/accueil\/la-solitude-pendant-les-vacances-d-ete\/","url":"https:\/\/www.tepaseul-magazine.fr\/accueil\/la-solitude-pendant-les-vacances-d-ete\/","name":"La solitude pendant les vacances d \u00e9t\u00e9 - Tepaseul","isPartOf":{"@id":"https:\/\/www.tepaseul-magazine.fr\/accueil\/#website"},"datePublished":"2014-03-28T23:01:36+00:00","dateModified":"2014-04-07T13:54:07+00:00","breadcrumb":{"@id":"https:\/\/www.tepaseul-magazine.fr\/accueil\/la-solitude-pendant-les-vacances-d-ete\/#breadcrumb"},"inLanguage":"fr-FR","potentialAction":[{"@type":"ReadAction","target":["https:\/\/www.tepaseul-magazine.fr\/accueil\/la-solitude-pendant-les-vacances-d-ete\/"]}]},{"@type":"BreadcrumbList","@id":"https:\/\/www.tepaseul-magazine.fr\/accueil\/la-solitude-pendant-les-vacances-d-ete\/#breadcrumb","itemListElement":[{"@type":"ListItem","position":1,"name":"Home","item":"https:\/\/www.tepaseul-magazine.fr\/accueil\/"},{"@type":"ListItem","position":2,"name":"La solitude pendant les vacances d \u00e9t\u00e9"}]},{"@type":"WebSite","@id":"https:\/\/www.tepaseul-magazine.fr\/accueil\/#website","url":"https:\/\/www.tepaseul-magazine.fr\/accueil\/","name":"Tepaseul","description":"Le Magazine des solibattants","publisher":{"@id":"https:\/\/www.tepaseul-magazine.fr\/accueil\/#organization"},"potentialAction":[{"@type":"SearchAction","target":{"@type":"EntryPoint","urlTemplate":"https:\/\/www.tepaseul-magazine.fr\/accueil\/?s={search_term_string}"},"query-input":"required name=search_term_string"}],"inLanguage":"fr-FR"},{"@type":"Organization","@id":"https:\/\/www.tepaseul-magazine.fr\/accueil\/#organization","name":"Tepaseul","url":"https:\/\/www.tepaseul-magazine.fr\/accueil\/","logo":{"@type":"ImageObject","inLanguage":"fr-FR","@id":"https:\/\/www.tepaseul-magazine.fr\/accueil\/#\/schema\/logo\/image\/","url":"https:\/\/www.tepaseul-magazine.fr\/wp-content\/uploads\/2014\/12\/logo_doublev2-noir.png","contentUrl":"https:\/\/www.tepaseul-magazine.fr\/wp-content\/uploads\/2014\/12\/logo_doublev2-noir.png","width":205,"height":51,"caption":"Tepaseul"},"image":{"@id":"https:\/\/www.tepaseul-magazine.fr\/accueil\/#\/schema\/logo\/image\/"}},{"@type":"Person","@id":"https:\/\/www.tepaseul-magazine.fr\/accueil\/#\/schema\/person\/dd3827dc04f692ff480da4bac4545eeb","name":"Chantal Rolland","image":{"@type":"ImageObject","inLanguage":"fr-FR","@id":"https:\/\/www.tepaseul-magazine.fr\/accueil\/#\/schema\/person\/image\/","url":"https:\/\/secure.gravatar.com\/avatar\/a67dbe83e155eb41b8bc6c41ebcc8564?s=96&d=mm&r=g","contentUrl":"https:\/\/secure.gravatar.com\/avatar\/a67dbe83e155eb41b8bc6c41ebcc8564?s=96&d=mm&r=g","caption":"Chantal Rolland"},"url":"https:\/\/www.tepaseul-magazine.fr\/accueil\/author\/chantal-rolland\/"}]}},"_links":{"self":[{"href":"https:\/\/www.tepaseul-magazine.fr\/accueil\/wp-json\/wp\/v2\/posts\/7822"}],"collection":[{"href":"https:\/\/www.tepaseul-magazine.fr\/accueil\/wp-json\/wp\/v2\/posts"}],"about":[{"href":"https:\/\/www.tepaseul-magazine.fr\/accueil\/wp-json\/wp\/v2\/types\/post"}],"author":[{"embeddable":true,"href":"https:\/\/www.tepaseul-magazine.fr\/accueil\/wp-json\/wp\/v2\/users\/2"}],"replies":[{"embeddable":true,"href":"https:\/\/www.tepaseul-magazine.fr\/accueil\/wp-json\/wp\/v2\/comments?post=7822"}],"version-history":[{"count":0,"href":"https:\/\/www.tepaseul-magazine.fr\/accueil\/wp-json\/wp\/v2\/posts\/7822\/revisions"}],"wp:featuredmedia":[{"embeddable":true,"href":"https:\/\/www.tepaseul-magazine.fr\/accueil\/wp-json\/wp\/v2\/media\/7823"}],"wp:attachment":[{"href":"https:\/\/www.tepaseul-magazine.fr\/accueil\/wp-json\/wp\/v2\/media?parent=7822"}],"wp:term":[{"taxonomy":"category","embeddable":true,"href":"https:\/\/www.tepaseul-magazine.fr\/accueil\/wp-json\/wp\/v2\/categories?post=7822"},{"taxonomy":"post_tag","embeddable":true,"href":"https:\/\/www.tepaseul-magazine.fr\/accueil\/wp-json\/wp\/v2\/tags?post=7822"}],"curies":[{"name":"wp","href":"https:\/\/api.w.org\/{rel}","templated":true}]}}