{"id":7908,"date":"2014-03-29T20:13:30","date_gmt":"2014-03-29T19:13:30","guid":{"rendered":"http:\/\/www.tepaseul-magazine.fr\/?p=7908"},"modified":"2014-04-07T14:49:05","modified_gmt":"2014-04-07T13:49:05","slug":"la-rencontre-du-mariage-et-du-pacs-a-chaque-union-sa-fete","status":"publish","type":"post","link":"https:\/\/www.tepaseul-magazine.fr\/accueil\/la-rencontre-du-mariage-et-du-pacs-a-chaque-union-sa-fete\/","title":{"rendered":"La Rencontre du Mariage et du Pacs, \u00e0 chaque union sa f\u00eate"},"content":{"rendered":"<p><i>Les 9 et 10 octobre \u00e0 la Cit\u00e9 du Train de Mulhouse, un salon pour d\u00e9couvrir les\u00a0 derni\u00e8res tendances pour r\u00e9ussir son Mariage et son Pacs <\/i><\/p>\n<p>&nbsp;<\/p>\n<p><i>Strasbourg le 31 ao\u00fbt 2010 \u2013<\/i> Pour la quatri\u00e8me ann\u00e9e cons\u00e9cutive, la Rencontre du Mariage et du Pacs se tiendra \u00e0 la Cit\u00e9 du Train de Mulhouse les 9 et 10 octobre prochains. Un salon qui vit avec son temps, lors duquel des exposants de renom renseigneront les futurs mari\u00e9s mais aussi les futurs pacs\u00e9s.<br \/>\n&nbsp;<br \/>\nLe Pacs est en constante \u00e9volution et s\u00e9duit de plus en plus de couples. Le salon organis\u00e9 par Cast.<br \/>\n&nbsp;<br \/>\nProduction se doit d\u2019\u00eatre ouvert \u00e9galement \u00e0 ce public,\u00a0 qui\u00a0 voit dans le Pacs une alternative aux fian\u00e7ailles, pr\u00e9mices d\u2019un mariage. D\u2019autres consid\u00e8rent le Pacs comme un moyen de sceller leur amour par un acte officiel sans avoir \u00e0 passer par le mariage. Que le choix des couples se porte sur le<br \/>\n&nbsp;<br \/>\nPacs, le Mariage civil ou le Mariage religieux, le jour J est un jour unique qu\u2019il est important de marquer par une f\u00eate m\u00e9morable.<\/p>\n<p>&nbsp;<\/p>\n<p><b>L\u2019\u00e9volution du Mariage et du Pacs en Alsace :\u00a0 <\/b><\/p>\n<p>En 2008, 7 550 mariages ont \u00e9t\u00e9 c\u00e9l\u00e9br\u00e9s en Alsace. En 2009, on compte 5 260 Pacs, soit une hausse de 13 % en un an.\u00a0 Pour 1 Pacs conclu en 2009, 1,4 mariage est c\u00e9l\u00e9br\u00e9 (ce rapport \u00e9tait de 1,7 en 2008). 96% des Pacs ont \u00e9t\u00e9 conclus par des partenaires de sexes oppos\u00e9s.\u00a0 Enfin, 750 Pacs ont \u00e9t\u00e9 dissous en 2009, soit 200 de moins qu\u2019en 2008.<\/p>\n<p>&nbsp;<\/p>\n<p><b>Les professionnels du mariage et de la f\u00eate r\u00e9unis en un seul et m\u00eame lieu <\/b><br \/>\n&nbsp;<br \/>\nL\u2019ann\u00e9e derni\u00e8re ils \u00e9taient 50 exposants, fleurons du mariage et de la f\u00eate \u00e0 pr\u00e9senter leur savoir- faire et 270 marques \u00e0 quelques 2000 visiteurs ! Cette ann\u00e9e les professionnels se r\u00e9unissent \u00e0 nouveau pour apporter leurs conseils avis\u00e9s afin d\u2019aider les amoureux \u00e0 pr\u00e9parer leur c\u00e9r\u00e9monie en toute qui\u00e9tude, pallier aux \u00e9ventuels oublis, cr\u00e9er un contact privil\u00e9gi\u00e9.<b> <\/b>De plus, les cinq d\u00e9fil\u00e9s et autres ateliers organis\u00e9s tout au long des salons seront la vitrine des derni\u00e8res grandes tendances en mati\u00e8re de tenues, accessoires, coiffures et maquillage, avec pour d\u00e9cor le tr\u00e8s embl\u00e9matique Orient<\/p>\n<p>Express.<\/p>\n<p>&nbsp;<\/p>\n<p>Le rendez-vous \u00e0 ne pas manquer en vue de pr\u00e9parer une belle f\u00eate pour son Mariage et son Pacs.<\/p>\n<p>&nbsp;<\/p>\n<p><b>Infos pratiques <\/b><br \/>\n&nbsp;<br \/>\n<b>La Rencontre du Mariage et du Pacs \u00e0 Mulhouse\u00a0 <\/b><\/p>\n<p>Le samedi\u00a0 9 et dimanche 10 octobre &#8211; De\u00a0 10h \u00e0 19h<\/p>\n<p>Cit\u00e9 du train &#8211; Mus\u00e9e du Chemin de Fer<\/p>\n<p>2, rue Alfred de Glehn &#8211; 68200 Mulhouse<\/p>\n<p><b>www.mariage-salon.com\/\u00a0 <\/b><\/p>\n<p><i>Prix d\u2019entr\u00e9e : 6 euros \/ pers<\/i><b> <\/b><\/p>\n<p><i>Offre sp\u00e9ciale couple: 1 entr\u00e9e achet\u00e9e = 1 entr\u00e9e offerte\u00a0 <\/i><\/p>\n<p><i>(valable sauf dimanche apr\u00e8s-midi)<\/i><b>.\u00a0 <\/b><i>Billets t\u00e9l\u00e9chargeables sur\u00a0\u00a0\u00a0 <\/i><\/p>\n<p><i>\u00a0\u00a0\u00a0\u00a0\u00a0\u00a0\u00a0\u00a0\u00a0\u00a0\u00a0 <\/i>www.mariage-salon.com\/<b> <\/b><i>\u00a0<\/i><br \/>\n&nbsp;<br \/>\n<b>La Rencontre du Mariage et du Pacs, \u00e0 chaque union sa f\u00eate <\/b><\/p>\n<p><b>\u00a0<\/b><\/p>\n<p><i>Les 6 et 7 novembre au Parc Expo de Reims, un salon pour d\u00e9couvrir les\u00a0 derni\u00e8res tendances pour r\u00e9ussir son Mariage et son Pacs <\/i><\/p>\n<p>&nbsp;<\/p>\n<p><i>Strasbourg le 31 ao\u00fbt 2010 \u2013<\/i> Pour la quatri\u00e8me ann\u00e9e cons\u00e9cutive, la Rencontre du Mariage et du Pacs se tiendra au Parc Expo de Reims les 6 et 7 novembre. Un salon qui vit avec son temps, lors duquel des exposants de renom renseigneront les futurs mari\u00e9s mais aussi les futurs pacs\u00e9s.<br \/>\n&nbsp;<br \/>\nLe Pacs est en constante \u00e9volution et s\u00e9duit de plus en plus de couples. Le salon organis\u00e9 par Cast Production se doit d\u2019\u00eatre ouvert \u00e9galement \u00e0 ce public,\u00a0 qui\u00a0 voit dans le Pacs une alternative aux fian\u00e7ailles, pr\u00e9mices d\u2019un mariage. D\u2019autres consid\u00e8rent le Pacs comme un moyen de sceller leur amour par un acte officiel sans avoir \u00e0 passer par le mariage. Que le choix des couples se porte sur le Pacs, le Mariage civil ou le Mariage religieux, le jour J est un jour unique qu\u2019il est important de marquer par une f\u00eate m\u00e9morable.<\/p>\n<p>&nbsp;<\/p>\n<p><b>L\u2019\u00e9volution du Mariage et du Pacs en Champagne-Ardenne :\u00a0 <\/b><\/p>\n<p>En 2008, 5 500 mariages ont c\u00e9l\u00e9br\u00e9s en Champagne-Ardenne. 73 % ont uni deux c\u00e9libataires, jamais mari\u00e9es auparavant. En 2008, 2 900 Pacs ont \u00e9t\u00e9 conclus dans la r\u00e9gion, soit une hausse de 34 % par rapport \u00e0 2007. En Champagne-Ardenne on compte un Pacs pour deux mariages. 500 Pacs ont \u00e9t\u00e9 dissous.<\/p>\n<p>&nbsp;<\/p>\n<p><b>Les professionnels du mariage et de la f\u00eate r\u00e9unis en un seul et m\u00eame lieu <\/b><\/p>\n<p>L\u2019ann\u00e9e derni\u00e8re ils \u00e9taient 100 exposants, fleurons du mariage et de la f\u00eate \u00e0 pr\u00e9senter leur savoir- faire et 450 marques \u00e0 quelques 6500 visiteurs ! Cette ann\u00e9e les professionnels se r\u00e9unissent \u00e0 nouveau pour apporter leurs conseils avis\u00e9s afin d\u2019aider les amoureux \u00e0 pr\u00e9parer leur c\u00e9r\u00e9monie en toute qui\u00e9tude, pallier aux \u00e9ventuels oublis, cr\u00e9er un contact privil\u00e9gi\u00e9.<b> <\/b>De plus, les cinq d\u00e9fil\u00e9s et autres ateliers organis\u00e9s tout au long des salons seront la vitrine des derni\u00e8res grandes tendances en mati\u00e8re de tenues, accessoires, coiffures et maquillage.<\/p>\n<p>&nbsp;<\/p>\n<p>Le rendez-vous \u00e0 ne pas manquer en vue de pr\u00e9parer une belle f\u00eate pour son Mariage et son Pacs<\/p>\n<p>&nbsp;<\/p>\n<p><b>Infos pratiques <\/b><\/p>\n<p><b>La rencontre du Mariage et du Pacs \u00e0 Reims\u00a0 <\/b><\/p>\n<p>Les samedi\u00a0 6 et dimanche 7 novembre<\/p>\n<p>De 10h \u00e0 19h<\/p>\n<p>Parc Expo Hall 3 &#8211; Site Henri-Farman \u2013 51100 Reims<\/p>\n<p><i>Prix d\u2019entr\u00e9e : 6 euros \/ pers<\/i><b> <\/b><\/p>\n<p><i>Offre sp\u00e9ciale couple: 1 entr\u00e9e achet\u00e9e = 1 entr\u00e9e offerte (valable <\/i><\/p>\n<p><i>sauf dimanche apr\u00e8s-midi)<\/i><b>.\u00a0 <\/b><i>Billets t\u00e9l\u00e9chargeables sur <\/i><\/p>\n<p><a href=\"http:\/\/www.mariage-salon.com  \" target=\"_blank\">www.mariage-salon.com<b>\u00a0 <\/b><\/a><\/p>\n","protected":false},"excerpt":{"rendered":"<p>Les 9 et 10 octobre \u00e0 la Cit\u00e9 du Train de Mulhouse, un salon pour d\u00e9couvrir les\u00a0 derni\u00e8res tendances pour r\u00e9ussir son Mariage et son Pacs &nbsp; Strasbourg le 31 ao\u00fbt 2010 \u2013 Pour la quatri\u00e8me ann\u00e9e cons\u00e9cutive, la Rencontre du Mariage et du Pacs&#8230;<\/p>\n","protected":false},"author":2,"featured_media":7909,"comment_status":"open","ping_status":"open","sticky":false,"template":"","format":"standard","meta":{"footnotes":""},"categories":[53],"tags":[],"yoast_head":"<!-- This site is optimized with the Yoast SEO plugin v21.9.1 - https:\/\/yoast.com\/wordpress\/plugins\/seo\/ -->\n<title>La Rencontre du Mariage et du Pacs, \u00e0 chaque union sa f\u00eate  - Tepaseul<\/title>\n<meta name=\"robots\" content=\"index, follow, max-snippet:-1, max-image-preview:large, max-video-preview:-1\" \/>\n<link rel=\"canonical\" href=\"https:\/\/www.tepaseul-magazine.fr\/accueil\/la-rencontre-du-mariage-et-du-pacs-a-chaque-union-sa-fete\/\" \/>\n<meta property=\"og:locale\" content=\"fr_FR\" \/>\n<meta property=\"og:type\" content=\"article\" \/>\n<meta property=\"og:title\" content=\"La Rencontre du Mariage et du Pacs, \u00e0 chaque union sa f\u00eate  - Tepaseul\" \/>\n<meta property=\"og:description\" content=\"Les 9 et 10 octobre \u00e0 la Cit\u00e9 du Train de Mulhouse, un salon pour d\u00e9couvrir les\u00a0 derni\u00e8res tendances pour r\u00e9ussir son Mariage et son Pacs &nbsp; Strasbourg le 31 ao\u00fbt 2010 \u2013 Pour la quatri\u00e8me ann\u00e9e cons\u00e9cutive, la Rencontre du Mariage et du Pacs...\" \/>\n<meta property=\"og:url\" content=\"https:\/\/www.tepaseul-magazine.fr\/accueil\/la-rencontre-du-mariage-et-du-pacs-a-chaque-union-sa-fete\/\" \/>\n<meta property=\"og:site_name\" content=\"Tepaseul\" \/>\n<meta property=\"article:published_time\" content=\"2014-03-29T19:13:30+00:00\" \/>\n<meta property=\"article:modified_time\" content=\"2014-04-07T13:49:05+00:00\" \/>\n<meta property=\"og:image\" content=\"https:\/\/www.tepaseul-magazine.fr\/wp-content\/uploads\/2014\/03\/Pacs.jpg\" \/>\n\t<meta property=\"og:image:width\" content=\"1200\" \/>\n\t<meta property=\"og:image:height\" content=\"675\" \/>\n\t<meta property=\"og:image:type\" content=\"image\/jpeg\" \/>\n<meta name=\"author\" content=\"Chantal Rolland\" \/>\n<script type=\"application\/ld+json\" class=\"yoast-schema-graph\">{\"@context\":\"https:\/\/schema.org\",\"@graph\":[{\"@type\":\"Article\",\"@id\":\"https:\/\/www.tepaseul-magazine.fr\/accueil\/la-rencontre-du-mariage-et-du-pacs-a-chaque-union-sa-fete\/#article\",\"isPartOf\":{\"@id\":\"https:\/\/www.tepaseul-magazine.fr\/accueil\/la-rencontre-du-mariage-et-du-pacs-a-chaque-union-sa-fete\/\"},\"author\":{\"name\":\"Chantal Rolland\",\"@id\":\"https:\/\/www.tepaseul-magazine.fr\/accueil\/#\/schema\/person\/dd3827dc04f692ff480da4bac4545eeb\"},\"headline\":\"La Rencontre du Mariage et du Pacs, \u00e0 chaque union sa f\u00eate\",\"datePublished\":\"2014-03-29T19:13:30+00:00\",\"dateModified\":\"2014-04-07T13:49:05+00:00\",\"mainEntityOfPage\":{\"@id\":\"https:\/\/www.tepaseul-magazine.fr\/accueil\/la-rencontre-du-mariage-et-du-pacs-a-chaque-union-sa-fete\/\"},\"wordCount\":936,\"commentCount\":0,\"publisher\":{\"@id\":\"https:\/\/www.tepaseul-magazine.fr\/accueil\/#organization\"},\"articleSection\":[\"La philosophie du mois\"],\"inLanguage\":\"fr-FR\",\"potentialAction\":[{\"@type\":\"CommentAction\",\"name\":\"Comment\",\"target\":[\"https:\/\/www.tepaseul-magazine.fr\/accueil\/la-rencontre-du-mariage-et-du-pacs-a-chaque-union-sa-fete\/#respond\"]}]},{\"@type\":\"WebPage\",\"@id\":\"https:\/\/www.tepaseul-magazine.fr\/accueil\/la-rencontre-du-mariage-et-du-pacs-a-chaque-union-sa-fete\/\",\"url\":\"https:\/\/www.tepaseul-magazine.fr\/accueil\/la-rencontre-du-mariage-et-du-pacs-a-chaque-union-sa-fete\/\",\"name\":\"La Rencontre du Mariage et du Pacs, \u00e0 chaque union sa f\u00eate - Tepaseul\",\"isPartOf\":{\"@id\":\"https:\/\/www.tepaseul-magazine.fr\/accueil\/#website\"},\"datePublished\":\"2014-03-29T19:13:30+00:00\",\"dateModified\":\"2014-04-07T13:49:05+00:00\",\"breadcrumb\":{\"@id\":\"https:\/\/www.tepaseul-magazine.fr\/accueil\/la-rencontre-du-mariage-et-du-pacs-a-chaque-union-sa-fete\/#breadcrumb\"},\"inLanguage\":\"fr-FR\",\"potentialAction\":[{\"@type\":\"ReadAction\",\"target\":[\"https:\/\/www.tepaseul-magazine.fr\/accueil\/la-rencontre-du-mariage-et-du-pacs-a-chaque-union-sa-fete\/\"]}]},{\"@type\":\"BreadcrumbList\",\"@id\":\"https:\/\/www.tepaseul-magazine.fr\/accueil\/la-rencontre-du-mariage-et-du-pacs-a-chaque-union-sa-fete\/#breadcrumb\",\"itemListElement\":[{\"@type\":\"ListItem\",\"position\":1,\"name\":\"Home\",\"item\":\"https:\/\/www.tepaseul-magazine.fr\/accueil\/\"},{\"@type\":\"ListItem\",\"position\":2,\"name\":\"La Rencontre du Mariage et du Pacs, \u00e0 chaque union sa f\u00eate\"}]},{\"@type\":\"WebSite\",\"@id\":\"https:\/\/www.tepaseul-magazine.fr\/accueil\/#website\",\"url\":\"https:\/\/www.tepaseul-magazine.fr\/accueil\/\",\"name\":\"Tepaseul\",\"description\":\"Le Magazine des solibattants\",\"publisher\":{\"@id\":\"https:\/\/www.tepaseul-magazine.fr\/accueil\/#organization\"},\"potentialAction\":[{\"@type\":\"SearchAction\",\"target\":{\"@type\":\"EntryPoint\",\"urlTemplate\":\"https:\/\/www.tepaseul-magazine.fr\/accueil\/?s={search_term_string}\"},\"query-input\":\"required name=search_term_string\"}],\"inLanguage\":\"fr-FR\"},{\"@type\":\"Organization\",\"@id\":\"https:\/\/www.tepaseul-magazine.fr\/accueil\/#organization\",\"name\":\"Tepaseul\",\"url\":\"https:\/\/www.tepaseul-magazine.fr\/accueil\/\",\"logo\":{\"@type\":\"ImageObject\",\"inLanguage\":\"fr-FR\",\"@id\":\"https:\/\/www.tepaseul-magazine.fr\/accueil\/#\/schema\/logo\/image\/\",\"url\":\"https:\/\/www.tepaseul-magazine.fr\/wp-content\/uploads\/2014\/12\/logo_doublev2-noir.png\",\"contentUrl\":\"https:\/\/www.tepaseul-magazine.fr\/wp-content\/uploads\/2014\/12\/logo_doublev2-noir.png\",\"width\":205,\"height\":51,\"caption\":\"Tepaseul\"},\"image\":{\"@id\":\"https:\/\/www.tepaseul-magazine.fr\/accueil\/#\/schema\/logo\/image\/\"}},{\"@type\":\"Person\",\"@id\":\"https:\/\/www.tepaseul-magazine.fr\/accueil\/#\/schema\/person\/dd3827dc04f692ff480da4bac4545eeb\",\"name\":\"Chantal Rolland\",\"image\":{\"@type\":\"ImageObject\",\"inLanguage\":\"fr-FR\",\"@id\":\"https:\/\/www.tepaseul-magazine.fr\/accueil\/#\/schema\/person\/image\/\",\"url\":\"https:\/\/secure.gravatar.com\/avatar\/a67dbe83e155eb41b8bc6c41ebcc8564?s=96&d=mm&r=g\",\"contentUrl\":\"https:\/\/secure.gravatar.com\/avatar\/a67dbe83e155eb41b8bc6c41ebcc8564?s=96&d=mm&r=g\",\"caption\":\"Chantal Rolland\"},\"url\":\"https:\/\/www.tepaseul-magazine.fr\/accueil\/author\/chantal-rolland\/\"}]}<\/script>\n<!-- \/ Yoast SEO plugin. -->","yoast_head_json":{"title":"La Rencontre du Mariage et du Pacs, \u00e0 chaque union sa f\u00eate  - Tepaseul","robots":{"index":"index","follow":"follow","max-snippet":"max-snippet:-1","max-image-preview":"max-image-preview:large","max-video-preview":"max-video-preview:-1"},"canonical":"https:\/\/www.tepaseul-magazine.fr\/accueil\/la-rencontre-du-mariage-et-du-pacs-a-chaque-union-sa-fete\/","og_locale":"fr_FR","og_type":"article","og_title":"La Rencontre du Mariage et du Pacs, \u00e0 chaque union sa f\u00eate  - Tepaseul","og_description":"Les 9 et 10 octobre \u00e0 la Cit\u00e9 du Train de Mulhouse, un salon pour d\u00e9couvrir les\u00a0 derni\u00e8res tendances pour r\u00e9ussir son Mariage et son Pacs &nbsp; Strasbourg le 31 ao\u00fbt 2010 \u2013 Pour la quatri\u00e8me ann\u00e9e cons\u00e9cutive, la Rencontre du Mariage et du Pacs...","og_url":"https:\/\/www.tepaseul-magazine.fr\/accueil\/la-rencontre-du-mariage-et-du-pacs-a-chaque-union-sa-fete\/","og_site_name":"Tepaseul","article_published_time":"2014-03-29T19:13:30+00:00","article_modified_time":"2014-04-07T13:49:05+00:00","og_image":[{"width":1200,"height":675,"url":"https:\/\/www.tepaseul-magazine.fr\/wp-content\/uploads\/2014\/03\/Pacs.jpg","type":"image\/jpeg"}],"author":"Chantal Rolland","schema":{"@context":"https:\/\/schema.org","@graph":[{"@type":"Article","@id":"https:\/\/www.tepaseul-magazine.fr\/accueil\/la-rencontre-du-mariage-et-du-pacs-a-chaque-union-sa-fete\/#article","isPartOf":{"@id":"https:\/\/www.tepaseul-magazine.fr\/accueil\/la-rencontre-du-mariage-et-du-pacs-a-chaque-union-sa-fete\/"},"author":{"name":"Chantal Rolland","@id":"https:\/\/www.tepaseul-magazine.fr\/accueil\/#\/schema\/person\/dd3827dc04f692ff480da4bac4545eeb"},"headline":"La Rencontre du Mariage et du Pacs, \u00e0 chaque union sa f\u00eate","datePublished":"2014-03-29T19:13:30+00:00","dateModified":"2014-04-07T13:49:05+00:00","mainEntityOfPage":{"@id":"https:\/\/www.tepaseul-magazine.fr\/accueil\/la-rencontre-du-mariage-et-du-pacs-a-chaque-union-sa-fete\/"},"wordCount":936,"commentCount":0,"publisher":{"@id":"https:\/\/www.tepaseul-magazine.fr\/accueil\/#organization"},"articleSection":["La philosophie du mois"],"inLanguage":"fr-FR","potentialAction":[{"@type":"CommentAction","name":"Comment","target":["https:\/\/www.tepaseul-magazine.fr\/accueil\/la-rencontre-du-mariage-et-du-pacs-a-chaque-union-sa-fete\/#respond"]}]},{"@type":"WebPage","@id":"https:\/\/www.tepaseul-magazine.fr\/accueil\/la-rencontre-du-mariage-et-du-pacs-a-chaque-union-sa-fete\/","url":"https:\/\/www.tepaseul-magazine.fr\/accueil\/la-rencontre-du-mariage-et-du-pacs-a-chaque-union-sa-fete\/","name":"La Rencontre du Mariage et du Pacs, \u00e0 chaque union sa f\u00eate - Tepaseul","isPartOf":{"@id":"https:\/\/www.tepaseul-magazine.fr\/accueil\/#website"},"datePublished":"2014-03-29T19:13:30+00:00","dateModified":"2014-04-07T13:49:05+00:00","breadcrumb":{"@id":"https:\/\/www.tepaseul-magazine.fr\/accueil\/la-rencontre-du-mariage-et-du-pacs-a-chaque-union-sa-fete\/#breadcrumb"},"inLanguage":"fr-FR","potentialAction":[{"@type":"ReadAction","target":["https:\/\/www.tepaseul-magazine.fr\/accueil\/la-rencontre-du-mariage-et-du-pacs-a-chaque-union-sa-fete\/"]}]},{"@type":"BreadcrumbList","@id":"https:\/\/www.tepaseul-magazine.fr\/accueil\/la-rencontre-du-mariage-et-du-pacs-a-chaque-union-sa-fete\/#breadcrumb","itemListElement":[{"@type":"ListItem","position":1,"name":"Home","item":"https:\/\/www.tepaseul-magazine.fr\/accueil\/"},{"@type":"ListItem","position":2,"name":"La Rencontre du Mariage et du Pacs, \u00e0 chaque union sa f\u00eate"}]},{"@type":"WebSite","@id":"https:\/\/www.tepaseul-magazine.fr\/accueil\/#website","url":"https:\/\/www.tepaseul-magazine.fr\/accueil\/","name":"Tepaseul","description":"Le Magazine des solibattants","publisher":{"@id":"https:\/\/www.tepaseul-magazine.fr\/accueil\/#organization"},"potentialAction":[{"@type":"SearchAction","target":{"@type":"EntryPoint","urlTemplate":"https:\/\/www.tepaseul-magazine.fr\/accueil\/?s={search_term_string}"},"query-input":"required name=search_term_string"}],"inLanguage":"fr-FR"},{"@type":"Organization","@id":"https:\/\/www.tepaseul-magazine.fr\/accueil\/#organization","name":"Tepaseul","url":"https:\/\/www.tepaseul-magazine.fr\/accueil\/","logo":{"@type":"ImageObject","inLanguage":"fr-FR","@id":"https:\/\/www.tepaseul-magazine.fr\/accueil\/#\/schema\/logo\/image\/","url":"https:\/\/www.tepaseul-magazine.fr\/wp-content\/uploads\/2014\/12\/logo_doublev2-noir.png","contentUrl":"https:\/\/www.tepaseul-magazine.fr\/wp-content\/uploads\/2014\/12\/logo_doublev2-noir.png","width":205,"height":51,"caption":"Tepaseul"},"image":{"@id":"https:\/\/www.tepaseul-magazine.fr\/accueil\/#\/schema\/logo\/image\/"}},{"@type":"Person","@id":"https:\/\/www.tepaseul-magazine.fr\/accueil\/#\/schema\/person\/dd3827dc04f692ff480da4bac4545eeb","name":"Chantal Rolland","image":{"@type":"ImageObject","inLanguage":"fr-FR","@id":"https:\/\/www.tepaseul-magazine.fr\/accueil\/#\/schema\/person\/image\/","url":"https:\/\/secure.gravatar.com\/avatar\/a67dbe83e155eb41b8bc6c41ebcc8564?s=96&d=mm&r=g","contentUrl":"https:\/\/secure.gravatar.com\/avatar\/a67dbe83e155eb41b8bc6c41ebcc8564?s=96&d=mm&r=g","caption":"Chantal Rolland"},"url":"https:\/\/www.tepaseul-magazine.fr\/accueil\/author\/chantal-rolland\/"}]}},"_links":{"self":[{"href":"https:\/\/www.tepaseul-magazine.fr\/accueil\/wp-json\/wp\/v2\/posts\/7908"}],"collection":[{"href":"https:\/\/www.tepaseul-magazine.fr\/accueil\/wp-json\/wp\/v2\/posts"}],"about":[{"href":"https:\/\/www.tepaseul-magazine.fr\/accueil\/wp-json\/wp\/v2\/types\/post"}],"author":[{"embeddable":true,"href":"https:\/\/www.tepaseul-magazine.fr\/accueil\/wp-json\/wp\/v2\/users\/2"}],"replies":[{"embeddable":true,"href":"https:\/\/www.tepaseul-magazine.fr\/accueil\/wp-json\/wp\/v2\/comments?post=7908"}],"version-history":[{"count":0,"href":"https:\/\/www.tepaseul-magazine.fr\/accueil\/wp-json\/wp\/v2\/posts\/7908\/revisions"}],"wp:featuredmedia":[{"embeddable":true,"href":"https:\/\/www.tepaseul-magazine.fr\/accueil\/wp-json\/wp\/v2\/media\/7909"}],"wp:attachment":[{"href":"https:\/\/www.tepaseul-magazine.fr\/accueil\/wp-json\/wp\/v2\/media?parent=7908"}],"wp:term":[{"taxonomy":"category","embeddable":true,"href":"https:\/\/www.tepaseul-magazine.fr\/accueil\/wp-json\/wp\/v2\/categories?post=7908"},{"taxonomy":"post_tag","embeddable":true,"href":"https:\/\/www.tepaseul-magazine.fr\/accueil\/wp-json\/wp\/v2\/tags?post=7908"}],"curies":[{"name":"wp","href":"https:\/\/api.w.org\/{rel}","templated":true}]}}