{"id":7982,"date":"2014-03-30T15:45:25","date_gmt":"2014-03-30T14:45:25","guid":{"rendered":"http:\/\/www.tepaseul-magazine.fr\/?p=7982"},"modified":"2014-09-14T19:52:22","modified_gmt":"2014-09-14T18:52:22","slug":"lheure-dete-le-jetlag-sans-voyager","status":"publish","type":"post","link":"https:\/\/www.tepaseul-magazine.fr\/accueil\/lheure-dete-le-jetlag-sans-voyager\/","title":{"rendered":"L\u2019heure d\u2019\u00e9t\u00e9 : le jetlag sans voyager"},"content":{"rendered":"<p style=\"text-align: justify;\">Le 27 Mars 2011 annonce pour un grand nombre d\u2019entre nous le jour du \u00ab jetlag\u00bb (Expression anglaise d\u00e9crivant l&rsquo;ensemble des sympt\u00f4mes plus ou moins importants selon les individus et r\u00e9sultant de l&rsquo;adaptation de l&rsquo;organisme \u00e0 un nouvel horaire).<\/p>\n<p>Nous allons devoir avancer nos montres et horloges d\u2019une heure. Cette modification perturbe notre corps parce que notre horloge biologique ne reconnait pas le changement horaire, et pendant encore quelques jours notre corps va rester \u00ab dans l\u2019heure d\u2019hiver \u00bb avant de s\u2019adapter progressivement.<\/p>\n<p>Alors comment faire ? Qui n\u2019a pas ressenti cette difficult\u00e9 \u00e0 se lever le lundi \u00e0 sept heures pour aller travailler alors que notre corps pr\u00e9f\u00e8re rester au lit. Pour lui, il n\u2019est que six heures. Une autre perturbation renforce le probl\u00e8me : le lever du soleil avait lieu vers sept heures alors qu\u2019avec ce d\u00e9calage il ne se l\u00e8ve qu\u2019\u00e0 huit heures.<\/p>\n<p style=\"text-align: justify;\">Aujourd\u2019hui, la technologie peut nous aider : le High-Tech ne peut bien \u00e9videmment pas inventer une heure de sommeil en plus, mais il peut nous aider \u00e0 nous lever mieux, et cela tous les matins !<\/p>\n<p>&nbsp;<\/p>\n<p style=\"text-align: justify;\">Le Sleeptracker est une montre r\u00e9veil chronobiologique qui prend en compte la phase de sommeil de l\u2019utilisateur. Il peut ainsi optimiser le moment du r\u00e9veil en rapport avec l\u2019\u00e9tat du corps dans un cr\u00e9neau d\u00e9finit par celui-ci. Si par exemple vous voulez vous r\u00e9veiller \u00e0 sept heures vous programmez sept heures comme heure maximale et un cr\u00e9neau de 20 minutes entre 06:40 et 07:00. Si maintenant le Sleeptracker trouve un moment propice pour vous r\u00e9veiller, par exemple un \u00e9veil intra-sommeil \u00e0 06:55, il vous r\u00e9veillera. Et le r\u00e9sultat ? Vous allez vous lever beaucoup plus facilement parce que votre cerveau a d\u00e9j\u00e0 \u00e9t\u00e9 en mode \u00e9veil, de plus vous avez gagn\u00e9 quelques minutes qui vous laissent commencer votre journ\u00e9e en pleine s\u00e9r\u00e9nit\u00e9 ! Et \u00e7a bien s\u00fbr, tous les matins m\u00eame sans changement horaire !<\/p>\n<p>&nbsp;<\/p>\n<p style=\"text-align: justify;\">Le Sleeptracker respecte aussi votre partenaire : gr\u00e2ce \u00e0 son alarme vibration, vous \u00eates le seul \u00e0 \u00eatre r\u00e9veill\u00e9 et non pas votre partenaire !<\/p>\n<p style=\"text-align: justify;\">Le Sleeptracker \u00e9lite est d\u00e9j\u00e0 la troisi\u00e8me g\u00e9n\u00e9ration du Sleeptracker. Il existe en version homme et femme. Ses performances sont continuellement am\u00e9lior\u00e9es gr\u00e2ce aux commentaires et suggestions de nos clients. Le Sleeptracker a \u00e9t\u00e9 prim\u00e9 par le TIME Magazine en 2009 comme un des outils de voyage (travel gadget) le plus important, et en 2005 comme une des meilleures inventions de l\u2019ann\u00e9e.<\/p>\n<p>&nbsp;<\/p>\n<p style=\"text-align: justify;\">On trouve le Sleeptracker \u00e0 partir de 159,90 Euro sur <a href=\"http:\/\/www.sleeptracker.fr\" target=\"_blank\">www.sleeptracker.fr<\/a><\/p>\n<p style=\"text-align: justify;\">Le Sleeptracker est distribu\u00e9 en exclusivit\u00e9 par la soci\u00e9t\u00e9 Yotser EURL, la soci\u00e9t\u00e9 de la distribution des produits innovant du sommeil et du bien-\u00eatre.<\/p>\n<p>&nbsp;<\/p>\n<p style=\"text-align: justify;\">Yotser EURL<\/p>\n<p style=\"text-align: justify;\">20bis rue Louis Philippe<\/p>\n<p style=\"text-align: justify;\">92200 Neuilly sur Seine<\/p>\n<p>&nbsp;<\/p>\n<p style=\"text-align: justify;\">Contact de presse :<\/p>\n<p style=\"text-align: justify;\">Daniel Ovadya<\/p>\n<p style=\"text-align: justify;\">press@sleeptracker.fr<\/p>\n<p style=\"text-align: justify;\">Tel : 0970 461 970<\/p>\n","protected":false},"excerpt":{"rendered":"<p>Le 27 Mars 2011 annonce pour un grand nombre d\u2019entre nous le jour du \u00ab jetlag\u00bb (Expression anglaise d\u00e9crivant l&rsquo;ensemble des sympt\u00f4mes plus ou moins importants selon les individus et r\u00e9sultant de l&rsquo;adaptation de l&rsquo;organisme \u00e0 un nouvel horaire). Nous allons devoir avancer nos montres&#8230;<\/p>\n","protected":false},"author":2,"featured_media":7983,"comment_status":"open","ping_status":"open","sticky":false,"template":"","format":"standard","meta":{"footnotes":""},"categories":[62,61],"tags":[],"yoast_head":"<!-- This site is optimized with the Yoast SEO plugin v21.9.1 - https:\/\/yoast.com\/wordpress\/plugins\/seo\/ -->\n<title>L\u2019heure d\u2019\u00e9t\u00e9 : le jetlag sans voyager - Tepaseul<\/title>\n<meta name=\"robots\" content=\"index, follow, max-snippet:-1, max-image-preview:large, max-video-preview:-1\" \/>\n<link rel=\"canonical\" href=\"https:\/\/www.tepaseul-magazine.fr\/accueil\/lheure-dete-le-jetlag-sans-voyager\/\" \/>\n<meta property=\"og:locale\" content=\"fr_FR\" \/>\n<meta property=\"og:type\" content=\"article\" \/>\n<meta property=\"og:title\" content=\"L\u2019heure d\u2019\u00e9t\u00e9 : le jetlag sans voyager - Tepaseul\" \/>\n<meta property=\"og:description\" content=\"Le 27 Mars 2011 annonce pour un grand nombre d\u2019entre nous le jour du \u00ab jetlag\u00bb (Expression anglaise d\u00e9crivant l&rsquo;ensemble des sympt\u00f4mes plus ou moins importants selon les individus et r\u00e9sultant de l&rsquo;adaptation de l&rsquo;organisme \u00e0 un nouvel horaire). Nous allons devoir avancer nos montres...\" \/>\n<meta property=\"og:url\" content=\"https:\/\/www.tepaseul-magazine.fr\/accueil\/lheure-dete-le-jetlag-sans-voyager\/\" \/>\n<meta property=\"og:site_name\" content=\"Tepaseul\" \/>\n<meta property=\"article:published_time\" content=\"2014-03-30T14:45:25+00:00\" \/>\n<meta property=\"article:modified_time\" content=\"2014-09-14T18:52:22+00:00\" \/>\n<meta property=\"og:image\" content=\"https:\/\/www.tepaseul-magazine.fr\/wp-content\/uploads\/2014\/03\/sleeptracker.jpg\" \/>\n\t<meta property=\"og:image:width\" content=\"1200\" \/>\n\t<meta property=\"og:image:height\" content=\"675\" \/>\n\t<meta property=\"og:image:type\" content=\"image\/jpeg\" \/>\n<meta name=\"author\" content=\"Chantal Rolland\" \/>\n<script type=\"application\/ld+json\" class=\"yoast-schema-graph\">{\"@context\":\"https:\/\/schema.org\",\"@graph\":[{\"@type\":\"Article\",\"@id\":\"https:\/\/www.tepaseul-magazine.fr\/accueil\/lheure-dete-le-jetlag-sans-voyager\/#article\",\"isPartOf\":{\"@id\":\"https:\/\/www.tepaseul-magazine.fr\/accueil\/lheure-dete-le-jetlag-sans-voyager\/\"},\"author\":{\"name\":\"Chantal Rolland\",\"@id\":\"https:\/\/www.tepaseul-magazine.fr\/accueil\/#\/schema\/person\/dd3827dc04f692ff480da4bac4545eeb\"},\"headline\":\"L\u2019heure d\u2019\u00e9t\u00e9 : le jetlag sans voyager\",\"datePublished\":\"2014-03-30T14:45:25+00:00\",\"dateModified\":\"2014-09-14T18:52:22+00:00\",\"mainEntityOfPage\":{\"@id\":\"https:\/\/www.tepaseul-magazine.fr\/accueil\/lheure-dete-le-jetlag-sans-voyager\/\"},\"wordCount\":490,\"commentCount\":0,\"publisher\":{\"@id\":\"https:\/\/www.tepaseul-magazine.fr\/accueil\/#organization\"},\"articleSection\":[\"Bien \u00eatre\",\"Bien \u00eatre\/Beaut\u00e9 forme\"],\"inLanguage\":\"fr-FR\",\"potentialAction\":[{\"@type\":\"CommentAction\",\"name\":\"Comment\",\"target\":[\"https:\/\/www.tepaseul-magazine.fr\/accueil\/lheure-dete-le-jetlag-sans-voyager\/#respond\"]}]},{\"@type\":\"WebPage\",\"@id\":\"https:\/\/www.tepaseul-magazine.fr\/accueil\/lheure-dete-le-jetlag-sans-voyager\/\",\"url\":\"https:\/\/www.tepaseul-magazine.fr\/accueil\/lheure-dete-le-jetlag-sans-voyager\/\",\"name\":\"L\u2019heure d\u2019\u00e9t\u00e9 : le jetlag sans voyager - Tepaseul\",\"isPartOf\":{\"@id\":\"https:\/\/www.tepaseul-magazine.fr\/accueil\/#website\"},\"datePublished\":\"2014-03-30T14:45:25+00:00\",\"dateModified\":\"2014-09-14T18:52:22+00:00\",\"breadcrumb\":{\"@id\":\"https:\/\/www.tepaseul-magazine.fr\/accueil\/lheure-dete-le-jetlag-sans-voyager\/#breadcrumb\"},\"inLanguage\":\"fr-FR\",\"potentialAction\":[{\"@type\":\"ReadAction\",\"target\":[\"https:\/\/www.tepaseul-magazine.fr\/accueil\/lheure-dete-le-jetlag-sans-voyager\/\"]}]},{\"@type\":\"BreadcrumbList\",\"@id\":\"https:\/\/www.tepaseul-magazine.fr\/accueil\/lheure-dete-le-jetlag-sans-voyager\/#breadcrumb\",\"itemListElement\":[{\"@type\":\"ListItem\",\"position\":1,\"name\":\"Home\",\"item\":\"https:\/\/www.tepaseul-magazine.fr\/accueil\/\"},{\"@type\":\"ListItem\",\"position\":2,\"name\":\"L\u2019heure d\u2019\u00e9t\u00e9 : le jetlag sans voyager\"}]},{\"@type\":\"WebSite\",\"@id\":\"https:\/\/www.tepaseul-magazine.fr\/accueil\/#website\",\"url\":\"https:\/\/www.tepaseul-magazine.fr\/accueil\/\",\"name\":\"Tepaseul\",\"description\":\"Le Magazine des solibattants\",\"publisher\":{\"@id\":\"https:\/\/www.tepaseul-magazine.fr\/accueil\/#organization\"},\"potentialAction\":[{\"@type\":\"SearchAction\",\"target\":{\"@type\":\"EntryPoint\",\"urlTemplate\":\"https:\/\/www.tepaseul-magazine.fr\/accueil\/?s={search_term_string}\"},\"query-input\":\"required name=search_term_string\"}],\"inLanguage\":\"fr-FR\"},{\"@type\":\"Organization\",\"@id\":\"https:\/\/www.tepaseul-magazine.fr\/accueil\/#organization\",\"name\":\"Tepaseul\",\"url\":\"https:\/\/www.tepaseul-magazine.fr\/accueil\/\",\"logo\":{\"@type\":\"ImageObject\",\"inLanguage\":\"fr-FR\",\"@id\":\"https:\/\/www.tepaseul-magazine.fr\/accueil\/#\/schema\/logo\/image\/\",\"url\":\"https:\/\/www.tepaseul-magazine.fr\/wp-content\/uploads\/2014\/12\/logo_doublev2-noir.png\",\"contentUrl\":\"https:\/\/www.tepaseul-magazine.fr\/wp-content\/uploads\/2014\/12\/logo_doublev2-noir.png\",\"width\":205,\"height\":51,\"caption\":\"Tepaseul\"},\"image\":{\"@id\":\"https:\/\/www.tepaseul-magazine.fr\/accueil\/#\/schema\/logo\/image\/\"}},{\"@type\":\"Person\",\"@id\":\"https:\/\/www.tepaseul-magazine.fr\/accueil\/#\/schema\/person\/dd3827dc04f692ff480da4bac4545eeb\",\"name\":\"Chantal Rolland\",\"image\":{\"@type\":\"ImageObject\",\"inLanguage\":\"fr-FR\",\"@id\":\"https:\/\/www.tepaseul-magazine.fr\/accueil\/#\/schema\/person\/image\/\",\"url\":\"https:\/\/secure.gravatar.com\/avatar\/a67dbe83e155eb41b8bc6c41ebcc8564?s=96&d=mm&r=g\",\"contentUrl\":\"https:\/\/secure.gravatar.com\/avatar\/a67dbe83e155eb41b8bc6c41ebcc8564?s=96&d=mm&r=g\",\"caption\":\"Chantal Rolland\"},\"url\":\"https:\/\/www.tepaseul-magazine.fr\/accueil\/author\/chantal-rolland\/\"}]}<\/script>\n<!-- \/ Yoast SEO plugin. -->","yoast_head_json":{"title":"L\u2019heure d\u2019\u00e9t\u00e9 : le jetlag sans voyager - Tepaseul","robots":{"index":"index","follow":"follow","max-snippet":"max-snippet:-1","max-image-preview":"max-image-preview:large","max-video-preview":"max-video-preview:-1"},"canonical":"https:\/\/www.tepaseul-magazine.fr\/accueil\/lheure-dete-le-jetlag-sans-voyager\/","og_locale":"fr_FR","og_type":"article","og_title":"L\u2019heure d\u2019\u00e9t\u00e9 : le jetlag sans voyager - Tepaseul","og_description":"Le 27 Mars 2011 annonce pour un grand nombre d\u2019entre nous le jour du \u00ab jetlag\u00bb (Expression anglaise d\u00e9crivant l&rsquo;ensemble des sympt\u00f4mes plus ou moins importants selon les individus et r\u00e9sultant de l&rsquo;adaptation de l&rsquo;organisme \u00e0 un nouvel horaire). Nous allons devoir avancer nos montres...","og_url":"https:\/\/www.tepaseul-magazine.fr\/accueil\/lheure-dete-le-jetlag-sans-voyager\/","og_site_name":"Tepaseul","article_published_time":"2014-03-30T14:45:25+00:00","article_modified_time":"2014-09-14T18:52:22+00:00","og_image":[{"width":1200,"height":675,"url":"https:\/\/www.tepaseul-magazine.fr\/wp-content\/uploads\/2014\/03\/sleeptracker.jpg","type":"image\/jpeg"}],"author":"Chantal Rolland","schema":{"@context":"https:\/\/schema.org","@graph":[{"@type":"Article","@id":"https:\/\/www.tepaseul-magazine.fr\/accueil\/lheure-dete-le-jetlag-sans-voyager\/#article","isPartOf":{"@id":"https:\/\/www.tepaseul-magazine.fr\/accueil\/lheure-dete-le-jetlag-sans-voyager\/"},"author":{"name":"Chantal Rolland","@id":"https:\/\/www.tepaseul-magazine.fr\/accueil\/#\/schema\/person\/dd3827dc04f692ff480da4bac4545eeb"},"headline":"L\u2019heure d\u2019\u00e9t\u00e9 : le jetlag sans voyager","datePublished":"2014-03-30T14:45:25+00:00","dateModified":"2014-09-14T18:52:22+00:00","mainEntityOfPage":{"@id":"https:\/\/www.tepaseul-magazine.fr\/accueil\/lheure-dete-le-jetlag-sans-voyager\/"},"wordCount":490,"commentCount":0,"publisher":{"@id":"https:\/\/www.tepaseul-magazine.fr\/accueil\/#organization"},"articleSection":["Bien \u00eatre","Bien \u00eatre\/Beaut\u00e9 forme"],"inLanguage":"fr-FR","potentialAction":[{"@type":"CommentAction","name":"Comment","target":["https:\/\/www.tepaseul-magazine.fr\/accueil\/lheure-dete-le-jetlag-sans-voyager\/#respond"]}]},{"@type":"WebPage","@id":"https:\/\/www.tepaseul-magazine.fr\/accueil\/lheure-dete-le-jetlag-sans-voyager\/","url":"https:\/\/www.tepaseul-magazine.fr\/accueil\/lheure-dete-le-jetlag-sans-voyager\/","name":"L\u2019heure d\u2019\u00e9t\u00e9 : le jetlag sans voyager - Tepaseul","isPartOf":{"@id":"https:\/\/www.tepaseul-magazine.fr\/accueil\/#website"},"datePublished":"2014-03-30T14:45:25+00:00","dateModified":"2014-09-14T18:52:22+00:00","breadcrumb":{"@id":"https:\/\/www.tepaseul-magazine.fr\/accueil\/lheure-dete-le-jetlag-sans-voyager\/#breadcrumb"},"inLanguage":"fr-FR","potentialAction":[{"@type":"ReadAction","target":["https:\/\/www.tepaseul-magazine.fr\/accueil\/lheure-dete-le-jetlag-sans-voyager\/"]}]},{"@type":"BreadcrumbList","@id":"https:\/\/www.tepaseul-magazine.fr\/accueil\/lheure-dete-le-jetlag-sans-voyager\/#breadcrumb","itemListElement":[{"@type":"ListItem","position":1,"name":"Home","item":"https:\/\/www.tepaseul-magazine.fr\/accueil\/"},{"@type":"ListItem","position":2,"name":"L\u2019heure d\u2019\u00e9t\u00e9 : le jetlag sans voyager"}]},{"@type":"WebSite","@id":"https:\/\/www.tepaseul-magazine.fr\/accueil\/#website","url":"https:\/\/www.tepaseul-magazine.fr\/accueil\/","name":"Tepaseul","description":"Le Magazine des solibattants","publisher":{"@id":"https:\/\/www.tepaseul-magazine.fr\/accueil\/#organization"},"potentialAction":[{"@type":"SearchAction","target":{"@type":"EntryPoint","urlTemplate":"https:\/\/www.tepaseul-magazine.fr\/accueil\/?s={search_term_string}"},"query-input":"required name=search_term_string"}],"inLanguage":"fr-FR"},{"@type":"Organization","@id":"https:\/\/www.tepaseul-magazine.fr\/accueil\/#organization","name":"Tepaseul","url":"https:\/\/www.tepaseul-magazine.fr\/accueil\/","logo":{"@type":"ImageObject","inLanguage":"fr-FR","@id":"https:\/\/www.tepaseul-magazine.fr\/accueil\/#\/schema\/logo\/image\/","url":"https:\/\/www.tepaseul-magazine.fr\/wp-content\/uploads\/2014\/12\/logo_doublev2-noir.png","contentUrl":"https:\/\/www.tepaseul-magazine.fr\/wp-content\/uploads\/2014\/12\/logo_doublev2-noir.png","width":205,"height":51,"caption":"Tepaseul"},"image":{"@id":"https:\/\/www.tepaseul-magazine.fr\/accueil\/#\/schema\/logo\/image\/"}},{"@type":"Person","@id":"https:\/\/www.tepaseul-magazine.fr\/accueil\/#\/schema\/person\/dd3827dc04f692ff480da4bac4545eeb","name":"Chantal Rolland","image":{"@type":"ImageObject","inLanguage":"fr-FR","@id":"https:\/\/www.tepaseul-magazine.fr\/accueil\/#\/schema\/person\/image\/","url":"https:\/\/secure.gravatar.com\/avatar\/a67dbe83e155eb41b8bc6c41ebcc8564?s=96&d=mm&r=g","contentUrl":"https:\/\/secure.gravatar.com\/avatar\/a67dbe83e155eb41b8bc6c41ebcc8564?s=96&d=mm&r=g","caption":"Chantal Rolland"},"url":"https:\/\/www.tepaseul-magazine.fr\/accueil\/author\/chantal-rolland\/"}]}},"_links":{"self":[{"href":"https:\/\/www.tepaseul-magazine.fr\/accueil\/wp-json\/wp\/v2\/posts\/7982"}],"collection":[{"href":"https:\/\/www.tepaseul-magazine.fr\/accueil\/wp-json\/wp\/v2\/posts"}],"about":[{"href":"https:\/\/www.tepaseul-magazine.fr\/accueil\/wp-json\/wp\/v2\/types\/post"}],"author":[{"embeddable":true,"href":"https:\/\/www.tepaseul-magazine.fr\/accueil\/wp-json\/wp\/v2\/users\/2"}],"replies":[{"embeddable":true,"href":"https:\/\/www.tepaseul-magazine.fr\/accueil\/wp-json\/wp\/v2\/comments?post=7982"}],"version-history":[{"count":0,"href":"https:\/\/www.tepaseul-magazine.fr\/accueil\/wp-json\/wp\/v2\/posts\/7982\/revisions"}],"wp:featuredmedia":[{"embeddable":true,"href":"https:\/\/www.tepaseul-magazine.fr\/accueil\/wp-json\/wp\/v2\/media\/7983"}],"wp:attachment":[{"href":"https:\/\/www.tepaseul-magazine.fr\/accueil\/wp-json\/wp\/v2\/media?parent=7982"}],"wp:term":[{"taxonomy":"category","embeddable":true,"href":"https:\/\/www.tepaseul-magazine.fr\/accueil\/wp-json\/wp\/v2\/categories?post=7982"},{"taxonomy":"post_tag","embeddable":true,"href":"https:\/\/www.tepaseul-magazine.fr\/accueil\/wp-json\/wp\/v2\/tags?post=7982"}],"curies":[{"name":"wp","href":"https:\/\/api.w.org\/{rel}","templated":true}]}}