{"id":7986,"date":"2014-03-30T15:50:09","date_gmt":"2014-03-30T14:50:09","guid":{"rendered":"http:\/\/www.tepaseul-magazine.fr\/?p=7986"},"modified":"2014-04-07T14:43:06","modified_gmt":"2014-04-07T13:43:06","slug":"traitement-du-stress-professionnel-divonne-les-bains-ain","status":"publish","type":"post","link":"https:\/\/www.tepaseul-magazine.fr\/accueil\/traitement-du-stress-professionnel-divonne-les-bains-ain\/","title":{"rendered":"Traitement du stress professionnel &#8211; DIVONNE-LES-BAINS (Ain)"},"content":{"rendered":"<p>UNE JOURN\u00c9E D&rsquo;ECHANGES SUR LE THEME DU STRESS PROFESSIONNEL A DESTINATION DES MEDECINS DU TRAVAIL ET DES DRH EST ORGANISEE EN AVRIL A DIVONNE-LES-BAINS.<\/p>\n<p>&nbsp;<\/p>\n<p>Environ 20 % des salari\u00e9s europ\u00e9ens estiment que leur sant\u00e9 est affect\u00e9e par des probl\u00e8mes de stress au travail, ce qui en fait l&rsquo;un des principaux probl\u00e8mes de sant\u00e9 au travail d\u00e9clar\u00e9, derri\u00e8re les maux de dos, les troubles musculosquelettiques et la fatigue (selon la derni\u00e8re enqu\u00eate de la Fondation europ\u00e9enne pour l&rsquo;am\u00e9lioration des conditions de travail). Ind\u00e9pendamment de leurs effets sur la sant\u00e9 des individus, les risques psychosociaux ont un impact sur le fonctionnement des entreprises, et la pr\u00e9vention du stress s&rsquo;inscrit dans le cadre g\u00e9n\u00e9ral de la pr\u00e9vention des risques professionnels. Le chef d&rsquo;entreprise doit veiller \u00e0 prot\u00e9ger la sant\u00e9 et la s\u00e9curit\u00e9 physique et mentale de ses salari\u00e9s au travail, et l&rsquo;approche du stress au travail doit donner lieu \u00e0 une \u00e9valuation et \u00e0 un programme de pr\u00e9vention.<\/p>\n<p>&nbsp;<\/p>\n<p>Cela dit, nombre des acteurs accompagnant les entreprises sont d\u00e9munis face \u00e0 des situations complexes et parfois mal comprises. Il n&rsquo;existe \u00e0 ce jour \u00e0 notre connaissance aucun rendez-vous national o\u00f9 m\u00e9decins du travail et responsables des ressources humaines pourraient \u00e9changer sur le sujet, partager leur exp\u00e9rience, ou encore mener des r\u00e9flexions communes.<br \/>\n&nbsp;<br \/>\nLa station Thermale de Divonne-les-bains, dans l&rsquo;Ain, est r\u00e9put\u00e9e depuis plus de 150 ans pour sa prise en charge des troubles psychiques, et son implication dans la pr\u00e9vention des stress affectifs, environnementaux et professionnels.<\/p>\n<p>&nbsp;<\/p>\n<p>Forts de ces r\u00e9sultats, et r\u00e9pondant tout naturellement au souhait des acteurs de l&rsquo;entreprise de pouvoir \u00e9changer de fa\u00e7on transversale, les m\u00e9decins et acteurs du Conseil du D\u00e9veloppement du Thermalisme de Divonne-les-Bains (*) organisent\u00a0 le 1er avril prochain les premi\u00e8res \u00ab Rencontres de Divonne \u00bb sur le th\u00e8me.<br \/>\n&nbsp;<br \/>\nCet \u00e9v\u00e9nement a pour objectif de r\u00e9unir les acteurs professionnels qui sont au coeur de ce sujet sensible et de leur permettre d&rsquo;ouvrir le d\u00e9bat, de confronter leur v\u00e9cu et de partager leur point de vue. Les deux univers de la m\u00e9decine du travail et des ressources humaines sont soumis aux m\u00eames combats. Gr\u00e2ce \u00e0 ce rendez-vous et \u00e0 ces entretiens, leurs objectifs respectifs, trop souvent v\u00e9cus comme divergents, pourront s&rsquo;allier pour le bien de tous.<\/p>\n<p>&nbsp;<\/p>\n<p>Cette journ\u00e9e de dialogue mettra en valeur les interventions de chacun. Ceci favorisera une collaboration encore plus efficace pour la pr\u00e9vention et la prise en charge des stress professionnels.<\/p>\n<p>&nbsp;<\/p>\n<p>Au programme de la journ\u00e9e: deux conf\u00e9rences seront anim\u00e9es le matin par des experts reconnus (les noms seront communiqu\u00e9s courant janvier), et apr\u00e8s le d\u00e9jeuner commun, des ateliers (acc\u00e8s sur inscription) anim\u00e9s par les 3 cabinets de Management partenaires de l&rsquo;\u00e9v\u00e9nement permettront \u00e0 tous d&rsquo;\u00e9changer, et de mieux appr\u00e9hender le sujet ainsi que les solutions existantes ou envisageables.<\/p>\n<p>&nbsp;<\/p>\n<p>Informations et inscriptions \u00e0 ces rencontres, \u00e0 partir du 15 janvier : par t\u00e9l\u00e9phone au +33 4 50 25 83 65 et sur le site www.lesrencontresdedivonne.com. Les inscriptions sont ouvertes cette ann\u00e9e aux professionnels de la France enti\u00e8re et de la Suisse voisine, et r\u00e9serv\u00e9es aux 250 premiers inscrits. Participation forfaitaire : 250? (d\u00e9ductible budget formation) &#8211; tarifs h\u00e9bergement privil\u00e9gi\u00e9s.<\/p>\n<p>&nbsp;<\/p>\n<p>Une conf\u00e9rence de presse aura lieu courant janvier pour vous pr\u00e9senter les initiateurs de ces rencontres, vous pr\u00e9senter l&rsquo;identit\u00e9 de l&rsquo;\u00e9v\u00e9nement et pour vous apporter tous les renseignements compl\u00e9mentaires dont vous pourriez avoir besoin.<\/p>\n<p>&nbsp;<\/p>\n<p>(*) LE CDTH (Conseil de D\u00e9veloppement du Thermalisme) de Divonne-les-Bains (Ain) \u00e0 but non lucratif, met en place des r\u00e9flexions, des propositions et des actions scientifiques pour p\u00e9renniser les cures traditionnelles, d\u00e9velopper de nouveaux soins et proposer de nouvelles indications.<\/p>\n<p>En marge de son thermalisme classique, le CDTH se concentre actuellement sur deux orientations distinctes :<\/p>\n<p>-La prise en charge thermale des traumatismes psychiques survenant \u00e0 la suite d&rsquo;un accident de la route, d&rsquo;une catastrophe naturelle, de violences, etc.<\/p>\n<p>-La mise en place de s\u00e9jours destin\u00e9s au traitement du stress professionnel et de leur pr\u00e9vention, en partenariat avec des soci\u00e9t\u00e9s de management sp\u00e9cialis\u00e9es ainsi que des m\u00e9decins du travail.<\/p>\n","protected":false},"excerpt":{"rendered":"<p>UNE JOURN\u00c9E D&rsquo;ECHANGES SUR LE THEME DU STRESS PROFESSIONNEL A DESTINATION DES MEDECINS DU TRAVAIL ET DES DRH EST ORGANISEE EN AVRIL A DIVONNE-LES-BAINS. &nbsp; Environ 20 % des salari\u00e9s europ\u00e9ens estiment que leur sant\u00e9 est affect\u00e9e par des probl\u00e8mes de stress au travail, ce&#8230;<\/p>\n","protected":false},"author":2,"featured_media":7987,"comment_status":"open","ping_status":"open","sticky":false,"template":"","format":"standard","meta":{"footnotes":""},"categories":[59],"tags":[],"yoast_head":"<!-- This site is optimized with the Yoast SEO plugin v21.9.1 - https:\/\/yoast.com\/wordpress\/plugins\/seo\/ -->\n<title>Traitement du stress professionnel - DIVONNE-LES-BAINS (Ain) - Tepaseul<\/title>\n<meta name=\"robots\" content=\"index, follow, max-snippet:-1, max-image-preview:large, max-video-preview:-1\" \/>\n<link rel=\"canonical\" href=\"https:\/\/www.tepaseul-magazine.fr\/accueil\/traitement-du-stress-professionnel-divonne-les-bains-ain\/\" \/>\n<meta property=\"og:locale\" content=\"fr_FR\" \/>\n<meta property=\"og:type\" content=\"article\" \/>\n<meta property=\"og:title\" content=\"Traitement du stress professionnel - DIVONNE-LES-BAINS (Ain) - Tepaseul\" \/>\n<meta property=\"og:description\" content=\"UNE JOURN\u00c9E D&rsquo;ECHANGES SUR LE THEME DU STRESS PROFESSIONNEL A DESTINATION DES MEDECINS DU TRAVAIL ET DES DRH EST ORGANISEE EN AVRIL A DIVONNE-LES-BAINS. &nbsp; Environ 20 % des salari\u00e9s europ\u00e9ens estiment que leur sant\u00e9 est affect\u00e9e par des probl\u00e8mes de stress au travail, ce...\" \/>\n<meta property=\"og:url\" content=\"https:\/\/www.tepaseul-magazine.fr\/accueil\/traitement-du-stress-professionnel-divonne-les-bains-ain\/\" \/>\n<meta property=\"og:site_name\" content=\"Tepaseul\" \/>\n<meta property=\"article:published_time\" content=\"2014-03-30T14:50:09+00:00\" \/>\n<meta property=\"article:modified_time\" content=\"2014-04-07T13:43:06+00:00\" \/>\n<meta property=\"og:image\" content=\"https:\/\/www.tepaseul-magazine.fr\/wp-content\/uploads\/2014\/03\/Traitement-du-stress-professionnel.jpg\" \/>\n\t<meta property=\"og:image:width\" content=\"1200\" \/>\n\t<meta property=\"og:image:height\" content=\"675\" \/>\n\t<meta property=\"og:image:type\" content=\"image\/jpeg\" \/>\n<meta name=\"author\" content=\"Chantal Rolland\" \/>\n<script type=\"application\/ld+json\" class=\"yoast-schema-graph\">{\"@context\":\"https:\/\/schema.org\",\"@graph\":[{\"@type\":\"Article\",\"@id\":\"https:\/\/www.tepaseul-magazine.fr\/accueil\/traitement-du-stress-professionnel-divonne-les-bains-ain\/#article\",\"isPartOf\":{\"@id\":\"https:\/\/www.tepaseul-magazine.fr\/accueil\/traitement-du-stress-professionnel-divonne-les-bains-ain\/\"},\"author\":{\"name\":\"Chantal Rolland\",\"@id\":\"https:\/\/www.tepaseul-magazine.fr\/accueil\/#\/schema\/person\/dd3827dc04f692ff480da4bac4545eeb\"},\"headline\":\"Traitement du stress professionnel &#8211; DIVONNE-LES-BAINS (Ain)\",\"datePublished\":\"2014-03-30T14:50:09+00:00\",\"dateModified\":\"2014-04-07T13:43:06+00:00\",\"mainEntityOfPage\":{\"@id\":\"https:\/\/www.tepaseul-magazine.fr\/accueil\/traitement-du-stress-professionnel-divonne-les-bains-ain\/\"},\"wordCount\":727,\"commentCount\":0,\"publisher\":{\"@id\":\"https:\/\/www.tepaseul-magazine.fr\/accueil\/#organization\"},\"articleSection\":[\"L\u2019\u00e9v\u00e9nement du mois\"],\"inLanguage\":\"fr-FR\",\"potentialAction\":[{\"@type\":\"CommentAction\",\"name\":\"Comment\",\"target\":[\"https:\/\/www.tepaseul-magazine.fr\/accueil\/traitement-du-stress-professionnel-divonne-les-bains-ain\/#respond\"]}]},{\"@type\":\"WebPage\",\"@id\":\"https:\/\/www.tepaseul-magazine.fr\/accueil\/traitement-du-stress-professionnel-divonne-les-bains-ain\/\",\"url\":\"https:\/\/www.tepaseul-magazine.fr\/accueil\/traitement-du-stress-professionnel-divonne-les-bains-ain\/\",\"name\":\"Traitement du stress professionnel - DIVONNE-LES-BAINS (Ain) - Tepaseul\",\"isPartOf\":{\"@id\":\"https:\/\/www.tepaseul-magazine.fr\/accueil\/#website\"},\"datePublished\":\"2014-03-30T14:50:09+00:00\",\"dateModified\":\"2014-04-07T13:43:06+00:00\",\"breadcrumb\":{\"@id\":\"https:\/\/www.tepaseul-magazine.fr\/accueil\/traitement-du-stress-professionnel-divonne-les-bains-ain\/#breadcrumb\"},\"inLanguage\":\"fr-FR\",\"potentialAction\":[{\"@type\":\"ReadAction\",\"target\":[\"https:\/\/www.tepaseul-magazine.fr\/accueil\/traitement-du-stress-professionnel-divonne-les-bains-ain\/\"]}]},{\"@type\":\"BreadcrumbList\",\"@id\":\"https:\/\/www.tepaseul-magazine.fr\/accueil\/traitement-du-stress-professionnel-divonne-les-bains-ain\/#breadcrumb\",\"itemListElement\":[{\"@type\":\"ListItem\",\"position\":1,\"name\":\"Home\",\"item\":\"https:\/\/www.tepaseul-magazine.fr\/accueil\/\"},{\"@type\":\"ListItem\",\"position\":2,\"name\":\"Traitement du stress professionnel &#8211; DIVONNE-LES-BAINS (Ain)\"}]},{\"@type\":\"WebSite\",\"@id\":\"https:\/\/www.tepaseul-magazine.fr\/accueil\/#website\",\"url\":\"https:\/\/www.tepaseul-magazine.fr\/accueil\/\",\"name\":\"Tepaseul\",\"description\":\"Le Magazine des solibattants\",\"publisher\":{\"@id\":\"https:\/\/www.tepaseul-magazine.fr\/accueil\/#organization\"},\"potentialAction\":[{\"@type\":\"SearchAction\",\"target\":{\"@type\":\"EntryPoint\",\"urlTemplate\":\"https:\/\/www.tepaseul-magazine.fr\/accueil\/?s={search_term_string}\"},\"query-input\":\"required name=search_term_string\"}],\"inLanguage\":\"fr-FR\"},{\"@type\":\"Organization\",\"@id\":\"https:\/\/www.tepaseul-magazine.fr\/accueil\/#organization\",\"name\":\"Tepaseul\",\"url\":\"https:\/\/www.tepaseul-magazine.fr\/accueil\/\",\"logo\":{\"@type\":\"ImageObject\",\"inLanguage\":\"fr-FR\",\"@id\":\"https:\/\/www.tepaseul-magazine.fr\/accueil\/#\/schema\/logo\/image\/\",\"url\":\"https:\/\/www.tepaseul-magazine.fr\/wp-content\/uploads\/2014\/12\/logo_doublev2-noir.png\",\"contentUrl\":\"https:\/\/www.tepaseul-magazine.fr\/wp-content\/uploads\/2014\/12\/logo_doublev2-noir.png\",\"width\":205,\"height\":51,\"caption\":\"Tepaseul\"},\"image\":{\"@id\":\"https:\/\/www.tepaseul-magazine.fr\/accueil\/#\/schema\/logo\/image\/\"}},{\"@type\":\"Person\",\"@id\":\"https:\/\/www.tepaseul-magazine.fr\/accueil\/#\/schema\/person\/dd3827dc04f692ff480da4bac4545eeb\",\"name\":\"Chantal Rolland\",\"image\":{\"@type\":\"ImageObject\",\"inLanguage\":\"fr-FR\",\"@id\":\"https:\/\/www.tepaseul-magazine.fr\/accueil\/#\/schema\/person\/image\/\",\"url\":\"https:\/\/secure.gravatar.com\/avatar\/a67dbe83e155eb41b8bc6c41ebcc8564?s=96&d=mm&r=g\",\"contentUrl\":\"https:\/\/secure.gravatar.com\/avatar\/a67dbe83e155eb41b8bc6c41ebcc8564?s=96&d=mm&r=g\",\"caption\":\"Chantal Rolland\"},\"url\":\"https:\/\/www.tepaseul-magazine.fr\/accueil\/author\/chantal-rolland\/\"}]}<\/script>\n<!-- \/ Yoast SEO plugin. -->","yoast_head_json":{"title":"Traitement du stress professionnel - DIVONNE-LES-BAINS (Ain) - Tepaseul","robots":{"index":"index","follow":"follow","max-snippet":"max-snippet:-1","max-image-preview":"max-image-preview:large","max-video-preview":"max-video-preview:-1"},"canonical":"https:\/\/www.tepaseul-magazine.fr\/accueil\/traitement-du-stress-professionnel-divonne-les-bains-ain\/","og_locale":"fr_FR","og_type":"article","og_title":"Traitement du stress professionnel - DIVONNE-LES-BAINS (Ain) - Tepaseul","og_description":"UNE JOURN\u00c9E D&rsquo;ECHANGES SUR LE THEME DU STRESS PROFESSIONNEL A DESTINATION DES MEDECINS DU TRAVAIL ET DES DRH EST ORGANISEE EN AVRIL A DIVONNE-LES-BAINS. &nbsp; Environ 20 % des salari\u00e9s europ\u00e9ens estiment que leur sant\u00e9 est affect\u00e9e par des probl\u00e8mes de stress au travail, ce...","og_url":"https:\/\/www.tepaseul-magazine.fr\/accueil\/traitement-du-stress-professionnel-divonne-les-bains-ain\/","og_site_name":"Tepaseul","article_published_time":"2014-03-30T14:50:09+00:00","article_modified_time":"2014-04-07T13:43:06+00:00","og_image":[{"width":1200,"height":675,"url":"https:\/\/www.tepaseul-magazine.fr\/wp-content\/uploads\/2014\/03\/Traitement-du-stress-professionnel.jpg","type":"image\/jpeg"}],"author":"Chantal Rolland","schema":{"@context":"https:\/\/schema.org","@graph":[{"@type":"Article","@id":"https:\/\/www.tepaseul-magazine.fr\/accueil\/traitement-du-stress-professionnel-divonne-les-bains-ain\/#article","isPartOf":{"@id":"https:\/\/www.tepaseul-magazine.fr\/accueil\/traitement-du-stress-professionnel-divonne-les-bains-ain\/"},"author":{"name":"Chantal Rolland","@id":"https:\/\/www.tepaseul-magazine.fr\/accueil\/#\/schema\/person\/dd3827dc04f692ff480da4bac4545eeb"},"headline":"Traitement du stress professionnel &#8211; DIVONNE-LES-BAINS (Ain)","datePublished":"2014-03-30T14:50:09+00:00","dateModified":"2014-04-07T13:43:06+00:00","mainEntityOfPage":{"@id":"https:\/\/www.tepaseul-magazine.fr\/accueil\/traitement-du-stress-professionnel-divonne-les-bains-ain\/"},"wordCount":727,"commentCount":0,"publisher":{"@id":"https:\/\/www.tepaseul-magazine.fr\/accueil\/#organization"},"articleSection":["L\u2019\u00e9v\u00e9nement du mois"],"inLanguage":"fr-FR","potentialAction":[{"@type":"CommentAction","name":"Comment","target":["https:\/\/www.tepaseul-magazine.fr\/accueil\/traitement-du-stress-professionnel-divonne-les-bains-ain\/#respond"]}]},{"@type":"WebPage","@id":"https:\/\/www.tepaseul-magazine.fr\/accueil\/traitement-du-stress-professionnel-divonne-les-bains-ain\/","url":"https:\/\/www.tepaseul-magazine.fr\/accueil\/traitement-du-stress-professionnel-divonne-les-bains-ain\/","name":"Traitement du stress professionnel - DIVONNE-LES-BAINS (Ain) - Tepaseul","isPartOf":{"@id":"https:\/\/www.tepaseul-magazine.fr\/accueil\/#website"},"datePublished":"2014-03-30T14:50:09+00:00","dateModified":"2014-04-07T13:43:06+00:00","breadcrumb":{"@id":"https:\/\/www.tepaseul-magazine.fr\/accueil\/traitement-du-stress-professionnel-divonne-les-bains-ain\/#breadcrumb"},"inLanguage":"fr-FR","potentialAction":[{"@type":"ReadAction","target":["https:\/\/www.tepaseul-magazine.fr\/accueil\/traitement-du-stress-professionnel-divonne-les-bains-ain\/"]}]},{"@type":"BreadcrumbList","@id":"https:\/\/www.tepaseul-magazine.fr\/accueil\/traitement-du-stress-professionnel-divonne-les-bains-ain\/#breadcrumb","itemListElement":[{"@type":"ListItem","position":1,"name":"Home","item":"https:\/\/www.tepaseul-magazine.fr\/accueil\/"},{"@type":"ListItem","position":2,"name":"Traitement du stress professionnel &#8211; DIVONNE-LES-BAINS (Ain)"}]},{"@type":"WebSite","@id":"https:\/\/www.tepaseul-magazine.fr\/accueil\/#website","url":"https:\/\/www.tepaseul-magazine.fr\/accueil\/","name":"Tepaseul","description":"Le Magazine des solibattants","publisher":{"@id":"https:\/\/www.tepaseul-magazine.fr\/accueil\/#organization"},"potentialAction":[{"@type":"SearchAction","target":{"@type":"EntryPoint","urlTemplate":"https:\/\/www.tepaseul-magazine.fr\/accueil\/?s={search_term_string}"},"query-input":"required name=search_term_string"}],"inLanguage":"fr-FR"},{"@type":"Organization","@id":"https:\/\/www.tepaseul-magazine.fr\/accueil\/#organization","name":"Tepaseul","url":"https:\/\/www.tepaseul-magazine.fr\/accueil\/","logo":{"@type":"ImageObject","inLanguage":"fr-FR","@id":"https:\/\/www.tepaseul-magazine.fr\/accueil\/#\/schema\/logo\/image\/","url":"https:\/\/www.tepaseul-magazine.fr\/wp-content\/uploads\/2014\/12\/logo_doublev2-noir.png","contentUrl":"https:\/\/www.tepaseul-magazine.fr\/wp-content\/uploads\/2014\/12\/logo_doublev2-noir.png","width":205,"height":51,"caption":"Tepaseul"},"image":{"@id":"https:\/\/www.tepaseul-magazine.fr\/accueil\/#\/schema\/logo\/image\/"}},{"@type":"Person","@id":"https:\/\/www.tepaseul-magazine.fr\/accueil\/#\/schema\/person\/dd3827dc04f692ff480da4bac4545eeb","name":"Chantal Rolland","image":{"@type":"ImageObject","inLanguage":"fr-FR","@id":"https:\/\/www.tepaseul-magazine.fr\/accueil\/#\/schema\/person\/image\/","url":"https:\/\/secure.gravatar.com\/avatar\/a67dbe83e155eb41b8bc6c41ebcc8564?s=96&d=mm&r=g","contentUrl":"https:\/\/secure.gravatar.com\/avatar\/a67dbe83e155eb41b8bc6c41ebcc8564?s=96&d=mm&r=g","caption":"Chantal Rolland"},"url":"https:\/\/www.tepaseul-magazine.fr\/accueil\/author\/chantal-rolland\/"}]}},"_links":{"self":[{"href":"https:\/\/www.tepaseul-magazine.fr\/accueil\/wp-json\/wp\/v2\/posts\/7986"}],"collection":[{"href":"https:\/\/www.tepaseul-magazine.fr\/accueil\/wp-json\/wp\/v2\/posts"}],"about":[{"href":"https:\/\/www.tepaseul-magazine.fr\/accueil\/wp-json\/wp\/v2\/types\/post"}],"author":[{"embeddable":true,"href":"https:\/\/www.tepaseul-magazine.fr\/accueil\/wp-json\/wp\/v2\/users\/2"}],"replies":[{"embeddable":true,"href":"https:\/\/www.tepaseul-magazine.fr\/accueil\/wp-json\/wp\/v2\/comments?post=7986"}],"version-history":[{"count":0,"href":"https:\/\/www.tepaseul-magazine.fr\/accueil\/wp-json\/wp\/v2\/posts\/7986\/revisions"}],"wp:featuredmedia":[{"embeddable":true,"href":"https:\/\/www.tepaseul-magazine.fr\/accueil\/wp-json\/wp\/v2\/media\/7987"}],"wp:attachment":[{"href":"https:\/\/www.tepaseul-magazine.fr\/accueil\/wp-json\/wp\/v2\/media?parent=7986"}],"wp:term":[{"taxonomy":"category","embeddable":true,"href":"https:\/\/www.tepaseul-magazine.fr\/accueil\/wp-json\/wp\/v2\/categories?post=7986"},{"taxonomy":"post_tag","embeddable":true,"href":"https:\/\/www.tepaseul-magazine.fr\/accueil\/wp-json\/wp\/v2\/tags?post=7986"}],"curies":[{"name":"wp","href":"https:\/\/api.w.org\/{rel}","templated":true}]}}