{"id":7994,"date":"2014-03-30T16:00:04","date_gmt":"2014-03-30T15:00:04","guid":{"rendered":"http:\/\/www.tepaseul-magazine.fr\/?p=7994"},"modified":"2014-04-07T14:42:28","modified_gmt":"2014-04-07T13:42:28","slug":"le-grand-feu-du-domaine-national-de-saint-cloud","status":"publish","type":"post","link":"https:\/\/www.tepaseul-magazine.fr\/accueil\/le-grand-feu-du-domaine-national-de-saint-cloud\/","title":{"rendered":"Le grand feu du domaine national de Saint Cloud"},"content":{"rendered":"<p>Le compte \u00e0 rebours est lanc\u00e9 : Le 12 juin, et pour la seconde ann\u00e9e cons\u00e9cutive, le domaine national de Saint-Cloud accueillera l\u2019\u00e9v\u00e9nement pyrotechnique qui aura l\u2019honneur France et en Europe. Apr\u00e8s l\u2019immense succ\u00e8s du premier feu en septembre dernier, le Grand Feu revient, pour le plus grand plaisir du public fran\u00e7ais, pour ses yeux, pour ses oreilles !\u00a0 Apr\u00e8s avoir r\u00e9uni 23 000 personnes lors de sa premi\u00e8re \u00e9dition, le Grand Feu du Domaine National de Saint-Cloud, plus grand spectacle pyrotechnique europ\u00e9en jamais tir\u00e9 (1 heure 50), revient le 12 juin 2010, avec quelques am\u00e9nagements. L\u2019organisateur de l\u2019\u00e9v\u00e9nement, Patrick Jolly, a d\u00e9cid\u00e9 de faire de son Grand Feu un \u00e9v\u00e9nement- phare et une date importante de la vie culturelle nationale et de la programmation annuelle du Domaine National de Saint-Cloud. Dans le microcosme de la pyrotechnie mondiale o\u00f9 les grands noms sont Montr\u00e9al (Canada), Valence (Espagne), ou encore Venise (Italie) et Macao (Chine), le Grand Feu a d\u00e9sormais sa place et donne dor\u00e9navant rendez-vous \u00e0 son public le deuxi\u00e8me samedi de juin.<br \/>\n&nbsp;<br \/>\nEt c\u2019est bel et bien au plus grand spectacle pyrotechnique europ\u00e9en qu\u2019assisteront les 23 000 personnes attendues le 12 juin dans le parc du Domaine National de Saint-Cloud. Le plus grand car le plus long jamais tir\u00e9 : pendant 1 heure 50, face \u00e0 la grande cascade du XVIIe si\u00e8cle, les sp\u00e9cialit\u00e9s et traditions pyrotechniques du monde entier se succ\u00e9deront pour cr\u00e9er en live une \u0153uvre picturale aussi incandescente qu\u2019\u00e9ph\u00e9m\u00e8re. \u00abPicturale\u00bb car les organisateurs et artistes qui collaborent \u00e0 la r\u00e9alisation du Grand Feu du Domaine National de Saint-Cloud oseront s\u2019affranchir des codes habituels et accessoires du spectacle usuel (musique, lasers, etc.) pour ne laisser parler que la mati\u00e8re brute, son bruit propre, ses formes, ses couleurs.<\/p>\n<p>&nbsp;<\/p>\n<p>LE GRAND FEU DU DOMAINE NATIONAL DE SAINT-CLOUD OUVRIRA LA SAISON PYROTECHNIQUE INTERNATIONALE UN CHANGEMENT DE DATE POUR OUVRIR LA SAISON PYROTECHNIQUE.<br \/>\n&nbsp;<br \/>\nEn 2010, les spectateurs assisteront \u00e0 un spectacle largement diff\u00e9rent de celui donn\u00e9 en 2009. Exit la musique, seul le feu doit parler, son bruit, ses couleurs, ses odeurs. Ainsi, le spectacle se fera sans entracte, mais promet 1 heure 50 les formes de la pyrotechnie seront ainsi mises \u00e0 l\u2019honneur : des feux diurnes (la nuit n\u2019est pas parfaitement tomb\u00e9e \u00e0 22 heures, en juin), aux reconnu. Si la cr\u00e9ation des premiers feux revient aux Chinois (Ier si\u00e8cle), la France s\u2019est rapidement impos\u00e9e comme un mod\u00e8le de spectacle artistique au m\u00eame titre que la musique, l\u2019op\u00e9ra ou la danse. \u00abCette tradition festive et artistique remonte au temps de Louis XIV\u00bb, pr\u00e9cise Jean- Eric Ougier, directeur artistique de la soci\u00e9t\u00e9 F\u00eates et Feux qui tirera cette ann\u00e9e encore le Grand Feu du Domaine National de Saint-Cloud.<br \/>\n&nbsp;<br \/>\n\u00abLe Roi Soleil a v\u00e9ritablement institutionnalis\u00e9 les puissants qui ont succ\u00e9d\u00e9, quelques soient les r\u00e9gimes, ont perp\u00e9tr\u00e9 la pratique\u00bb.<br \/>\n&nbsp;<br \/>\nLe feu comme spectacle, c\u2019est donc la marque de fabrique fran\u00e7aise et du monde entier nous envient : \u00abLa France est le seul pays \u00e0 proposer des geste est \u00e9videmment per\u00e7u comme une grande reconnaissance de son art et de son savoir-faire.<br \/>\n&nbsp;<br \/>\nPlus de 150 000 personnes paient et se d\u00e9placent tous les deux ans \u00e0 Chantilly, 50 000 pour Annecy Ougier, qui sillonnent la plan\u00e8te avec passion, \u00e0 la recherche d\u2019intenses \u00e9motions pyrotechniques.<\/p>\n<p>&nbsp;<\/p>\n<p>UN CHANGEMENT DE FORMAT POUR REVENIR AUX BASES DE LA PYROTECHNIE<br \/>\n&nbsp;<br \/>\nLa premi\u00e8re \u00e9dition, en septembre 2009, aura permis aux organisateurs de se familiariser avec un lieu dont il fallait rep\u00e9rer les contraintes. C\u2019est ainsi que pour cette deuxi\u00e8me \u00e9dition, un nombre accru de places assises a \u00e9t\u00e9 instaur\u00e9 (11 000 places en tribunes et chaises, contre 6 500 en 2009). Les places seront dispos\u00e9es dans l\u2019axe de la grande cascade, de fa\u00e7on \u00e0 offrir \u00e0 tous une vision optimale du spectacle.<\/p>\n<p>&nbsp;<\/p>\n<p>DES PLACES ASSISES SUPPL\u00c9MENTAIRES POUR PLUS DE CONFORT UN M\u00caME LIEU, SYNONYME DE F\u00caTES ET DE RENDEZ-VOUS CULTURELS DE PREMIER ORDRE<\/p>\n<p>&nbsp;<\/p>\n<p>Pour qui l\u2019a d\u00e9j\u00e0 fr\u00e9quent\u00e9, le parc du Domaine National de Saint-Cloud propose un cadre privil\u00e9gi\u00e9 aux portes de Paris. Baroque et bucolique, il va une nouvelle fois permettre aux artistes du Grand Feu d\u2019exprimer leur talent et de sublimer le patrimoine naturel et architectural par en 2010, le Domaine National et le Centre des monuments nationaux comm\u00e9moreront le 140e anniversaire du grand incendie qui ravagea le ch\u00e2teau en 1870. D\u00e9sormais en juin, le Grand Feu viendra rappeler au public parisien le haut lieu de la monarchie fran\u00e7aise qu\u2019a \u00e9t\u00e9 le domaine de Saint-Cloud et le centre culturel important qu\u2019il est devenu en organisant et en accueillant des \u00e9v\u00e9nements majeurs de la saison estivale, dont le Grand Feu ! \u00e9v\u00e9nements majeurs de la saison estivale, dont le Grand Feu !<\/p>\n<p>&nbsp;<\/p>\n<p>INFORMATIONS PRATIQUES<br \/>\n&nbsp;<br \/>\n. RENSEIGNEMENTS<\/p>\n<p><a href=\"http:\/\/www.le-grand-feu.com\" target=\"_blank\">www.le-grand-feu.com<\/a><\/p>\n<p>&nbsp;<\/p>\n<p>. R\u00c9SERVATIONS<\/p>\n<p>Magasins FNAC, <a href=\"http:\/\/www.fnacspectacles.com\" target=\"_blank\">www.fnacspectacles.com<\/a>, <a href=\"http:\/\/www.francebillet.com\" target=\"_blank\">www.francebillet.com<\/a><\/p>\n<p>0 892 507 707 (0,34 euro la minute)<\/p>\n<p>&nbsp;<\/p>\n<p>.TARIFS<\/p>\n<p>De 26 \u00e0 98 euros, selon la cat\u00e9gorie.<\/p>\n<p>Tarifs \u00e9tudiants et enfants sur les places en pelouse.<\/p>\n<p>&nbsp;<\/p>\n<p>. HORAIRES<\/p>\n<p>Ouvertures des grilles : 19 h<\/p>\n<p>D\u00e9but du spectacle : 22 h<\/p>\n<p>&nbsp;<\/p>\n<p>. ACC\u00c8S<\/p>\n<p>transports en commun fortement recommand\u00e9s (pas de parking)<\/p>\n<p>M\u00e9tro ligne 9 (Pont de S\u00e8vres) et ligne 10 (Boulogne\/Pont de<\/p>\n<p>Saint-Cloud) Tram T2 (Mus\u00e9e de S\u00e8vres) Acc\u00e8s au parc par la grille<\/p>\n<p>Cl\u00e9menceau et la grille de S\u00e8vres<\/p>\n","protected":false},"excerpt":{"rendered":"<p>Le compte \u00e0 rebours est lanc\u00e9 : Le 12 juin, et pour la seconde ann\u00e9e cons\u00e9cutive, le domaine national de Saint-Cloud accueillera l\u2019\u00e9v\u00e9nement pyrotechnique qui aura l\u2019honneur France et en Europe. Apr\u00e8s l\u2019immense succ\u00e8s du premier feu en septembre dernier, le Grand Feu revient, pour&#8230;<\/p>\n","protected":false},"author":2,"featured_media":7995,"comment_status":"open","ping_status":"open","sticky":false,"template":"","format":"standard","meta":{"footnotes":""},"categories":[59],"tags":[],"yoast_head":"<!-- This site is optimized with the Yoast SEO plugin v21.9.1 - https:\/\/yoast.com\/wordpress\/plugins\/seo\/ -->\n<title>Le grand feu du domaine national de Saint Cloud - Tepaseul<\/title>\n<meta name=\"robots\" content=\"index, follow, max-snippet:-1, max-image-preview:large, max-video-preview:-1\" \/>\n<link rel=\"canonical\" href=\"https:\/\/www.tepaseul-magazine.fr\/accueil\/le-grand-feu-du-domaine-national-de-saint-cloud\/\" \/>\n<meta property=\"og:locale\" content=\"fr_FR\" \/>\n<meta property=\"og:type\" content=\"article\" \/>\n<meta property=\"og:title\" content=\"Le grand feu du domaine national de Saint Cloud - Tepaseul\" \/>\n<meta property=\"og:description\" content=\"Le compte \u00e0 rebours est lanc\u00e9 : Le 12 juin, et pour la seconde ann\u00e9e cons\u00e9cutive, le domaine national de Saint-Cloud accueillera l\u2019\u00e9v\u00e9nement pyrotechnique qui aura l\u2019honneur France et en Europe. Apr\u00e8s l\u2019immense succ\u00e8s du premier feu en septembre dernier, le Grand Feu revient, pour...\" \/>\n<meta property=\"og:url\" content=\"https:\/\/www.tepaseul-magazine.fr\/accueil\/le-grand-feu-du-domaine-national-de-saint-cloud\/\" \/>\n<meta property=\"og:site_name\" content=\"Tepaseul\" \/>\n<meta property=\"article:published_time\" content=\"2014-03-30T15:00:04+00:00\" \/>\n<meta property=\"article:modified_time\" content=\"2014-04-07T13:42:28+00:00\" \/>\n<meta property=\"og:image\" content=\"https:\/\/www.tepaseul-magazine.fr\/wp-content\/uploads\/2014\/03\/Le-grand-feu-du-domaine-national-de-Saint-Cloud.jpg\" \/>\n\t<meta property=\"og:image:width\" content=\"1200\" \/>\n\t<meta property=\"og:image:height\" content=\"675\" \/>\n\t<meta property=\"og:image:type\" content=\"image\/jpeg\" \/>\n<meta name=\"author\" content=\"Chantal Rolland\" \/>\n<script type=\"application\/ld+json\" class=\"yoast-schema-graph\">{\"@context\":\"https:\/\/schema.org\",\"@graph\":[{\"@type\":\"Article\",\"@id\":\"https:\/\/www.tepaseul-magazine.fr\/accueil\/le-grand-feu-du-domaine-national-de-saint-cloud\/#article\",\"isPartOf\":{\"@id\":\"https:\/\/www.tepaseul-magazine.fr\/accueil\/le-grand-feu-du-domaine-national-de-saint-cloud\/\"},\"author\":{\"name\":\"Chantal Rolland\",\"@id\":\"https:\/\/www.tepaseul-magazine.fr\/accueil\/#\/schema\/person\/dd3827dc04f692ff480da4bac4545eeb\"},\"headline\":\"Le grand feu du domaine national de Saint Cloud\",\"datePublished\":\"2014-03-30T15:00:04+00:00\",\"dateModified\":\"2014-04-07T13:42:28+00:00\",\"mainEntityOfPage\":{\"@id\":\"https:\/\/www.tepaseul-magazine.fr\/accueil\/le-grand-feu-du-domaine-national-de-saint-cloud\/\"},\"wordCount\":928,\"commentCount\":0,\"publisher\":{\"@id\":\"https:\/\/www.tepaseul-magazine.fr\/accueil\/#organization\"},\"articleSection\":[\"L\u2019\u00e9v\u00e9nement du mois\"],\"inLanguage\":\"fr-FR\",\"potentialAction\":[{\"@type\":\"CommentAction\",\"name\":\"Comment\",\"target\":[\"https:\/\/www.tepaseul-magazine.fr\/accueil\/le-grand-feu-du-domaine-national-de-saint-cloud\/#respond\"]}]},{\"@type\":\"WebPage\",\"@id\":\"https:\/\/www.tepaseul-magazine.fr\/accueil\/le-grand-feu-du-domaine-national-de-saint-cloud\/\",\"url\":\"https:\/\/www.tepaseul-magazine.fr\/accueil\/le-grand-feu-du-domaine-national-de-saint-cloud\/\",\"name\":\"Le grand feu du domaine national de Saint Cloud - Tepaseul\",\"isPartOf\":{\"@id\":\"https:\/\/www.tepaseul-magazine.fr\/accueil\/#website\"},\"datePublished\":\"2014-03-30T15:00:04+00:00\",\"dateModified\":\"2014-04-07T13:42:28+00:00\",\"breadcrumb\":{\"@id\":\"https:\/\/www.tepaseul-magazine.fr\/accueil\/le-grand-feu-du-domaine-national-de-saint-cloud\/#breadcrumb\"},\"inLanguage\":\"fr-FR\",\"potentialAction\":[{\"@type\":\"ReadAction\",\"target\":[\"https:\/\/www.tepaseul-magazine.fr\/accueil\/le-grand-feu-du-domaine-national-de-saint-cloud\/\"]}]},{\"@type\":\"BreadcrumbList\",\"@id\":\"https:\/\/www.tepaseul-magazine.fr\/accueil\/le-grand-feu-du-domaine-national-de-saint-cloud\/#breadcrumb\",\"itemListElement\":[{\"@type\":\"ListItem\",\"position\":1,\"name\":\"Home\",\"item\":\"https:\/\/www.tepaseul-magazine.fr\/accueil\/\"},{\"@type\":\"ListItem\",\"position\":2,\"name\":\"Le grand feu du domaine national de Saint Cloud\"}]},{\"@type\":\"WebSite\",\"@id\":\"https:\/\/www.tepaseul-magazine.fr\/accueil\/#website\",\"url\":\"https:\/\/www.tepaseul-magazine.fr\/accueil\/\",\"name\":\"Tepaseul\",\"description\":\"Le Magazine des solibattants\",\"publisher\":{\"@id\":\"https:\/\/www.tepaseul-magazine.fr\/accueil\/#organization\"},\"potentialAction\":[{\"@type\":\"SearchAction\",\"target\":{\"@type\":\"EntryPoint\",\"urlTemplate\":\"https:\/\/www.tepaseul-magazine.fr\/accueil\/?s={search_term_string}\"},\"query-input\":\"required name=search_term_string\"}],\"inLanguage\":\"fr-FR\"},{\"@type\":\"Organization\",\"@id\":\"https:\/\/www.tepaseul-magazine.fr\/accueil\/#organization\",\"name\":\"Tepaseul\",\"url\":\"https:\/\/www.tepaseul-magazine.fr\/accueil\/\",\"logo\":{\"@type\":\"ImageObject\",\"inLanguage\":\"fr-FR\",\"@id\":\"https:\/\/www.tepaseul-magazine.fr\/accueil\/#\/schema\/logo\/image\/\",\"url\":\"https:\/\/www.tepaseul-magazine.fr\/wp-content\/uploads\/2014\/12\/logo_doublev2-noir.png\",\"contentUrl\":\"https:\/\/www.tepaseul-magazine.fr\/wp-content\/uploads\/2014\/12\/logo_doublev2-noir.png\",\"width\":205,\"height\":51,\"caption\":\"Tepaseul\"},\"image\":{\"@id\":\"https:\/\/www.tepaseul-magazine.fr\/accueil\/#\/schema\/logo\/image\/\"}},{\"@type\":\"Person\",\"@id\":\"https:\/\/www.tepaseul-magazine.fr\/accueil\/#\/schema\/person\/dd3827dc04f692ff480da4bac4545eeb\",\"name\":\"Chantal Rolland\",\"image\":{\"@type\":\"ImageObject\",\"inLanguage\":\"fr-FR\",\"@id\":\"https:\/\/www.tepaseul-magazine.fr\/accueil\/#\/schema\/person\/image\/\",\"url\":\"https:\/\/secure.gravatar.com\/avatar\/a67dbe83e155eb41b8bc6c41ebcc8564?s=96&d=mm&r=g\",\"contentUrl\":\"https:\/\/secure.gravatar.com\/avatar\/a67dbe83e155eb41b8bc6c41ebcc8564?s=96&d=mm&r=g\",\"caption\":\"Chantal Rolland\"},\"url\":\"https:\/\/www.tepaseul-magazine.fr\/accueil\/author\/chantal-rolland\/\"}]}<\/script>\n<!-- \/ Yoast SEO plugin. -->","yoast_head_json":{"title":"Le grand feu du domaine national de Saint Cloud - Tepaseul","robots":{"index":"index","follow":"follow","max-snippet":"max-snippet:-1","max-image-preview":"max-image-preview:large","max-video-preview":"max-video-preview:-1"},"canonical":"https:\/\/www.tepaseul-magazine.fr\/accueil\/le-grand-feu-du-domaine-national-de-saint-cloud\/","og_locale":"fr_FR","og_type":"article","og_title":"Le grand feu du domaine national de Saint Cloud - Tepaseul","og_description":"Le compte \u00e0 rebours est lanc\u00e9 : Le 12 juin, et pour la seconde ann\u00e9e cons\u00e9cutive, le domaine national de Saint-Cloud accueillera l\u2019\u00e9v\u00e9nement pyrotechnique qui aura l\u2019honneur France et en Europe. Apr\u00e8s l\u2019immense succ\u00e8s du premier feu en septembre dernier, le Grand Feu revient, pour...","og_url":"https:\/\/www.tepaseul-magazine.fr\/accueil\/le-grand-feu-du-domaine-national-de-saint-cloud\/","og_site_name":"Tepaseul","article_published_time":"2014-03-30T15:00:04+00:00","article_modified_time":"2014-04-07T13:42:28+00:00","og_image":[{"width":1200,"height":675,"url":"https:\/\/www.tepaseul-magazine.fr\/wp-content\/uploads\/2014\/03\/Le-grand-feu-du-domaine-national-de-Saint-Cloud.jpg","type":"image\/jpeg"}],"author":"Chantal Rolland","schema":{"@context":"https:\/\/schema.org","@graph":[{"@type":"Article","@id":"https:\/\/www.tepaseul-magazine.fr\/accueil\/le-grand-feu-du-domaine-national-de-saint-cloud\/#article","isPartOf":{"@id":"https:\/\/www.tepaseul-magazine.fr\/accueil\/le-grand-feu-du-domaine-national-de-saint-cloud\/"},"author":{"name":"Chantal Rolland","@id":"https:\/\/www.tepaseul-magazine.fr\/accueil\/#\/schema\/person\/dd3827dc04f692ff480da4bac4545eeb"},"headline":"Le grand feu du domaine national de Saint Cloud","datePublished":"2014-03-30T15:00:04+00:00","dateModified":"2014-04-07T13:42:28+00:00","mainEntityOfPage":{"@id":"https:\/\/www.tepaseul-magazine.fr\/accueil\/le-grand-feu-du-domaine-national-de-saint-cloud\/"},"wordCount":928,"commentCount":0,"publisher":{"@id":"https:\/\/www.tepaseul-magazine.fr\/accueil\/#organization"},"articleSection":["L\u2019\u00e9v\u00e9nement du mois"],"inLanguage":"fr-FR","potentialAction":[{"@type":"CommentAction","name":"Comment","target":["https:\/\/www.tepaseul-magazine.fr\/accueil\/le-grand-feu-du-domaine-national-de-saint-cloud\/#respond"]}]},{"@type":"WebPage","@id":"https:\/\/www.tepaseul-magazine.fr\/accueil\/le-grand-feu-du-domaine-national-de-saint-cloud\/","url":"https:\/\/www.tepaseul-magazine.fr\/accueil\/le-grand-feu-du-domaine-national-de-saint-cloud\/","name":"Le grand feu du domaine national de Saint Cloud - Tepaseul","isPartOf":{"@id":"https:\/\/www.tepaseul-magazine.fr\/accueil\/#website"},"datePublished":"2014-03-30T15:00:04+00:00","dateModified":"2014-04-07T13:42:28+00:00","breadcrumb":{"@id":"https:\/\/www.tepaseul-magazine.fr\/accueil\/le-grand-feu-du-domaine-national-de-saint-cloud\/#breadcrumb"},"inLanguage":"fr-FR","potentialAction":[{"@type":"ReadAction","target":["https:\/\/www.tepaseul-magazine.fr\/accueil\/le-grand-feu-du-domaine-national-de-saint-cloud\/"]}]},{"@type":"BreadcrumbList","@id":"https:\/\/www.tepaseul-magazine.fr\/accueil\/le-grand-feu-du-domaine-national-de-saint-cloud\/#breadcrumb","itemListElement":[{"@type":"ListItem","position":1,"name":"Home","item":"https:\/\/www.tepaseul-magazine.fr\/accueil\/"},{"@type":"ListItem","position":2,"name":"Le grand feu du domaine national de Saint Cloud"}]},{"@type":"WebSite","@id":"https:\/\/www.tepaseul-magazine.fr\/accueil\/#website","url":"https:\/\/www.tepaseul-magazine.fr\/accueil\/","name":"Tepaseul","description":"Le Magazine des solibattants","publisher":{"@id":"https:\/\/www.tepaseul-magazine.fr\/accueil\/#organization"},"potentialAction":[{"@type":"SearchAction","target":{"@type":"EntryPoint","urlTemplate":"https:\/\/www.tepaseul-magazine.fr\/accueil\/?s={search_term_string}"},"query-input":"required name=search_term_string"}],"inLanguage":"fr-FR"},{"@type":"Organization","@id":"https:\/\/www.tepaseul-magazine.fr\/accueil\/#organization","name":"Tepaseul","url":"https:\/\/www.tepaseul-magazine.fr\/accueil\/","logo":{"@type":"ImageObject","inLanguage":"fr-FR","@id":"https:\/\/www.tepaseul-magazine.fr\/accueil\/#\/schema\/logo\/image\/","url":"https:\/\/www.tepaseul-magazine.fr\/wp-content\/uploads\/2014\/12\/logo_doublev2-noir.png","contentUrl":"https:\/\/www.tepaseul-magazine.fr\/wp-content\/uploads\/2014\/12\/logo_doublev2-noir.png","width":205,"height":51,"caption":"Tepaseul"},"image":{"@id":"https:\/\/www.tepaseul-magazine.fr\/accueil\/#\/schema\/logo\/image\/"}},{"@type":"Person","@id":"https:\/\/www.tepaseul-magazine.fr\/accueil\/#\/schema\/person\/dd3827dc04f692ff480da4bac4545eeb","name":"Chantal Rolland","image":{"@type":"ImageObject","inLanguage":"fr-FR","@id":"https:\/\/www.tepaseul-magazine.fr\/accueil\/#\/schema\/person\/image\/","url":"https:\/\/secure.gravatar.com\/avatar\/a67dbe83e155eb41b8bc6c41ebcc8564?s=96&d=mm&r=g","contentUrl":"https:\/\/secure.gravatar.com\/avatar\/a67dbe83e155eb41b8bc6c41ebcc8564?s=96&d=mm&r=g","caption":"Chantal Rolland"},"url":"https:\/\/www.tepaseul-magazine.fr\/accueil\/author\/chantal-rolland\/"}]}},"_links":{"self":[{"href":"https:\/\/www.tepaseul-magazine.fr\/accueil\/wp-json\/wp\/v2\/posts\/7994"}],"collection":[{"href":"https:\/\/www.tepaseul-magazine.fr\/accueil\/wp-json\/wp\/v2\/posts"}],"about":[{"href":"https:\/\/www.tepaseul-magazine.fr\/accueil\/wp-json\/wp\/v2\/types\/post"}],"author":[{"embeddable":true,"href":"https:\/\/www.tepaseul-magazine.fr\/accueil\/wp-json\/wp\/v2\/users\/2"}],"replies":[{"embeddable":true,"href":"https:\/\/www.tepaseul-magazine.fr\/accueil\/wp-json\/wp\/v2\/comments?post=7994"}],"version-history":[{"count":0,"href":"https:\/\/www.tepaseul-magazine.fr\/accueil\/wp-json\/wp\/v2\/posts\/7994\/revisions"}],"wp:featuredmedia":[{"embeddable":true,"href":"https:\/\/www.tepaseul-magazine.fr\/accueil\/wp-json\/wp\/v2\/media\/7995"}],"wp:attachment":[{"href":"https:\/\/www.tepaseul-magazine.fr\/accueil\/wp-json\/wp\/v2\/media?parent=7994"}],"wp:term":[{"taxonomy":"category","embeddable":true,"href":"https:\/\/www.tepaseul-magazine.fr\/accueil\/wp-json\/wp\/v2\/categories?post=7994"},{"taxonomy":"post_tag","embeddable":true,"href":"https:\/\/www.tepaseul-magazine.fr\/accueil\/wp-json\/wp\/v2\/tags?post=7994"}],"curies":[{"name":"wp","href":"https:\/\/api.w.org\/{rel}","templated":true}]}}