{"id":8037,"date":"2014-03-30T22:42:28","date_gmt":"2014-03-30T21:42:28","guid":{"rendered":"http:\/\/www.tepaseul-magazine.fr\/?p=8037"},"modified":"2014-04-07T14:39:09","modified_gmt":"2014-04-07T13:39:09","slug":"belle-et-protegee-des-uv","status":"publish","type":"post","link":"https:\/\/www.tepaseul-magazine.fr\/accueil\/belle-et-protegee-des-uv\/","title":{"rendered":"Belle et prot\u00e9g\u00e9e des UV"},"content":{"rendered":"<p>C&rsquo;est l&rsquo;\u00e9t\u00e9, mais il n&rsquo;est pas pour autant question d&rsquo;afficher une mine no make-up. A la plage ou en terrasse m\u00eame sous le soleil, on affiche une peau z\u00e9ro d\u00e9faut et un teint h\u00e2l\u00e9 gr\u00e2ce aux min\u00e9raux.<\/p>\n<p>&nbsp;<\/p>\n<p>Gorg\u00e9s d&rsquo;actifs b\u00e9n\u00e9fiques pour la bonne sant\u00e9 de l&rsquo;\u00e9piderme, les min\u00e9raux ont aussi le grand avantage de sauvegarder l&rsquo;hydratation des cellules et de prot\u00e9ger efficacement contre le<\/p>\n<p>rayonnement solaire. Poudres libres, compactes, fonds de teint ou cr\u00e8mes teint\u00e9es, le maquillage min\u00e9ral Jane Iredale propose un indice SPF 15 pour les fluides, SPF 20 pour les poudres.<\/p>\n<p>&nbsp;<\/p>\n<p>Romain, maquilleur professionnel de la marque Jane Iredale France r\u00e9pond \u00e0 nos<\/p>\n<p>questions<\/p>\n<p>&nbsp;<\/p>\n<p>La chaleur, le soleil ne font g\u00e9n\u00e9ralement pas bon m\u00e9nage avec le maquillage, quelles techniques<\/p>\n<p>d&rsquo;application et quels produits Jane Iredale conseilleriez-vous \u00e0 celles qui veulent rester<\/p>\n<p>impeccables \u00e0 la plage comme \u00e0 la ville?<\/p>\n<p>&nbsp;<\/p>\n<p>L\u2019\u00e9t\u00e9 arrive et avec les cosm\u00e9tiques Jane Iredale pas de concessions, on profite des beaux jours tout en \u00e9tant au plus haut de sa beaut\u00e9. Pour cet \u00e9t\u00e9, la tendance est \u00e0 la poudre 4 en 1 de Jane Iredale, fond de teint, correcteur, poudre, et surtout protection solaire indispensable pendant les beaux jours afin de pr\u00e9server son capital beaut\u00e9 et jeunesse. A la ville, on rajoutera un blush bronzer pour rehausser les pommettes, un gloss, un petit peu de mascara pour terminer et vous voici pr\u00eate ! Le maquillage Jane Iredale permet d&rsquo;\u00eatre belle au naturel, un d\u00e9tail indispensable sur la plage.<\/p>\n<p>&nbsp;<\/p>\n<p>&nbsp;<\/p>\n<p>On l&rsquo;a vu, le maquillage min\u00e9ral Jane Iredale prot\u00e8ge contre le rayonnement solaire mais combien de temps? Faut-il r\u00e9guli\u00e8rement se repoudrer? Comment ne pas finir la journ\u00e9e trop<\/p>\n<p>maquill\u00e9e?<\/p>\n<p>&nbsp;<\/p>\n<p>Le maquillage Jane Iredale, c\u2019est un SPF de 15, mais pas n\u2019importe lequel ! Il est obtenu gr\u00e2ce \u00e0 l\u2019oxyde de titane ingr\u00e9dient min\u00e9ral et filtre physique qui va agir comme un miroir et renvoyer les rayons UV nocifs. Ce dernier contrairement aux filtres chimiques que l\u2019on trouve dans le maquillage traditionnel va tenir toute la journ\u00e9e. Et ainsi pas de surplus de maquillage en fin de journ\u00e9e. En plus il permet la synth\u00e8se de la vitamine D.<\/p>\n<p>Et si, malgr\u00e9 toutes nos attentions, nous attrapons des coups de soleil, quelles sont vos astuces<\/p>\n<p>pour les camoufler, quels produits utilisez-vous pour att\u00e9nuer les rougeurs et limiter les d\u00e9g\u00e2ts<\/p>\n<p>cutan\u00e9s?<\/p>\n<p>&nbsp;<\/p>\n<p>Jane Iredale propose une solution \u00e0 tous les probl\u00e8mes. Nos poudres sont utilis\u00e9es depuis des ann\u00e9es \u00e0 travers le monde par de nombreux m\u00e9decins renomm\u00e9s pour des soins post laser notamment (donc rougeurs importantes).<\/p>\n<p>Nos poudres min\u00e9rales peuvent \u00eatre utilis\u00e9es en couches successives pour obtenir le camouflage appropri\u00e9, de plus nos produits contiennent de puissants antioxydants qui auront \u00e9videment un effet apaisant important.<\/p>\n<p>D\u2019autres produits existent pour palier aux probl\u00e8mes des coups de soleil, le disappear par exemple, lui fera \u00ab disparaitre \u00bb vos rougeurs et autres petites imperfections. Gr\u00e2ce aux produits Jane Iredale votre peau sera en pleine sant\u00e9.<\/p>\n<p>&nbsp;<\/p>\n<p>&nbsp;<\/p>\n<p>Le saviez-vous?<\/p>\n<p>&nbsp;<\/p>\n<p>La d\u00e9finition scientifique du SPF est le rapport entre le temps d\u2019exposition aux rayons ultraviolets (UV) n\u00e9cessaire pour provoquer un \u00e9ryth\u00e8me minimal d\u00e9celable sur une peau prot\u00e9g\u00e9e par un \u00e9cran solaire et le temps requis pour produire un \u00e9ryth\u00e8me sur une peau non prot\u00e9g\u00e9e. Un protocole de test typique se d\u00e9roule comme suit : la peau d\u2019une zone habituellement non expos\u00e9e au soleil est recouverte d\u2019un film adh\u00e9sif r\u00e9sistant \u00e0 la lumi\u00e8re ; de petits carr\u00e9s de 1 cm sont successivement d\u00e9coup\u00e9s dans le film de mani\u00e8re \u00e0 ce que chaque petit carr\u00e9 de peau re\u00e7oive une dose d\u00e9termin\u00e9e de rayons UVB. Les zones expos\u00e9es sont<\/p>\n<p>alors \u00e9valu\u00e9es par rapport \u00e0 l\u2019\u00e9ryth\u00e8me (rougeurs).<\/p>\n<p>&nbsp;<\/p>\n<p>L\u2019indice SPF donne ainsi une id\u00e9e du temps pendant lequel vous pouvez vous exposer sans<\/p>\n<p>attraper de coup de soleil. Par exemple, si vous attrapez normalement un coup de soleil apr\u00e8s<\/p>\n<p>une exposition de 10 minutes sans \u00e9cran solaire et que vous avez appliqu\u00e9 un \u00e9cran solaire dot\u00e9<\/p>\n<p>d\u2019un indice de protection 15, vous serez prot\u00e9g\u00e9 des coups de soleil pendant 150 minutes. Cela<\/p>\n<p>ne signifie pas pour autant que vous soyez prot\u00e9g\u00e9 contre les autres dommages que peut<\/p>\n<p>entra\u00eener l\u2019exposition au soleil. Un \u00e9cran solaire \u00e0 large spectre est requis pour obtenir<\/p>\n<p>\u00e9galement une protection contre les rayons UVA.<\/p>\n<p>&nbsp;<\/p>\n<p>&nbsp;<\/p>\n<p>Retrouvez-vous sur <a href=\"http:\/\/www.janeiredale.fr\" target=\"_blank\">www.janeiredale.fr<\/a><\/p>\n<p>&nbsp;<\/p>\n<p>Julie c\/o JUNGLE COMMUNICATION<\/p>\n","protected":false},"excerpt":{"rendered":"<p>C&rsquo;est l&rsquo;\u00e9t\u00e9, mais il n&rsquo;est pas pour autant question d&rsquo;afficher une mine no make-up. A la plage ou en terrasse m\u00eame sous le soleil, on affiche une peau z\u00e9ro d\u00e9faut et un teint h\u00e2l\u00e9 gr\u00e2ce aux min\u00e9raux. &nbsp; Gorg\u00e9s d&rsquo;actifs b\u00e9n\u00e9fiques pour la bonne sant\u00e9&#8230;<\/p>\n","protected":false},"author":2,"featured_media":8038,"comment_status":"open","ping_status":"open","sticky":false,"template":"","format":"standard","meta":{"footnotes":""},"categories":[63],"tags":[],"yoast_head":"<!-- This site is optimized with the Yoast SEO plugin v21.9.1 - https:\/\/yoast.com\/wordpress\/plugins\/seo\/ -->\n<title>Belle et prot\u00e9g\u00e9e des UV  - Tepaseul<\/title>\n<meta name=\"robots\" content=\"index, follow, max-snippet:-1, max-image-preview:large, max-video-preview:-1\" \/>\n<link rel=\"canonical\" href=\"https:\/\/www.tepaseul-magazine.fr\/accueil\/belle-et-protegee-des-uv\/\" \/>\n<meta property=\"og:locale\" content=\"fr_FR\" \/>\n<meta property=\"og:type\" content=\"article\" \/>\n<meta property=\"og:title\" content=\"Belle et prot\u00e9g\u00e9e des UV  - Tepaseul\" \/>\n<meta property=\"og:description\" content=\"C&rsquo;est l&rsquo;\u00e9t\u00e9, mais il n&rsquo;est pas pour autant question d&rsquo;afficher une mine no make-up. A la plage ou en terrasse m\u00eame sous le soleil, on affiche une peau z\u00e9ro d\u00e9faut et un teint h\u00e2l\u00e9 gr\u00e2ce aux min\u00e9raux. &nbsp; Gorg\u00e9s d&rsquo;actifs b\u00e9n\u00e9fiques pour la bonne sant\u00e9...\" \/>\n<meta property=\"og:url\" content=\"https:\/\/www.tepaseul-magazine.fr\/accueil\/belle-et-protegee-des-uv\/\" \/>\n<meta property=\"og:site_name\" content=\"Tepaseul\" \/>\n<meta property=\"article:published_time\" content=\"2014-03-30T21:42:28+00:00\" \/>\n<meta property=\"article:modified_time\" content=\"2014-04-07T13:39:09+00:00\" \/>\n<meta property=\"og:image\" content=\"https:\/\/www.tepaseul-magazine.fr\/wp-content\/uploads\/2014\/03\/jane-iredale.jpg\" \/>\n\t<meta property=\"og:image:width\" content=\"1200\" \/>\n\t<meta property=\"og:image:height\" content=\"675\" \/>\n\t<meta property=\"og:image:type\" content=\"image\/jpeg\" \/>\n<meta name=\"author\" content=\"Chantal Rolland\" \/>\n<script type=\"application\/ld+json\" class=\"yoast-schema-graph\">{\"@context\":\"https:\/\/schema.org\",\"@graph\":[{\"@type\":\"Article\",\"@id\":\"https:\/\/www.tepaseul-magazine.fr\/accueil\/belle-et-protegee-des-uv\/#article\",\"isPartOf\":{\"@id\":\"https:\/\/www.tepaseul-magazine.fr\/accueil\/belle-et-protegee-des-uv\/\"},\"author\":{\"name\":\"Chantal Rolland\",\"@id\":\"https:\/\/www.tepaseul-magazine.fr\/accueil\/#\/schema\/person\/dd3827dc04f692ff480da4bac4545eeb\"},\"headline\":\"Belle et prot\u00e9g\u00e9e des UV\",\"datePublished\":\"2014-03-30T21:42:28+00:00\",\"dateModified\":\"2014-04-07T13:39:09+00:00\",\"mainEntityOfPage\":{\"@id\":\"https:\/\/www.tepaseul-magazine.fr\/accueil\/belle-et-protegee-des-uv\/\"},\"wordCount\":794,\"commentCount\":0,\"publisher\":{\"@id\":\"https:\/\/www.tepaseul-magazine.fr\/accueil\/#organization\"},\"articleSection\":[\"Beaut\u00e9\/forme\"],\"inLanguage\":\"fr-FR\",\"potentialAction\":[{\"@type\":\"CommentAction\",\"name\":\"Comment\",\"target\":[\"https:\/\/www.tepaseul-magazine.fr\/accueil\/belle-et-protegee-des-uv\/#respond\"]}]},{\"@type\":\"WebPage\",\"@id\":\"https:\/\/www.tepaseul-magazine.fr\/accueil\/belle-et-protegee-des-uv\/\",\"url\":\"https:\/\/www.tepaseul-magazine.fr\/accueil\/belle-et-protegee-des-uv\/\",\"name\":\"Belle et prot\u00e9g\u00e9e des UV - Tepaseul\",\"isPartOf\":{\"@id\":\"https:\/\/www.tepaseul-magazine.fr\/accueil\/#website\"},\"datePublished\":\"2014-03-30T21:42:28+00:00\",\"dateModified\":\"2014-04-07T13:39:09+00:00\",\"breadcrumb\":{\"@id\":\"https:\/\/www.tepaseul-magazine.fr\/accueil\/belle-et-protegee-des-uv\/#breadcrumb\"},\"inLanguage\":\"fr-FR\",\"potentialAction\":[{\"@type\":\"ReadAction\",\"target\":[\"https:\/\/www.tepaseul-magazine.fr\/accueil\/belle-et-protegee-des-uv\/\"]}]},{\"@type\":\"BreadcrumbList\",\"@id\":\"https:\/\/www.tepaseul-magazine.fr\/accueil\/belle-et-protegee-des-uv\/#breadcrumb\",\"itemListElement\":[{\"@type\":\"ListItem\",\"position\":1,\"name\":\"Home\",\"item\":\"https:\/\/www.tepaseul-magazine.fr\/accueil\/\"},{\"@type\":\"ListItem\",\"position\":2,\"name\":\"Belle et prot\u00e9g\u00e9e des UV\"}]},{\"@type\":\"WebSite\",\"@id\":\"https:\/\/www.tepaseul-magazine.fr\/accueil\/#website\",\"url\":\"https:\/\/www.tepaseul-magazine.fr\/accueil\/\",\"name\":\"Tepaseul\",\"description\":\"Le Magazine des solibattants\",\"publisher\":{\"@id\":\"https:\/\/www.tepaseul-magazine.fr\/accueil\/#organization\"},\"potentialAction\":[{\"@type\":\"SearchAction\",\"target\":{\"@type\":\"EntryPoint\",\"urlTemplate\":\"https:\/\/www.tepaseul-magazine.fr\/accueil\/?s={search_term_string}\"},\"query-input\":\"required name=search_term_string\"}],\"inLanguage\":\"fr-FR\"},{\"@type\":\"Organization\",\"@id\":\"https:\/\/www.tepaseul-magazine.fr\/accueil\/#organization\",\"name\":\"Tepaseul\",\"url\":\"https:\/\/www.tepaseul-magazine.fr\/accueil\/\",\"logo\":{\"@type\":\"ImageObject\",\"inLanguage\":\"fr-FR\",\"@id\":\"https:\/\/www.tepaseul-magazine.fr\/accueil\/#\/schema\/logo\/image\/\",\"url\":\"https:\/\/www.tepaseul-magazine.fr\/wp-content\/uploads\/2014\/12\/logo_doublev2-noir.png\",\"contentUrl\":\"https:\/\/www.tepaseul-magazine.fr\/wp-content\/uploads\/2014\/12\/logo_doublev2-noir.png\",\"width\":205,\"height\":51,\"caption\":\"Tepaseul\"},\"image\":{\"@id\":\"https:\/\/www.tepaseul-magazine.fr\/accueil\/#\/schema\/logo\/image\/\"}},{\"@type\":\"Person\",\"@id\":\"https:\/\/www.tepaseul-magazine.fr\/accueil\/#\/schema\/person\/dd3827dc04f692ff480da4bac4545eeb\",\"name\":\"Chantal Rolland\",\"image\":{\"@type\":\"ImageObject\",\"inLanguage\":\"fr-FR\",\"@id\":\"https:\/\/www.tepaseul-magazine.fr\/accueil\/#\/schema\/person\/image\/\",\"url\":\"https:\/\/secure.gravatar.com\/avatar\/a67dbe83e155eb41b8bc6c41ebcc8564?s=96&d=mm&r=g\",\"contentUrl\":\"https:\/\/secure.gravatar.com\/avatar\/a67dbe83e155eb41b8bc6c41ebcc8564?s=96&d=mm&r=g\",\"caption\":\"Chantal Rolland\"},\"url\":\"https:\/\/www.tepaseul-magazine.fr\/accueil\/author\/chantal-rolland\/\"}]}<\/script>\n<!-- \/ Yoast SEO plugin. -->","yoast_head_json":{"title":"Belle et prot\u00e9g\u00e9e des UV  - Tepaseul","robots":{"index":"index","follow":"follow","max-snippet":"max-snippet:-1","max-image-preview":"max-image-preview:large","max-video-preview":"max-video-preview:-1"},"canonical":"https:\/\/www.tepaseul-magazine.fr\/accueil\/belle-et-protegee-des-uv\/","og_locale":"fr_FR","og_type":"article","og_title":"Belle et prot\u00e9g\u00e9e des UV  - Tepaseul","og_description":"C&rsquo;est l&rsquo;\u00e9t\u00e9, mais il n&rsquo;est pas pour autant question d&rsquo;afficher une mine no make-up. A la plage ou en terrasse m\u00eame sous le soleil, on affiche une peau z\u00e9ro d\u00e9faut et un teint h\u00e2l\u00e9 gr\u00e2ce aux min\u00e9raux. &nbsp; Gorg\u00e9s d&rsquo;actifs b\u00e9n\u00e9fiques pour la bonne sant\u00e9...","og_url":"https:\/\/www.tepaseul-magazine.fr\/accueil\/belle-et-protegee-des-uv\/","og_site_name":"Tepaseul","article_published_time":"2014-03-30T21:42:28+00:00","article_modified_time":"2014-04-07T13:39:09+00:00","og_image":[{"width":1200,"height":675,"url":"https:\/\/www.tepaseul-magazine.fr\/wp-content\/uploads\/2014\/03\/jane-iredale.jpg","type":"image\/jpeg"}],"author":"Chantal Rolland","schema":{"@context":"https:\/\/schema.org","@graph":[{"@type":"Article","@id":"https:\/\/www.tepaseul-magazine.fr\/accueil\/belle-et-protegee-des-uv\/#article","isPartOf":{"@id":"https:\/\/www.tepaseul-magazine.fr\/accueil\/belle-et-protegee-des-uv\/"},"author":{"name":"Chantal Rolland","@id":"https:\/\/www.tepaseul-magazine.fr\/accueil\/#\/schema\/person\/dd3827dc04f692ff480da4bac4545eeb"},"headline":"Belle et prot\u00e9g\u00e9e des UV","datePublished":"2014-03-30T21:42:28+00:00","dateModified":"2014-04-07T13:39:09+00:00","mainEntityOfPage":{"@id":"https:\/\/www.tepaseul-magazine.fr\/accueil\/belle-et-protegee-des-uv\/"},"wordCount":794,"commentCount":0,"publisher":{"@id":"https:\/\/www.tepaseul-magazine.fr\/accueil\/#organization"},"articleSection":["Beaut\u00e9\/forme"],"inLanguage":"fr-FR","potentialAction":[{"@type":"CommentAction","name":"Comment","target":["https:\/\/www.tepaseul-magazine.fr\/accueil\/belle-et-protegee-des-uv\/#respond"]}]},{"@type":"WebPage","@id":"https:\/\/www.tepaseul-magazine.fr\/accueil\/belle-et-protegee-des-uv\/","url":"https:\/\/www.tepaseul-magazine.fr\/accueil\/belle-et-protegee-des-uv\/","name":"Belle et prot\u00e9g\u00e9e des UV - Tepaseul","isPartOf":{"@id":"https:\/\/www.tepaseul-magazine.fr\/accueil\/#website"},"datePublished":"2014-03-30T21:42:28+00:00","dateModified":"2014-04-07T13:39:09+00:00","breadcrumb":{"@id":"https:\/\/www.tepaseul-magazine.fr\/accueil\/belle-et-protegee-des-uv\/#breadcrumb"},"inLanguage":"fr-FR","potentialAction":[{"@type":"ReadAction","target":["https:\/\/www.tepaseul-magazine.fr\/accueil\/belle-et-protegee-des-uv\/"]}]},{"@type":"BreadcrumbList","@id":"https:\/\/www.tepaseul-magazine.fr\/accueil\/belle-et-protegee-des-uv\/#breadcrumb","itemListElement":[{"@type":"ListItem","position":1,"name":"Home","item":"https:\/\/www.tepaseul-magazine.fr\/accueil\/"},{"@type":"ListItem","position":2,"name":"Belle et prot\u00e9g\u00e9e des UV"}]},{"@type":"WebSite","@id":"https:\/\/www.tepaseul-magazine.fr\/accueil\/#website","url":"https:\/\/www.tepaseul-magazine.fr\/accueil\/","name":"Tepaseul","description":"Le Magazine des solibattants","publisher":{"@id":"https:\/\/www.tepaseul-magazine.fr\/accueil\/#organization"},"potentialAction":[{"@type":"SearchAction","target":{"@type":"EntryPoint","urlTemplate":"https:\/\/www.tepaseul-magazine.fr\/accueil\/?s={search_term_string}"},"query-input":"required name=search_term_string"}],"inLanguage":"fr-FR"},{"@type":"Organization","@id":"https:\/\/www.tepaseul-magazine.fr\/accueil\/#organization","name":"Tepaseul","url":"https:\/\/www.tepaseul-magazine.fr\/accueil\/","logo":{"@type":"ImageObject","inLanguage":"fr-FR","@id":"https:\/\/www.tepaseul-magazine.fr\/accueil\/#\/schema\/logo\/image\/","url":"https:\/\/www.tepaseul-magazine.fr\/wp-content\/uploads\/2014\/12\/logo_doublev2-noir.png","contentUrl":"https:\/\/www.tepaseul-magazine.fr\/wp-content\/uploads\/2014\/12\/logo_doublev2-noir.png","width":205,"height":51,"caption":"Tepaseul"},"image":{"@id":"https:\/\/www.tepaseul-magazine.fr\/accueil\/#\/schema\/logo\/image\/"}},{"@type":"Person","@id":"https:\/\/www.tepaseul-magazine.fr\/accueil\/#\/schema\/person\/dd3827dc04f692ff480da4bac4545eeb","name":"Chantal Rolland","image":{"@type":"ImageObject","inLanguage":"fr-FR","@id":"https:\/\/www.tepaseul-magazine.fr\/accueil\/#\/schema\/person\/image\/","url":"https:\/\/secure.gravatar.com\/avatar\/a67dbe83e155eb41b8bc6c41ebcc8564?s=96&d=mm&r=g","contentUrl":"https:\/\/secure.gravatar.com\/avatar\/a67dbe83e155eb41b8bc6c41ebcc8564?s=96&d=mm&r=g","caption":"Chantal Rolland"},"url":"https:\/\/www.tepaseul-magazine.fr\/accueil\/author\/chantal-rolland\/"}]}},"_links":{"self":[{"href":"https:\/\/www.tepaseul-magazine.fr\/accueil\/wp-json\/wp\/v2\/posts\/8037"}],"collection":[{"href":"https:\/\/www.tepaseul-magazine.fr\/accueil\/wp-json\/wp\/v2\/posts"}],"about":[{"href":"https:\/\/www.tepaseul-magazine.fr\/accueil\/wp-json\/wp\/v2\/types\/post"}],"author":[{"embeddable":true,"href":"https:\/\/www.tepaseul-magazine.fr\/accueil\/wp-json\/wp\/v2\/users\/2"}],"replies":[{"embeddable":true,"href":"https:\/\/www.tepaseul-magazine.fr\/accueil\/wp-json\/wp\/v2\/comments?post=8037"}],"version-history":[{"count":0,"href":"https:\/\/www.tepaseul-magazine.fr\/accueil\/wp-json\/wp\/v2\/posts\/8037\/revisions"}],"wp:featuredmedia":[{"embeddable":true,"href":"https:\/\/www.tepaseul-magazine.fr\/accueil\/wp-json\/wp\/v2\/media\/8038"}],"wp:attachment":[{"href":"https:\/\/www.tepaseul-magazine.fr\/accueil\/wp-json\/wp\/v2\/media?parent=8037"}],"wp:term":[{"taxonomy":"category","embeddable":true,"href":"https:\/\/www.tepaseul-magazine.fr\/accueil\/wp-json\/wp\/v2\/categories?post=8037"},{"taxonomy":"post_tag","embeddable":true,"href":"https:\/\/www.tepaseul-magazine.fr\/accueil\/wp-json\/wp\/v2\/tags?post=8037"}],"curies":[{"name":"wp","href":"https:\/\/api.w.org\/{rel}","templated":true}]}}