{"id":8055,"date":"2014-03-31T13:59:35","date_gmt":"2014-03-31T12:59:35","guid":{"rendered":"http:\/\/www.tepaseul-magazine.fr\/?p=8055"},"modified":"2014-04-07T14:37:57","modified_gmt":"2014-04-07T13:37:57","slug":"jacques-vabre-vous-aide-a-recycler-le-marc-de-cafe","status":"publish","type":"post","link":"https:\/\/www.tepaseul-magazine.fr\/accueil\/jacques-vabre-vous-aide-a-recycler-le-marc-de-cafe\/","title":{"rendered":"Jacques Vabre vous aide \u00e0 recycler le marc de caf\u00e9 !"},"content":{"rendered":"<p>\u00ab Prendre la Mer, Agir pour la Terre \u00bb, tel est le cr\u00e9do de la Transat Jacques Vabre 2009, qui<\/p>\n<p>maintient son cap vers le d\u00e9veloppement durable.<\/p>\n<p>A cette occasion, et pour vous aider \u00e0 agir au quotidien pour la plan\u00e8te, Jacques Vabre lance<\/p>\n<p>l\u2019op\u00e9ration \u00ab Y EN A MARC !\u00bb<\/p>\n<p>&nbsp;<\/p>\n<p>Parce que \u2026<\/p>\n<p>&nbsp;<\/p>\n<p>\u2026Y\u2019en a marre des insectes qui s\u2019attaquent \u00e0 nos plantations!<\/p>\n<p>&nbsp;<\/p>\n<p>\u2026Y\u2019en a marre des plantes fatigu\u00e9es et sans vie !<\/p>\n<p>\u2026Y\u2019en a marre des mauvaises odeurs dans le r\u00e9frig\u00e9rateur !<\/p>\n<p>&nbsp;<\/p>\n<p>\u2026Y\u2019en a marre de la graisse qui ab\u00eeme nos casseroles!<\/p>\n<p>&nbsp;<\/p>\n<p>\u2026Y\u2019en a marre des tuyauteries bouch\u00e9es !<\/p>\n<p>&nbsp;<\/p>\n<p>\u2026Y\u2019en a marre de la cellulite !&#8230;<\/p>\n<p>&nbsp;<\/p>\n<p>Parce qu\u2019il existe des petits gestes simples, plus \u00e9cologiques et peu co\u00fbteux, Jacques Vabre<\/p>\n<p>d\u00e9veloppe un \u00e9cogeste au travers d\u2019un blog d\u00e9di\u00e9 qui nous d\u00e9livre tous les secrets du marc de<\/p>\n<p>caf\u00e9.<\/p>\n<p>Parce que recycler son marc de caf\u00e9 offre de multiples possibilit\u00e9s d&rsquo;agir pour la plan\u00e8te,<\/p>\n<p>facilement\u2026 et pour le prix unitaire d\u2019un paquet de caf\u00e9 !<\/p>\n<p>&nbsp;<\/p>\n<p>Des adeptes de la r\u00e9utilisation du marc de caf\u00e9 dans leurs domaines de pr\u00e9dilection (jardin,<\/p>\n<p>maison, beaut\u00e9), vous donneront sur le blog leurs astuces pour ne plus jamais \u00e0 avoir \u00e0 jeter<\/p>\n<p>son marc de caf\u00e9 \u00e0 la poubelle !<\/p>\n<p>&nbsp;<\/p>\n<p>Ludovic Dufour, co-g\u00e9rant de FERTIVERT (Entreprise pionni\u00e8re en tri des d\u00e9chets verts en<\/p>\n<p>R\u00e9gion Parisienne), t\u00e9moigne au sujet de ce nouvel \u00e9cogeste incontournable :<\/p>\n<p>&nbsp;<\/p>\n<p>\u00ab <i>Vous prenez un caf\u00e9 de multiples fa\u00e7ons : seul, entre amis, devant une \u00ab machine \u00bb, au <\/i><\/p>\n<p><i>comptoir, en ne pensant \u00e0 rien ou en re-faisant le monde ! <\/i><\/p>\n<p><i>Ce que l\u2019on sait moins, c\u2019est ce que devient le marc du caf\u00e9 une fois utilis\u00e9 : la plupart du <\/i><\/p>\n<p><i>temps, il est simplement jet\u00e9 sans imaginer qu\u2019il existe une deuxi\u00e8me vie pour ce marc. <\/i><\/p>\n<p><i>Au travers des quelques lignes qui vont suivre, vous trouverez des astuces et conseils pour la <\/i><\/p>\n<p><i>maison, le jardin et m\u00eame la beaut\u00e9 auxquels vous ne vous attendez certainement pas. Ils sont <\/i><\/p>\n<p><i>simples, pratiques, \u00e9conomes mais surtout, vous participerez au recyclage d\u2019un produit noble <\/i><\/p>\n<p><i>qui m\u00e9rite\u2026une deuxi\u00e8me vie<\/i>. \u00bb<\/p>\n<p>&nbsp;<\/p>\n<p>&nbsp;<\/p>\n<p>&nbsp;<\/p>\n<p><b>R\u00c9UTILISER LE MARC DE CAF\u00c9 DANS SON JARDIN ET POUR SES PLANTES <\/b><\/p>\n<p>&nbsp;<\/p>\n<p>Ce n\u2019est pas un hasard si le marc de caf\u00e9 est utilis\u00e9 par les jardiniers avertis !<\/p>\n<p><b>\u00a0<\/b><\/p>\n<p><b>\u00ab Y\u2019 en a marc \u00bb des plantes fatigu\u00e9es et sans vie ! <\/b><\/p>\n<p>Le marc de caf\u00e9 est un <b>engrais organique naturel<\/b>. Il constitue un bon apport en \u00e9l\u00e9ments<\/p>\n<p>nutritifs qui renforcent la r\u00e9sistance des plantes et contribuent au d\u00e9veloppement de leurs<\/p>\n<p>parties a\u00e9riennes.<\/p>\n<p>De plus, ses oligo-\u00e9l\u00e9ments constituent un <b>apport nutritif<\/b> au potager comme aux plantes<\/p>\n<p>d\u2019int\u00e9rieur. Il suffit de placer le marc de caf\u00e9 sur la terre de surface puis d\u2019arroser afin de faire<\/p>\n<p>parvenir les \u00e9l\u00e9ments nutritifs jusqu\u2019aux racines.<\/p>\n<p>&nbsp;<\/p>\n<p><b>\u00a0\u00ab Y\u2019 en a marc \u00bb des petites b\u00eates qui s\u2019attaquent \u00e0 nos plantations ! <\/b><\/p>\n<p>Pour un potager 100% bio, le marc de caf\u00e9 appara\u00eet comme un ingr\u00e9dient cors\u00e9 !<\/p>\n<p>Au pied des rosiers, il fait fuir les pucerons.<\/p>\n<p>Ajout\u00e9 au compost, il apporte toute sa richesse en phosphate.<\/p>\n<p>Parsem\u00e9 autour du potager, il \u00e9loigne les mouches, vers et limaces.<\/p>\n<p><b>\u00a0<\/b><\/p>\n<p><b>\u00a0<\/b><\/p>\n<p><b>\u00a0<\/b><\/p>\n<p><b>R\u00c9UTILISER LE MARC DE CAF\u00c9 \u00c0 LA MAISON <\/b><\/p>\n<p>&nbsp;<\/p>\n<p>Toujours \u00e0 port\u00e9e de main, le marc de caf\u00e9 devient le meilleur alli\u00e9 des m\u00e9nag\u00e8res ; il est<\/p>\n<p>\u00e9cologique, \u00e9conomique et peu irritant pour les mains.<\/p>\n<p>&nbsp;<\/p>\n<p><b>\u00ab Y\u2019 en a marc \u00bb de la graisse qui colle aux casseroles ! <\/b><\/p>\n<p>Le caf\u00e9 est un excellent <b>d\u00e9graissant m\u00e9nager <\/b>(po\u00eales, casseroles). A utiliser sur une \u00e9ponge<\/p>\n<p>\u00e0 la place du liquide vaisselle, en frottant doucement.<\/p>\n<p>&nbsp;<\/p>\n<p><b>\u00ab Y\u2019 en a marc \u00bb des tuyauteries bouch\u00e9es ! <\/b><\/p>\n<p>C\u2019est un classique! Le caf\u00e9 aide \u00e0 <b>l&rsquo;entretien des tuyauteries<\/b>. Une fois par semaine, poser<\/p>\n<p>deux cuill\u00e8res \u00e0 caf\u00e9 de marc sur le bouchon de l&rsquo;\u00e9vier, et faire couler de l&rsquo;eau pour le faire<\/p>\n<p>glisser dans les canalisations. Le caf\u00e9, actif, vient nettoyer l&rsquo;int\u00e9rieur des canalisations sans<\/p>\n<p>agressivit\u00e9.<\/p>\n<p>&nbsp;<\/p>\n<p><b>\u00a0\u00ab Y\u2019 en a marc \u00bb des mauvaises odeurs dans le r\u00e9frig\u00e9rateur ! <\/b><\/p>\n<p>Un d\u00e9odorant bio pour son frigo : le caf\u00e9 <b>absorbe les mauvaises odeurs dans le <\/b><\/p>\n<p><b>r\u00e9frig\u00e9rateur ! <\/b>Placer dans le r\u00e9frig\u00e9rateur un bol rempli de marc, il captera les mauvaises<\/p>\n<p>odeurs.<\/p>\n<p>&nbsp;<\/p>\n<p><b>\u00ab Y\u2019 en a marc \u00bb des insectes qui nous g\u00e2chent la vie ! <\/b><\/p>\n<p>Le caf\u00e9 est un <b>r\u00e9pulsif naturel anti-insecte <\/b>: fourmis, araign\u00e9es, puces&#8230;le marc de caf\u00e9 fait<\/p>\n<p>fuir toutes les petites b\u00eates gr\u00e2ce \u00e0 ses propri\u00e9t\u00e9s insectifuges et sans risque pour les b\u00e9b\u00e9s et<\/p>\n<p>les personnes sensibles.<\/p>\n<p>Placer pr\u00e8s des portes et des fen\u00eatres de petits bols contenant le marc de son caf\u00e9 du matin.<\/p>\n<p>Les insectes feront demi-tour !<\/p>\n<p>&nbsp;<\/p>\n<p>&nbsp;<\/p>\n<p>&nbsp;<\/p>\n<p>&nbsp;<\/p>\n<p>&nbsp;<\/p>\n<p><b>R\u00c9UTILISER LE MARC DE CAF\u00c9\u2026EN BEAUT\u00c9 ! <\/b><\/p>\n<p><b>\u00a0<\/b><\/p>\n<p><b>\u00ab Y en a marc \u00bb de la cellulite ! <\/b><\/p>\n<p>Les scientifiques ne s\u2019y sont pas tromp\u00e9s, la caf\u00e9ine intervient dans la composition des cr\u00e8mes<\/p>\n<p>et gels amincissants ! Celle-ci agit en effet sur la microcirculation locale, permettant la<\/p>\n<p><b>d\u00e9congestion des tissus et leur drainage<\/b>.<\/p>\n<p>&nbsp;<\/p>\n<p><b>\u00ab Y en a marc \u00bb d\u2019avoir la peau terne ! <\/b><\/p>\n<p>Le marc de caf\u00e9 est <b>un gommage naturel tr\u00e8s efficace<\/b> : ses grains fins permettent d\u2019<b>exfolier<\/b><\/p>\n<p>l\u2019\u00e9piderme en douceur. Il d\u00e9barrasse la peau des cellules mortes qui s\u2019accumulent \u00e0 sa<\/p>\n<p>surface, et affine le grain de peau. La caf\u00e9ine, elle, vient r\u00e9veiller l\u2019\u00e9piderme : une v\u00e9ritable<\/p>\n<p>op\u00e9ration coup d\u2019\u00e9clat!<\/p>\n<p>Dans les deux cas : sous la douche, m\u00e9langer du marc froid avec un peu de gel douche, et il<\/p>\n<p>suffit de masser !<\/p>\n<p>&nbsp;<\/p>\n<p>&nbsp;<\/p>\n<p>Jacques Vabre s\u2019associe \u00e0 la pr\u00e9servation des terres de caf\u00e9, au travers de son partenariat avec<\/p>\n<p>l\u2019ONG Rainforest Alliance. Aujourd\u2019hui la marque souhaite insuffler une deuxi\u00e8me vie au<\/p>\n<p>caf\u00e9, et lui offrir un retour naturel aux sources. Ainsi le caf\u00e9 est rendu \u00e0 la terre.<\/p>\n<p>&nbsp;<\/p>\n<p>C\u2019est dans cet esprit qu\u2019une op\u00e9ration de r\u00e9cup\u00e9ration du marc de caf\u00e9 consomm\u00e9 lors de la<\/p>\n<p>Transat Jacques Vabre sera mise en place. Les 800 kilos de marc de caf\u00e9 produits sur le<\/p>\n<p>village de la Transat Jacques Vabre au Havre seront collect\u00e9s dans des bennes sp\u00e9cifiques<\/p>\n<p>install\u00e9es sur le village. Le marc de caf\u00e9 sera alors distribu\u00e9 aux visiteurs sous la tente Jacques<\/p>\n<p>Vabre ou utilis\u00e9 sous forme de compost par le service des espaces verts de la Ville du Havre.<\/p>\n<p>&nbsp;<\/p>\n<p>Ainsi, pendant la Transat Jacques Vabre, au jardin, dans la maison, ou la salle de bains, le<\/p>\n<p>marc de caf\u00e9 facilite le quotidien. Il ouvre de nouvelles perspectives dans la consommation de<\/p>\n<p>votre caf\u00e9.<\/p>\n<p>&nbsp;<\/p>\n<p>MERCI A EVENT INTERNATIONAL<\/p>\n","protected":false},"excerpt":{"rendered":"<p>\u00ab Prendre la Mer, Agir pour la Terre \u00bb, tel est le cr\u00e9do de la Transat Jacques Vabre 2009, qui maintient son cap vers le d\u00e9veloppement durable. A cette occasion, et pour vous aider \u00e0 agir au quotidien pour la plan\u00e8te, Jacques Vabre lance l\u2019op\u00e9ration&#8230;<\/p>\n","protected":false},"author":2,"featured_media":8056,"comment_status":"open","ping_status":"open","sticky":false,"template":"","format":"standard","meta":{"footnotes":""},"categories":[63],"tags":[],"yoast_head":"<!-- This site is optimized with the Yoast SEO plugin v21.9.1 - https:\/\/yoast.com\/wordpress\/plugins\/seo\/ -->\n<title>Jacques Vabre vous aide \u00e0 recycler le marc de caf\u00e9 ! - Tepaseul<\/title>\n<meta name=\"robots\" content=\"index, follow, max-snippet:-1, max-image-preview:large, max-video-preview:-1\" \/>\n<link rel=\"canonical\" href=\"https:\/\/www.tepaseul-magazine.fr\/accueil\/jacques-vabre-vous-aide-a-recycler-le-marc-de-cafe\/\" \/>\n<meta property=\"og:locale\" content=\"fr_FR\" \/>\n<meta property=\"og:type\" content=\"article\" \/>\n<meta property=\"og:title\" content=\"Jacques Vabre vous aide \u00e0 recycler le marc de caf\u00e9 ! - Tepaseul\" \/>\n<meta property=\"og:description\" content=\"\u00ab Prendre la Mer, Agir pour la Terre \u00bb, tel est le cr\u00e9do de la Transat Jacques Vabre 2009, qui maintient son cap vers le d\u00e9veloppement durable. A cette occasion, et pour vous aider \u00e0 agir au quotidien pour la plan\u00e8te, Jacques Vabre lance l\u2019op\u00e9ration...\" \/>\n<meta property=\"og:url\" content=\"https:\/\/www.tepaseul-magazine.fr\/accueil\/jacques-vabre-vous-aide-a-recycler-le-marc-de-cafe\/\" \/>\n<meta property=\"og:site_name\" content=\"Tepaseul\" \/>\n<meta property=\"article:published_time\" content=\"2014-03-31T12:59:35+00:00\" \/>\n<meta property=\"article:modified_time\" content=\"2014-04-07T13:37:57+00:00\" \/>\n<meta property=\"og:image\" content=\"https:\/\/www.tepaseul-magazine.fr\/wp-content\/uploads\/2014\/03\/jacques_vabre.jpg\" \/>\n\t<meta property=\"og:image:width\" content=\"1200\" \/>\n\t<meta property=\"og:image:height\" content=\"675\" \/>\n\t<meta property=\"og:image:type\" content=\"image\/jpeg\" \/>\n<meta name=\"author\" content=\"Chantal Rolland\" \/>\n<script type=\"application\/ld+json\" class=\"yoast-schema-graph\">{\"@context\":\"https:\/\/schema.org\",\"@graph\":[{\"@type\":\"Article\",\"@id\":\"https:\/\/www.tepaseul-magazine.fr\/accueil\/jacques-vabre-vous-aide-a-recycler-le-marc-de-cafe\/#article\",\"isPartOf\":{\"@id\":\"https:\/\/www.tepaseul-magazine.fr\/accueil\/jacques-vabre-vous-aide-a-recycler-le-marc-de-cafe\/\"},\"author\":{\"name\":\"Chantal Rolland\",\"@id\":\"https:\/\/www.tepaseul-magazine.fr\/accueil\/#\/schema\/person\/dd3827dc04f692ff480da4bac4545eeb\"},\"headline\":\"Jacques Vabre vous aide \u00e0 recycler le marc de caf\u00e9 !\",\"datePublished\":\"2014-03-31T12:59:35+00:00\",\"dateModified\":\"2014-04-07T13:37:57+00:00\",\"mainEntityOfPage\":{\"@id\":\"https:\/\/www.tepaseul-magazine.fr\/accueil\/jacques-vabre-vous-aide-a-recycler-le-marc-de-cafe\/\"},\"wordCount\":1151,\"commentCount\":0,\"publisher\":{\"@id\":\"https:\/\/www.tepaseul-magazine.fr\/accueil\/#organization\"},\"articleSection\":[\"Beaut\u00e9\/forme\"],\"inLanguage\":\"fr-FR\",\"potentialAction\":[{\"@type\":\"CommentAction\",\"name\":\"Comment\",\"target\":[\"https:\/\/www.tepaseul-magazine.fr\/accueil\/jacques-vabre-vous-aide-a-recycler-le-marc-de-cafe\/#respond\"]}]},{\"@type\":\"WebPage\",\"@id\":\"https:\/\/www.tepaseul-magazine.fr\/accueil\/jacques-vabre-vous-aide-a-recycler-le-marc-de-cafe\/\",\"url\":\"https:\/\/www.tepaseul-magazine.fr\/accueil\/jacques-vabre-vous-aide-a-recycler-le-marc-de-cafe\/\",\"name\":\"Jacques Vabre vous aide \u00e0 recycler le marc de caf\u00e9 ! - Tepaseul\",\"isPartOf\":{\"@id\":\"https:\/\/www.tepaseul-magazine.fr\/accueil\/#website\"},\"datePublished\":\"2014-03-31T12:59:35+00:00\",\"dateModified\":\"2014-04-07T13:37:57+00:00\",\"breadcrumb\":{\"@id\":\"https:\/\/www.tepaseul-magazine.fr\/accueil\/jacques-vabre-vous-aide-a-recycler-le-marc-de-cafe\/#breadcrumb\"},\"inLanguage\":\"fr-FR\",\"potentialAction\":[{\"@type\":\"ReadAction\",\"target\":[\"https:\/\/www.tepaseul-magazine.fr\/accueil\/jacques-vabre-vous-aide-a-recycler-le-marc-de-cafe\/\"]}]},{\"@type\":\"BreadcrumbList\",\"@id\":\"https:\/\/www.tepaseul-magazine.fr\/accueil\/jacques-vabre-vous-aide-a-recycler-le-marc-de-cafe\/#breadcrumb\",\"itemListElement\":[{\"@type\":\"ListItem\",\"position\":1,\"name\":\"Home\",\"item\":\"https:\/\/www.tepaseul-magazine.fr\/accueil\/\"},{\"@type\":\"ListItem\",\"position\":2,\"name\":\"Jacques Vabre vous aide \u00e0 recycler le marc de caf\u00e9 !\"}]},{\"@type\":\"WebSite\",\"@id\":\"https:\/\/www.tepaseul-magazine.fr\/accueil\/#website\",\"url\":\"https:\/\/www.tepaseul-magazine.fr\/accueil\/\",\"name\":\"Tepaseul\",\"description\":\"Le Magazine des solibattants\",\"publisher\":{\"@id\":\"https:\/\/www.tepaseul-magazine.fr\/accueil\/#organization\"},\"potentialAction\":[{\"@type\":\"SearchAction\",\"target\":{\"@type\":\"EntryPoint\",\"urlTemplate\":\"https:\/\/www.tepaseul-magazine.fr\/accueil\/?s={search_term_string}\"},\"query-input\":\"required name=search_term_string\"}],\"inLanguage\":\"fr-FR\"},{\"@type\":\"Organization\",\"@id\":\"https:\/\/www.tepaseul-magazine.fr\/accueil\/#organization\",\"name\":\"Tepaseul\",\"url\":\"https:\/\/www.tepaseul-magazine.fr\/accueil\/\",\"logo\":{\"@type\":\"ImageObject\",\"inLanguage\":\"fr-FR\",\"@id\":\"https:\/\/www.tepaseul-magazine.fr\/accueil\/#\/schema\/logo\/image\/\",\"url\":\"https:\/\/www.tepaseul-magazine.fr\/wp-content\/uploads\/2014\/12\/logo_doublev2-noir.png\",\"contentUrl\":\"https:\/\/www.tepaseul-magazine.fr\/wp-content\/uploads\/2014\/12\/logo_doublev2-noir.png\",\"width\":205,\"height\":51,\"caption\":\"Tepaseul\"},\"image\":{\"@id\":\"https:\/\/www.tepaseul-magazine.fr\/accueil\/#\/schema\/logo\/image\/\"}},{\"@type\":\"Person\",\"@id\":\"https:\/\/www.tepaseul-magazine.fr\/accueil\/#\/schema\/person\/dd3827dc04f692ff480da4bac4545eeb\",\"name\":\"Chantal Rolland\",\"image\":{\"@type\":\"ImageObject\",\"inLanguage\":\"fr-FR\",\"@id\":\"https:\/\/www.tepaseul-magazine.fr\/accueil\/#\/schema\/person\/image\/\",\"url\":\"https:\/\/secure.gravatar.com\/avatar\/a67dbe83e155eb41b8bc6c41ebcc8564?s=96&d=mm&r=g\",\"contentUrl\":\"https:\/\/secure.gravatar.com\/avatar\/a67dbe83e155eb41b8bc6c41ebcc8564?s=96&d=mm&r=g\",\"caption\":\"Chantal Rolland\"},\"url\":\"https:\/\/www.tepaseul-magazine.fr\/accueil\/author\/chantal-rolland\/\"}]}<\/script>\n<!-- \/ Yoast SEO plugin. -->","yoast_head_json":{"title":"Jacques Vabre vous aide \u00e0 recycler le marc de caf\u00e9 ! - Tepaseul","robots":{"index":"index","follow":"follow","max-snippet":"max-snippet:-1","max-image-preview":"max-image-preview:large","max-video-preview":"max-video-preview:-1"},"canonical":"https:\/\/www.tepaseul-magazine.fr\/accueil\/jacques-vabre-vous-aide-a-recycler-le-marc-de-cafe\/","og_locale":"fr_FR","og_type":"article","og_title":"Jacques Vabre vous aide \u00e0 recycler le marc de caf\u00e9 ! - Tepaseul","og_description":"\u00ab Prendre la Mer, Agir pour la Terre \u00bb, tel est le cr\u00e9do de la Transat Jacques Vabre 2009, qui maintient son cap vers le d\u00e9veloppement durable. A cette occasion, et pour vous aider \u00e0 agir au quotidien pour la plan\u00e8te, Jacques Vabre lance l\u2019op\u00e9ration...","og_url":"https:\/\/www.tepaseul-magazine.fr\/accueil\/jacques-vabre-vous-aide-a-recycler-le-marc-de-cafe\/","og_site_name":"Tepaseul","article_published_time":"2014-03-31T12:59:35+00:00","article_modified_time":"2014-04-07T13:37:57+00:00","og_image":[{"width":1200,"height":675,"url":"https:\/\/www.tepaseul-magazine.fr\/wp-content\/uploads\/2014\/03\/jacques_vabre.jpg","type":"image\/jpeg"}],"author":"Chantal Rolland","schema":{"@context":"https:\/\/schema.org","@graph":[{"@type":"Article","@id":"https:\/\/www.tepaseul-magazine.fr\/accueil\/jacques-vabre-vous-aide-a-recycler-le-marc-de-cafe\/#article","isPartOf":{"@id":"https:\/\/www.tepaseul-magazine.fr\/accueil\/jacques-vabre-vous-aide-a-recycler-le-marc-de-cafe\/"},"author":{"name":"Chantal Rolland","@id":"https:\/\/www.tepaseul-magazine.fr\/accueil\/#\/schema\/person\/dd3827dc04f692ff480da4bac4545eeb"},"headline":"Jacques Vabre vous aide \u00e0 recycler le marc de caf\u00e9 !","datePublished":"2014-03-31T12:59:35+00:00","dateModified":"2014-04-07T13:37:57+00:00","mainEntityOfPage":{"@id":"https:\/\/www.tepaseul-magazine.fr\/accueil\/jacques-vabre-vous-aide-a-recycler-le-marc-de-cafe\/"},"wordCount":1151,"commentCount":0,"publisher":{"@id":"https:\/\/www.tepaseul-magazine.fr\/accueil\/#organization"},"articleSection":["Beaut\u00e9\/forme"],"inLanguage":"fr-FR","potentialAction":[{"@type":"CommentAction","name":"Comment","target":["https:\/\/www.tepaseul-magazine.fr\/accueil\/jacques-vabre-vous-aide-a-recycler-le-marc-de-cafe\/#respond"]}]},{"@type":"WebPage","@id":"https:\/\/www.tepaseul-magazine.fr\/accueil\/jacques-vabre-vous-aide-a-recycler-le-marc-de-cafe\/","url":"https:\/\/www.tepaseul-magazine.fr\/accueil\/jacques-vabre-vous-aide-a-recycler-le-marc-de-cafe\/","name":"Jacques Vabre vous aide \u00e0 recycler le marc de caf\u00e9 ! - Tepaseul","isPartOf":{"@id":"https:\/\/www.tepaseul-magazine.fr\/accueil\/#website"},"datePublished":"2014-03-31T12:59:35+00:00","dateModified":"2014-04-07T13:37:57+00:00","breadcrumb":{"@id":"https:\/\/www.tepaseul-magazine.fr\/accueil\/jacques-vabre-vous-aide-a-recycler-le-marc-de-cafe\/#breadcrumb"},"inLanguage":"fr-FR","potentialAction":[{"@type":"ReadAction","target":["https:\/\/www.tepaseul-magazine.fr\/accueil\/jacques-vabre-vous-aide-a-recycler-le-marc-de-cafe\/"]}]},{"@type":"BreadcrumbList","@id":"https:\/\/www.tepaseul-magazine.fr\/accueil\/jacques-vabre-vous-aide-a-recycler-le-marc-de-cafe\/#breadcrumb","itemListElement":[{"@type":"ListItem","position":1,"name":"Home","item":"https:\/\/www.tepaseul-magazine.fr\/accueil\/"},{"@type":"ListItem","position":2,"name":"Jacques Vabre vous aide \u00e0 recycler le marc de caf\u00e9 !"}]},{"@type":"WebSite","@id":"https:\/\/www.tepaseul-magazine.fr\/accueil\/#website","url":"https:\/\/www.tepaseul-magazine.fr\/accueil\/","name":"Tepaseul","description":"Le Magazine des solibattants","publisher":{"@id":"https:\/\/www.tepaseul-magazine.fr\/accueil\/#organization"},"potentialAction":[{"@type":"SearchAction","target":{"@type":"EntryPoint","urlTemplate":"https:\/\/www.tepaseul-magazine.fr\/accueil\/?s={search_term_string}"},"query-input":"required name=search_term_string"}],"inLanguage":"fr-FR"},{"@type":"Organization","@id":"https:\/\/www.tepaseul-magazine.fr\/accueil\/#organization","name":"Tepaseul","url":"https:\/\/www.tepaseul-magazine.fr\/accueil\/","logo":{"@type":"ImageObject","inLanguage":"fr-FR","@id":"https:\/\/www.tepaseul-magazine.fr\/accueil\/#\/schema\/logo\/image\/","url":"https:\/\/www.tepaseul-magazine.fr\/wp-content\/uploads\/2014\/12\/logo_doublev2-noir.png","contentUrl":"https:\/\/www.tepaseul-magazine.fr\/wp-content\/uploads\/2014\/12\/logo_doublev2-noir.png","width":205,"height":51,"caption":"Tepaseul"},"image":{"@id":"https:\/\/www.tepaseul-magazine.fr\/accueil\/#\/schema\/logo\/image\/"}},{"@type":"Person","@id":"https:\/\/www.tepaseul-magazine.fr\/accueil\/#\/schema\/person\/dd3827dc04f692ff480da4bac4545eeb","name":"Chantal Rolland","image":{"@type":"ImageObject","inLanguage":"fr-FR","@id":"https:\/\/www.tepaseul-magazine.fr\/accueil\/#\/schema\/person\/image\/","url":"https:\/\/secure.gravatar.com\/avatar\/a67dbe83e155eb41b8bc6c41ebcc8564?s=96&d=mm&r=g","contentUrl":"https:\/\/secure.gravatar.com\/avatar\/a67dbe83e155eb41b8bc6c41ebcc8564?s=96&d=mm&r=g","caption":"Chantal Rolland"},"url":"https:\/\/www.tepaseul-magazine.fr\/accueil\/author\/chantal-rolland\/"}]}},"_links":{"self":[{"href":"https:\/\/www.tepaseul-magazine.fr\/accueil\/wp-json\/wp\/v2\/posts\/8055"}],"collection":[{"href":"https:\/\/www.tepaseul-magazine.fr\/accueil\/wp-json\/wp\/v2\/posts"}],"about":[{"href":"https:\/\/www.tepaseul-magazine.fr\/accueil\/wp-json\/wp\/v2\/types\/post"}],"author":[{"embeddable":true,"href":"https:\/\/www.tepaseul-magazine.fr\/accueil\/wp-json\/wp\/v2\/users\/2"}],"replies":[{"embeddable":true,"href":"https:\/\/www.tepaseul-magazine.fr\/accueil\/wp-json\/wp\/v2\/comments?post=8055"}],"version-history":[{"count":0,"href":"https:\/\/www.tepaseul-magazine.fr\/accueil\/wp-json\/wp\/v2\/posts\/8055\/revisions"}],"wp:featuredmedia":[{"embeddable":true,"href":"https:\/\/www.tepaseul-magazine.fr\/accueil\/wp-json\/wp\/v2\/media\/8056"}],"wp:attachment":[{"href":"https:\/\/www.tepaseul-magazine.fr\/accueil\/wp-json\/wp\/v2\/media?parent=8055"}],"wp:term":[{"taxonomy":"category","embeddable":true,"href":"https:\/\/www.tepaseul-magazine.fr\/accueil\/wp-json\/wp\/v2\/categories?post=8055"},{"taxonomy":"post_tag","embeddable":true,"href":"https:\/\/www.tepaseul-magazine.fr\/accueil\/wp-json\/wp\/v2\/tags?post=8055"}],"curies":[{"name":"wp","href":"https:\/\/api.w.org\/{rel}","templated":true}]}}