{"id":8171,"date":"2008-09-27T17:30:39","date_gmt":"2008-09-27T16:30:39","guid":{"rendered":"http:\/\/www.tepaseul-magazine.fr\/?p=8171"},"modified":"2014-04-07T15:04:09","modified_gmt":"2014-04-07T14:04:09","slug":"nabucco-au-stade-de-france","status":"publish","type":"post","link":"https:\/\/www.tepaseul-magazine.fr\/accueil\/nabucco-au-stade-de-france\/","title":{"rendered":"NABUCCO AU STADE DE FRANCE"},"content":{"rendered":"<p>SAMEDI 27 SEPTEMBRE 2008, le Stade de France r\u00e9sonnera et brillera de mille feux au son de l\u2019Op\u00e9ra de Verdi, NABUCCO.<\/p>\n<p>Apr\u00e8s A\u00efda, le Requiem de Verdi et Turandot, un grand op\u00e9ra de Verdi est donn\u00e9 dans un lieu qui n\u2019est pas l\u2019Op\u00e9ra mais le Stade de France et en l\u2019honneur des 10 ans de celui-ci\u00a0.<\/p>\n<p>Samedi, vous frissonnerez en entendant le mythique ch\u0153ur des esclaves \u00ab\u00a0Va Piensero\u00a0\u00bb qui retentira dans \u00ab\u00a0l\u2019ar\u00e8ne\u00a0\u00bb.<\/p>\n<p>Cet Op\u00e9ra sera mis en sc\u00e8ne par Charles Roubaud, une mise en sc\u00e8ne compl\u00e8tement in\u00e9dite en France, \u00e0 360\u00b0.<\/p>\n<p>Plus de 500 participants animeront\u00a0 cette \u0153uvre de Verdi, une des plus jou\u00e9e au monde.<\/p>\n<p>L\u2019ambition du stade de France est de permettre \u00e0 un public qui n\u2019a pas l\u2019habitude des Op\u00e9ras de d\u00e9couvrir un spectacle grandiose, de qualit\u00e9 o\u00f9 se conjuguent la virtualit\u00e9, l\u2019\u00e9motion, la beaut\u00e9 et le r\u00eave et de leur donner envie de devenir de fervents amateurs d\u2019Op\u00e9ra\u2026<\/p>\n<p>Pour plus de renseignements\u00a0:<\/p>\n<p><a href=\"http:\/\/www.stadefrance.com\" target=\"_blank\">www.stadefrance.com<\/a><\/p>\n<p><a href=\"http:\/\/www.nabucco-lespectacle.com\" target=\"_blank\">www.nabucco-lespectacle.com<\/a><\/p>\n","protected":false},"excerpt":{"rendered":"<p>SAMEDI 27 SEPTEMBRE 2008, le Stade de France r\u00e9sonnera et brillera de mille feux au son de l\u2019Op\u00e9ra de Verdi, NABUCCO. Apr\u00e8s A\u00efda, le Requiem de Verdi et Turandot, un grand op\u00e9ra de Verdi est donn\u00e9 dans un lieu qui n\u2019est pas l\u2019Op\u00e9ra mais le&#8230;<\/p>\n","protected":false},"author":2,"featured_media":9010,"comment_status":"open","ping_status":"open","sticky":false,"template":"","format":"video","meta":{"footnotes":""},"categories":[70],"tags":[],"yoast_head":"<!-- This site is optimized with the Yoast SEO plugin v21.9.1 - https:\/\/yoast.com\/wordpress\/plugins\/seo\/ -->\n<title>NABUCCO AU STADE DE FRANCE - Tepaseul<\/title>\n<meta name=\"robots\" content=\"index, follow, max-snippet:-1, max-image-preview:large, max-video-preview:-1\" \/>\n<link rel=\"canonical\" href=\"https:\/\/www.tepaseul-magazine.fr\/accueil\/nabucco-au-stade-de-france\/\" \/>\n<meta property=\"og:locale\" content=\"fr_FR\" \/>\n<meta property=\"og:type\" content=\"article\" \/>\n<meta property=\"og:title\" content=\"NABUCCO AU STADE DE FRANCE - Tepaseul\" \/>\n<meta property=\"og:description\" content=\"SAMEDI 27 SEPTEMBRE 2008, le Stade de France r\u00e9sonnera et brillera de mille feux au son de l\u2019Op\u00e9ra de Verdi, NABUCCO. Apr\u00e8s A\u00efda, le Requiem de Verdi et Turandot, un grand op\u00e9ra de Verdi est donn\u00e9 dans un lieu qui n\u2019est pas l\u2019Op\u00e9ra mais le...\" \/>\n<meta property=\"og:url\" content=\"https:\/\/www.tepaseul-magazine.fr\/accueil\/nabucco-au-stade-de-france\/\" \/>\n<meta property=\"og:site_name\" content=\"Tepaseul\" \/>\n<meta property=\"article:published_time\" content=\"2008-09-27T16:30:39+00:00\" \/>\n<meta property=\"article:modified_time\" content=\"2014-04-07T14:04:09+00:00\" \/>\n<meta property=\"og:image\" content=\"https:\/\/www.tepaseul-magazine.fr\/wp-content\/uploads\/2008\/09\/NABUCCO-AU-STADE-DE-FRANCE.jpg\" \/>\n\t<meta property=\"og:image:width\" content=\"1200\" \/>\n\t<meta property=\"og:image:height\" content=\"675\" \/>\n\t<meta property=\"og:image:type\" content=\"image\/jpeg\" \/>\n<meta name=\"author\" content=\"Chantal Rolland\" \/>\n<script type=\"application\/ld+json\" class=\"yoast-schema-graph\">{\"@context\":\"https:\/\/schema.org\",\"@graph\":[{\"@type\":\"Article\",\"@id\":\"https:\/\/www.tepaseul-magazine.fr\/accueil\/nabucco-au-stade-de-france\/#article\",\"isPartOf\":{\"@id\":\"https:\/\/www.tepaseul-magazine.fr\/accueil\/nabucco-au-stade-de-france\/\"},\"author\":{\"name\":\"Chantal Rolland\",\"@id\":\"https:\/\/www.tepaseul-magazine.fr\/accueil\/#\/schema\/person\/dd3827dc04f692ff480da4bac4545eeb\"},\"headline\":\"NABUCCO AU STADE DE FRANCE\",\"datePublished\":\"2008-09-27T16:30:39+00:00\",\"dateModified\":\"2014-04-07T14:04:09+00:00\",\"mainEntityOfPage\":{\"@id\":\"https:\/\/www.tepaseul-magazine.fr\/accueil\/nabucco-au-stade-de-france\/\"},\"wordCount\":188,\"commentCount\":0,\"publisher\":{\"@id\":\"https:\/\/www.tepaseul-magazine.fr\/accueil\/#organization\"},\"articleSection\":[\"Sorties\/spectacles\"],\"inLanguage\":\"fr-FR\",\"potentialAction\":[{\"@type\":\"CommentAction\",\"name\":\"Comment\",\"target\":[\"https:\/\/www.tepaseul-magazine.fr\/accueil\/nabucco-au-stade-de-france\/#respond\"]}]},{\"@type\":\"WebPage\",\"@id\":\"https:\/\/www.tepaseul-magazine.fr\/accueil\/nabucco-au-stade-de-france\/\",\"url\":\"https:\/\/www.tepaseul-magazine.fr\/accueil\/nabucco-au-stade-de-france\/\",\"name\":\"NABUCCO AU STADE DE FRANCE - Tepaseul\",\"isPartOf\":{\"@id\":\"https:\/\/www.tepaseul-magazine.fr\/accueil\/#website\"},\"datePublished\":\"2008-09-27T16:30:39+00:00\",\"dateModified\":\"2014-04-07T14:04:09+00:00\",\"breadcrumb\":{\"@id\":\"https:\/\/www.tepaseul-magazine.fr\/accueil\/nabucco-au-stade-de-france\/#breadcrumb\"},\"inLanguage\":\"fr-FR\",\"potentialAction\":[{\"@type\":\"ReadAction\",\"target\":[\"https:\/\/www.tepaseul-magazine.fr\/accueil\/nabucco-au-stade-de-france\/\"]}]},{\"@type\":\"BreadcrumbList\",\"@id\":\"https:\/\/www.tepaseul-magazine.fr\/accueil\/nabucco-au-stade-de-france\/#breadcrumb\",\"itemListElement\":[{\"@type\":\"ListItem\",\"position\":1,\"name\":\"Home\",\"item\":\"https:\/\/www.tepaseul-magazine.fr\/accueil\/\"},{\"@type\":\"ListItem\",\"position\":2,\"name\":\"NABUCCO AU STADE DE FRANCE\"}]},{\"@type\":\"WebSite\",\"@id\":\"https:\/\/www.tepaseul-magazine.fr\/accueil\/#website\",\"url\":\"https:\/\/www.tepaseul-magazine.fr\/accueil\/\",\"name\":\"Tepaseul\",\"description\":\"Le Magazine des solibattants\",\"publisher\":{\"@id\":\"https:\/\/www.tepaseul-magazine.fr\/accueil\/#organization\"},\"potentialAction\":[{\"@type\":\"SearchAction\",\"target\":{\"@type\":\"EntryPoint\",\"urlTemplate\":\"https:\/\/www.tepaseul-magazine.fr\/accueil\/?s={search_term_string}\"},\"query-input\":\"required name=search_term_string\"}],\"inLanguage\":\"fr-FR\"},{\"@type\":\"Organization\",\"@id\":\"https:\/\/www.tepaseul-magazine.fr\/accueil\/#organization\",\"name\":\"Tepaseul\",\"url\":\"https:\/\/www.tepaseul-magazine.fr\/accueil\/\",\"logo\":{\"@type\":\"ImageObject\",\"inLanguage\":\"fr-FR\",\"@id\":\"https:\/\/www.tepaseul-magazine.fr\/accueil\/#\/schema\/logo\/image\/\",\"url\":\"https:\/\/www.tepaseul-magazine.fr\/wp-content\/uploads\/2014\/12\/logo_doublev2-noir.png\",\"contentUrl\":\"https:\/\/www.tepaseul-magazine.fr\/wp-content\/uploads\/2014\/12\/logo_doublev2-noir.png\",\"width\":205,\"height\":51,\"caption\":\"Tepaseul\"},\"image\":{\"@id\":\"https:\/\/www.tepaseul-magazine.fr\/accueil\/#\/schema\/logo\/image\/\"}},{\"@type\":\"Person\",\"@id\":\"https:\/\/www.tepaseul-magazine.fr\/accueil\/#\/schema\/person\/dd3827dc04f692ff480da4bac4545eeb\",\"name\":\"Chantal Rolland\",\"image\":{\"@type\":\"ImageObject\",\"inLanguage\":\"fr-FR\",\"@id\":\"https:\/\/www.tepaseul-magazine.fr\/accueil\/#\/schema\/person\/image\/\",\"url\":\"https:\/\/secure.gravatar.com\/avatar\/a67dbe83e155eb41b8bc6c41ebcc8564?s=96&d=mm&r=g\",\"contentUrl\":\"https:\/\/secure.gravatar.com\/avatar\/a67dbe83e155eb41b8bc6c41ebcc8564?s=96&d=mm&r=g\",\"caption\":\"Chantal Rolland\"},\"url\":\"https:\/\/www.tepaseul-magazine.fr\/accueil\/author\/chantal-rolland\/\"}]}<\/script>\n<!-- \/ Yoast SEO plugin. -->","yoast_head_json":{"title":"NABUCCO AU STADE DE FRANCE - Tepaseul","robots":{"index":"index","follow":"follow","max-snippet":"max-snippet:-1","max-image-preview":"max-image-preview:large","max-video-preview":"max-video-preview:-1"},"canonical":"https:\/\/www.tepaseul-magazine.fr\/accueil\/nabucco-au-stade-de-france\/","og_locale":"fr_FR","og_type":"article","og_title":"NABUCCO AU STADE DE FRANCE - Tepaseul","og_description":"SAMEDI 27 SEPTEMBRE 2008, le Stade de France r\u00e9sonnera et brillera de mille feux au son de l\u2019Op\u00e9ra de Verdi, NABUCCO. Apr\u00e8s A\u00efda, le Requiem de Verdi et Turandot, un grand op\u00e9ra de Verdi est donn\u00e9 dans un lieu qui n\u2019est pas l\u2019Op\u00e9ra mais le...","og_url":"https:\/\/www.tepaseul-magazine.fr\/accueil\/nabucco-au-stade-de-france\/","og_site_name":"Tepaseul","article_published_time":"2008-09-27T16:30:39+00:00","article_modified_time":"2014-04-07T14:04:09+00:00","og_image":[{"width":1200,"height":675,"url":"https:\/\/www.tepaseul-magazine.fr\/wp-content\/uploads\/2008\/09\/NABUCCO-AU-STADE-DE-FRANCE.jpg","type":"image\/jpeg"}],"author":"Chantal Rolland","schema":{"@context":"https:\/\/schema.org","@graph":[{"@type":"Article","@id":"https:\/\/www.tepaseul-magazine.fr\/accueil\/nabucco-au-stade-de-france\/#article","isPartOf":{"@id":"https:\/\/www.tepaseul-magazine.fr\/accueil\/nabucco-au-stade-de-france\/"},"author":{"name":"Chantal Rolland","@id":"https:\/\/www.tepaseul-magazine.fr\/accueil\/#\/schema\/person\/dd3827dc04f692ff480da4bac4545eeb"},"headline":"NABUCCO AU STADE DE FRANCE","datePublished":"2008-09-27T16:30:39+00:00","dateModified":"2014-04-07T14:04:09+00:00","mainEntityOfPage":{"@id":"https:\/\/www.tepaseul-magazine.fr\/accueil\/nabucco-au-stade-de-france\/"},"wordCount":188,"commentCount":0,"publisher":{"@id":"https:\/\/www.tepaseul-magazine.fr\/accueil\/#organization"},"articleSection":["Sorties\/spectacles"],"inLanguage":"fr-FR","potentialAction":[{"@type":"CommentAction","name":"Comment","target":["https:\/\/www.tepaseul-magazine.fr\/accueil\/nabucco-au-stade-de-france\/#respond"]}]},{"@type":"WebPage","@id":"https:\/\/www.tepaseul-magazine.fr\/accueil\/nabucco-au-stade-de-france\/","url":"https:\/\/www.tepaseul-magazine.fr\/accueil\/nabucco-au-stade-de-france\/","name":"NABUCCO AU STADE DE FRANCE - Tepaseul","isPartOf":{"@id":"https:\/\/www.tepaseul-magazine.fr\/accueil\/#website"},"datePublished":"2008-09-27T16:30:39+00:00","dateModified":"2014-04-07T14:04:09+00:00","breadcrumb":{"@id":"https:\/\/www.tepaseul-magazine.fr\/accueil\/nabucco-au-stade-de-france\/#breadcrumb"},"inLanguage":"fr-FR","potentialAction":[{"@type":"ReadAction","target":["https:\/\/www.tepaseul-magazine.fr\/accueil\/nabucco-au-stade-de-france\/"]}]},{"@type":"BreadcrumbList","@id":"https:\/\/www.tepaseul-magazine.fr\/accueil\/nabucco-au-stade-de-france\/#breadcrumb","itemListElement":[{"@type":"ListItem","position":1,"name":"Home","item":"https:\/\/www.tepaseul-magazine.fr\/accueil\/"},{"@type":"ListItem","position":2,"name":"NABUCCO AU STADE DE FRANCE"}]},{"@type":"WebSite","@id":"https:\/\/www.tepaseul-magazine.fr\/accueil\/#website","url":"https:\/\/www.tepaseul-magazine.fr\/accueil\/","name":"Tepaseul","description":"Le Magazine des solibattants","publisher":{"@id":"https:\/\/www.tepaseul-magazine.fr\/accueil\/#organization"},"potentialAction":[{"@type":"SearchAction","target":{"@type":"EntryPoint","urlTemplate":"https:\/\/www.tepaseul-magazine.fr\/accueil\/?s={search_term_string}"},"query-input":"required name=search_term_string"}],"inLanguage":"fr-FR"},{"@type":"Organization","@id":"https:\/\/www.tepaseul-magazine.fr\/accueil\/#organization","name":"Tepaseul","url":"https:\/\/www.tepaseul-magazine.fr\/accueil\/","logo":{"@type":"ImageObject","inLanguage":"fr-FR","@id":"https:\/\/www.tepaseul-magazine.fr\/accueil\/#\/schema\/logo\/image\/","url":"https:\/\/www.tepaseul-magazine.fr\/wp-content\/uploads\/2014\/12\/logo_doublev2-noir.png","contentUrl":"https:\/\/www.tepaseul-magazine.fr\/wp-content\/uploads\/2014\/12\/logo_doublev2-noir.png","width":205,"height":51,"caption":"Tepaseul"},"image":{"@id":"https:\/\/www.tepaseul-magazine.fr\/accueil\/#\/schema\/logo\/image\/"}},{"@type":"Person","@id":"https:\/\/www.tepaseul-magazine.fr\/accueil\/#\/schema\/person\/dd3827dc04f692ff480da4bac4545eeb","name":"Chantal Rolland","image":{"@type":"ImageObject","inLanguage":"fr-FR","@id":"https:\/\/www.tepaseul-magazine.fr\/accueil\/#\/schema\/person\/image\/","url":"https:\/\/secure.gravatar.com\/avatar\/a67dbe83e155eb41b8bc6c41ebcc8564?s=96&d=mm&r=g","contentUrl":"https:\/\/secure.gravatar.com\/avatar\/a67dbe83e155eb41b8bc6c41ebcc8564?s=96&d=mm&r=g","caption":"Chantal Rolland"},"url":"https:\/\/www.tepaseul-magazine.fr\/accueil\/author\/chantal-rolland\/"}]}},"_links":{"self":[{"href":"https:\/\/www.tepaseul-magazine.fr\/accueil\/wp-json\/wp\/v2\/posts\/8171"}],"collection":[{"href":"https:\/\/www.tepaseul-magazine.fr\/accueil\/wp-json\/wp\/v2\/posts"}],"about":[{"href":"https:\/\/www.tepaseul-magazine.fr\/accueil\/wp-json\/wp\/v2\/types\/post"}],"author":[{"embeddable":true,"href":"https:\/\/www.tepaseul-magazine.fr\/accueil\/wp-json\/wp\/v2\/users\/2"}],"replies":[{"embeddable":true,"href":"https:\/\/www.tepaseul-magazine.fr\/accueil\/wp-json\/wp\/v2\/comments?post=8171"}],"version-history":[{"count":0,"href":"https:\/\/www.tepaseul-magazine.fr\/accueil\/wp-json\/wp\/v2\/posts\/8171\/revisions"}],"wp:featuredmedia":[{"embeddable":true,"href":"https:\/\/www.tepaseul-magazine.fr\/accueil\/wp-json\/wp\/v2\/media\/9010"}],"wp:attachment":[{"href":"https:\/\/www.tepaseul-magazine.fr\/accueil\/wp-json\/wp\/v2\/media?parent=8171"}],"wp:term":[{"taxonomy":"category","embeddable":true,"href":"https:\/\/www.tepaseul-magazine.fr\/accueil\/wp-json\/wp\/v2\/categories?post=8171"},{"taxonomy":"post_tag","embeddable":true,"href":"https:\/\/www.tepaseul-magazine.fr\/accueil\/wp-json\/wp\/v2\/tags?post=8171"}],"curies":[{"name":"wp","href":"https:\/\/api.w.org\/{rel}","templated":true}]}}