{"id":8201,"date":"2014-04-01T10:22:01","date_gmt":"2014-04-01T09:22:01","guid":{"rendered":"http:\/\/www.tepaseul-magazine.fr\/?p=8201"},"modified":"2014-04-07T14:24:31","modified_gmt":"2014-04-07T13:24:31","slug":"saint-jacques-de-compostelle-camino-frances","status":"publish","type":"post","link":"https:\/\/www.tepaseul-magazine.fr\/accueil\/saint-jacques-de-compostelle-camino-frances\/","title":{"rendered":"Saint-Jacques de Compostelle, Camino Frances"},"content":{"rendered":"<div>\n<p align=\"center\">De Logro\u00f1o \u00e0 Burgos<\/p>\n<p align=\"center\">EN LIBERTE\u00a0: 6 jours \/ 5 nuits &#8211; 5 jours de marche<\/p>\n<p align=\"center\">P\u00e9riode de d\u00e9part\u00a0: du 01\/04\/2011 au 07\/11\/2011<\/p>\n<p align=\"center\">\u00c0 partir de 380 \u20ac (sans transport de bagages)<\/p>\n<p align=\"center\">A partir de 410 \u20ac (avec transport des bagages)<\/p>\n<p>De Logro\u00f1o, capitale de La Rioja, \u00e0 Burgos, ce tron\u00e7on du Chemin de Compostelle vous fait traverser, \u00e0 travers vignobles, monts semi-bois\u00e9s et champs de bl\u00e9, des r\u00e9gions riches en histoire . Ce territoire, au Moyen-\u00c2ge \u00e9tait une v\u00e9ritable fronti\u00e8re entre le monde musulman et la chr\u00e9tient\u00e9. La \u00a0\u00bb reconquista \u00a0\u00bb achev\u00e9e, le \u00a0\u00bb Camino \u00a0\u00bb a ouvert cette zone aux p\u00e8lerins de toute l\u2019Europe&#8230;<\/p>\n<p>Les traces de cette histoire sont partout dans les villes et villages que le randonneur et le p\u00e8lerin traversent : Navarrete, la belle, N\u00e1jera, qui fut l\u2019ancienne capitale de la Navarre, et panth\u00e9on de ses rois&#8230; Puis Santo Domingo de la Calzada, <span style=\"text-decoration: underline;\">avec la seule \u00e9glise dans le monde qui garde des poules vivantes<\/span> (vous en conna\u00eetrez l\u2019histoire&#8230;). Et apr\u00e8s San Juan de Ortega, un haut lieu dans tous les sens du mot\u00a0! Par l&rsquo;altitude d&rsquo;abord, avec ce superbe plateau bois\u00e9 de 1\u00a0000\u00a0m\u00e8tres qui redescend vers Burgos par la vall\u00e9e du rio San Juan, par la splendeur du paysage aussi\u00a0avec cette clairi\u00e8re dans la for\u00eat de sapins\u00a0et enfin par l&rsquo;architecture cr\u00e9\u00e9e par le saint lui-m\u00eame, tel le petit clo\u00eetre de marbre rose qui jouxte le refuge. &#8230; Burgos, enfin,\u00a0 avec sa cath\u00e9drale gothique, un v\u00e9ritable bijou, \u00ab la reine \u00bb des cath\u00e9drales&#8230;<\/p>\n<p>Ajoutons \u00e0 ces beaut\u00e9s architecturales, une nature riche et des vignes qui ont fait la renomm\u00e9e des vins de Rioja , que vous go\u00fbterez sans doute\u00a0! Ce chemin vous r\u00e9serve bien des surprises.<\/p>\n<p>Points forts<\/p>\n<ul>\n<li>qualit\u00e9 des h\u00e9bergements, h\u00f4tel*** \u00e0 Logro\u00f1o<\/li>\n<li>15 ans d&rsquo;exp\u00e9rience sur Camino frances<\/li>\n<li>fiabilit\u00e9 d&rsquo;organisation<\/li>\n<li>une version en auberge sur demande<\/li>\n<li>Niveau:\u00a0 randonn\u00e9e de 5 \u00e0 7 heures par jour, sans difficult\u00e9, avec un d\u00e9nivel\u00e9 moyen de 300 m<\/li>\n<\/ul>\n<p><span style=\"text-decoration: underline;\">\u00a0<\/span><\/p>\n<p>&nbsp;<\/p>\n<p>H\u00e9bergement \u00a0:\u00a0 1 nuit en h\u00f4tel*, 3 nuits en h\u00f4tels**, 1 nuit en h\u00f4tel***.<\/p>\n<p>Rendez-vous:\u00a0 \u00e0 l\u2019h\u00f4tel \u00e0 Logro\u00f1o pendant l\u2019apr\u00e8s-midi. Fin de programme en fin d&rsquo;apr\u00e8s-midi \u00e0 Burgos.<\/p>\n<h4>Le prix comprend 5 nuits en demi pension sauf le diner J1,\u00a0 le transport des bagages, les transferts J5 et 6, un carnet de voyage avec 1 topoguide pour 1 \u00e0 4 personnes<\/h4>\n<h4>Le prix ne comprend pas\u00a0: les repas de midi, le diner du J1 (et J7 si nuit suppl. \u00e0 Burgos), les boissons REF circuit\u00a0 : ES2COM2<\/h4>\n<p>Le prgramme<\/p>\n<p>J1 : arriv\u00e9e \u00e0 Logro\u00f1o.<\/p>\n<p>J2 : de Logro\u00f1o \u00e0 N\u00e0jera, ancienne capitale de la Navarre et panth\u00e9on royal. Temps de marche : 7 heures (28 km).<\/p>\n<p>J3 : de N\u00e0jera \u00e0 Santo Domingo de la Calzada, o\u00f9 un miracle de Saint Vincent a fait chanter une poule grill\u00e9e pour sauver un innocent de la mort. Temps de marche : 5 heures (21 km).<\/p>\n<p>J4 : de Santo Domingo \u00e0 Belorado, beau village castillan avec une histoire tr\u00e8s riche. Temps de marche : 6 heures (24 km).<\/p>\n<p>J5 : Belorado &#8211; San Juan de Ortega, un des lieux mythiques du Chemin, avec un grand couvent construit \u00ab\u00a0au service des p\u00e8lerins\u00a0\u00bb. Transfert et retour \u00e0 l\u2019h\u00f4tel \u00e0 Belorado. Temps de marche : 6 heures (24 km).<\/p>\n<p>J6 : un transfert nous d\u00e9pose \u00e0 nouveau \u00e0 San Juan de Ortega. \u00c0 pied jusqu\u2019\u00e0 Burgos, une des plus importantes villes de la Castille avec sa riche cath\u00e9drale gothique, un des joyaux de l\u2019architecture espagnole. Temps de marche : 7 heures (28 km). Prestations particuli\u00e8res : Sur demande, nous pouvons r\u00e9server une ou plusieurs nuits suppl\u00e9mentaires.<\/p>\n<p>&nbsp;<\/p>\n<p>Prestations particuli\u00e8res : Sur demande, nous pouvons r\u00e9server une ou plusieurs nuits suppl\u00e9mentaires.<\/p>\n<p>&nbsp;<\/p>\n<p>EN DETAILS<\/p>\n<\/div>\n<p>&nbsp;<\/p>\n<div>\n<p>Rendez-vous : Dans l&rsquo;apr\u00e8s-midi \u00e0 votre h\u00e9bergement \u00e0 Logro\u00f1o.<\/p>\n<p>Fin du s\u00e9jour : Dans l\u2019apr\u00e8s-midi du jour 6.<\/p>\n<p>Le niveau : 5 \u00e0 7 H de marche par jour, sans difficult\u00e9, sur terrain vallonn\u00e9.<\/p>\n<p>Documentation fournie : un carnet de voyage est adress\u00e9 avec tous les documents n\u00e9cessaires \u00e0 la r\u00e9alisation de votre randonn\u00e9e : topo-guide et cartes, \u00e9tiquettes pour vos bagages, feuille de route comprenant le d\u00e9roulement de la logistique, les adresses des h\u00e9bergements, etc. Vous y trouverez la description des chemins (tout le parcours est balis\u00e9) et des commentaires sur les villages, les monuments&#8230;<\/p>\n<p>L&rsquo;h\u00e9bergement : <span style=\"text-decoration: underline;\">Formule en h\u00f4tels<\/span> : 1 nuit en h\u00f4tel*, 3 nuits en h\u00f4tels**, 1<\/p>\n<p>nuit en h\u00f4tel***, bain ou douche et WC dans la chambre.<\/p>\n<p><span style=\"text-decoration: underline;\">Formule en auberges<\/span> : g\u00e9n\u00e9ralement 4 nuits en chambre double (2 en h\u00f4tels et pensions, 2 en auberges) et 1 nuit en dortoir (auberge).<\/p>\n<p>Repas : Les d\u00eeners et petits-d\u00e9jeuners sont g\u00e9n\u00e9ralement pris dans les restaurants des h\u00e9bergements. Les repas de midi ne sont pas compris dans le tarif. Vous pouvez vous-m\u00eame confectionner vos pique-niques ou bien les commander la veille pour le lendemain aupr\u00e8s des h\u00e9bergeurs (paiement sur place). Il y a de nombreux points de ravitaillement pas chers sur le chemin.<\/p>\n<p>Organisation : Vos bagages sont transport\u00e9s par nos soins sauf si vous choisissez la formule sans transports des bagages.<\/p>\n<p>Balisage : Tout le sentier est balis\u00e9 : GR (blanc et rouge) et\/ou coquille<\/p>\n<p>&nbsp;<\/p>\n<p>Les Acc\u00e8s<\/p>\n<\/div>\n<p>&nbsp;<\/p>\n<div>\n<p>Nos s\u00e9jours sont sp\u00e9cialement con\u00e7us de gare \u00e0 gare <span style=\"text-decoration: underline;\">; une incitation \u00e0 utiliser le moyen de transport le moins polluant.<\/span><\/p>\n<p>Au point de rendez-vous :<\/p>\n<\/div>\n<p><span style=\"text-decoration: underline;\"><br clear=\"all\" \/> <\/span><\/p>\n<div>\n<p><span style=\"text-decoration: underline;\">En train<\/span> : de Hendaye ou Irun, plusieurs liaisons dans la journ\u00e9e vers Logro\u00f1o avec changement \u00e0 Miranda de Ebro. La RENFE assure \u00e9galement un trajet direct Paris \u2013 Burgos. Ensuite, prendre un train pour Logro\u00f1o (dur\u00e9e du trajet entre 2H et 2H30). Taxi de la gare \u00e0 l\u2019h\u00f4tel (5 minutes et environ 6 \u20ac ).<\/p>\n<p><span style=\"text-decoration: underline;\">En bus :<\/span> la compagnie La Estellesa assure deux liaisons quotidiennes entre Irun et Logro\u00f1o. (dur\u00e9e du trajet : environ 3 heures)<\/p>\n<p>En voiture : de Bayonne par l\u2019autoroute, direction San Sebastian (Donostia en basque), Pamplona, puis route nationale N 111, Puente La Reina, Estella, Los Arcos et Logro\u00f1o A\u00e9roport de Vitoria, puis ligne de bus r\u00e9guli\u00e8re ALSA de Vitoria \u00e0 Logro\u00f1o. (dur\u00e9e du trajet : environ 2H.)<\/p>\n<p>RENFE (compagnie ferroviaire espagnole) Tel : 00 34 902 24 02 02, ou plus pratique, leur site : <a href=\"http:\/\/www.renfe.com\" target=\"_blank\">http:\/\/www.renfe.com<\/a> avec tous les horaires des trains. Bureau RENFE \u00e0 Paris (renseignements et vente) : 01 40 82 63 60.<\/p>\n<p>ALSA : 00 (34) 902 42 22 42. Consulter pour les horaires et les destinations le site : <a href=\"http:\/\/www.alsa.es\" target=\"_blank\">http:\/\/www.alsa.es<\/a><\/p>\n<p>N\u00b0 de tel. de la gare routi\u00e8re de Logro\u00f1o : 941 235 983<\/p>\n<p>N\u00b0 de tel. de la compagnie CEALSA : 941-23 59 83 (\u00e0 Logro\u00f1o)<\/p>\n<p>N\u00b0 de tel. de la compagnie LOGROZA : 947-26 69 30 (\u00e0 Burgos)<\/p>\n<\/div>\n<p>&nbsp;<\/p>\n<p>Le carnet du p\u00e8lerin ou \u00ab credencial \u00bb ou \u00ab cr\u00e9anciale \u00bb : bien connu des p\u00e8lerins, il permet de garder une trace \u00e9crite deson parcours. Ce passeport est un signe fort d\u2019appartenance \u00e0 la communaut\u00e9 des marcheurs du Saint Jacques. Il est \u00e0 tamponner \u00e0 chaque \u00e9tape et atteste de votre \u00e9tat de p\u00e8lerin. Il est d\u00e9livr\u00e9 par les associations jacquaires &#8211; site Internet :<\/p>\n<p>www.chemindecompostelle.com\/Associations\/Associations.html. Chamina Voyages et La Balagu\u00e8re sont membres fondateurs d\u2019Agir pour un Tourisme Responsable. La certification \u00ab Vers un Tourisme Responsable \u00bb a \u00e9t\u00e9 d\u00e9cern\u00e9e \u00e0 Chamina Voyages en 2008 et \u00e0 La Balagu\u00e8re en 2009 par l\u2019AFNOR certification. \u00c0 partir de valeurs communes bas\u00e9es sur le respect, la solidarit\u00e9 et la qualit\u00e9, ATR a pour objectif d\u2019harmoniser les pratiques professionnelles de ses membres.<\/p>\n<p>Plus d\u2019informations sur la certification ATR sur <a href=\"http:\/\/www.tourisme-responsable.org\" target=\"_blank\">www.tourisme-responsable.org<\/a><\/p>\n<p>&nbsp;<\/p>\n<p align=\"center\">Via-Compostela.com<\/p>\n<p>est une marque d\u00e9pos\u00e9e par La Balagu\u00e8re et Chamina Voyages pour offrir l\u2019int\u00e9gralit\u00e9 des chemins vers St Jacques de Compostelle.<\/p>\n<h4>\u00f0 <strong>L\u2019ALLIANCE DES SAVOIRS FAIRE<\/strong><\/h4>\n<p>De nombreux points communs jalonnent l\u2019histoire de ces deux tours op\u00e9rateurs fran\u00e7ais. La passion de la marche les a pouss\u00e9s \u00e0 cr\u00e9er une activit\u00e9 autour des s\u00e9jours de randonn\u00e9es. Leur origine associative est garante de l\u2019esprit communautaire et responsable qui caract\u00e9rise ces agences. Et bien s\u00fbr une forte implication dans les chemins de Saint Jacques de Compostelle.<\/p>\n<p>Chamina Voyages s\u2019est lanc\u00e9 dans l\u2019aventure jacquaire en 1985 avec un s\u00e9jour accompagn\u00e9 en 7 jours du Puy en Velay \u00e0 Marvejol. La Balagu\u00e8re, forte de sa position strat\u00e9gique a d\u00e9velopp\u00e9 en 1990, l&rsquo;Aragon par ses chemins de Compostelle qui va \u00eatre programm\u00e9 pendant 20 ans puis n\u2019a eu de cesse d\u2019\u00e9toffer son offre. La qualit\u00e9 des s\u00e9jours, la ma\u00eetrise des gammes, la connaissance du terrain ont apport\u00e9 le succ\u00e8s connu de ces deux agences.<\/p>\n<p>C\u2019est donc naturellement que le tour op\u00e9rateur bas\u00e9 en Auvergne sp\u00e9cialiste des chemins de Compostelle en France et le tour op\u00e9rateur bas\u00e9 dans les Pyr\u00e9n\u00e9es, sp\u00e9cialiste des chemins de Compostelle en Espagne, ont d\u00e9cid\u00e9s d\u2019unir leurs comp\u00e9tences et leurs connaissances en mati\u00e8re de randonn\u00e9es afin de proposer \u00e0 travers une seule et m\u00eame marque, Via-Compostela, <span style=\"text-decoration: underline;\">une offre tr\u00e8s compl\u00e8te sur les chemins de Saint Jacques de Compostelle.<\/span><\/p>\n<p>&nbsp;<\/p>\n<p align=\"center\">Cette \u00e9tape organis\u00e9e sur le terrain par<\/p>\n<p align=\"center\">LA BALAGUERE<\/p>\n<p align=\"center\">Route du Val d\u2019Azun BP3<\/p>\n<p align=\"center\">F 65403 ARRENS-MARSOUS<\/p>\n<p align=\"center\">Tel : 05 62 97 72 00<\/p>\n<p align=\"center\">Fax : 05 62 97 43 01<\/p>\n","protected":false},"excerpt":{"rendered":"<p>De Logro\u00f1o \u00e0 Burgos EN LIBERTE\u00a0: 6 jours \/ 5 nuits &#8211; 5 jours de marche P\u00e9riode de d\u00e9part\u00a0: du 01\/04\/2011 au 07\/11\/2011 \u00c0 partir de 380 \u20ac (sans transport de bagages) A partir de 410 \u20ac (avec transport des bagages) De Logro\u00f1o, capitale de&#8230;<\/p>\n","protected":false},"author":2,"featured_media":8202,"comment_status":"open","ping_status":"open","sticky":false,"template":"","format":"standard","meta":{"footnotes":""},"categories":[69],"tags":[],"yoast_head":"<!-- This site is optimized with the Yoast SEO plugin v21.9.1 - https:\/\/yoast.com\/wordpress\/plugins\/seo\/ -->\n<title>Saint-Jacques de Compostelle, Camino Frances  - Tepaseul<\/title>\n<meta name=\"robots\" content=\"index, follow, max-snippet:-1, max-image-preview:large, max-video-preview:-1\" \/>\n<link rel=\"canonical\" href=\"https:\/\/www.tepaseul-magazine.fr\/accueil\/saint-jacques-de-compostelle-camino-frances\/\" \/>\n<meta property=\"og:locale\" content=\"fr_FR\" \/>\n<meta property=\"og:type\" content=\"article\" \/>\n<meta property=\"og:title\" content=\"Saint-Jacques de Compostelle, Camino Frances  - Tepaseul\" \/>\n<meta property=\"og:description\" content=\"De Logro\u00f1o \u00e0 Burgos EN LIBERTE\u00a0: 6 jours \/ 5 nuits &#8211; 5 jours de marche P\u00e9riode de d\u00e9part\u00a0: du 01\/04\/2011 au 07\/11\/2011 \u00c0 partir de 380 \u20ac (sans transport de bagages) A partir de 410 \u20ac (avec transport des bagages) De Logro\u00f1o, capitale de...\" \/>\n<meta property=\"og:url\" content=\"https:\/\/www.tepaseul-magazine.fr\/accueil\/saint-jacques-de-compostelle-camino-frances\/\" \/>\n<meta property=\"og:site_name\" content=\"Tepaseul\" \/>\n<meta property=\"article:published_time\" content=\"2014-04-01T09:22:01+00:00\" \/>\n<meta property=\"article:modified_time\" content=\"2014-04-07T13:24:31+00:00\" \/>\n<meta property=\"og:image\" content=\"https:\/\/www.tepaseul-magazine.fr\/wp-content\/uploads\/2014\/04\/Saint-Jacques-de-Compostelle.jpg\" \/>\n\t<meta property=\"og:image:width\" content=\"1200\" \/>\n\t<meta property=\"og:image:height\" content=\"675\" \/>\n\t<meta property=\"og:image:type\" content=\"image\/jpeg\" \/>\n<meta name=\"author\" content=\"Chantal Rolland\" \/>\n<script type=\"application\/ld+json\" class=\"yoast-schema-graph\">{\"@context\":\"https:\/\/schema.org\",\"@graph\":[{\"@type\":\"Article\",\"@id\":\"https:\/\/www.tepaseul-magazine.fr\/accueil\/saint-jacques-de-compostelle-camino-frances\/#article\",\"isPartOf\":{\"@id\":\"https:\/\/www.tepaseul-magazine.fr\/accueil\/saint-jacques-de-compostelle-camino-frances\/\"},\"author\":{\"name\":\"Chantal Rolland\",\"@id\":\"https:\/\/www.tepaseul-magazine.fr\/accueil\/#\/schema\/person\/dd3827dc04f692ff480da4bac4545eeb\"},\"headline\":\"Saint-Jacques de Compostelle, Camino Frances\",\"datePublished\":\"2014-04-01T09:22:01+00:00\",\"dateModified\":\"2014-04-07T13:24:31+00:00\",\"mainEntityOfPage\":{\"@id\":\"https:\/\/www.tepaseul-magazine.fr\/accueil\/saint-jacques-de-compostelle-camino-frances\/\"},\"wordCount\":1506,\"commentCount\":0,\"publisher\":{\"@id\":\"https:\/\/www.tepaseul-magazine.fr\/accueil\/#organization\"},\"articleSection\":[\"Tourisme\"],\"inLanguage\":\"fr-FR\",\"potentialAction\":[{\"@type\":\"CommentAction\",\"name\":\"Comment\",\"target\":[\"https:\/\/www.tepaseul-magazine.fr\/accueil\/saint-jacques-de-compostelle-camino-frances\/#respond\"]}]},{\"@type\":\"WebPage\",\"@id\":\"https:\/\/www.tepaseul-magazine.fr\/accueil\/saint-jacques-de-compostelle-camino-frances\/\",\"url\":\"https:\/\/www.tepaseul-magazine.fr\/accueil\/saint-jacques-de-compostelle-camino-frances\/\",\"name\":\"Saint-Jacques de Compostelle, Camino Frances - Tepaseul\",\"isPartOf\":{\"@id\":\"https:\/\/www.tepaseul-magazine.fr\/accueil\/#website\"},\"datePublished\":\"2014-04-01T09:22:01+00:00\",\"dateModified\":\"2014-04-07T13:24:31+00:00\",\"breadcrumb\":{\"@id\":\"https:\/\/www.tepaseul-magazine.fr\/accueil\/saint-jacques-de-compostelle-camino-frances\/#breadcrumb\"},\"inLanguage\":\"fr-FR\",\"potentialAction\":[{\"@type\":\"ReadAction\",\"target\":[\"https:\/\/www.tepaseul-magazine.fr\/accueil\/saint-jacques-de-compostelle-camino-frances\/\"]}]},{\"@type\":\"BreadcrumbList\",\"@id\":\"https:\/\/www.tepaseul-magazine.fr\/accueil\/saint-jacques-de-compostelle-camino-frances\/#breadcrumb\",\"itemListElement\":[{\"@type\":\"ListItem\",\"position\":1,\"name\":\"Home\",\"item\":\"https:\/\/www.tepaseul-magazine.fr\/accueil\/\"},{\"@type\":\"ListItem\",\"position\":2,\"name\":\"Saint-Jacques de Compostelle, Camino Frances\"}]},{\"@type\":\"WebSite\",\"@id\":\"https:\/\/www.tepaseul-magazine.fr\/accueil\/#website\",\"url\":\"https:\/\/www.tepaseul-magazine.fr\/accueil\/\",\"name\":\"Tepaseul\",\"description\":\"Le Magazine des solibattants\",\"publisher\":{\"@id\":\"https:\/\/www.tepaseul-magazine.fr\/accueil\/#organization\"},\"potentialAction\":[{\"@type\":\"SearchAction\",\"target\":{\"@type\":\"EntryPoint\",\"urlTemplate\":\"https:\/\/www.tepaseul-magazine.fr\/accueil\/?s={search_term_string}\"},\"query-input\":\"required name=search_term_string\"}],\"inLanguage\":\"fr-FR\"},{\"@type\":\"Organization\",\"@id\":\"https:\/\/www.tepaseul-magazine.fr\/accueil\/#organization\",\"name\":\"Tepaseul\",\"url\":\"https:\/\/www.tepaseul-magazine.fr\/accueil\/\",\"logo\":{\"@type\":\"ImageObject\",\"inLanguage\":\"fr-FR\",\"@id\":\"https:\/\/www.tepaseul-magazine.fr\/accueil\/#\/schema\/logo\/image\/\",\"url\":\"https:\/\/www.tepaseul-magazine.fr\/wp-content\/uploads\/2014\/12\/logo_doublev2-noir.png\",\"contentUrl\":\"https:\/\/www.tepaseul-magazine.fr\/wp-content\/uploads\/2014\/12\/logo_doublev2-noir.png\",\"width\":205,\"height\":51,\"caption\":\"Tepaseul\"},\"image\":{\"@id\":\"https:\/\/www.tepaseul-magazine.fr\/accueil\/#\/schema\/logo\/image\/\"}},{\"@type\":\"Person\",\"@id\":\"https:\/\/www.tepaseul-magazine.fr\/accueil\/#\/schema\/person\/dd3827dc04f692ff480da4bac4545eeb\",\"name\":\"Chantal Rolland\",\"image\":{\"@type\":\"ImageObject\",\"inLanguage\":\"fr-FR\",\"@id\":\"https:\/\/www.tepaseul-magazine.fr\/accueil\/#\/schema\/person\/image\/\",\"url\":\"https:\/\/secure.gravatar.com\/avatar\/a67dbe83e155eb41b8bc6c41ebcc8564?s=96&d=mm&r=g\",\"contentUrl\":\"https:\/\/secure.gravatar.com\/avatar\/a67dbe83e155eb41b8bc6c41ebcc8564?s=96&d=mm&r=g\",\"caption\":\"Chantal Rolland\"},\"url\":\"https:\/\/www.tepaseul-magazine.fr\/accueil\/author\/chantal-rolland\/\"}]}<\/script>\n<!-- \/ Yoast SEO plugin. -->","yoast_head_json":{"title":"Saint-Jacques de Compostelle, Camino Frances  - Tepaseul","robots":{"index":"index","follow":"follow","max-snippet":"max-snippet:-1","max-image-preview":"max-image-preview:large","max-video-preview":"max-video-preview:-1"},"canonical":"https:\/\/www.tepaseul-magazine.fr\/accueil\/saint-jacques-de-compostelle-camino-frances\/","og_locale":"fr_FR","og_type":"article","og_title":"Saint-Jacques de Compostelle, Camino Frances  - Tepaseul","og_description":"De Logro\u00f1o \u00e0 Burgos EN LIBERTE\u00a0: 6 jours \/ 5 nuits &#8211; 5 jours de marche P\u00e9riode de d\u00e9part\u00a0: du 01\/04\/2011 au 07\/11\/2011 \u00c0 partir de 380 \u20ac (sans transport de bagages) A partir de 410 \u20ac (avec transport des bagages) De Logro\u00f1o, capitale de...","og_url":"https:\/\/www.tepaseul-magazine.fr\/accueil\/saint-jacques-de-compostelle-camino-frances\/","og_site_name":"Tepaseul","article_published_time":"2014-04-01T09:22:01+00:00","article_modified_time":"2014-04-07T13:24:31+00:00","og_image":[{"width":1200,"height":675,"url":"https:\/\/www.tepaseul-magazine.fr\/wp-content\/uploads\/2014\/04\/Saint-Jacques-de-Compostelle.jpg","type":"image\/jpeg"}],"author":"Chantal Rolland","schema":{"@context":"https:\/\/schema.org","@graph":[{"@type":"Article","@id":"https:\/\/www.tepaseul-magazine.fr\/accueil\/saint-jacques-de-compostelle-camino-frances\/#article","isPartOf":{"@id":"https:\/\/www.tepaseul-magazine.fr\/accueil\/saint-jacques-de-compostelle-camino-frances\/"},"author":{"name":"Chantal Rolland","@id":"https:\/\/www.tepaseul-magazine.fr\/accueil\/#\/schema\/person\/dd3827dc04f692ff480da4bac4545eeb"},"headline":"Saint-Jacques de Compostelle, Camino Frances","datePublished":"2014-04-01T09:22:01+00:00","dateModified":"2014-04-07T13:24:31+00:00","mainEntityOfPage":{"@id":"https:\/\/www.tepaseul-magazine.fr\/accueil\/saint-jacques-de-compostelle-camino-frances\/"},"wordCount":1506,"commentCount":0,"publisher":{"@id":"https:\/\/www.tepaseul-magazine.fr\/accueil\/#organization"},"articleSection":["Tourisme"],"inLanguage":"fr-FR","potentialAction":[{"@type":"CommentAction","name":"Comment","target":["https:\/\/www.tepaseul-magazine.fr\/accueil\/saint-jacques-de-compostelle-camino-frances\/#respond"]}]},{"@type":"WebPage","@id":"https:\/\/www.tepaseul-magazine.fr\/accueil\/saint-jacques-de-compostelle-camino-frances\/","url":"https:\/\/www.tepaseul-magazine.fr\/accueil\/saint-jacques-de-compostelle-camino-frances\/","name":"Saint-Jacques de Compostelle, Camino Frances - Tepaseul","isPartOf":{"@id":"https:\/\/www.tepaseul-magazine.fr\/accueil\/#website"},"datePublished":"2014-04-01T09:22:01+00:00","dateModified":"2014-04-07T13:24:31+00:00","breadcrumb":{"@id":"https:\/\/www.tepaseul-magazine.fr\/accueil\/saint-jacques-de-compostelle-camino-frances\/#breadcrumb"},"inLanguage":"fr-FR","potentialAction":[{"@type":"ReadAction","target":["https:\/\/www.tepaseul-magazine.fr\/accueil\/saint-jacques-de-compostelle-camino-frances\/"]}]},{"@type":"BreadcrumbList","@id":"https:\/\/www.tepaseul-magazine.fr\/accueil\/saint-jacques-de-compostelle-camino-frances\/#breadcrumb","itemListElement":[{"@type":"ListItem","position":1,"name":"Home","item":"https:\/\/www.tepaseul-magazine.fr\/accueil\/"},{"@type":"ListItem","position":2,"name":"Saint-Jacques de Compostelle, Camino Frances"}]},{"@type":"WebSite","@id":"https:\/\/www.tepaseul-magazine.fr\/accueil\/#website","url":"https:\/\/www.tepaseul-magazine.fr\/accueil\/","name":"Tepaseul","description":"Le Magazine des solibattants","publisher":{"@id":"https:\/\/www.tepaseul-magazine.fr\/accueil\/#organization"},"potentialAction":[{"@type":"SearchAction","target":{"@type":"EntryPoint","urlTemplate":"https:\/\/www.tepaseul-magazine.fr\/accueil\/?s={search_term_string}"},"query-input":"required name=search_term_string"}],"inLanguage":"fr-FR"},{"@type":"Organization","@id":"https:\/\/www.tepaseul-magazine.fr\/accueil\/#organization","name":"Tepaseul","url":"https:\/\/www.tepaseul-magazine.fr\/accueil\/","logo":{"@type":"ImageObject","inLanguage":"fr-FR","@id":"https:\/\/www.tepaseul-magazine.fr\/accueil\/#\/schema\/logo\/image\/","url":"https:\/\/www.tepaseul-magazine.fr\/wp-content\/uploads\/2014\/12\/logo_doublev2-noir.png","contentUrl":"https:\/\/www.tepaseul-magazine.fr\/wp-content\/uploads\/2014\/12\/logo_doublev2-noir.png","width":205,"height":51,"caption":"Tepaseul"},"image":{"@id":"https:\/\/www.tepaseul-magazine.fr\/accueil\/#\/schema\/logo\/image\/"}},{"@type":"Person","@id":"https:\/\/www.tepaseul-magazine.fr\/accueil\/#\/schema\/person\/dd3827dc04f692ff480da4bac4545eeb","name":"Chantal Rolland","image":{"@type":"ImageObject","inLanguage":"fr-FR","@id":"https:\/\/www.tepaseul-magazine.fr\/accueil\/#\/schema\/person\/image\/","url":"https:\/\/secure.gravatar.com\/avatar\/a67dbe83e155eb41b8bc6c41ebcc8564?s=96&d=mm&r=g","contentUrl":"https:\/\/secure.gravatar.com\/avatar\/a67dbe83e155eb41b8bc6c41ebcc8564?s=96&d=mm&r=g","caption":"Chantal Rolland"},"url":"https:\/\/www.tepaseul-magazine.fr\/accueil\/author\/chantal-rolland\/"}]}},"_links":{"self":[{"href":"https:\/\/www.tepaseul-magazine.fr\/accueil\/wp-json\/wp\/v2\/posts\/8201"}],"collection":[{"href":"https:\/\/www.tepaseul-magazine.fr\/accueil\/wp-json\/wp\/v2\/posts"}],"about":[{"href":"https:\/\/www.tepaseul-magazine.fr\/accueil\/wp-json\/wp\/v2\/types\/post"}],"author":[{"embeddable":true,"href":"https:\/\/www.tepaseul-magazine.fr\/accueil\/wp-json\/wp\/v2\/users\/2"}],"replies":[{"embeddable":true,"href":"https:\/\/www.tepaseul-magazine.fr\/accueil\/wp-json\/wp\/v2\/comments?post=8201"}],"version-history":[{"count":0,"href":"https:\/\/www.tepaseul-magazine.fr\/accueil\/wp-json\/wp\/v2\/posts\/8201\/revisions"}],"wp:featuredmedia":[{"embeddable":true,"href":"https:\/\/www.tepaseul-magazine.fr\/accueil\/wp-json\/wp\/v2\/media\/8202"}],"wp:attachment":[{"href":"https:\/\/www.tepaseul-magazine.fr\/accueil\/wp-json\/wp\/v2\/media?parent=8201"}],"wp:term":[{"taxonomy":"category","embeddable":true,"href":"https:\/\/www.tepaseul-magazine.fr\/accueil\/wp-json\/wp\/v2\/categories?post=8201"},{"taxonomy":"post_tag","embeddable":true,"href":"https:\/\/www.tepaseul-magazine.fr\/accueil\/wp-json\/wp\/v2\/tags?post=8201"}],"curies":[{"name":"wp","href":"https:\/\/api.w.org\/{rel}","templated":true}]}}