{"id":8868,"date":"2014-04-02T21:30:01","date_gmt":"2014-04-02T20:30:01","guid":{"rendered":"http:\/\/www.tepaseul-magazine.fr\/?p=8868"},"modified":"2014-04-12T13:25:27","modified_gmt":"2014-04-12T12:25:27","slug":"moi-giuseppina-verdi","status":"publish","type":"post","link":"https:\/\/www.tepaseul-magazine.fr\/accueil\/moi-giuseppina-verdi\/","title":{"rendered":"Moi Giuseppina VERDI"},"content":{"rendered":"<p style=\"text-align: justify;\">Notre R\u00e9dactrice en chef\u00a0 nous a laiss\u00e9s quelques mois pour terminer ce magnifique livre qu\u2019elle concoctait d\u00e9j\u00e0 depuis une d\u00e9cennie et qui lui tenait vraiment \u00e0 c\u0153ur.<\/p>\n<p>&nbsp;<\/p>\n<p style=\"text-align: justify;\">Nous savions qu\u2019elle allait nous s\u00e9duire et nous donner envie de lire la vie de cette cantatrice mais quand nous avons lu ce chef d\u2019\u0153uvre, nous n\u2019avons pu faire autrement que de vous le pr\u00e9senter pour que vous puissiez partager avec nous\u00a0 ces\u00a0 pages magnifiquement bien \u00e9crites et cette histoire \u00e0 la fois difficile et magnifique\u00a0 entre deux \u00eatres inoubliables\u00a0: Giuseppina VERDI et Giuseppe VERDI .<\/p>\n<p>&nbsp;<\/p>\n<p style=\"text-align: justify;\">Dans notre \u00e9quipe, nous n\u2019avons, ni les uns, ni les autres, r\u00e9ussi \u00e0 nous d\u00e9tacher de ce livre une fois que nous l\u2019avions ouvert\u00a0!<\/p>\n<p style=\"text-align: justify;\">Un excellent livre \u00e0 lire bien vite et \u00e0\u00a0 prendre dans vos bagages pour les vacances pour le relire encore et encore\u2026.<\/p>\n<p>&nbsp;<\/p>\n<p style=\"text-align: justify;\"><em>R\u00e9sum\u00e9<\/em><\/p>\n<p style=\"text-align: justify;\">S\u00e9ductrice et fantasque, la Strepponi a \u00e9t\u00e9 l&rsquo;une des plus grandes cantatrices de son temps et une diva adul\u00e9e. Elle a jou\u00e9 \u00e0 guichets ferm\u00e9s les op\u00e9ras de Bellini, Donizetti, Mercadante el fait vibrer les coeurs de ses admirateurs. Enfin, c&rsquo;est elle qui a lanc\u00e9 la carri\u00e8re d&rsquo;un jeune compositeur encore inconnu : Giuseppe Verdi. Gr\u00e2ce \u00e0 la prima donna alors au sommet de son art, les portes du monde lyrique se sont ouvertes \u00e0 lui pour ne plus jamais se refermer. D&rsquo;abord sa muse puis sa femme, elle s&rsquo;est tenue \u00e0 ses c\u00f4t\u00e9s durant cinquante ans d&rsquo;un amour ind\u00e9fectible.<\/p>\n<p>&nbsp;<\/p>\n<p style=\"text-align: justify;\">Karine Micard rend hommage \u00e0 cette figure m\u00e9connue, h\u00e9ro\u00efne moderne aux multiples facettes. De l&rsquo;Italie en pleine guerre d&rsquo;ind\u00e9pendance \u00e0 Paris sous le choc du coup d&rsquo;\u00c9tat de Napol\u00e9on III, de Venise \u00e0 Saint-P\u00e9tersbourg, de Nabucco \u00e0 Falstaff, elle nous fait vivre le roman tr\u00e9pidant de celle femme entre gloire et opprobre, d\u00e9sespoir et passion sublime.<\/p>\n<p>&nbsp;<\/p>\n<p style=\"text-align: justify;\">Karine Micard, apr\u00e8s une carri\u00e8re dans la production audiovisuelle, renoue ici avec la litt\u00e9rature, l&rsquo;op\u00e9ra et l&rsquo;art du XIXe si\u00e8cle.<\/p>\n<p>&nbsp;<\/p>\n<ul style=\"text-align: justify;\">\n<li>Auteur : Karine Micard<\/li>\n<li>Genre : Biographies, m\u00e9moires, correspondances&#8230;<\/li>\n<li>Editeur : Robert Laffont, Paris, France<\/li>\n<li>Prix : 21.00 \u20ac<\/li>\n<li>Date de sortie : 21\/05\/2013<\/li>\n<li>GENCOD : 9782221135273<\/li>\n<\/ul>\n","protected":false},"excerpt":{"rendered":"<p>Notre R\u00e9dactrice en chef\u00a0 nous a laiss\u00e9s quelques mois pour terminer ce magnifique livre qu\u2019elle concoctait d\u00e9j\u00e0 depuis une d\u00e9cennie et qui lui tenait vraiment \u00e0 c\u0153ur. &nbsp; Nous savions qu\u2019elle allait nous s\u00e9duire et nous donner envie de lire la vie de cette cantatrice&#8230;<\/p>\n","protected":false},"author":2,"featured_media":8869,"comment_status":"open","ping_status":"open","sticky":false,"template":"","format":"standard","meta":{"footnotes":""},"categories":[1],"tags":[],"yoast_head":"<!-- This site is optimized with the Yoast SEO plugin v21.9.1 - https:\/\/yoast.com\/wordpress\/plugins\/seo\/ -->\n<title>Moi Giuseppina VERDI - Tepaseul<\/title>\n<meta name=\"robots\" content=\"index, follow, max-snippet:-1, max-image-preview:large, max-video-preview:-1\" \/>\n<link rel=\"canonical\" href=\"https:\/\/www.tepaseul-magazine.fr\/accueil\/moi-giuseppina-verdi\/\" \/>\n<meta property=\"og:locale\" content=\"fr_FR\" \/>\n<meta property=\"og:type\" content=\"article\" \/>\n<meta property=\"og:title\" content=\"Moi Giuseppina VERDI - Tepaseul\" \/>\n<meta property=\"og:description\" content=\"Notre R\u00e9dactrice en chef\u00a0 nous a laiss\u00e9s quelques mois pour terminer ce magnifique livre qu\u2019elle concoctait d\u00e9j\u00e0 depuis une d\u00e9cennie et qui lui tenait vraiment \u00e0 c\u0153ur. &nbsp; Nous savions qu\u2019elle allait nous s\u00e9duire et nous donner envie de lire la vie de cette cantatrice...\" \/>\n<meta property=\"og:url\" content=\"https:\/\/www.tepaseul-magazine.fr\/accueil\/moi-giuseppina-verdi\/\" \/>\n<meta property=\"og:site_name\" content=\"Tepaseul\" \/>\n<meta property=\"article:published_time\" content=\"2014-04-02T20:30:01+00:00\" \/>\n<meta property=\"article:modified_time\" content=\"2014-04-12T12:25:27+00:00\" \/>\n<meta property=\"og:image\" content=\"https:\/\/www.tepaseul-magazine.fr\/wp-content\/uploads\/2014\/04\/Karine-MICARD.jpg\" \/>\n\t<meta property=\"og:image:width\" content=\"1200\" \/>\n\t<meta property=\"og:image:height\" content=\"675\" \/>\n\t<meta property=\"og:image:type\" content=\"image\/jpeg\" \/>\n<meta name=\"author\" content=\"Chantal Rolland\" \/>\n<script type=\"application\/ld+json\" class=\"yoast-schema-graph\">{\"@context\":\"https:\/\/schema.org\",\"@graph\":[{\"@type\":\"Article\",\"@id\":\"https:\/\/www.tepaseul-magazine.fr\/accueil\/moi-giuseppina-verdi\/#article\",\"isPartOf\":{\"@id\":\"https:\/\/www.tepaseul-magazine.fr\/accueil\/moi-giuseppina-verdi\/\"},\"author\":{\"name\":\"Chantal Rolland\",\"@id\":\"https:\/\/www.tepaseul-magazine.fr\/accueil\/#\/schema\/person\/dd3827dc04f692ff480da4bac4545eeb\"},\"headline\":\"Moi Giuseppina VERDI\",\"datePublished\":\"2014-04-02T20:30:01+00:00\",\"dateModified\":\"2014-04-12T12:25:27+00:00\",\"mainEntityOfPage\":{\"@id\":\"https:\/\/www.tepaseul-magazine.fr\/accueil\/moi-giuseppina-verdi\/\"},\"wordCount\":367,\"commentCount\":0,\"publisher\":{\"@id\":\"https:\/\/www.tepaseul-magazine.fr\/accueil\/#organization\"},\"articleSection\":[\"\u00c9v\u00e9nements\"],\"inLanguage\":\"fr-FR\",\"potentialAction\":[{\"@type\":\"CommentAction\",\"name\":\"Comment\",\"target\":[\"https:\/\/www.tepaseul-magazine.fr\/accueil\/moi-giuseppina-verdi\/#respond\"]}]},{\"@type\":\"WebPage\",\"@id\":\"https:\/\/www.tepaseul-magazine.fr\/accueil\/moi-giuseppina-verdi\/\",\"url\":\"https:\/\/www.tepaseul-magazine.fr\/accueil\/moi-giuseppina-verdi\/\",\"name\":\"Moi Giuseppina VERDI - Tepaseul\",\"isPartOf\":{\"@id\":\"https:\/\/www.tepaseul-magazine.fr\/accueil\/#website\"},\"datePublished\":\"2014-04-02T20:30:01+00:00\",\"dateModified\":\"2014-04-12T12:25:27+00:00\",\"breadcrumb\":{\"@id\":\"https:\/\/www.tepaseul-magazine.fr\/accueil\/moi-giuseppina-verdi\/#breadcrumb\"},\"inLanguage\":\"fr-FR\",\"potentialAction\":[{\"@type\":\"ReadAction\",\"target\":[\"https:\/\/www.tepaseul-magazine.fr\/accueil\/moi-giuseppina-verdi\/\"]}]},{\"@type\":\"BreadcrumbList\",\"@id\":\"https:\/\/www.tepaseul-magazine.fr\/accueil\/moi-giuseppina-verdi\/#breadcrumb\",\"itemListElement\":[{\"@type\":\"ListItem\",\"position\":1,\"name\":\"Home\",\"item\":\"https:\/\/www.tepaseul-magazine.fr\/accueil\/\"},{\"@type\":\"ListItem\",\"position\":2,\"name\":\"Moi Giuseppina VERDI\"}]},{\"@type\":\"WebSite\",\"@id\":\"https:\/\/www.tepaseul-magazine.fr\/accueil\/#website\",\"url\":\"https:\/\/www.tepaseul-magazine.fr\/accueil\/\",\"name\":\"Tepaseul\",\"description\":\"Le Magazine des solibattants\",\"publisher\":{\"@id\":\"https:\/\/www.tepaseul-magazine.fr\/accueil\/#organization\"},\"potentialAction\":[{\"@type\":\"SearchAction\",\"target\":{\"@type\":\"EntryPoint\",\"urlTemplate\":\"https:\/\/www.tepaseul-magazine.fr\/accueil\/?s={search_term_string}\"},\"query-input\":\"required name=search_term_string\"}],\"inLanguage\":\"fr-FR\"},{\"@type\":\"Organization\",\"@id\":\"https:\/\/www.tepaseul-magazine.fr\/accueil\/#organization\",\"name\":\"Tepaseul\",\"url\":\"https:\/\/www.tepaseul-magazine.fr\/accueil\/\",\"logo\":{\"@type\":\"ImageObject\",\"inLanguage\":\"fr-FR\",\"@id\":\"https:\/\/www.tepaseul-magazine.fr\/accueil\/#\/schema\/logo\/image\/\",\"url\":\"https:\/\/www.tepaseul-magazine.fr\/wp-content\/uploads\/2014\/12\/logo_doublev2-noir.png\",\"contentUrl\":\"https:\/\/www.tepaseul-magazine.fr\/wp-content\/uploads\/2014\/12\/logo_doublev2-noir.png\",\"width\":205,\"height\":51,\"caption\":\"Tepaseul\"},\"image\":{\"@id\":\"https:\/\/www.tepaseul-magazine.fr\/accueil\/#\/schema\/logo\/image\/\"}},{\"@type\":\"Person\",\"@id\":\"https:\/\/www.tepaseul-magazine.fr\/accueil\/#\/schema\/person\/dd3827dc04f692ff480da4bac4545eeb\",\"name\":\"Chantal Rolland\",\"image\":{\"@type\":\"ImageObject\",\"inLanguage\":\"fr-FR\",\"@id\":\"https:\/\/www.tepaseul-magazine.fr\/accueil\/#\/schema\/person\/image\/\",\"url\":\"https:\/\/secure.gravatar.com\/avatar\/a67dbe83e155eb41b8bc6c41ebcc8564?s=96&d=mm&r=g\",\"contentUrl\":\"https:\/\/secure.gravatar.com\/avatar\/a67dbe83e155eb41b8bc6c41ebcc8564?s=96&d=mm&r=g\",\"caption\":\"Chantal Rolland\"},\"url\":\"https:\/\/www.tepaseul-magazine.fr\/accueil\/author\/chantal-rolland\/\"}]}<\/script>\n<!-- \/ Yoast SEO plugin. -->","yoast_head_json":{"title":"Moi Giuseppina VERDI - Tepaseul","robots":{"index":"index","follow":"follow","max-snippet":"max-snippet:-1","max-image-preview":"max-image-preview:large","max-video-preview":"max-video-preview:-1"},"canonical":"https:\/\/www.tepaseul-magazine.fr\/accueil\/moi-giuseppina-verdi\/","og_locale":"fr_FR","og_type":"article","og_title":"Moi Giuseppina VERDI - Tepaseul","og_description":"Notre R\u00e9dactrice en chef\u00a0 nous a laiss\u00e9s quelques mois pour terminer ce magnifique livre qu\u2019elle concoctait d\u00e9j\u00e0 depuis une d\u00e9cennie et qui lui tenait vraiment \u00e0 c\u0153ur. &nbsp; Nous savions qu\u2019elle allait nous s\u00e9duire et nous donner envie de lire la vie de cette cantatrice...","og_url":"https:\/\/www.tepaseul-magazine.fr\/accueil\/moi-giuseppina-verdi\/","og_site_name":"Tepaseul","article_published_time":"2014-04-02T20:30:01+00:00","article_modified_time":"2014-04-12T12:25:27+00:00","og_image":[{"width":1200,"height":675,"url":"https:\/\/www.tepaseul-magazine.fr\/wp-content\/uploads\/2014\/04\/Karine-MICARD.jpg","type":"image\/jpeg"}],"author":"Chantal Rolland","schema":{"@context":"https:\/\/schema.org","@graph":[{"@type":"Article","@id":"https:\/\/www.tepaseul-magazine.fr\/accueil\/moi-giuseppina-verdi\/#article","isPartOf":{"@id":"https:\/\/www.tepaseul-magazine.fr\/accueil\/moi-giuseppina-verdi\/"},"author":{"name":"Chantal Rolland","@id":"https:\/\/www.tepaseul-magazine.fr\/accueil\/#\/schema\/person\/dd3827dc04f692ff480da4bac4545eeb"},"headline":"Moi Giuseppina VERDI","datePublished":"2014-04-02T20:30:01+00:00","dateModified":"2014-04-12T12:25:27+00:00","mainEntityOfPage":{"@id":"https:\/\/www.tepaseul-magazine.fr\/accueil\/moi-giuseppina-verdi\/"},"wordCount":367,"commentCount":0,"publisher":{"@id":"https:\/\/www.tepaseul-magazine.fr\/accueil\/#organization"},"articleSection":["\u00c9v\u00e9nements"],"inLanguage":"fr-FR","potentialAction":[{"@type":"CommentAction","name":"Comment","target":["https:\/\/www.tepaseul-magazine.fr\/accueil\/moi-giuseppina-verdi\/#respond"]}]},{"@type":"WebPage","@id":"https:\/\/www.tepaseul-magazine.fr\/accueil\/moi-giuseppina-verdi\/","url":"https:\/\/www.tepaseul-magazine.fr\/accueil\/moi-giuseppina-verdi\/","name":"Moi Giuseppina VERDI - Tepaseul","isPartOf":{"@id":"https:\/\/www.tepaseul-magazine.fr\/accueil\/#website"},"datePublished":"2014-04-02T20:30:01+00:00","dateModified":"2014-04-12T12:25:27+00:00","breadcrumb":{"@id":"https:\/\/www.tepaseul-magazine.fr\/accueil\/moi-giuseppina-verdi\/#breadcrumb"},"inLanguage":"fr-FR","potentialAction":[{"@type":"ReadAction","target":["https:\/\/www.tepaseul-magazine.fr\/accueil\/moi-giuseppina-verdi\/"]}]},{"@type":"BreadcrumbList","@id":"https:\/\/www.tepaseul-magazine.fr\/accueil\/moi-giuseppina-verdi\/#breadcrumb","itemListElement":[{"@type":"ListItem","position":1,"name":"Home","item":"https:\/\/www.tepaseul-magazine.fr\/accueil\/"},{"@type":"ListItem","position":2,"name":"Moi Giuseppina VERDI"}]},{"@type":"WebSite","@id":"https:\/\/www.tepaseul-magazine.fr\/accueil\/#website","url":"https:\/\/www.tepaseul-magazine.fr\/accueil\/","name":"Tepaseul","description":"Le Magazine des solibattants","publisher":{"@id":"https:\/\/www.tepaseul-magazine.fr\/accueil\/#organization"},"potentialAction":[{"@type":"SearchAction","target":{"@type":"EntryPoint","urlTemplate":"https:\/\/www.tepaseul-magazine.fr\/accueil\/?s={search_term_string}"},"query-input":"required name=search_term_string"}],"inLanguage":"fr-FR"},{"@type":"Organization","@id":"https:\/\/www.tepaseul-magazine.fr\/accueil\/#organization","name":"Tepaseul","url":"https:\/\/www.tepaseul-magazine.fr\/accueil\/","logo":{"@type":"ImageObject","inLanguage":"fr-FR","@id":"https:\/\/www.tepaseul-magazine.fr\/accueil\/#\/schema\/logo\/image\/","url":"https:\/\/www.tepaseul-magazine.fr\/wp-content\/uploads\/2014\/12\/logo_doublev2-noir.png","contentUrl":"https:\/\/www.tepaseul-magazine.fr\/wp-content\/uploads\/2014\/12\/logo_doublev2-noir.png","width":205,"height":51,"caption":"Tepaseul"},"image":{"@id":"https:\/\/www.tepaseul-magazine.fr\/accueil\/#\/schema\/logo\/image\/"}},{"@type":"Person","@id":"https:\/\/www.tepaseul-magazine.fr\/accueil\/#\/schema\/person\/dd3827dc04f692ff480da4bac4545eeb","name":"Chantal Rolland","image":{"@type":"ImageObject","inLanguage":"fr-FR","@id":"https:\/\/www.tepaseul-magazine.fr\/accueil\/#\/schema\/person\/image\/","url":"https:\/\/secure.gravatar.com\/avatar\/a67dbe83e155eb41b8bc6c41ebcc8564?s=96&d=mm&r=g","contentUrl":"https:\/\/secure.gravatar.com\/avatar\/a67dbe83e155eb41b8bc6c41ebcc8564?s=96&d=mm&r=g","caption":"Chantal Rolland"},"url":"https:\/\/www.tepaseul-magazine.fr\/accueil\/author\/chantal-rolland\/"}]}},"_links":{"self":[{"href":"https:\/\/www.tepaseul-magazine.fr\/accueil\/wp-json\/wp\/v2\/posts\/8868"}],"collection":[{"href":"https:\/\/www.tepaseul-magazine.fr\/accueil\/wp-json\/wp\/v2\/posts"}],"about":[{"href":"https:\/\/www.tepaseul-magazine.fr\/accueil\/wp-json\/wp\/v2\/types\/post"}],"author":[{"embeddable":true,"href":"https:\/\/www.tepaseul-magazine.fr\/accueil\/wp-json\/wp\/v2\/users\/2"}],"replies":[{"embeddable":true,"href":"https:\/\/www.tepaseul-magazine.fr\/accueil\/wp-json\/wp\/v2\/comments?post=8868"}],"version-history":[{"count":0,"href":"https:\/\/www.tepaseul-magazine.fr\/accueil\/wp-json\/wp\/v2\/posts\/8868\/revisions"}],"wp:featuredmedia":[{"embeddable":true,"href":"https:\/\/www.tepaseul-magazine.fr\/accueil\/wp-json\/wp\/v2\/media\/8869"}],"wp:attachment":[{"href":"https:\/\/www.tepaseul-magazine.fr\/accueil\/wp-json\/wp\/v2\/media?parent=8868"}],"wp:term":[{"taxonomy":"category","embeddable":true,"href":"https:\/\/www.tepaseul-magazine.fr\/accueil\/wp-json\/wp\/v2\/categories?post=8868"},{"taxonomy":"post_tag","embeddable":true,"href":"https:\/\/www.tepaseul-magazine.fr\/accueil\/wp-json\/wp\/v2\/tags?post=8868"}],"curies":[{"name":"wp","href":"https:\/\/api.w.org\/{rel}","templated":true}]}}