{"id":9563,"date":"2014-05-07T16:51:06","date_gmt":"2014-05-07T15:51:06","guid":{"rendered":"http:\/\/www.tepaseul-magazine.fr\/?p=9563"},"modified":"2014-05-08T10:14:45","modified_gmt":"2014-05-08T09:14:45","slug":"nouveautes-beaute-fete-meres-fete-peres","status":"publish","type":"post","link":"https:\/\/www.tepaseul-magazine.fr\/accueil\/nouveautes-beaute-fete-meres-fete-peres\/","title":{"rendered":"NOUVEAUTES BEAUTE : FETE DES MERES &#8211; FETE DES PERES"},"content":{"rendered":"<p><strong>FETE DES PERES ET FETE DES MERES<\/strong><\/p>\n<p>&nbsp;<\/p>\n<p><strong>GUERLAIN<a href=\"http:\/\/www.tepaseul-magazine.fr\/wp-content\/uploads\/2014\/05\/Guerlain-Shalimar-Shalimar_Eau_de_Parfum.jpg\"><img loading=\"lazy\" decoding=\"async\" class=\"alignright size-full wp-image-9564\" src=\"http:\/\/www.tepaseul-magazine.fr\/wp-content\/uploads\/2014\/05\/Guerlain-Shalimar-Shalimar_Eau_de_Parfum.jpg\" alt=\"Guerlain-Shalimar-Shalimar_Eau_de_Parfum\" width=\"150\" height=\"150\" \/><\/a><\/strong><\/p>\n<p><strong><em>Eternel Shalimar !!! <\/em><\/strong><\/p>\n<p>L\u2019extrait pr\u00e9sent\u00e9 dans sa robe la plus belle ! Un bijou qu\u2019on ne cesse d\u2019admirer et une seconde peau dont on ne peut plus se passer !<\/p>\n<p>&nbsp;<\/p>\n<p><strong><em>AQUA ALLEGORIA<\/em><\/strong><\/p>\n<p><a href=\"http:\/\/www.tepaseul-magazine.fr\/wp-content\/uploads\/2014\/05\/AQUA_LIMON_SP.jpg\"><img loading=\"lazy\" decoding=\"async\" class=\"alignleft size-medium wp-image-9565\" src=\"http:\/\/www.tepaseul-magazine.fr\/wp-content\/uploads\/2014\/05\/AQUA_LIMON_SP-230x300.jpg\" alt=\"AQUA_LIMON_SP\" width=\"230\" height=\"300\" srcset=\"https:\/\/www.tepaseul-magazine.fr\/wp-content\/uploads\/2014\/05\/AQUA_LIMON_SP-230x300.jpg 230w, https:\/\/www.tepaseul-magazine.fr\/wp-content\/uploads\/2014\/05\/AQUA_LIMON_SP.jpg 652w\" sizes=\"(max-width: 230px) 100vw, 230px\" \/><\/a><\/p>\n<p>&nbsp;<\/p>\n<p>&nbsp;<\/p>\n<p>&nbsp;<\/p>\n<p>Des eaux l\u00e9g\u00e8res, lumineuses et gaies \u00e0 cueillir d\u00e8s l\u2019arriv\u00e9e du printemps\u2026<\/p>\n<p>Chaque ann\u00e9e depuis 1999, Guerlain nous offre une ode \u00e0 la nature sous toutes ses facettes\u2026.<\/p>\n<p>A consommer sans mod\u00e9ration\u2026<\/p>\n<p>&nbsp;<\/p>\n<p>&nbsp;<\/p>\n<p>&nbsp;<\/p>\n<p>&nbsp;<\/p>\n<p>&nbsp;<\/p>\n<p>&nbsp;<\/p>\n<p>&nbsp;<\/p>\n<p><a href=\"http:\/\/www.tepaseul-magazine.fr\/wp-content\/uploads\/2014\/05\/2012_HABIT-ROUGE-ED-CAVALIER-EDT+BPL_FD-NOIR.jpg\"><img loading=\"lazy\" decoding=\"async\" class=\"alignright size-medium wp-image-9566\" src=\"http:\/\/www.tepaseul-magazine.fr\/wp-content\/uploads\/2014\/05\/2012_HABIT-ROUGE-ED-CAVALIER-EDT+BPL_FD-NOIR-211x300.jpg\" alt=\"120201-GUERLAIN-HabitRouge\" width=\"211\" height=\"300\" srcset=\"https:\/\/www.tepaseul-magazine.fr\/wp-content\/uploads\/2014\/05\/2012_HABIT-ROUGE-ED-CAVALIER-EDT+BPL_FD-NOIR-211x300.jpg 211w, https:\/\/www.tepaseul-magazine.fr\/wp-content\/uploads\/2014\/05\/2012_HABIT-ROUGE-ED-CAVALIER-EDT+BPL_FD-NOIR.jpg 595w\" sizes=\"(max-width: 211px) 100vw, 211px\" \/><\/a><\/p>\n<p><strong><em>HABIT ROUGE de GUERLAIN\u00a0: L\u2019EDITION DU CAVALIER<\/em><\/strong><\/p>\n<p>Chaque ann\u00e9e, GUERLAIN distingue et habille le flacon \u00ab\u00a0Habit Rouge\u00a0\u00bb Celui ci a \u00e9t\u00e9 le premier oriental pour homme en 1965.<\/p>\n<p>Cette ann\u00e9e, il rev\u00eat un habit qui fait ressurgir les \u00e9l\u00e9gants codes du cavalier allur\u00e9 et impeccablement bott\u00e9, au sillage intemporel\u2026<\/p>\n<p>&nbsp;<\/p>\n<p>&nbsp;<\/p>\n<p>&nbsp;<\/p>\n<p>&nbsp;<\/p>\n<p>&nbsp;<\/p>\n<p>&nbsp;<\/p>\n<p>&nbsp;<\/p>\n<p><strong>PARFUMS KENZO :<\/strong><\/p>\n<p><strong>Et si vous offriez, pour la f\u00eate des p\u00e8res ou la f\u00eate des m\u00e8res un Parfum KENZO ?<a href=\"http:\/\/www.tepaseul-magazine.fr\/wp-content\/uploads\/2014\/05\/fbk-collection.jpg\"><img loading=\"lazy\" decoding=\"async\" class=\"alignright size-medium wp-image-9567\" src=\"http:\/\/www.tepaseul-magazine.fr\/wp-content\/uploads\/2014\/05\/fbk-collection-300x200.jpg\" alt=\"fbk-collection\" width=\"300\" height=\"200\" srcset=\"https:\/\/www.tepaseul-magazine.fr\/wp-content\/uploads\/2014\/05\/fbk-collection-300x200.jpg 300w, https:\/\/www.tepaseul-magazine.fr\/wp-content\/uploads\/2014\/05\/fbk-collection.jpg 400w\" sizes=\"(max-width: 300px) 100vw, 300px\" \/><\/a><\/strong><\/p>\n<p>Hormis les classiques, nos chouchous actuels sont :<\/p>\n<p>&#8211; <strong><em>FLOWER IN THE AIR<\/em><\/strong> (son packaging est merveilleux dans la salle de bain !<\/p>\n<p>&#8211;<strong><em> MADLY KENZO OUD COLLECTION<\/em><\/strong><\/p>\n<p>&#8211; <strong><em>VIOLET<\/em><\/strong> avec sa senteur de violette magique !<\/p>\n<p>Toujours bien pr\u00e9sent\u00e9s et toujours appr\u00e9ci\u00e9s par les hommes comme par les femmes !<\/p>\n<p><strong><em>NOUVEAU !<\/em><\/strong><\/p>\n<p><strong><em>LE PARFUM EAU DE TOILETTE HOMME NIGHT de KENZO<\/em><\/strong><\/p>\n<p>aux couleurs de la nuit, instinctive et pleine d&rsquo;\u00e9nergie pour les hommes qui ne se prennent pas au s\u00e9rieux.<\/p>\n<p>&nbsp;<\/p>\n<p><strong><em><a href=\"http:\/\/www.tepaseul-magazine.fr\/wp-content\/uploads\/2014\/05\/kenzoparfums_collection_parfumshomme_kenzo-leauparkenzo-2.jpg\"><img loading=\"lazy\" decoding=\"async\" class=\"alignleft size-medium wp-image-9568\" src=\"http:\/\/www.tepaseul-magazine.fr\/wp-content\/uploads\/2014\/05\/kenzoparfums_collection_parfumshomme_kenzo-leauparkenzo-2-300x200.jpg\" alt=\"kenzoparfums_collection_parfumshomme_kenzo-leauparkenzo-2\" width=\"300\" height=\"200\" srcset=\"https:\/\/www.tepaseul-magazine.fr\/wp-content\/uploads\/2014\/05\/kenzoparfums_collection_parfumshomme_kenzo-leauparkenzo-2-300x200.jpg 300w, https:\/\/www.tepaseul-magazine.fr\/wp-content\/uploads\/2014\/05\/kenzoparfums_collection_parfumshomme_kenzo-leauparkenzo-2.jpg 400w\" sizes=\"(max-width: 300px) 100vw, 300px\" \/><\/a>L\u2019EAU PAR KENZO\u00a0: NEW MIROIR EDITION<\/em><\/strong><\/p>\n<p>Une nouvelle interpr\u00e9tation de l\u2019EAU PAR KENZO\u00a0: L\u2019eau attrape le lumi\u00e8re et se fait miroir\u2026<\/p>\n<p>&nbsp;<\/p>\n<p><strong><em>En 2014, la f\u00eate des m\u00e8res et la f\u00eate des p\u00e8res chez KENZO se veut festive et color\u00e9e. La couleur se lib\u00e8re sur des pochettes trendy, le lait pour le corps ou la baume apr\u00e8s rasage jouent les formats nomades<\/em><\/strong>.<\/p>\n<p>&nbsp;<\/p>\n<p>&nbsp;<\/p>\n<p>&nbsp;<\/p>\n<p><strong>FLEURS DE SOLINOTES<\/strong><\/p>\n<p>&nbsp;<\/p>\n<p><strong>\u00a0<a href=\"http:\/\/www.tepaseul-magazine.fr\/wp-content\/uploads\/2014\/05\/solinotesheader-1600.jpg\"><img loading=\"lazy\" decoding=\"async\" class=\"aligncenter size-medium wp-image-9569\" src=\"http:\/\/www.tepaseul-magazine.fr\/wp-content\/uploads\/2014\/05\/solinotesheader-1600-300x121.jpg\" alt=\"solinotesheader-1600\" width=\"300\" height=\"121\" srcset=\"https:\/\/www.tepaseul-magazine.fr\/wp-content\/uploads\/2014\/05\/solinotesheader-1600-300x121.jpg 300w, https:\/\/www.tepaseul-magazine.fr\/wp-content\/uploads\/2014\/05\/solinotesheader-1600.jpg 960w\" sizes=\"(max-width: 300px) 100vw, 300px\" \/><\/a><\/strong><\/p>\n<p><strong>On vous a d\u00e9j\u00e0 parl\u00e9 de cette collection d\u2019eaux de toilette qui s\u2019emploie en solo ou en duo\u2026 On m\u00e9lange les parfums et on se cr\u00e9e son parfum.<\/strong><\/p>\n<p>Aujourd\u2019hui, la gamme Solinotes s\u2019enrichit d\u2019une nouvelle gamme\u00a0: la collection \u00ab\u00a0Fleurs de Solinotes\u00a0\u00bb deux autres senteurs (frangipanier et jasmin) viennent compl\u00e9ter cette collection qui a \u00e9t\u00e9 prim\u00e9e aux Victoires de la Beaut\u00e9.<\/p>\n<p>&nbsp;<\/p>\n<p>&nbsp;<\/p>\n<p>Deux collections qui se combinent d\u00e9licieusement et offrent une multitude de possibilit\u00e9s de cr\u00e9ations.<\/p>\n<p><a href=\"http:\/\/www.tepaseul-magazine.fr\/wp-content\/uploads\/2014\/05\/images-11.jpg\"><img loading=\"lazy\" decoding=\"async\" class=\"aligncenter size-full wp-image-9570\" src=\"http:\/\/www.tepaseul-magazine.fr\/wp-content\/uploads\/2014\/05\/images-11.jpg\" alt=\"images-1\" width=\"225\" height=\"225\" srcset=\"https:\/\/www.tepaseul-magazine.fr\/wp-content\/uploads\/2014\/05\/images-11.jpg 225w, https:\/\/www.tepaseul-magazine.fr\/wp-content\/uploads\/2014\/05\/images-11-150x150.jpg 150w\" sizes=\"(max-width: 225px) 100vw, 225px\" \/><\/a><\/p>\n<p><span style=\"text-decoration: underline;\"><strong>EAU DE TOILETTE O BRASIL ! ARNO SOREL<\/strong><\/span><\/p>\n<p>L&rsquo;eau de parfum Oh! BRASIL Femme et l&rsquo;eau de toilette Oh! BRASIL Homme de Arno Sorel originellement distribu\u00e9es au Br\u00e9sil suscitent l&rsquo;engouement de la France. Coupe du Monde de Football oblige!<\/p>\n<p>Cet \u00e9t\u00e9, les aficionados de ce pays color\u00e9 pourront vibrer sur les notes p\u00e9tillantes des fragrances f\u00e9minine et masculine de la gamme Oh! BRASIL, afficher leur joie de vivre..Parfumer et nouer le bracelet porte-bonheur autour de leur poignet, \u00e0 leur sac, dans leurs cheveux \u2026 les notes porteront leurs v\u0153ux. Les flacons sont en effet chacun dot\u00e9s d&rsquo;un petit ruban \u00e0 parfumer.<\/p>\n<p>Oh ! BRASIL Eau de Parfum pour femme 100 ml &amp; Oh! BRASIL Eau de toilette pour homme 100 ml seront disponibles en Grande Distribution \u00e0 partir du mois de juin. Prix public conseill\u00e9 : \u00e0 partir de 7,55 euros<\/p>\n<p><a href=\"http:\/\/www.tepaseul-magazine.fr\/wp-content\/uploads\/2014\/05\/Unknown.jpeg\"><img loading=\"lazy\" decoding=\"async\" class=\"alignright size-full wp-image-9572\" src=\"http:\/\/www.tepaseul-magazine.fr\/wp-content\/uploads\/2014\/05\/Unknown.jpeg\" alt=\"Unknown\" width=\"178\" height=\"178\" srcset=\"https:\/\/www.tepaseul-magazine.fr\/wp-content\/uploads\/2014\/05\/Unknown.jpeg 178w, https:\/\/www.tepaseul-magazine.fr\/wp-content\/uploads\/2014\/05\/Unknown-150x150.jpeg 150w\" sizes=\"(max-width: 178px) 100vw, 178px\" \/><\/a><a href=\"http:\/\/www.tepaseul-magazine.fr\/wp-content\/uploads\/2014\/05\/Unknown-1.jpeg\"><img loading=\"lazy\" decoding=\"async\" class=\"alignleft size-full wp-image-9571\" src=\"http:\/\/www.tepaseul-magazine.fr\/wp-content\/uploads\/2014\/05\/Unknown-1.jpeg\" alt=\"Unknown-1\" width=\"178\" height=\"178\" srcset=\"https:\/\/www.tepaseul-magazine.fr\/wp-content\/uploads\/2014\/05\/Unknown-1.jpeg 178w, https:\/\/www.tepaseul-magazine.fr\/wp-content\/uploads\/2014\/05\/Unknown-1-150x150.jpeg 150w\" sizes=\"(max-width: 178px) 100vw, 178px\" \/><\/a><\/p>\n<p>&nbsp;<\/p>\n<p>&nbsp;<\/p>\n<p>&nbsp;<\/p>\n<p>&nbsp;<\/p>\n","protected":false},"excerpt":{"rendered":"<p>FETE DES PERES ET FETE DES MERES &nbsp; GUERLAIN Eternel Shalimar !!! L\u2019extrait pr\u00e9sent\u00e9 dans sa robe la plus belle ! Un bijou qu\u2019on ne cesse d\u2019admirer et une seconde peau dont on ne peut plus se passer ! &nbsp; AQUA ALLEGORIA &nbsp; &nbsp; &nbsp;&#8230;<\/p>\n","protected":false},"author":2,"featured_media":9573,"comment_status":"open","ping_status":"open","sticky":false,"template":"","format":"standard","meta":{"footnotes":""},"categories":[74,76],"tags":[],"yoast_head":"<!-- This site is optimized with the Yoast SEO plugin v21.9.1 - https:\/\/yoast.com\/wordpress\/plugins\/seo\/ -->\n<title>NOUVEAUTES BEAUTE : FETE DES MERES - FETE DES PERES - Tepaseul<\/title>\n<meta name=\"robots\" content=\"index, follow, max-snippet:-1, max-image-preview:large, max-video-preview:-1\" \/>\n<link rel=\"canonical\" href=\"https:\/\/www.tepaseul-magazine.fr\/accueil\/nouveautes-beaute-fete-meres-fete-peres\/\" \/>\n<meta property=\"og:locale\" content=\"fr_FR\" \/>\n<meta property=\"og:type\" content=\"article\" \/>\n<meta property=\"og:title\" content=\"NOUVEAUTES BEAUTE : FETE DES MERES - FETE DES PERES - Tepaseul\" \/>\n<meta property=\"og:description\" content=\"FETE DES PERES ET FETE DES MERES &nbsp; GUERLAIN Eternel Shalimar !!! L\u2019extrait pr\u00e9sent\u00e9 dans sa robe la plus belle ! Un bijou qu\u2019on ne cesse d\u2019admirer et une seconde peau dont on ne peut plus se passer ! &nbsp; AQUA ALLEGORIA &nbsp; &nbsp; &nbsp;...\" \/>\n<meta property=\"og:url\" content=\"https:\/\/www.tepaseul-magazine.fr\/accueil\/nouveautes-beaute-fete-meres-fete-peres\/\" \/>\n<meta property=\"og:site_name\" content=\"Tepaseul\" \/>\n<meta property=\"article:published_time\" content=\"2014-05-07T15:51:06+00:00\" \/>\n<meta property=\"article:modified_time\" content=\"2014-05-08T09:14:45+00:00\" \/>\n<meta property=\"og:image\" content=\"https:\/\/www.tepaseul-magazine.fr\/wp-content\/uploads\/2014\/05\/km_univers-portrait.jpg\" \/>\n\t<meta property=\"og:image:width\" content=\"400\" \/>\n\t<meta property=\"og:image:height\" content=\"267\" \/>\n\t<meta property=\"og:image:type\" content=\"image\/jpeg\" \/>\n<meta name=\"author\" content=\"Chantal Rolland\" \/>\n<script type=\"application\/ld+json\" class=\"yoast-schema-graph\">{\"@context\":\"https:\/\/schema.org\",\"@graph\":[{\"@type\":\"Article\",\"@id\":\"https:\/\/www.tepaseul-magazine.fr\/accueil\/nouveautes-beaute-fete-meres-fete-peres\/#article\",\"isPartOf\":{\"@id\":\"https:\/\/www.tepaseul-magazine.fr\/accueil\/nouveautes-beaute-fete-meres-fete-peres\/\"},\"author\":{\"name\":\"Chantal Rolland\",\"@id\":\"https:\/\/www.tepaseul-magazine.fr\/accueil\/#\/schema\/person\/dd3827dc04f692ff480da4bac4545eeb\"},\"headline\":\"NOUVEAUTES BEAUTE : FETE DES MERES &#8211; FETE DES PERES\",\"datePublished\":\"2014-05-07T15:51:06+00:00\",\"dateModified\":\"2014-05-08T09:14:45+00:00\",\"mainEntityOfPage\":{\"@id\":\"https:\/\/www.tepaseul-magazine.fr\/accueil\/nouveautes-beaute-fete-meres-fete-peres\/\"},\"wordCount\":574,\"commentCount\":0,\"publisher\":{\"@id\":\"https:\/\/www.tepaseul-magazine.fr\/accueil\/#organization\"},\"articleSection\":[\"Les nouveaut\u00e9s\",\"Nouveaut\u00e9s beaut\u00e9\"],\"inLanguage\":\"fr-FR\",\"potentialAction\":[{\"@type\":\"CommentAction\",\"name\":\"Comment\",\"target\":[\"https:\/\/www.tepaseul-magazine.fr\/accueil\/nouveautes-beaute-fete-meres-fete-peres\/#respond\"]}]},{\"@type\":\"WebPage\",\"@id\":\"https:\/\/www.tepaseul-magazine.fr\/accueil\/nouveautes-beaute-fete-meres-fete-peres\/\",\"url\":\"https:\/\/www.tepaseul-magazine.fr\/accueil\/nouveautes-beaute-fete-meres-fete-peres\/\",\"name\":\"NOUVEAUTES BEAUTE : FETE DES MERES - FETE DES PERES - Tepaseul\",\"isPartOf\":{\"@id\":\"https:\/\/www.tepaseul-magazine.fr\/accueil\/#website\"},\"datePublished\":\"2014-05-07T15:51:06+00:00\",\"dateModified\":\"2014-05-08T09:14:45+00:00\",\"breadcrumb\":{\"@id\":\"https:\/\/www.tepaseul-magazine.fr\/accueil\/nouveautes-beaute-fete-meres-fete-peres\/#breadcrumb\"},\"inLanguage\":\"fr-FR\",\"potentialAction\":[{\"@type\":\"ReadAction\",\"target\":[\"https:\/\/www.tepaseul-magazine.fr\/accueil\/nouveautes-beaute-fete-meres-fete-peres\/\"]}]},{\"@type\":\"BreadcrumbList\",\"@id\":\"https:\/\/www.tepaseul-magazine.fr\/accueil\/nouveautes-beaute-fete-meres-fete-peres\/#breadcrumb\",\"itemListElement\":[{\"@type\":\"ListItem\",\"position\":1,\"name\":\"Home\",\"item\":\"https:\/\/www.tepaseul-magazine.fr\/accueil\/\"},{\"@type\":\"ListItem\",\"position\":2,\"name\":\"NOUVEAUTES BEAUTE : FETE DES MERES &#8211; FETE DES PERES\"}]},{\"@type\":\"WebSite\",\"@id\":\"https:\/\/www.tepaseul-magazine.fr\/accueil\/#website\",\"url\":\"https:\/\/www.tepaseul-magazine.fr\/accueil\/\",\"name\":\"Tepaseul\",\"description\":\"Le Magazine des solibattants\",\"publisher\":{\"@id\":\"https:\/\/www.tepaseul-magazine.fr\/accueil\/#organization\"},\"potentialAction\":[{\"@type\":\"SearchAction\",\"target\":{\"@type\":\"EntryPoint\",\"urlTemplate\":\"https:\/\/www.tepaseul-magazine.fr\/accueil\/?s={search_term_string}\"},\"query-input\":\"required name=search_term_string\"}],\"inLanguage\":\"fr-FR\"},{\"@type\":\"Organization\",\"@id\":\"https:\/\/www.tepaseul-magazine.fr\/accueil\/#organization\",\"name\":\"Tepaseul\",\"url\":\"https:\/\/www.tepaseul-magazine.fr\/accueil\/\",\"logo\":{\"@type\":\"ImageObject\",\"inLanguage\":\"fr-FR\",\"@id\":\"https:\/\/www.tepaseul-magazine.fr\/accueil\/#\/schema\/logo\/image\/\",\"url\":\"https:\/\/www.tepaseul-magazine.fr\/wp-content\/uploads\/2014\/12\/logo_doublev2-noir.png\",\"contentUrl\":\"https:\/\/www.tepaseul-magazine.fr\/wp-content\/uploads\/2014\/12\/logo_doublev2-noir.png\",\"width\":205,\"height\":51,\"caption\":\"Tepaseul\"},\"image\":{\"@id\":\"https:\/\/www.tepaseul-magazine.fr\/accueil\/#\/schema\/logo\/image\/\"}},{\"@type\":\"Person\",\"@id\":\"https:\/\/www.tepaseul-magazine.fr\/accueil\/#\/schema\/person\/dd3827dc04f692ff480da4bac4545eeb\",\"name\":\"Chantal Rolland\",\"image\":{\"@type\":\"ImageObject\",\"inLanguage\":\"fr-FR\",\"@id\":\"https:\/\/www.tepaseul-magazine.fr\/accueil\/#\/schema\/person\/image\/\",\"url\":\"https:\/\/secure.gravatar.com\/avatar\/a67dbe83e155eb41b8bc6c41ebcc8564?s=96&d=mm&r=g\",\"contentUrl\":\"https:\/\/secure.gravatar.com\/avatar\/a67dbe83e155eb41b8bc6c41ebcc8564?s=96&d=mm&r=g\",\"caption\":\"Chantal Rolland\"},\"url\":\"https:\/\/www.tepaseul-magazine.fr\/accueil\/author\/chantal-rolland\/\"}]}<\/script>\n<!-- \/ Yoast SEO plugin. -->","yoast_head_json":{"title":"NOUVEAUTES BEAUTE : FETE DES MERES - FETE DES PERES - Tepaseul","robots":{"index":"index","follow":"follow","max-snippet":"max-snippet:-1","max-image-preview":"max-image-preview:large","max-video-preview":"max-video-preview:-1"},"canonical":"https:\/\/www.tepaseul-magazine.fr\/accueil\/nouveautes-beaute-fete-meres-fete-peres\/","og_locale":"fr_FR","og_type":"article","og_title":"NOUVEAUTES BEAUTE : FETE DES MERES - FETE DES PERES - Tepaseul","og_description":"FETE DES PERES ET FETE DES MERES &nbsp; GUERLAIN Eternel Shalimar !!! L\u2019extrait pr\u00e9sent\u00e9 dans sa robe la plus belle ! Un bijou qu\u2019on ne cesse d\u2019admirer et une seconde peau dont on ne peut plus se passer ! &nbsp; AQUA ALLEGORIA &nbsp; &nbsp; &nbsp;...","og_url":"https:\/\/www.tepaseul-magazine.fr\/accueil\/nouveautes-beaute-fete-meres-fete-peres\/","og_site_name":"Tepaseul","article_published_time":"2014-05-07T15:51:06+00:00","article_modified_time":"2014-05-08T09:14:45+00:00","og_image":[{"width":400,"height":267,"url":"https:\/\/www.tepaseul-magazine.fr\/wp-content\/uploads\/2014\/05\/km_univers-portrait.jpg","type":"image\/jpeg"}],"author":"Chantal Rolland","schema":{"@context":"https:\/\/schema.org","@graph":[{"@type":"Article","@id":"https:\/\/www.tepaseul-magazine.fr\/accueil\/nouveautes-beaute-fete-meres-fete-peres\/#article","isPartOf":{"@id":"https:\/\/www.tepaseul-magazine.fr\/accueil\/nouveautes-beaute-fete-meres-fete-peres\/"},"author":{"name":"Chantal Rolland","@id":"https:\/\/www.tepaseul-magazine.fr\/accueil\/#\/schema\/person\/dd3827dc04f692ff480da4bac4545eeb"},"headline":"NOUVEAUTES BEAUTE : FETE DES MERES &#8211; FETE DES PERES","datePublished":"2014-05-07T15:51:06+00:00","dateModified":"2014-05-08T09:14:45+00:00","mainEntityOfPage":{"@id":"https:\/\/www.tepaseul-magazine.fr\/accueil\/nouveautes-beaute-fete-meres-fete-peres\/"},"wordCount":574,"commentCount":0,"publisher":{"@id":"https:\/\/www.tepaseul-magazine.fr\/accueil\/#organization"},"articleSection":["Les nouveaut\u00e9s","Nouveaut\u00e9s beaut\u00e9"],"inLanguage":"fr-FR","potentialAction":[{"@type":"CommentAction","name":"Comment","target":["https:\/\/www.tepaseul-magazine.fr\/accueil\/nouveautes-beaute-fete-meres-fete-peres\/#respond"]}]},{"@type":"WebPage","@id":"https:\/\/www.tepaseul-magazine.fr\/accueil\/nouveautes-beaute-fete-meres-fete-peres\/","url":"https:\/\/www.tepaseul-magazine.fr\/accueil\/nouveautes-beaute-fete-meres-fete-peres\/","name":"NOUVEAUTES BEAUTE : FETE DES MERES - FETE DES PERES - Tepaseul","isPartOf":{"@id":"https:\/\/www.tepaseul-magazine.fr\/accueil\/#website"},"datePublished":"2014-05-07T15:51:06+00:00","dateModified":"2014-05-08T09:14:45+00:00","breadcrumb":{"@id":"https:\/\/www.tepaseul-magazine.fr\/accueil\/nouveautes-beaute-fete-meres-fete-peres\/#breadcrumb"},"inLanguage":"fr-FR","potentialAction":[{"@type":"ReadAction","target":["https:\/\/www.tepaseul-magazine.fr\/accueil\/nouveautes-beaute-fete-meres-fete-peres\/"]}]},{"@type":"BreadcrumbList","@id":"https:\/\/www.tepaseul-magazine.fr\/accueil\/nouveautes-beaute-fete-meres-fete-peres\/#breadcrumb","itemListElement":[{"@type":"ListItem","position":1,"name":"Home","item":"https:\/\/www.tepaseul-magazine.fr\/accueil\/"},{"@type":"ListItem","position":2,"name":"NOUVEAUTES BEAUTE : FETE DES MERES &#8211; FETE DES PERES"}]},{"@type":"WebSite","@id":"https:\/\/www.tepaseul-magazine.fr\/accueil\/#website","url":"https:\/\/www.tepaseul-magazine.fr\/accueil\/","name":"Tepaseul","description":"Le Magazine des solibattants","publisher":{"@id":"https:\/\/www.tepaseul-magazine.fr\/accueil\/#organization"},"potentialAction":[{"@type":"SearchAction","target":{"@type":"EntryPoint","urlTemplate":"https:\/\/www.tepaseul-magazine.fr\/accueil\/?s={search_term_string}"},"query-input":"required name=search_term_string"}],"inLanguage":"fr-FR"},{"@type":"Organization","@id":"https:\/\/www.tepaseul-magazine.fr\/accueil\/#organization","name":"Tepaseul","url":"https:\/\/www.tepaseul-magazine.fr\/accueil\/","logo":{"@type":"ImageObject","inLanguage":"fr-FR","@id":"https:\/\/www.tepaseul-magazine.fr\/accueil\/#\/schema\/logo\/image\/","url":"https:\/\/www.tepaseul-magazine.fr\/wp-content\/uploads\/2014\/12\/logo_doublev2-noir.png","contentUrl":"https:\/\/www.tepaseul-magazine.fr\/wp-content\/uploads\/2014\/12\/logo_doublev2-noir.png","width":205,"height":51,"caption":"Tepaseul"},"image":{"@id":"https:\/\/www.tepaseul-magazine.fr\/accueil\/#\/schema\/logo\/image\/"}},{"@type":"Person","@id":"https:\/\/www.tepaseul-magazine.fr\/accueil\/#\/schema\/person\/dd3827dc04f692ff480da4bac4545eeb","name":"Chantal Rolland","image":{"@type":"ImageObject","inLanguage":"fr-FR","@id":"https:\/\/www.tepaseul-magazine.fr\/accueil\/#\/schema\/person\/image\/","url":"https:\/\/secure.gravatar.com\/avatar\/a67dbe83e155eb41b8bc6c41ebcc8564?s=96&d=mm&r=g","contentUrl":"https:\/\/secure.gravatar.com\/avatar\/a67dbe83e155eb41b8bc6c41ebcc8564?s=96&d=mm&r=g","caption":"Chantal Rolland"},"url":"https:\/\/www.tepaseul-magazine.fr\/accueil\/author\/chantal-rolland\/"}]}},"_links":{"self":[{"href":"https:\/\/www.tepaseul-magazine.fr\/accueil\/wp-json\/wp\/v2\/posts\/9563"}],"collection":[{"href":"https:\/\/www.tepaseul-magazine.fr\/accueil\/wp-json\/wp\/v2\/posts"}],"about":[{"href":"https:\/\/www.tepaseul-magazine.fr\/accueil\/wp-json\/wp\/v2\/types\/post"}],"author":[{"embeddable":true,"href":"https:\/\/www.tepaseul-magazine.fr\/accueil\/wp-json\/wp\/v2\/users\/2"}],"replies":[{"embeddable":true,"href":"https:\/\/www.tepaseul-magazine.fr\/accueil\/wp-json\/wp\/v2\/comments?post=9563"}],"version-history":[{"count":0,"href":"https:\/\/www.tepaseul-magazine.fr\/accueil\/wp-json\/wp\/v2\/posts\/9563\/revisions"}],"wp:featuredmedia":[{"embeddable":true,"href":"https:\/\/www.tepaseul-magazine.fr\/accueil\/wp-json\/wp\/v2\/media\/9573"}],"wp:attachment":[{"href":"https:\/\/www.tepaseul-magazine.fr\/accueil\/wp-json\/wp\/v2\/media?parent=9563"}],"wp:term":[{"taxonomy":"category","embeddable":true,"href":"https:\/\/www.tepaseul-magazine.fr\/accueil\/wp-json\/wp\/v2\/categories?post=9563"},{"taxonomy":"post_tag","embeddable":true,"href":"https:\/\/www.tepaseul-magazine.fr\/accueil\/wp-json\/wp\/v2\/tags?post=9563"}],"curies":[{"name":"wp","href":"https:\/\/api.w.org\/{rel}","templated":true}]}}