{"id":9771,"date":"2014-07-29T09:34:36","date_gmt":"2014-07-29T08:34:36","guid":{"rendered":"http:\/\/www.tepaseul-magazine.fr\/?p=9771"},"modified":"2014-07-29T09:34:36","modified_gmt":"2014-07-29T08:34:36","slug":"magnetotherapie","status":"publish","type":"post","link":"https:\/\/www.tepaseul-magazine.fr\/accueil\/magnetotherapie\/","title":{"rendered":"LA MAGNETOTHERAPIE"},"content":{"rendered":"<p>&nbsp;<\/p>\n<div class=\"page\" title=\"Page 1\">\n<div class=\"layoutArea\">\n<div class=\"column\">\n<p><span style=\"font-size: 17.000000pt; font-family: 'Calibri';\">Magne\u0301tothe\u0301rapie <\/span><\/p>\n<p><span style=\"font-size: 11.000000pt; font-family: 'Calibri';\"><strong>\u00ab NOUS VIVONS SUR UN AIMANT GEANT : LA TERRE \u00bb<\/strong> <\/span><\/p>\n<p><span style=\"font-size: 11.000000pt; font-family: 'Calibri';\">\u00ab L&rsquo;e\u0301nergie magne\u0301tique est l&rsquo;e\u0301nergie e\u0301le\u0301mentaire dont de\u0301pend la vie de tout organisme \u00bb Prof. W. Heisenberg, Prix Nobel de physique 1932 <\/span><\/p>\n<p><span style=\"font-size: 11.000000pt; font-family: 'Calibri';\"><strong>CHAMP MAGNETIQUE TERRESTRE<\/strong> <\/span><\/p>\n<p><span style=\"font-size: 11.000000pt; font-family: 'Calibri';\">Le champ magne\u0301tique terrestre entoure la terre de manie\u0300re non uniforme du fait de son interaction avec le vent solaire. Il est engendre\u0301 par les mouvements du noyau me\u0301tallique liquide des couches profondes de la terre compose\u0301 essentiellement de fer et de nickel en fusion. Le fer est un conducteur e\u0301lectrique. Le noyau est donc parcouru par un courant e\u0301lectrique qui ge\u0301ne\u0300re les lignes du champ magne\u0301tique et ce, depuis 4,5 milliards <\/span><span style=\"font-size: 11.000000pt; font-family: 'Calibri';\">d\u2019anne\u0301es. <\/span><\/p>\n<p><span style=\"font-size: 11.000000pt; font-family: 'Calibri';\">Le champ magne\u0301tique terrestre peut e\u0302tre compare\u0301 a\u0300 celui d\u2019un aimant. Il posse\u0300de donc 2 po\u0302les. <\/span><span style=\"font-size: 11.000000pt; font-family: 'Calibri';\">Les lignes du champ magne\u0301tique convergent de fac\u0327on diame\u0301tralement oppose\u0301es en ses po\u0302les nord et sud, de sorte que ces lignes englobent la totalite\u0301 de la terre. <\/span><\/p>\n<p><span style=\"font-size: 11.000000pt; font-family: 'Calibri';\">L&rsquo;aiguille d&rsquo;une boussole indique le Nord magne\u0301tique et non le Nord ge\u0301ographique. <\/span><\/p>\n<p><span style=\"font-size: 11.000000pt; font-family: 'Calibri'; font-weight: bold;\">De l\u2019infiniment grand a\u0300 l\u2019infiniment petit <\/span><span style=\"font-size: 11.000000pt; font-family: 'Calibri';\">: tout n\u2019est qu\u2019homothe\u0301tie. Ce qui se passe au niveau de l\u2019Univers <\/span><span style=\"font-size: 11.000000pt; font-family: 'Calibri';\">est identique a<\/span><span style=\"font-size: 11.000000pt; font-family: 'Calibri';\">u niveau de l\u2019ADN. <\/span><\/p>\n<p><span style=\"font-size: 11.000000pt; font-family: 'Calibri';\">En effet, en 1974, la the\u0300se de Claudine LUU, intitule\u0301e : <\/span><span style=\"font-size: 11.000000pt; font-family: 'Calibri'; font-style: italic;\">\u00ab E\u0301tude des dilutions home\u0301opathiques. Me\u0301canisme <\/span><span style=\"font-size: 11.000000pt; font-family: 'Calibri'; font-style: italic;\">d\u2019action de ces diluti<\/span><span style=\"font-size: 11.000000pt; font-family: 'Calibri'; font-style: italic;\">ons \u00bb<\/span><span style=\"font-size: 11.000000pt; font-family: 'Calibri';\">, parle pour la premie\u0300re fois de la \u00ab <\/span><span style=\"font-size: 11.000000pt; font-family: 'Calibri'; font-weight: bold;\">me\u0301moire de l\u2019eau <\/span><span style=\"font-size: 11.000000pt; font-family: 'Calibri';\">\u00bb. C<\/span><span style=\"font-size: 11.000000pt; font-family: 'Calibri';\">\u2019e\u0301tait le fruit de <\/span><span style=\"font-size: 11.000000pt; font-family: 'Calibri';\">ses recherches avec son mari <\/span><span style=\"font-size: 11.000000pt; font-family: 'Calibri'; font-weight: bold;\">Vinh LUU<\/span><span style=\"font-size: 11.000000pt; font-family: 'Calibri';\">, c\u2019<\/span><span style=\"font-size: 11.000000pt; font-family: 'Calibri';\">est donc a\u0300 ce dernier que revient la paternite\u0301 de cette notion. <\/span><\/p>\n<p><span style=\"font-size: 11.000000pt; font-family: 'Calibri';\">Vinh LUU, en temps que physicien, travaille et enseigne alors a\u0300 la Faculte\u0301 des sciences de Montpellier, dans un <\/span><span style=\"font-size: 11.000000pt; font-family: 'Calibri';\">laboratoire e\u0301quipe\u0301 d\u2019un spectroscope Rahman<\/span><span style=\"font-size: 11.000000pt; font-family: 'Calibri';\">&#8211;<\/span><span style=\"font-size: 11.000000pt; font-family: 'Calibri';\">Laser. Il commence a\u0300 s\u2019inte\u0301resser a\u0300 la biologie. C\u2019est ainsi qu\u2019il en vient a\u0300 e\u0301tudier l\u2019eau et se m<\/span><span style=\"font-size: 11.000000pt; font-family: 'Calibri';\">et a\u0300 passer des dilutions home\u0301opathiques au spectroscope <\/span><span style=\"font-size: 11.000000pt; font-family: 'Calibri';\">pour voir s\u2019<\/span><span style=\"font-size: 11.000000pt; font-family: 'Calibri';\">il y a une modification du spectre du support hydro-alcoolique selon les diffe\u0301rentes dilutions. Il constate alors une diffe\u0301rence de <\/span><span style=\"font-size: 11.000000pt; font-family: 'Calibri'; font-weight: bold;\">fre\u0301quences e\u0301lectromagne\u0301tiques <\/span><span style=\"font-size: 11.000000pt; font-family: 'Calibri';\">entre les diffe\u0301rentes dilutions. <\/span><\/p>\n<p><span style=\"font-size: 11.000000pt; font-family: 'Calibri';\">On sait qu\u2019en home\u0301opathie, a\u0300 partir de la douzie\u0300me dilution, il n\u2019y a plus la moindre trace de la substance <\/span><span style=\"font-size: 11.000000pt; font-family: 'Calibri';\">active de de\u0301part. Cela veut donc dire que ce solvant gard<\/span><span style=\"font-size: 11.000000pt; font-family: 'Calibri';\">e l\u2019empreinte de la substance i<\/span><span style=\"font-size: 11.000000pt; font-family: 'Calibri';\">nitiale, et cette empreinte est e\u0301lectromagne\u0301tique. <\/span><\/p>\n<\/div>\n<\/div>\n<\/div>\n<div class=\"page\" title=\"Page 2\">\n<div class=\"layoutArea\">\n<div class=\"column\">\n<p><span style=\"font-size: 11.000000pt; font-family: 'Calibri'; font-style: italic;\">Voir le livre de Vinh LUU \u00ab <\/span><span style=\"font-size: 11.000000pt; font-family: 'Calibri'; font-style: italic;\">Connaissance de l\u2019eau. Structure, incidenc<\/span><span style=\"font-size: 11.000000pt; font-family: 'Calibri'; font-style: italic;\">es dans la biologie \u00bb (Decoopman, 2010) <\/span><\/p>\n<p><span style=\"font-size: 11.000000pt; font-family: 'Calibri';\">Vinh LUU, en appliquant son point de vue de physicien sur <\/span><span style=\"font-size: 11.000000pt; font-family: 'Calibri';\">l\u2019e\u0301nigme biologique de la structure de l\u2019eau, montre <\/span><span style=\"font-size: 11.000000pt; font-family: 'Calibri';\">le ro\u0302le crucial des <\/span><span style=\"font-size: 11.000000pt; font-family: 'Calibri'; font-weight: bold;\">ondes e\u0301lectromagne\u0301tiques (OEM) <\/span><span style=\"font-size: 11.000000pt; font-family: 'Calibri';\">vingt ans avant Jacques Benveniste. En effet, la me\u0301moire <\/span><span style=\"font-size: 11.000000pt; font-family: 'Calibri';\">de l\u2019eau n\u2019a pas e\u0301te\u0301 de\u0301couverte par Jacques Benveniste car il n\u2019en fut que le re\u0301ve\u0301lateur en confirmant ces travaux d\u2019un point de vue biologique. <\/span><\/p>\n<p><span style=\"font-size: 11.000000pt; font-family: 'Calibri';\">Ensuite, le Pr Luc Montagnier, a donne\u0301 raison a\u0300 Benveniste quant a\u0300 la ne\u0301cessite\u0301 de franchir les frontie\u0300res qui cloisonnent la physique, la biologie, la chimie et la me\u0301decine en ge\u0301ne\u0301ral, et en <\/span><span style=\"font-size: 11.000000pt; font-family: 'Calibri';\">soulignant l\u2019importance des <\/span><span style=\"font-size: 11.000000pt; font-family: 'Calibri'; font-weight: bold;\">ondes e\u0301lectromagne\u0301tiques (OEM)<\/span><span style=\"font-size: 11.000000pt; font-family: 'Calibri';\">.<br \/>\n<\/span><span style=\"font-size: 11.000000pt; font-family: 'Calibri';\">Le Pr Luc Montagnier reprend les travaux de Jacques Benveniste et montre que l\u2019information ge\u0301ne\u0301tique d\u2019un <\/span><span style=\"font-size: 11.000000pt; font-family: 'Calibri';\">ADN re<\/span><span style=\"font-size: 11.000000pt; font-family: 'Calibri';\">ste en me\u0301moire dans le domaine de cohe\u0301rence de l\u2019eau sous forme d\u2019ondes e\u0301lectromagne\u0301tiques qui <\/span><span style=\"font-size: 11.000000pt; font-family: 'Calibri';\">peuvent e\u0302tre nume\u0301rise\u0301es et transmises par transduction. <\/span><\/p>\n<p><span style=\"font-size: 11.000000pt; font-family: 'Calibri';\">Comme tout dans l\u2019Univers, l\u2019homme est <\/span><span style=\"font-size: 11.000000pt; font-family: 'Calibri';\">aussi un aimant ainsi que notre ADN. <\/span><\/p>\n<p><span style=\"font-size: 11.000000pt; font-family: 'Calibri';\">Si vous faites la planche su<\/span><span style=\"font-size: 11.000000pt; font-family: 'Calibri';\">r une e\u0301tendue d\u2019eau calme, et en l\u2019absence de perturbations, vous aurez tendance a\u0300 <\/span><span style=\"font-size: 11.000000pt; font-family: 'Calibri';\">vous orienter Nord-Sud comme une boussole. <\/span><\/p>\n<p><span style=\"font-size: 11.000000pt; font-family: 'Calibri';\">Il n\u2019y a rien qui soit autre chose qu\u2019un aimant pourvu de ses deux polarite\u0301s magne\u0301tiques. On peut les appeler <\/span><span style=\"font-size: 11.000000pt; font-family: 'Calibri';\">un \u00ab Nord \u00bb et un \u00ab Sud \u00bb. Ces deux contraires sont inse\u0301parables. <\/span><\/p>\n<p><span style=\"font-size: 11.000000pt; font-family: 'Calibri';\">Le magne\u0301tisme n\u2019est pas une e\u0301nergie physique car on peut diviser un aimant a\u0300 l\u2019infini et on aura toujours des aimants complets munis de leurs deux polarite\u0301s. C\u2019est ainsi que deux objets peuvent s\u2019attirer ou s<\/span><span style=\"font-size: 11.000000pt; font-family: 'Calibri';\">e repousser sans aucun lien physique entre eux. <\/span><\/p>\n<p><span style=\"font-size: 11.000000pt; font-family: 'Calibri';\">On observe que le champ magne\u0301tique sort au po\u0302le Nord de la terre ou d\u2019un aimant, pour pe\u0301ne\u0301trer par le po\u0302le <\/span><span style=\"font-size: 11.000000pt; font-family: 'Calibri';\">Sud, constituant un \u00ab tore \u00bb qui est une forme dynamique universelle. <\/span><\/p>\n<p><span style=\"font-size: 11.000000pt; font-family: 'Calibri';\">De me\u0302me, <\/span><span style=\"font-size: 11.000000pt; font-family: 'Calibri';\">chez l\u2019homme, ce tore qui englobe tout l\u2019e\u0302tre humain passe par l\u2019axe inte\u0301rieur \u00ab <\/span><span style=\"font-size: 11.000000pt; font-family: 'Calibri';\">Pied-te\u0302te \u00bb pour <\/span><span style=\"font-size: 11.000000pt; font-family: 'Calibri';\">ressortir par le haut en contournant notre organisme par l\u2019exte\u0301rieur et rentre a\u0300 l\u2019inte\u0301rieur par le bas. <\/span><\/p>\n<p><span style=\"font-size: 11.000000pt; font-family: 'Calibri';\">Notre champ sort donc par le haut (chakra couronne) et rentre par le bas (chakra racine), et ce mouvement est perpe\u0301tuel. <\/span><\/p>\n<\/div>\n<\/div>\n<\/div>\n<div class=\"page\" title=\"Page 3\">\n<div class=\"layoutArea\">\n<div class=\"column\">\n<p><span style=\"font-size: 11.000000pt; font-family: 'Calibri';\">Le champ magne\u0301tique terrestre s&rsquo;est inverse\u0301 environ 300 fois ces derniers 200 millions d&rsquo;anne\u0301es.<br \/>\nLa dernie\u0300re inversion est survenue il y a 780 000 ans. Nos ance\u0302tres \u00ab Homo erectus \u00bb y ont surve\u0301cu puisque nous sommes la\u0300 pour en parler !<br \/>\nVa-t-on vers une nouvelle inversion ? <\/span><\/p>\n<p><span style=\"font-size: 11.000000pt; font-family: 'Calibri';\">La mesure du champ magne\u0301tique est exprime\u0301e en teslas, en l&rsquo;honneur de Nikola Tesla. Actuellement, il est de <\/span><span style=\"font-size: 11.000000pt; font-family: 'Calibri';\">l&rsquo;ordre de 47 \u03bcT (micro Tesla) au centre de la France. Le champ magne\u0301t<\/span><span style=\"font-size: 11.000000pt; font-family: 'Calibri';\">ique terrestre varie de 30\u03bcT a\u0300 60\u03bcT selon la localisation sur la terre.<br \/>\n<\/span><span style=\"font-size: 11.000000pt; font-family: 'Calibri';\">On peut aussi l\u2019exprimer en Gauss (Carl Friedrich Gauss) <\/span><\/p>\n<p><span style=\"font-size: 11.000000pt; font-family: 'Calibri';\">&#8211; 1 Gauss = 100 \u03bcT (micro Tesla) &#8211; 1 Tesla = 10.000 Gauss <\/span><\/p>\n<p><span style=\"font-size: 11.000000pt; font-family: 'Calibri';\">L&rsquo;e\u0301tude de la <\/span><span style=\"font-size: 11.000000pt; font-family: 'Calibri'; font-weight: bold;\">magne\u0301tite, <\/span><span style=\"font-size: 11.000000pt; font-family: 'Calibri';\">pre\u0301sente dans les poteries antiques, permet de mesurer l&rsquo;intensite\u0301 du champ magne\u0301tique terrestre a\u0300 l&rsquo;e\u0301poque de la cre\u0301ation de l&rsquo;objet. Cette technique nous informe donc que l&rsquo;intensite\u0301 du champ terrestre diminue depuis 1 500 ans. Le<\/span><span style=\"font-size: 11.000000pt; font-family: 'Calibri';\">s mesures effectue\u0301es sur l\u2019ensemble du <\/span><span style=\"font-size: 11.000000pt; font-family: 'Calibri';\">globe confirment que l&rsquo;intensite\u0301 s&rsquo;est re\u0301duite de 10 % en 50 ans et qu&rsquo;elle s&rsquo;est fortement de\u0301grade\u0301e depuis l&rsquo;an 2000. <\/span><span style=\"font-size: 11.000000pt; font-family: 'Calibri'; color: rgb(0.000000%, 0.000000%, 100.000000%);\">http:\/\/www.youtube.com\/watch?v=DV5VBQuRYto <\/span><span style=\"font-size: 11.000000pt; font-family: 'Calibri';\">(Dure\u0301e 40 mn) <\/span><\/p>\n<p><span style=\"font-size: 11.000000pt; font-family: 'Calibri';\">L&rsquo;intensite\u0301 totale mesure\u0301e a\u0300 Toronto a diminue\u0301 de 14%, passant d&rsquo;environ 64\u03bcT a\u0300 55\u03bcT, pendant les 160 dernie\u0300res anne\u0301es. <\/span><\/p>\n<p><span style=\"font-size: 11.000000pt; font-family: 'Calibri';\">LA MAGNETOSPHERE<br \/>\n<\/span><span style=\"font-size: 11.000000pt; font-family: 'Calibri';\">L\u2019ensemble des lignes de champ magne\u0301tique de la terre sont situe\u0301es a\u0300 environ 1000 km du sol et s\u2019appelle la <\/span><span style=\"font-size: 11.000000pt; font-family: 'Calibri';\">magne\u0301tosphe\u0300re. <\/span><\/p>\n<p><span style=\"font-size: 11.000000pt; font-family: 'Calibri';\">Notre terre est prote\u0301ge\u0301e des \u00ab\u00a0vents solaires\u00a0\u00bb par ce bouclier, \u00ab la magne\u0301tosphe\u0300re \u00bb qui entoure la Terre. Ce rayonnement solaire bombarde en permanence la Terre et il est lie\u0301 au de\u0301placement a\u0300 tre\u0300s grande vitesse de particules e\u0301lectriquement charge\u0301es. <\/span><\/p>\n<\/div>\n<\/div>\n<\/div>\n<div class=\"page\" title=\"Page 4\">\n<div class=\"layoutArea\">\n<div class=\"column\">\n<p><span style=\"font-size: 11.000000pt; font-family: 'Calibri';\">Le soleil e\u0301met 2 millions de tonnes de particules de vent solaire chaque seconde. Donc la terre est bombarde\u0301e en permanence. Sans ce bouclier, les particules du vent solaire et celles des rayons cosmiques produiraient un <\/span><span style=\"font-size: 11.000000pt; font-family: 'Calibri';\">taux de radiations nocif qui compromettrait l\u2019existence des espe\u0300ces vivantes. <\/span><\/p>\n<p><span style=\"font-size: 11.000000pt; font-family: 'Calibri';\">Il <\/span><span style=\"font-size: 11.000000pt; font-family: 'Calibri';\">en est de me\u0302me pour l\u2019e\u0302tre humain et c\u2019est pour cela que notre <\/span><span style=\"font-size: 11.000000pt; font-family: 'Calibri';\">\u00ab <\/span><span style=\"font-size: 11.000000pt; font-family: 'Calibri'; font-weight: bold;\">magne\u0301tosphe\u0300re individuelle <\/span><span style=\"font-size: 11.000000pt; font-family: 'Calibri';\">\u00bb doit e\u0302tre puissante. <\/span><span style=\"font-size: 11.000000pt; font-family: 'Calibri';\">D\u2019ailleur<\/span><span style=\"font-size: 11.000000pt; font-family: 'Calibri';\">s<\/span><span style=\"font-size: 11.000000pt; font-family: 'Calibri';\">, la photographie Kirlian nous montre bien que plus un individu progresse dans l\u2019e\u0301volution d\u2019une pathologie grave e<\/span><span style=\"font-size: 11.000000pt; font-family: 'Calibri';\">t plus son \u00ab e\u0301nergie vitale <\/span><span style=\"font-size: 11.000000pt; font-family: 'Calibri';\">\u00bb s\u2019a<\/span><span style=\"font-size: 11.000000pt; font-family: 'Calibri';\">ffaiblit pour devenir inexistante juste apre\u0300s sa mort. <\/span><\/p>\n<p><span style=\"font-size: 11.000000pt; font-family: 'Calibri';\">L&rsquo;effet Kirlian est le re\u0301sultat photographique de la manifestation physique d&rsquo;ondes e\u0301mises par le corps humain, formant ainsi une bulle e\u0301nerge\u0301tique visualisable par cette technique et <\/span><span style=\"font-size: 11.000000pt; font-family: 'Calibri';\">qui n\u2019<\/span><span style=\"font-size: 11.000000pt; font-family: 'Calibri';\">est <\/span><span style=\"font-size: 11.000000pt; font-family: 'Calibri';\">d\u2019autre que <\/span><span style=\"font-size: 11.000000pt; font-family: 'Calibri';\">la manifestation d&rsquo;un des aspects de notre potentiel e\u0301nerge\u0301tique. <\/span><\/p>\n<p><span style=\"font-size: 11.000000pt; font-family: 'Calibri';\">Ces ondes furent mises en e\u0301vidence la premie\u0300re fois par Nikola Tesla, en 1893, mais ce n&rsquo;est qu&rsquo;en 1939 que des preuves photographiques ont pu e\u0302tre apporte\u0301es par le chercheur sovie\u0301tique Semyon Kirlian. <\/span><\/p>\n<p><span style=\"font-size: 11.000000pt; font-family: 'Calibri';\">C&rsquo;est du fonctionnement de la thyroi\u0308de que de\u0301pend le niveau e\u0301nerge\u0301tique global de notre organisme. C&rsquo;est le niveau de se\u0301cre\u0301tion de cette glande qui de\u0301terminera l&rsquo;importance et la coloration de cette \u00a0\u00bb aura \u00a0\u00bb que visualise l&rsquo;effet Kirlian. <\/span><\/p>\n<p><span style=\"font-size: 11.000000pt; font-family: 'Calibri';\">LA RESONANCE SCHUMANN<br \/>\nLes re\u0301sonances de Schumann sont nomme\u0301es ainsi d&rsquo;apre\u0300s le physicien allemand Winfried Otto Schumann qui les a pre\u0301dits dans les anne\u0301es 1950. Elles furent observe\u0301es dans les anne\u0301es 1960.<br \/>\n<\/span><span style=\"font-size: 11.000000pt; font-family: 'Calibri';\">L\u2019espace compris entre la Terre et la couche la plus externe de l\u2019ionosphe\u0300re situe\u0301e a\u0300 environ 55 kilome\u0300tres d\u2019altitude, posse\u0300de des capacite\u0301s de re\u0301sonance avec le champ magne\u0301tique terrestre. <\/span><\/p>\n<p><span style=\"font-size: 11.000000pt; font-family: 'Calibri';\">La re\u0301sonance de la Terre e\u0301tait de 7,8 Hz depuis des milliers d&rsquo;anne\u0301es. Depuis 1980, insensiblement, puis plus vite depuis 1997, cette mesure est arrive\u0301e a\u0300 la hauteur de 12,8 Hz. <\/span><\/p>\n<p><span style=\"font-size: 11.000000pt; font-family: 'Calibri'; font-weight: bold;\">Le champ magne\u0301tique de la terre diminue alors que la \u201dre\u0301sonance Schumann\u201d de la Terre est en <\/span><span style=\"font-size: 11.000000pt; font-family: 'Calibri'; font-weight: bold;\">hausse. <\/span><\/p>\n<p><span style=\"font-size: 11.000000pt; font-family: 'Calibri';\">Nos cellules e\u0301tant de minuscules piles e\u0301lectriques, elles peuvent e\u0302tre facilement influence\u0301es par un <\/span><span style=\"font-size: 11.000000pt; font-family: 'Calibri';\">changement de fre\u0301quence de l\u2019environnement. Notre cerveau produit des ondes qui vibrent en harmonie avec <\/span><span style=\"font-size: 11.000000pt; font-family: 'Calibri';\">la fre\u0301quence terrestre :<br \/>\n&#8211; Fre\u0301quence &lt; 12 Hz : <\/span><span style=\"font-size: 11.000000pt; font-family: 'Calibri'; font-weight: bold;\">e\u0301tats de de\u0301tente<br \/>\n<\/span><span style=\"font-size: 11.000000pt; font-family: 'Calibri';\">&#8211; Fre\u0301quence &gt; 12 Hz : <\/span><span style=\"font-size: 11.000000pt; font-family: 'Calibri'; font-weight: bold;\">e\u0301tats d\u2019activite\u0301 ce\u0301re\u0301brale intens<\/span><span style=\"font-size: 11.000000pt; font-family: 'Calibri'; font-weight: bold;\">e<br \/>\n<\/span><span style=\"font-size: 11.000000pt; font-family: 'Calibri'; font-weight: bold;\">L\u2019e\u0301le\u0301vation du niveau vibratoire de la Terre aura des re\u0301percussions, tant sur le plan physique que psychique, <\/span><span style=\"font-size: 11.000000pt; font-family: 'Calibri'; font-weight: bold;\">chez tous les e\u0302tres vivants. <\/span><\/p>\n<\/div>\n<\/div>\n<\/div>\n<div class=\"page\" title=\"Page 5\">\n<div class=\"layoutArea\">\n<div class=\"column\">\n<p><span style=\"font-size: 11.000000pt; font-family: 'Calibri'; font-weight: bold;\">MAGNETOTHERAPIE <\/span><\/p>\n<p><span style=\"font-size: 11.000000pt; font-family: 'Calibri';\">La magne\u0301tothe\u0301rapie repose sur les effets biologiques des champs magne\u0301tiques sur l&rsquo;organisme vivant. <\/span><\/p>\n<p><span style=\"font-size: 11.000000pt; font-family: 'Calibri';\">Les champs magne\u0301tiques pe\u0301ne\u0300trent les cellules qui lui sont expose\u0301es et stimulent les e\u0301changes d&rsquo;ions de polarite\u0301s oppose\u0301es, ame\u0301liorant l&rsquo;utilisation de l&rsquo;oxyge\u0300ne par nos cellules. <\/span><\/p>\n<p><span style=\"font-size: 11.000000pt; font-family: 'Calibri';\">Les micros courants e\u0301lectriques ainsi cre\u0301e\u0301s stimulent la circulation du sang, de la lymphe et des influx nerveux. <\/span><span style=\"font-size: 11.000000pt; font-family: 'Calibri';\">Le sang e\u0301tant compose\u0301 de fer, ce dernier jouerait alors le ro\u0302le de conducteur de l\u2019e\u0301nergie magne\u0301tique. <\/span><\/p>\n<p><span style=\"font-size: 11.000000pt; font-family: 'Calibri';\">Ainsi, les e\u0301changes chimiques sont ame\u0301liore\u0301s et nos cellules en rec\u0327oivent tous les be\u0301ne\u0301fices pour mieux se re\u0301ge\u0301ne\u0301rer. <\/span><\/p>\n<p><span style=\"font-size: 11.000000pt; font-family: 'Calibri';\">L\u2019utilisation d\u2019ai<\/span><span style=\"font-size: 11.000000pt; font-family: 'Calibri';\">mants a\u0300 des fins the\u0301rapeutiques ou \u00ab magne\u0301tothe\u0301rapie \u00bb <\/span><span style=\"font-size: 11.000000pt; font-family: 'Calibri';\">remonte a\u0300 l\u2019Antiquite\u0301. De\u0300s cette e\u0301poque, l\u2019homme pre\u0302tait des pouvoirs de gue\u0301rison aux pierres naturellement magne\u0301tiques. <\/span><\/p>\n<p><span style=\"font-size: 11.000000pt; font-family: 'Calibri';\">HISTOIRE DE LA MAGNETOTHERAPIE<br \/>\nLes premie\u0300res applicati<\/span><span style=\"font-size: 11.000000pt; font-family: 'Calibri';\">ons me\u0301dicales de l\u2019aimant remonteraient a\u0300 la me\u0301decine antique (les chalde\u0301ens, les <\/span><span style=\"font-size: 11.000000pt; font-family: 'Calibri';\">Egyptiens, les chinois). <\/span><\/p>\n<p><span style=\"font-size: 11.000000pt; font-family: 'Calibri';\">Hippocrate (me\u0301decin grec 400 Av J.C) les conseille pour favoriser la fe\u0301condite\u0301. <\/span><\/p>\n<p><span style=\"font-size: 11.000000pt; font-family: 'Calibri';\">Pline (e\u0301crivain et naturaliste romain 1er sie\u0300cle) cite les aimants en usage me\u0301dical. <\/span><\/p>\n<p><span style=\"font-size: 11.000000pt; font-family: 'Calibri';\">En Europe, Paracelse (me\u0301decin suisse du XVIe sie\u0300cle) en parle e\u0301galement. <\/span><\/p>\n<p><span style=\"font-size: 11.000000pt; font-family: 'Calibri';\">En 1777, L&rsquo;abbe\u0301 Le Noble re\u0301dige un me\u0301moire sur les effets de l&rsquo;aimant qu&rsquo;il pre\u0301sente a\u0300 la Socie\u0301te\u0301 Royale de Me\u0301decine. <\/span><\/p>\n<p><span style=\"font-size: 11.000000pt; font-family: 'Calibri';\">En 1779, les docteurs Audry et Thouret, auxquels la Socie\u0301te\u0301 royale de me\u0301decine a commande\u0301 un rapport sur le sujet publient un me\u0301moire de plus de 200 pages contenant des compte-rendu de\u0301taille\u0301s. <\/span><\/p>\n<p><span style=\"font-size: 11.000000pt; font-family: 'Calibri';\">Laennec (me\u0301decin franc\u0327ais inventeur du ste\u0301thoscope XIXe sie\u0300cle) traite les affections nerveuses des arte\u0300res ou la ne\u0301vralgie pulmonaire avec les aimants. <\/span><\/p>\n<p><span style=\"font-size: 11.000000pt; font-family: 'Calibri';\">Arse\u0300ne D\u2019Arsonval (me\u0301decin, physicien et inventeur franc\u0327ais, fin XIXe sie\u0300cle) effectue les 1ers travaux sur la <\/span><span style=\"font-size: 11.000000pt; font-family: 'Calibri';\">stimulation magne\u0301tique. <\/span><\/p>\n<\/div>\n<\/div>\n<\/div>\n<div class=\"page\" title=\"Page 6\">\n<div class=\"layoutArea\">\n<div class=\"column\">\n<p><span style=\"font-size: 11.000000pt; font-family: 'Calibri';\">Le Pr Dan Constantinescu (neurologue roumain XXe sie\u0300cle), spe\u0301cialiste de la magne\u0301tothe\u0301rapie, a publie\u0301 un ouvrage de re\u0301fe\u0301rence publie\u0301 en France :<br \/>\n<\/span><span style=\"font-size: 11.000000pt; font-family: 'Calibri'; font-style: italic;\">\u00ab La magne\u0301tothe\u0301rapie, ses bases, son mode d\u2019action \u00bb, publie\u0301 aux e\u0301ditions Kine\u0301sithe\u0301rapie Scientifique en 1985. <\/span><\/p>\n<p><span style=\"font-size: 11.000000pt; font-family: 'Calibri';\">MAGNE\u0301TOTHE\u0301RAPIE &amp; SCIENCE<br \/>\nOn peut partir de l&rsquo;ide\u0301e qu&rsquo;une grande partie de nos \u00ab\u00a0maladies de civilisation\u00a0\u00bb re\u0301sulte des irre\u0301gularite\u0301s et de la baisse du champ magne\u0301tique. <\/span><\/p>\n<p><span style=\"font-size: 11.000000pt; font-family: 'Calibri';\">L\u2019utilisation des aimants trouve ici tout son potentiel pour \u00ab redonner \u00bb aux organismes fatigue\u0301s ou malades l\u2019e\u0301nergie terrestre qui commence a\u0300 lui faire cruellement <\/span><span style=\"font-size: 11.000000pt; font-family: 'Calibri';\">de\u0301faut. <\/span><\/p>\n<p><span style=\"font-size: 11.000000pt; font-family: 'Calibri';\">&#8211; <\/span><span style=\"font-size: 11.000000pt; font-family: 'Calibri';\">Le Japon l\u2019a reconnue comme me\u0301decine a\u0300 part entie\u0300re, et certains ho\u0302pitaux europe\u0301ens re\u0301fle\u0301chissent a\u0300 l\u2019inte\u0301re\u0302t d\u2019y avoir recours. <\/span><\/p>\n<p><span style=\"font-size: 11.000000pt; font-family: 'Calibri';\">&#8211; <\/span><span style=\"font-size: 11.000000pt; font-family: 'Calibri';\">A Paris, l\u2019ho\u0302pital Sainte Anne est l\u2019un des pre\u0301curseurs de l\u2019enseignement de cette me\u0301decine alternative ainsi qu\u2019a\u0300 l\u2019UER de me\u0301decine de Bobigny. <\/span><\/p>\n<p><span style=\"font-size: 11.000000pt; font-family: 'Calibri';\">&#8211; <\/span><span style=\"font-size: 11.000000pt; font-family: 'Calibri';\">En 1987, l\u2019OMS a de\u0301clare\u0301 la magne\u0301tothe\u0301rapie sans danger pour la sante\u0301. <\/span><\/p>\n<p><span style=\"font-size: 11.000000pt; font-family: 'Calibri';\">&#8211; Le Docteur Alvin BAKST, chirurgien thoracique et cardio-<\/span><span style=\"font-size: 11.000000pt; font-family: 'Calibri';\">vasculaire et pionnier de la chirurgie du c\u0153ur est <\/span><span style=\"font-size: 11.000000pt; font-family: 'Calibri';\">fondateur aux U.S.A de \u00abMagnatech Labs Inc\u00bb. <\/span><span style=\"font-size: 11.000000pt; font-family: 'Calibri';\">Souffrant d\u2019atroces douleurs du dos, il a recherche\u0301 un <\/span><span style=\"font-size: 11.000000pt; font-family: 'Calibri';\">traitement efficace, non chirurgical et non me\u0301dicamenteux et a oriente\u0301 ses recherches vers la magne\u0301tothe\u0301rapie. <\/span><\/p>\n<p><span style=\"font-size: 11.000000pt; font-family: 'Calibri';\">Le Dr Bakst a montre\u0301 le syndrome de de\u0301ficience du champ magne\u0301tique qui se traduit par : &#8211; raideurs du dos, des e\u0301paules et du cou<br \/>\n&#8211; lombalgies<br \/>\n&#8211; fre\u0301quents maux de te\u0302te <\/span><\/p>\n<p><span style=\"font-size: 11.000000pt; font-family: 'Calibri';\">&#8211; vertiges<br \/>\n&#8211; insomnie<br \/>\n&#8211; fatigue ge\u0301ne\u0301rale <\/span><\/p>\n<p><span style=\"font-size: 11.000000pt; font-family: 'Calibri';\">&#8211; <\/span><span style=\"font-size: 11.000000pt; font-family: 'Calibri';\">Le Dr Albert TANIOS, neuropsychiatre a\u0300 l\u2019ho\u0302pital Sainte Anne, montre que les aimants ge\u0301ne\u0300rent des se\u0301cre\u0301tions d\u2019endorphines par l<\/span><span style=\"font-size: 11.000000pt; font-family: 'Calibri';\">e cerveau. Cette hormone est un puissant antalgique qui permet de soulager les douleurs provoque\u0301es par la contracture des muscles.<br \/>\nCe me\u0301decin affirme que les aimants sont, sans doute, les meilleurs antalgiques du monde. <\/span><\/p>\n<p><span style=\"font-size: 11.000000pt; font-family: 'Calibri';\">Le champ d\u2019application des aimants e<\/span><span style=\"font-size: 11.000000pt; font-family: 'Calibri';\">st vaste : pe\u0301riarthrite de l&rsquo;e\u0301paule, entorses, arthroses, rhumatismes, crampes, migraines, ulce\u0300res variqueux, troubles du comportement alimentaire. <\/span><\/p>\n<p><span style=\"font-size: 11.000000pt; font-family: 'Calibri';\">&#8211; Le docteur Bansal de New-Delhi dit que \u00ab\u00a0l&rsquo;eau magne\u0301tise\u0301e gue\u0301rit tout\u00a0\u00bb. <\/span><span style=\"font-size: 11.000000pt; font-family: 'Calibri';\">Pour lui et ses confre\u0300res, l\u2019eau <\/span><span style=\"font-size: 11.000000pt; font-family: 'Calibri';\">magne\u0301tise\u0301e posse\u0300de de re\u0301elles faculte\u0301s de drainer. Elle aide a\u0300 faire disparai\u0302tre les calculs re\u0301naux, elle abaisse les taux de choleste\u0301rol et de diabe\u0300te, elle aide dans la constipation et favorise la perte de poids. <\/span><\/p>\n<\/div>\n<\/div>\n<\/div>\n<div class=\"page\" title=\"Page 7\">\n<div class=\"layoutArea\">\n<div class=\"column\">\n<p><span style=\"font-size: 11.000000pt; font-family: 'Calibri'; font-weight: bold;\">L\u2019eau magne\u0301tise\u0301e <\/span><span style=\"font-size: 11.000000pt; font-family: 'Calibri';\">a un effet positif sur les plantes (effet de\u0301ja\u0300 de\u0301montre\u0301 par Pasteur en 1862) car elle est plus soluble et mieux absorbe\u0301e du fait de sa faible tension de surface. Les substances nutritives dissoutes dans <\/span><span style=\"font-size: 11.000000pt; font-family: 'Calibri';\">l\u2019eau seront donc plus facilement absorbe\u0301es. <\/span><\/p>\n<p><span style=\"font-size: 11.000000pt; font-family: 'Calibri';\">Une e\u0301tude effectue\u0301e par le \u00ab Isr<\/span><span style=\"font-size: 11.000000pt; font-family: 'Calibri';\">aeli Institute of Technology \u00bb de Hai\u0308fa a montre\u0301 que l\u2019eau magne\u0301tise\u0301e donne une plus grande uniformisation de la croissance et de la vitalite\u0301 des re\u0301coltes, une re\u0301duction de l\u2019utilisation des <\/span><span style=\"font-size: 11.000000pt; font-family: 'Calibri';\">engrais, une prolongation de la saison de production, une ame\u0301lioration de la qualite\u0301 du feuillage, de la taille, de la forme et de la teneur en sucre des fruits et des le\u0301gumes, une augmentation de production de 13 a\u0300 20%. <\/span><\/p>\n<p><span style=\"font-size: 11.000000pt; font-family: 'Calibri';\">L\u2019eau magne\u0301tise\u0301e double ou triple la dure\u0301e de vie des fleurs coupe\u0301es, les fruits magne\u0301tise\u0301s se conse<\/span><span style=\"font-size: 11.000000pt; font-family: 'Calibri';\">rvent plus longtemps. <\/span><\/p>\n<p><span style=\"font-size: 11.000000pt; font-family: 'Calibri';\">Les jardiniers ont aussi remarque\u0301 que pour les plantes, l\u2019eau d\u2019orage naturellement magne\u0301tise\u0301e favorise leur croissance, en comparaison avec un arrosage a\u0300 l\u2019eau de ville. <\/span><\/p>\n<p><span style=\"font-size: 11.000000pt; font-family: 'Calibri';\">En conclusion, pour <\/span><span style=\"font-size: 11.000000pt; font-family: 'Calibri';\">bien s\u2019hydrater, <\/span><span style=\"font-size: 11.000000pt; font-family: 'Calibri';\">il est recommande\u0301 de rempl<\/span><span style=\"font-size: 11.000000pt; font-family: 'Calibri';\">ir une carafe en verre avec de l\u2019eau peu mine\u0301ralise\u0301e de type Volvic ou d\u2019eau filtre\u0301<\/span><span style=\"font-size: 11.000000pt; font-family: 'Calibri';\">e par osmose inverse. Ensuite, a\u0300 <\/span><span style=\"font-size: 11.000000pt; font-family: 'Calibri';\">l\u2019<\/span><span style=\"font-size: 11.000000pt; font-family: 'Calibri'; font-weight: bold;\">exte\u0301rieur <\/span><span style=\"font-size: 11.000000pt; font-family: 'Calibri';\">de cette carafe, il faut <\/span><span style=\"font-size: 11.000000pt; font-family: 'Calibri';\">placer un double aiment (nord\/sud) pour magne\u0301tiser l\u2019eau pendant toute la nuit. <\/span><span style=\"font-size: 11.000000pt; font-family: 'Calibri';\">A <\/span><span style=\"font-size: 11.000000pt; font-family: 'Calibri';\">l\u2019<\/span><span style=\"font-size: 11.000000pt; font-family: 'Calibri'; font-weight: bold;\">inte\u0301rieur <\/span><span style=\"font-size: 11.000000pt; font-family: 'Calibri';\">de la carafe, vous pouvez placer, en permanence, <\/span><span style=\"font-size: 11.000000pt; font-family: 'Calibri';\">un cristal de roche (quartz) d\u2019un minimum de 40 grammes pour <\/span><span style=\"font-size: 11.000000pt; font-family: 'Calibri';\">augmenter les tran<\/span><span style=\"font-size: 11.000000pt; font-family: 'Calibri';\">sferts d\u2019informations. <\/span><\/p>\n<p><span style=\"font-size: 11.000000pt; font-family: 'Calibri';\">Il en est de me\u0302me pour notre eau inte\u0301rieure ! <\/span><\/p>\n<p><span style=\"font-size: 11.000000pt; font-family: 'Calibri';\">Vous pouvez vous procurer des aimants en ne\u0301odyme et des cristaux de roche sur le site: <\/span><\/p>\n<p><span style=\"font-size: 11.000000pt; font-family: 'Calibri'; color: rgb(0.000000%, 0.000000%, 100.000000%);\">www.selena-nature.com <\/span><\/p>\n<\/div>\n<\/div>\n<\/div>\n<div class=\"page\" title=\"Page 8\">\n<div class=\"layoutArea\">\n<div class=\"column\">\n<p><span style=\"font-size: 11.000000pt; font-family: 'Calibri';\">CHAMP MAGNETIQUE &amp; EMOTIONS<br \/>\n<\/span><span style=\"font-size: 11.000000pt; font-family: 'Calibri';\">D\u2019apre\u0300s le Dr Dieter Broers (biophysicien a\u0300 l\u2019universite\u0301 de Berlin), il existe des relations ave\u0301re\u0301es entre <\/span><span style=\"font-size: 11.000000pt; font-family: 'Calibri';\">l&rsquo;intensite\u0301 et les variations du champ magne\u0301tique terrestre d&rsquo;une part et les e\u0301tats d&rsquo;humeur et de conscience <\/span><span style=\"font-size: 11.000000pt; font-family: 'Calibri';\">de l&rsquo;homme d\u2019autre part. <\/span><\/p>\n<p><span style=\"font-size: 11.000000pt; font-family: 'Calibri';\">Des e\u0301tudes ont clairement e\u0301tabli des liens entre certaines irre\u0301gularite\u0301s magne\u0301tiques et le nombre d&rsquo;entre\u0301es en cliniques psychiatriques, d&rsquo;accidents de la circulation ou de suicides. <\/span><\/p>\n<p><span style=\"font-size: 11.000000pt; font-family: 'Calibri';\">Le Professeur Raymond Wheeler, de l\u2019Universite\u0301 du Kansas, a de\u0301montre\u0301, apre\u0300s de nombreuses e\u0301tudes, que les <\/span><span style=\"font-size: 11.000000pt; font-family: 'Calibri';\">fluctuations solaires interagissant avec le champ magne\u0301tique terrestre et provoquent <\/span><span style=\"font-size: 11.000000pt; font-family: 'Calibri';\">chez l\u2019e\u0302tre humain une <\/span><span style=\"font-size: 11.000000pt; font-family: 'Calibri';\">modification du comportement e\u0301motionnel. <\/span><\/p>\n<p><span style=\"font-size: 11.000000pt; font-family: 'Calibri';\">Un aimant pose\u0301 entre les deux bandes jaunes de\u0301contracte et de\u0301stresse. <\/span><\/p>\n<p><span style=\"font-size: 11.000000pt; font-family: 'Calibri';\">CHAMP MAGNETIQUE &amp; INFARCTUS<br \/>\nDes scientifiques de la NASA, parmi lesquels le Pr Franz Halberg, ont montre\u0301 un lien direct entre la survenance <\/span><span style=\"font-size: 11.000000pt; font-family: 'Calibri';\">d\u2019infarc<\/span><span style=\"font-size: 11.000000pt; font-family: 'Calibri';\">tus et les modifications magne\u0301tiques sur terre, ge\u0301ne\u0301re\u0301es par le soleil. <\/span><\/p>\n<p><span style=\"font-size: 11.000000pt; font-family: 'Calibri';\">Les premiers astronautes e\u0301taient malades a\u0300 leur retour sur Terre. Dans l\u2019espace, le manque de champ magne\u0301tique peut causer des dommages irre\u0301parables au niveau de l\u2019ADN. <\/span><\/p>\n<p><span style=\"font-size: 11.000000pt; font-family: 'Calibri';\">Depuis, les nav<\/span><span style=\"font-size: 11.000000pt; font-family: 'Calibri';\">ettes et l\u2019e\u0301quipement des astronautes contiennent des aimants qui recre\u0301ent un champ <\/span><span style=\"font-size: 11.000000pt; font-family: 'Calibri';\">magne\u0301tique artificiel. <\/span><\/p>\n<\/div>\n<\/div>\n<div class=\"layoutArea\">\n<div class=\"column\">\n<p><span style=\"font-size: 11.000000pt; font-family: 'Calibri';\">CHAMP MAGNETIQUE &amp; CANCERS<br \/>\nLes cellules humaines sont des petites usines e\u0301lectromagne\u0301tiques de par leur structure de pile :<br \/>\n&#8211; Les cellules saines (ae\u0301robies) ont une tension e\u0301leve\u0301e.<br \/>\n&#8211; Les cellules cance\u0301reuses (anae\u0301robies) ont une tension faible en raison du fait qu&rsquo;elles produisent l&rsquo;e\u0301nergie par fermentation.<br \/>\nUne diminution du champ magne\u0301tique est donc favorable a\u0300 la prolife\u0301ration cance\u0301reuse. <\/span><\/p>\n<\/div>\n<\/div>\n<\/div>\n<div class=\"page\" title=\"Page 9\">\n<div class=\"layoutArea\">\n<div class=\"column\">\n<p><span style=\"font-size: 11.000000pt; font-family: 'Calibri';\">SYNDROME DE DEFICIENCE MAGNETIQUE<br \/>\n<\/span><span style=\"font-size: 11.000000pt; font-family: 'Calibri';\">La vie s\u2019est de\u0301veloppe\u0301e sous l\u2019influence de ce champ ge\u0301omagne\u0301tique terrestre. Tous nos organes et chacune <\/span><span style=\"font-size: 11.000000pt; font-family: 'Calibri';\">de nos cellules sont charge\u0301s magne\u0301tiquement. La re\u0301gularisation des cellules, la fonction des tissus et la vie elle-me\u0302me sont contro\u0302le\u0301es par des courants e\u0301lectromagne\u0301tiques. <\/span><\/p>\n<p><span style=\"font-size: 11.000000pt; font-family: 'Calibri';\">Dans un article publie\u0301 en 1976, le Professeur Kyoichi Nakagawa, me\u0301decin a\u0300 l\u2019ho\u0302pital Isuzu de Tokyo, de\u0301crivit une maladie qu\u2019il nomma \u00ab <\/span><span style=\"font-size: 11.000000pt; font-family: 'Calibri';\">le syndrome de de\u0301ficience magne\u0301tique \u00bb. Ce syndrome touche de plus en plus de personnes du fait des conditions de vie moderne.<br \/>\n<\/span><span style=\"font-size: 11.000000pt; font-family: 'Calibri'; font-style: italic;\">(Enque\u0302te du Pr Nakagawa sur 11 000 utilisateurs de la magne\u0301tothe\u0301rapie). <\/span><\/p>\n<p><span style=\"font-size: 11.000000pt; font-family: 'Calibri';\">Ce que nous appelons \u00ab fibromyalgie <\/span><span style=\"font-size: 11.000000pt; font-family: 'Calibri';\">\u00bb (insomnie, douleurs musculaires, fatigue chronique), n\u2019existe pas au <\/span><span style=\"font-size: 11.000000pt; font-family: 'Calibri';\">Japon car cet ensemble de sympto\u0302mes est nomme\u0301 la\u0300-bas le syndrome de de\u0301ficience magne\u0301tique. <\/span><\/p>\n<p><a href=\"http:\/\/www.tepaseul-magazine.fr\/wp-content\/uploads\/2014\/07\/couv-livre-copie-2.jpg\"><img loading=\"lazy\" decoding=\"async\" class=\"aligncenter size-full wp-image-9772\" src=\"http:\/\/www.tepaseul-magazine.fr\/wp-content\/uploads\/2014\/07\/couv-livre-copie-2.jpg\" alt=\"couv livre - copie 2\" width=\"151\" height=\"202\" \/><\/a><\/p>\n<p><span style=\"font-size: 11.000000pt; font-family: 'Calibri';\">Un exce\u0300s de substance toxique, de me\u0301taux lourds (me\u0301taux traces toxiques) peuvent aussi modifier les conditions e\u0301lectromagne\u0301tiques re\u0301gnant dans la cellule. Il est donc fondamental de les e\u0301liminer hors de <\/span><span style=\"font-size: 11.000000pt; font-family: 'Calibri';\">l\u2019organisme <\/span><span style=\"font-size: 11.000000pt; font-family: 'Calibri';\">: <\/span><span style=\"font-size: 11.000000pt; font-family: 'Calibri'; color: rgb(0.000000%, 0.000000%, 100.000000%);\">http:\/\/www.yvescassard.com\/Soufre.html <\/span><\/p>\n<p><span style=\"font-size: 11.000000pt; font-family: 'Calibri';\">Les dispositifs e\u0301lectriques et e\u0301lectroniques sont devenus si nombreux qu\u2019ils concurrencent les champs <\/span><span style=\"font-size: 11.000000pt; font-family: 'Calibri';\">magne\u0301tiques normaux et pertu<\/span><span style=\"font-size: 11.000000pt; font-family: 'Calibri';\">rbent l\u2019e\u0301quilibre de nos cellules :<br \/>\n<\/span><span style=\"font-size: 11.000000pt; font-family: 'Calibri';\">&#8211; Te\u0301le\u0301vision<br \/>\n&#8211; Micro-ordinateur <\/span><\/p>\n<p><span style=\"font-size: 11.000000pt; font-family: 'Calibri';\">&#8211; Te\u0301le\u0301phone cellulaire, te\u0301le\u0301phone sans fil DECT &#8211; Micro-ondes<br \/>\n&#8211; Antennes de te\u0301le\u0301phonie, Wi Fi<br \/>\n&#8211; Lignes e\u0301lectriques <\/span><\/p>\n<p><span style=\"font-size: 11.000000pt; font-family: 'Calibri';\">Les e\u0301tudes scientifiques internationales tendent de plus en plus a\u0300 prouver que de nombreuses pathologies modernes (cancers, leuce\u0301mies, scle\u0301rose en plaque, autisme, etc&#8230;) sont lie\u0301es aux perturbations e\u0301lectromagne\u0301tiques de notre environnement, en particulier par l&rsquo;affaiblissement du syste\u0300me immunitaire, la fatigue chronique, etc&#8230;. <\/span><\/p>\n<p><span style=\"font-size: 11.000000pt; font-family: 'Calibri';\">La voiture, dans laquelle nous passons de plus en plus de temps, est aussi source de troubles car elle agit comme une \u00ab cage de Faraday \u00bb en nous isolant du reste du monde. <\/span><\/p>\n<p><span style=\"font-size: 11.000000pt; font-family: 'Calibri';\">Les habitations a\u0300 multiples e\u0301tages construites en be\u0301ton, les ascenseurs, le temps passe\u0301 dans les transports en <\/span><span style=\"font-size: 11.000000pt; font-family: 'Calibri';\">commun sont autant d\u2019e\u0301le\u0301ments qui nous e\u0301loignent de l\u2019e\u0301nergie terrestre <\/span><\/p>\n<\/div>\n<\/div>\n<\/div>\n<div class=\"page\" title=\"Page 10\">\n<div class=\"layoutArea\">\n<div class=\"column\">\n<p><span style=\"font-size: 11.000000pt; font-family: 'Calibri';\">L\u2019homme e\u0301tant constitue\u0301 de 70 a\u0300 80% d\u2019eau, et le magne\u0301tisme e\u0301tant particulie\u0300rement influent sur cet <\/span><span style=\"font-size: 11.000000pt; font-family: 'Calibri';\">e\u0301le\u0301ment, les liquides corporels voient leurs proprie\u0301te\u0301s biologiques modifie\u0301es par les champs magne\u0301tiques. <\/span><\/p>\n<p><span style=\"font-size: 11.000000pt; font-family: 'Calibri';\">Donc si l\u2019on s\u2019isole trop souvent du sol, de la terre, le corps perd de son e\u0301nergie. <\/span><\/p>\n<p><span style=\"font-size: 11.000000pt; font-family: 'Calibri';\">La pollution e\u0301lectromagne\u0301tique extre\u0302mement importante \u00abpompe\u00bb litte\u0301ralement notre e\u0301nergie vitale et nous coupe des champs magne\u0301tiques terrestres. <\/span><\/p>\n<p><span style=\"font-size: 11.000000pt; font-family: 'Calibri';\">UTILISATION DES AIMANTS<br \/>\nLes aimants utilise\u0301s en magne\u0301tothe\u0301rapie se pre\u0301sentent ge\u0301ne\u0301ralement sous la forme de pastilles, galets, plaques. <\/span><\/p>\n<p><span style=\"font-size: 11.000000pt; font-family: 'Calibri';\">Ils sont fabrique\u0301s a\u0300 partir de Ne\u0301odyme, Fer, et Bore, le ne\u0301odyme e\u0301tant une terre rare. <\/span><span style=\"font-size: 11.000000pt; font-family: 'Calibri';\">C\u2019est le mate\u0301riau <\/span><span style=\"font-size: 11.000000pt; font-family: 'Calibri';\">magne\u0301tique le plus puissant connu a\u0300 ce jour. Cette puissance permet des tailles plus petites pour les bijoux magne\u0301tiques. <\/span><\/p>\n<p><span style=\"font-size: 11.000000pt; font-family: 'Calibri';\">En magne\u0301tothe\u0301rapie, les ne\u0301odymes sont bien adapte\u0301s pour un traitement localise\u0301 a\u0300 court et moyen terme mais aussi pour un re\u0301e\u0301quilibrage complet du corps. <\/span><\/p>\n<p><span style=\"font-size: 11.000000pt; font-family: 'Calibri';\">Selon l\u2019indication, on portera les aimants quelques heures par jour ou en permanence. <\/span><\/p>\n<p><span style=\"font-size: 11.000000pt; font-family: 'Calibri';\">Certaines personnes peuvent avoir un re\u0301sultat imme\u0301diat avec la magne\u0301tothe\u0301rapie, d\u2019autres peuvent attendre <\/span><span style=\"font-size: 11.000000pt; font-family: 'Calibri';\">des jours ou des semaines. <\/span><\/p>\n<p><span style=\"font-size: 11.000000pt; font-family: 'Calibri';\">ATTENTION:<br \/>\nUtilisation des aimants de\u0301conseille\u0301e chez les personnes porteuses d&rsquo;un pacemaker et pour la femme enceinte <\/span><span style=\"font-size: 11.000000pt; font-family: 'Calibri';\">de moins de trois mois (e\u0301viter l&rsquo;utilisation d\u2019aimants directement sur le ventre). <\/span><\/p>\n<p><span style=\"font-size: 11.000000pt; font-family: 'Calibri';\">Un petit nombre de personnes peut e\u0302tre trop sensible aux aimants et ressentir de le\u0301gers troubles. Il est alors <\/span><span style=\"font-size: 11.000000pt; font-family: 'Calibri';\">conseille\u0301 de porter les aimants 5 minutes par jour et ensuite d\u2019augmenter ce temps de 5 minutes supple\u0301mentaires toutes les semaines. Quand l\u2019organisme se sera \u00ab <\/span><span style=\"font-size: 11.000000pt; font-family: 'Calibri';\">recharge\u0301 \u00bb, il sera alors possible de porter les aimants toute la journe\u0301e. <\/span><\/p>\n<p><span style=\"font-size: 11.000000pt; font-family: 'Calibri';\">\u00ab Pour une action sur le long terme, il faut au moins trois semaines de cure \u00bb, conclut le Dr Alfred Tanios. <\/span><\/p>\n<p><span style=\"font-size: 11.000000pt; font-family: 'Calibri'; font-weight: bold;\">La sante\u0301 du corps passe par la mai\u0302trise des e\u0301nergies naturelles de notre environnement. <\/span><\/p>\n<p><strong><span style=\"font-size: 11pt; font-family: 'Calibri';\">Yves CASSARD Naturopathe 06 82 41 10 42 <\/span><\/strong><span style=\"font-size: 11.000000pt; font-family: 'Calibri'; color: rgb(0.000000%, 0.000000%, 100.000000%);\"><strong>http:\/\/www.yvescassard.com<\/strong> <\/span><\/p>\n<\/div>\n<\/div>\n<\/div>\n<p>&nbsp;<\/p>\n","protected":false},"excerpt":{"rendered":"<p>&nbsp; Magne\u0301tothe\u0301rapie \u00ab NOUS VIVONS SUR UN AIMANT GEANT : LA TERRE \u00bb \u00ab L&rsquo;e\u0301nergie magne\u0301tique est l&rsquo;e\u0301nergie e\u0301le\u0301mentaire dont de\u0301pend la vie de tout organisme \u00bb Prof. W. Heisenberg, Prix Nobel de physique 1932 CHAMP MAGNETIQUE TERRESTRE Le champ magne\u0301tique terrestre entoure la terre&#8230;<\/p>\n","protected":false},"author":2,"featured_media":9775,"comment_status":"open","ping_status":"open","sticky":false,"template":"","format":"standard","meta":{"footnotes":""},"categories":[55,54],"tags":[327,330,331,329,328],"yoast_head":"<!-- This site is optimized with the Yoast SEO plugin v21.9.1 - https:\/\/yoast.com\/wordpress\/plugins\/seo\/ -->\n<title>LA MAGNETOTHERAPIE - Tepaseul<\/title>\n<meta name=\"robots\" content=\"index, follow, max-snippet:-1, max-image-preview:large, max-video-preview:-1\" \/>\n<link rel=\"canonical\" href=\"https:\/\/www.tepaseul-magazine.fr\/accueil\/magnetotherapie\/\" \/>\n<meta property=\"og:locale\" content=\"fr_FR\" \/>\n<meta property=\"og:type\" content=\"article\" \/>\n<meta property=\"og:title\" content=\"LA MAGNETOTHERAPIE - Tepaseul\" \/>\n<meta property=\"og:description\" content=\"&nbsp; Magne\u0301tothe\u0301rapie \u00ab NOUS VIVONS SUR UN AIMANT GEANT : LA TERRE \u00bb \u00ab L&rsquo;e\u0301nergie magne\u0301tique est l&rsquo;e\u0301nergie e\u0301le\u0301mentaire dont de\u0301pend la vie de tout organisme \u00bb Prof. W. Heisenberg, Prix Nobel de physique 1932 CHAMP MAGNETIQUE TERRESTRE Le champ magne\u0301tique terrestre entoure la terre...\" \/>\n<meta property=\"og:url\" content=\"https:\/\/www.tepaseul-magazine.fr\/accueil\/magnetotherapie\/\" \/>\n<meta property=\"og:site_name\" content=\"Tepaseul\" \/>\n<meta property=\"article:published_time\" content=\"2014-07-29T08:34:36+00:00\" \/>\n<meta property=\"og:image\" content=\"https:\/\/www.tepaseul-magazine.fr\/wp-content\/uploads\/2014\/07\/images-1.jpg\" \/>\n\t<meta property=\"og:image:width\" content=\"261\" \/>\n\t<meta property=\"og:image:height\" content=\"193\" \/>\n\t<meta property=\"og:image:type\" content=\"image\/jpeg\" \/>\n<meta name=\"author\" content=\"Chantal Rolland\" \/>\n<script type=\"application\/ld+json\" class=\"yoast-schema-graph\">{\"@context\":\"https:\/\/schema.org\",\"@graph\":[{\"@type\":\"Article\",\"@id\":\"https:\/\/www.tepaseul-magazine.fr\/accueil\/magnetotherapie\/#article\",\"isPartOf\":{\"@id\":\"https:\/\/www.tepaseul-magazine.fr\/accueil\/magnetotherapie\/\"},\"author\":{\"name\":\"Chantal Rolland\",\"@id\":\"https:\/\/www.tepaseul-magazine.fr\/accueil\/#\/schema\/person\/dd3827dc04f692ff480da4bac4545eeb\"},\"headline\":\"LA MAGNETOTHERAPIE\",\"datePublished\":\"2014-07-29T08:34:36+00:00\",\"dateModified\":\"2014-07-29T08:34:36+00:00\",\"mainEntityOfPage\":{\"@id\":\"https:\/\/www.tepaseul-magazine.fr\/accueil\/magnetotherapie\/\"},\"wordCount\":3718,\"commentCount\":0,\"publisher\":{\"@id\":\"https:\/\/www.tepaseul-magazine.fr\/accueil\/#organization\"},\"keywords\":[\"aimants\",\"champ magnetique\",\"eau magn\u00e9tis\u00e9e\",\"magn\u00e9tique\",\"magn\u00e9tisme\"],\"articleSection\":[\"M\u00e9decines et m\u00e9decines douces\",\"Sant\u00e9\"],\"inLanguage\":\"fr-FR\",\"potentialAction\":[{\"@type\":\"CommentAction\",\"name\":\"Comment\",\"target\":[\"https:\/\/www.tepaseul-magazine.fr\/accueil\/magnetotherapie\/#respond\"]}]},{\"@type\":\"WebPage\",\"@id\":\"https:\/\/www.tepaseul-magazine.fr\/accueil\/magnetotherapie\/\",\"url\":\"https:\/\/www.tepaseul-magazine.fr\/accueil\/magnetotherapie\/\",\"name\":\"LA MAGNETOTHERAPIE - Tepaseul\",\"isPartOf\":{\"@id\":\"https:\/\/www.tepaseul-magazine.fr\/accueil\/#website\"},\"datePublished\":\"2014-07-29T08:34:36+00:00\",\"dateModified\":\"2014-07-29T08:34:36+00:00\",\"breadcrumb\":{\"@id\":\"https:\/\/www.tepaseul-magazine.fr\/accueil\/magnetotherapie\/#breadcrumb\"},\"inLanguage\":\"fr-FR\",\"potentialAction\":[{\"@type\":\"ReadAction\",\"target\":[\"https:\/\/www.tepaseul-magazine.fr\/accueil\/magnetotherapie\/\"]}]},{\"@type\":\"BreadcrumbList\",\"@id\":\"https:\/\/www.tepaseul-magazine.fr\/accueil\/magnetotherapie\/#breadcrumb\",\"itemListElement\":[{\"@type\":\"ListItem\",\"position\":1,\"name\":\"Home\",\"item\":\"https:\/\/www.tepaseul-magazine.fr\/accueil\/\"},{\"@type\":\"ListItem\",\"position\":2,\"name\":\"LA MAGNETOTHERAPIE\"}]},{\"@type\":\"WebSite\",\"@id\":\"https:\/\/www.tepaseul-magazine.fr\/accueil\/#website\",\"url\":\"https:\/\/www.tepaseul-magazine.fr\/accueil\/\",\"name\":\"Tepaseul\",\"description\":\"Le Magazine des solibattants\",\"publisher\":{\"@id\":\"https:\/\/www.tepaseul-magazine.fr\/accueil\/#organization\"},\"potentialAction\":[{\"@type\":\"SearchAction\",\"target\":{\"@type\":\"EntryPoint\",\"urlTemplate\":\"https:\/\/www.tepaseul-magazine.fr\/accueil\/?s={search_term_string}\"},\"query-input\":\"required name=search_term_string\"}],\"inLanguage\":\"fr-FR\"},{\"@type\":\"Organization\",\"@id\":\"https:\/\/www.tepaseul-magazine.fr\/accueil\/#organization\",\"name\":\"Tepaseul\",\"url\":\"https:\/\/www.tepaseul-magazine.fr\/accueil\/\",\"logo\":{\"@type\":\"ImageObject\",\"inLanguage\":\"fr-FR\",\"@id\":\"https:\/\/www.tepaseul-magazine.fr\/accueil\/#\/schema\/logo\/image\/\",\"url\":\"https:\/\/www.tepaseul-magazine.fr\/wp-content\/uploads\/2014\/12\/logo_doublev2-noir.png\",\"contentUrl\":\"https:\/\/www.tepaseul-magazine.fr\/wp-content\/uploads\/2014\/12\/logo_doublev2-noir.png\",\"width\":205,\"height\":51,\"caption\":\"Tepaseul\"},\"image\":{\"@id\":\"https:\/\/www.tepaseul-magazine.fr\/accueil\/#\/schema\/logo\/image\/\"}},{\"@type\":\"Person\",\"@id\":\"https:\/\/www.tepaseul-magazine.fr\/accueil\/#\/schema\/person\/dd3827dc04f692ff480da4bac4545eeb\",\"name\":\"Chantal Rolland\",\"image\":{\"@type\":\"ImageObject\",\"inLanguage\":\"fr-FR\",\"@id\":\"https:\/\/www.tepaseul-magazine.fr\/accueil\/#\/schema\/person\/image\/\",\"url\":\"https:\/\/secure.gravatar.com\/avatar\/a67dbe83e155eb41b8bc6c41ebcc8564?s=96&d=mm&r=g\",\"contentUrl\":\"https:\/\/secure.gravatar.com\/avatar\/a67dbe83e155eb41b8bc6c41ebcc8564?s=96&d=mm&r=g\",\"caption\":\"Chantal Rolland\"},\"url\":\"https:\/\/www.tepaseul-magazine.fr\/accueil\/author\/chantal-rolland\/\"}]}<\/script>\n<!-- \/ Yoast SEO plugin. -->","yoast_head_json":{"title":"LA MAGNETOTHERAPIE - Tepaseul","robots":{"index":"index","follow":"follow","max-snippet":"max-snippet:-1","max-image-preview":"max-image-preview:large","max-video-preview":"max-video-preview:-1"},"canonical":"https:\/\/www.tepaseul-magazine.fr\/accueil\/magnetotherapie\/","og_locale":"fr_FR","og_type":"article","og_title":"LA MAGNETOTHERAPIE - Tepaseul","og_description":"&nbsp; Magne\u0301tothe\u0301rapie \u00ab NOUS VIVONS SUR UN AIMANT GEANT : LA TERRE \u00bb \u00ab L&rsquo;e\u0301nergie magne\u0301tique est l&rsquo;e\u0301nergie e\u0301le\u0301mentaire dont de\u0301pend la vie de tout organisme \u00bb Prof. W. Heisenberg, Prix Nobel de physique 1932 CHAMP MAGNETIQUE TERRESTRE Le champ magne\u0301tique terrestre entoure la terre...","og_url":"https:\/\/www.tepaseul-magazine.fr\/accueil\/magnetotherapie\/","og_site_name":"Tepaseul","article_published_time":"2014-07-29T08:34:36+00:00","og_image":[{"width":261,"height":193,"url":"https:\/\/www.tepaseul-magazine.fr\/wp-content\/uploads\/2014\/07\/images-1.jpg","type":"image\/jpeg"}],"author":"Chantal Rolland","schema":{"@context":"https:\/\/schema.org","@graph":[{"@type":"Article","@id":"https:\/\/www.tepaseul-magazine.fr\/accueil\/magnetotherapie\/#article","isPartOf":{"@id":"https:\/\/www.tepaseul-magazine.fr\/accueil\/magnetotherapie\/"},"author":{"name":"Chantal Rolland","@id":"https:\/\/www.tepaseul-magazine.fr\/accueil\/#\/schema\/person\/dd3827dc04f692ff480da4bac4545eeb"},"headline":"LA MAGNETOTHERAPIE","datePublished":"2014-07-29T08:34:36+00:00","dateModified":"2014-07-29T08:34:36+00:00","mainEntityOfPage":{"@id":"https:\/\/www.tepaseul-magazine.fr\/accueil\/magnetotherapie\/"},"wordCount":3718,"commentCount":0,"publisher":{"@id":"https:\/\/www.tepaseul-magazine.fr\/accueil\/#organization"},"keywords":["aimants","champ magnetique","eau magn\u00e9tis\u00e9e","magn\u00e9tique","magn\u00e9tisme"],"articleSection":["M\u00e9decines et m\u00e9decines douces","Sant\u00e9"],"inLanguage":"fr-FR","potentialAction":[{"@type":"CommentAction","name":"Comment","target":["https:\/\/www.tepaseul-magazine.fr\/accueil\/magnetotherapie\/#respond"]}]},{"@type":"WebPage","@id":"https:\/\/www.tepaseul-magazine.fr\/accueil\/magnetotherapie\/","url":"https:\/\/www.tepaseul-magazine.fr\/accueil\/magnetotherapie\/","name":"LA MAGNETOTHERAPIE - Tepaseul","isPartOf":{"@id":"https:\/\/www.tepaseul-magazine.fr\/accueil\/#website"},"datePublished":"2014-07-29T08:34:36+00:00","dateModified":"2014-07-29T08:34:36+00:00","breadcrumb":{"@id":"https:\/\/www.tepaseul-magazine.fr\/accueil\/magnetotherapie\/#breadcrumb"},"inLanguage":"fr-FR","potentialAction":[{"@type":"ReadAction","target":["https:\/\/www.tepaseul-magazine.fr\/accueil\/magnetotherapie\/"]}]},{"@type":"BreadcrumbList","@id":"https:\/\/www.tepaseul-magazine.fr\/accueil\/magnetotherapie\/#breadcrumb","itemListElement":[{"@type":"ListItem","position":1,"name":"Home","item":"https:\/\/www.tepaseul-magazine.fr\/accueil\/"},{"@type":"ListItem","position":2,"name":"LA MAGNETOTHERAPIE"}]},{"@type":"WebSite","@id":"https:\/\/www.tepaseul-magazine.fr\/accueil\/#website","url":"https:\/\/www.tepaseul-magazine.fr\/accueil\/","name":"Tepaseul","description":"Le Magazine des solibattants","publisher":{"@id":"https:\/\/www.tepaseul-magazine.fr\/accueil\/#organization"},"potentialAction":[{"@type":"SearchAction","target":{"@type":"EntryPoint","urlTemplate":"https:\/\/www.tepaseul-magazine.fr\/accueil\/?s={search_term_string}"},"query-input":"required name=search_term_string"}],"inLanguage":"fr-FR"},{"@type":"Organization","@id":"https:\/\/www.tepaseul-magazine.fr\/accueil\/#organization","name":"Tepaseul","url":"https:\/\/www.tepaseul-magazine.fr\/accueil\/","logo":{"@type":"ImageObject","inLanguage":"fr-FR","@id":"https:\/\/www.tepaseul-magazine.fr\/accueil\/#\/schema\/logo\/image\/","url":"https:\/\/www.tepaseul-magazine.fr\/wp-content\/uploads\/2014\/12\/logo_doublev2-noir.png","contentUrl":"https:\/\/www.tepaseul-magazine.fr\/wp-content\/uploads\/2014\/12\/logo_doublev2-noir.png","width":205,"height":51,"caption":"Tepaseul"},"image":{"@id":"https:\/\/www.tepaseul-magazine.fr\/accueil\/#\/schema\/logo\/image\/"}},{"@type":"Person","@id":"https:\/\/www.tepaseul-magazine.fr\/accueil\/#\/schema\/person\/dd3827dc04f692ff480da4bac4545eeb","name":"Chantal Rolland","image":{"@type":"ImageObject","inLanguage":"fr-FR","@id":"https:\/\/www.tepaseul-magazine.fr\/accueil\/#\/schema\/person\/image\/","url":"https:\/\/secure.gravatar.com\/avatar\/a67dbe83e155eb41b8bc6c41ebcc8564?s=96&d=mm&r=g","contentUrl":"https:\/\/secure.gravatar.com\/avatar\/a67dbe83e155eb41b8bc6c41ebcc8564?s=96&d=mm&r=g","caption":"Chantal Rolland"},"url":"https:\/\/www.tepaseul-magazine.fr\/accueil\/author\/chantal-rolland\/"}]}},"_links":{"self":[{"href":"https:\/\/www.tepaseul-magazine.fr\/accueil\/wp-json\/wp\/v2\/posts\/9771"}],"collection":[{"href":"https:\/\/www.tepaseul-magazine.fr\/accueil\/wp-json\/wp\/v2\/posts"}],"about":[{"href":"https:\/\/www.tepaseul-magazine.fr\/accueil\/wp-json\/wp\/v2\/types\/post"}],"author":[{"embeddable":true,"href":"https:\/\/www.tepaseul-magazine.fr\/accueil\/wp-json\/wp\/v2\/users\/2"}],"replies":[{"embeddable":true,"href":"https:\/\/www.tepaseul-magazine.fr\/accueil\/wp-json\/wp\/v2\/comments?post=9771"}],"version-history":[{"count":0,"href":"https:\/\/www.tepaseul-magazine.fr\/accueil\/wp-json\/wp\/v2\/posts\/9771\/revisions"}],"wp:featuredmedia":[{"embeddable":true,"href":"https:\/\/www.tepaseul-magazine.fr\/accueil\/wp-json\/wp\/v2\/media\/9775"}],"wp:attachment":[{"href":"https:\/\/www.tepaseul-magazine.fr\/accueil\/wp-json\/wp\/v2\/media?parent=9771"}],"wp:term":[{"taxonomy":"category","embeddable":true,"href":"https:\/\/www.tepaseul-magazine.fr\/accueil\/wp-json\/wp\/v2\/categories?post=9771"},{"taxonomy":"post_tag","embeddable":true,"href":"https:\/\/www.tepaseul-magazine.fr\/accueil\/wp-json\/wp\/v2\/tags?post=9771"}],"curies":[{"name":"wp","href":"https:\/\/api.w.org\/{rel}","templated":true}]}}